{"id":104156,"date":"2025-05-27T10:49:20","date_gmt":"2025-05-27T09:49:20","guid":{"rendered":"https:\/\/www.fondazionepirelli.org\/?p=104156"},"modified":"2025-05-27T10:49:20","modified_gmt":"2025-05-27T09:49:20","slug":"diventare-imprenditori-dal-dire-al-fare","status":"publish","type":"post","link":"https:\/\/www.fondazionepirelli.org\/it\/cultura-dimpresa\/recensioni-libri\/diventare-imprenditori-dal-dire-al-fare\/","title":{"rendered":"Diventare imprenditori, dal dire al fare\u2026"},"content":{"rendered":"<p>Fare impresa. Decisione importante, complessa, seria. Che richiede impegno e volont\u00e0. La propensione verso l\u2019imprenditorialit\u00e0 \u00e8 un segnale per comprendere un territorio cos\u00ec come un sistema economico e sociale. Pensare di \u201cfare l\u2019imprenditore\u201d implica una cultura del produrre che accetta anche il rischio di produrre. \u00c8 interessante allora leggere \u201cL\u2019attivazione imprenditoriale in Italia. Rapporto GEM 2024-2025\u201d appena pubblicato (in open access) a cura di Alessandra Micozzi.<\/p>\n<p>L\u2019indagine GEM (Global Entrepreneurship Monitor) &#8211; un progetto USA\/UK che ha origine nel 1999 e che oggi coinvolge pi\u00f9 di 100 Paesi nel mondo &#8211; si pone come il principale strumento di studio dell\u2019attivit\u00e0 imprenditoriale, e un importante mezzo per orientare le politiche di sostegno e sviluppo all\u2019imprenditoria.<\/p>\n<p>L\u2019indicazione che emerge dalla ricerca per il nostro Paese, \u00e8 che circa la met\u00e0 di quanti, in Italia, dichiarano di voler avviare un\u2019attivit\u00e0 imprenditoriale alla fine ci rinunciano. E,<strong>\u00a0<\/strong>malgrado la ripresa degli ultimi anni, il nostro rimane fra i Paesi a pi\u00f9 bassa propensione imprenditoriale.<\/p>\n<p>Oltre al dato, la ricerca indica i motivi e gli strumenti utili per intervenire. C\u2019\u00e8, emerge dal testo, un problema di tipo finanziario che assume crescente rilievo; ma c\u2019\u00e8 anche la necessit\u00e0 di avere appoggio agli obiettivi di sostenibilit\u00e0 economica, ambientale e sociale che la nuova impresa si deve porre.\u00a0Il Rapporto GEM, per\u00f2, va oltre e cerca di approfondire le cause \u2013 indicate in fattori soggettivi, fattori di contesto e culturali- che nel nostro Paese contribuiscono a spiegare la discrepanza osservata fra l\u2019intenzione imprenditoriale e la sua effettiva traduzione nell\u2019avvio di nuove imprese.<\/p>\n<p>Viene sottolineato nelle pagine di sintesi dell\u2019indagine come \u201cper rimettere al centro la figura imprenditoriale occorre indagarne le motivazioni personali, gli ostacoli che incontra, le proiezioni di quanti ritengono di cimentarsi al riguardo\u201d. E poi ancora viene rilevato come sia necessario lavorare \u201csul\u00a0 terreno\u00a0 che\u00a0 intreccia\u00a0 imprenditoria,\u00a0 cultura\u00a0 e\u00a0 territori\u201d.<\/p><p><strong>L\u2019attivazione imprenditoriale in Italia. Rapporto GEM 2024-2025<\/strong><\/p>\n<p>Alessandra Micozzi (a cura<strong>\u00a0<\/strong>di)<\/p>\n<p>Franco Angeli, 2025<\/p>","protected":false},"excerpt":{"rendered":"<p>Fare impresa. Decisione importante, complessa, seria. Che richiede impegno e volont\u00e0. La propensione verso l\u2019imprenditorialit\u00e0 \u00e8 un segnale per comprendere un territorio cos\u00ec come un sistema economico e sociale. Pensare di \u201cfare l\u2019imprenditore\u201d implica una cultura del produrre che accetta anche il rischio di produrre. \u00c8 interessante allora leggere \u201cL\u2019attivazione imprenditoriale in Italia. Rapporto GEM [&hellip;]<\/p>\n","protected":false},"author":1,"featured_media":104162,"comment_status":"open","ping_status":"open","sticky":false,"template":"","format":"standard","meta":{"footnotes":""},"categories":[52,58],"tags":[],"class_list":["post-104156","post","type-post","status-publish","format-standard","has-post-thumbnail","hentry","category-cultura-dimpresa","category-recensioni-libri"],"acf":[],"yoast_head":"<!-- This site is optimized with the Yoast SEO plugin v25.0 - https:\/\/yoast.com\/wordpress\/plugins\/seo\/ -->\n<title>Diventare imprenditori, dal dire al fare\u2026 - Fondazione Pirelli<\/title>\n<meta name=\"robots\" content=\"index, follow, max-snippet:-1, max-image-preview:large, max-video-preview:-1\" \/>\n<link rel=\"canonical\" href=\"https:\/\/www.fondazionepirelli.org\/it\/cultura-dimpresa\/recensioni-libri\/diventare-imprenditori-dal-dire-al-fare\/\" \/>\n<meta property=\"og:locale\" content=\"it_IT\" \/>\n<meta property=\"og:type\" content=\"article\" \/>\n<meta property=\"og:title\" content=\"Diventare imprenditori, dal dire al fare\u2026 - Fondazione Pirelli\" \/>\n<meta property=\"og:description\" content=\"Fare impresa. Decisione importante, complessa, seria. Che richiede impegno e volont\u00e0. La propensione verso l\u2019imprenditorialit\u00e0 \u00e8 un segnale per comprendere un territorio cos\u00ec come un sistema economico e sociale. Pensare di \u201cfare l\u2019imprenditore\u201d implica una cultura del produrre che accetta anche il rischio di produrre. \u00c8 interessante allora leggere \u201cL\u2019attivazione imprenditoriale in Italia. Rapporto GEM [&hellip;]\" \/>\n<meta property=\"og:url\" content=\"https:\/\/www.fondazionepirelli.org\/it\/cultura-dimpresa\/recensioni-libri\/diventare-imprenditori-dal-dire-al-fare\/\" \/>\n<meta property=\"og:site_name\" content=\"Fondazione Pirelli\" \/>\n<meta property=\"article:published_time\" content=\"2025-05-27T09:49:20+00:00\" \/>\n<meta property=\"og:image\" content=\"https:\/\/wpsite-assets.fondazionepirelli.org\/wp-content\/uploads\/2025\/05\/27104405\/Rapporto-GEM.jpg\" \/>\n\t<meta property=\"og:image:width\" content=\"573\" \/>\n\t<meta property=\"og:image:height\" content=\"866\" \/>\n\t<meta property=\"og:image:type\" content=\"image\/jpeg\" \/>\n<meta name=\"author\" content=\"fondadmin\" \/>\n<meta name=\"twitter:card\" content=\"summary_large_image\" \/>\n<meta name=\"twitter:label1\" content=\"Scritto da\" \/>\n\t<meta name=\"twitter:data1\" content=\"fondadmin\" \/>\n\t<meta name=\"twitter:label2\" content=\"Tempo di lettura stimato\" \/>\n\t<meta name=\"twitter:data2\" content=\"2 minuti\" \/>\n<script type=\"application\/ld+json\" class=\"yoast-schema-graph\">{\"@context\":\"https:\/\/schema.org\",\"@graph\":[{\"@type\":\"WebPage\",\"@id\":\"https:\/\/www.fondazionepirelli.org\/it\/cultura-dimpresa\/recensioni-libri\/diventare-imprenditori-dal-dire-al-fare\/\",\"url\":\"https:\/\/www.fondazionepirelli.org\/it\/cultura-dimpresa\/recensioni-libri\/diventare-imprenditori-dal-dire-al-fare\/\",\"name\":\"Diventare imprenditori, dal dire al fare\u2026 - Fondazione Pirelli\",\"isPartOf\":{\"@id\":\"https:\/\/www.fondazionepirelli.org\/it\/#website\"},\"primaryImageOfPage\":{\"@id\":\"https:\/\/www.fondazionepirelli.org\/it\/cultura-dimpresa\/recensioni-libri\/diventare-imprenditori-dal-dire-al-fare\/#primaryimage\"},\"image\":{\"@id\":\"https:\/\/www.fondazionepirelli.org\/it\/cultura-dimpresa\/recensioni-libri\/diventare-imprenditori-dal-dire-al-fare\/#primaryimage\"},\"thumbnailUrl\":\"https:\/\/wpsite-assets.fondazionepirelli.org\/wp-content\/uploads\/2025\/05\/27104405\/Rapporto-GEM.jpg\",\"datePublished\":\"2025-05-27T09:49:20+00:00\",\"author\":{\"@id\":\"https:\/\/www.fondazionepirelli.org\/it\/#\/schema\/person\/f47d097000832c4a6e54538c791fdf25\"},\"breadcrumb\":{\"@id\":\"https:\/\/www.fondazionepirelli.org\/it\/cultura-dimpresa\/recensioni-libri\/diventare-imprenditori-dal-dire-al-fare\/#breadcrumb\"},\"inLanguage\":\"it-IT\",\"potentialAction\":[{\"@type\":\"ReadAction\",\"target\":[\"https:\/\/www.fondazionepirelli.org\/it\/cultura-dimpresa\/recensioni-libri\/diventare-imprenditori-dal-dire-al-fare\/\"]}]},{\"@type\":\"ImageObject\",\"inLanguage\":\"it-IT\",\"@id\":\"https:\/\/www.fondazionepirelli.org\/it\/cultura-dimpresa\/recensioni-libri\/diventare-imprenditori-dal-dire-al-fare\/#primaryimage\",\"url\":\"https:\/\/wpsite-assets.fondazionepirelli.org\/wp-content\/uploads\/2025\/05\/27104405\/Rapporto-GEM.jpg\",\"contentUrl\":\"https:\/\/wpsite-assets.fondazionepirelli.org\/wp-content\/uploads\/2025\/05\/27104405\/Rapporto-GEM.jpg\",\"width\":573,\"height\":866},{\"@type\":\"BreadcrumbList\",\"@id\":\"https:\/\/www.fondazionepirelli.org\/it\/cultura-dimpresa\/recensioni-libri\/diventare-imprenditori-dal-dire-al-fare\/#breadcrumb\",\"itemListElement\":[{\"@type\":\"ListItem\",\"position\":1,\"name\":\"Home\",\"item\":\"https:\/\/www.fondazionepirelli.org\/it\/\"},{\"@type\":\"ListItem\",\"position\":2,\"name\":\"Diventare imprenditori, dal dire al fare\u2026\"}]},{\"@type\":\"WebSite\",\"@id\":\"https:\/\/www.fondazionepirelli.org\/it\/#website\",\"url\":\"https:\/\/www.fondazionepirelli.org\/it\/\",\"name\":\"Fondazione Pirelli\",\"description\":\"\",\"potentialAction\":[{\"@type\":\"SearchAction\",\"target\":{\"@type\":\"EntryPoint\",\"urlTemplate\":\"https:\/\/www.fondazionepirelli.org\/it\/?s={search_term_string}\"},\"query-input\":{\"@type\":\"PropertyValueSpecification\",\"valueRequired\":true,\"valueName\":\"search_term_string\"}}],\"inLanguage\":\"it-IT\"},{\"@type\":\"Person\",\"@id\":\"https:\/\/www.fondazionepirelli.org\/it\/#\/schema\/person\/f47d097000832c4a6e54538c791fdf25\",\"name\":\"fondadmin\",\"image\":{\"@type\":\"ImageObject\",\"inLanguage\":\"it-IT\",\"@id\":\"https:\/\/www.fondazionepirelli.org\/it\/#\/schema\/person\/image\/\",\"url\":\"https:\/\/secure.gravatar.com\/avatar\/e69498a9175ca244966e51e53c88712c024fcebe41f9a05f75657f1bb25e489b?s=96&d=mm&r=g\",\"contentUrl\":\"https:\/\/secure.gravatar.com\/avatar\/e69498a9175ca244966e51e53c88712c024fcebe41f9a05f75657f1bb25e489b?s=96&d=mm&r=g\",\"caption\":\"fondadmin\"},\"url\":\"https:\/\/www.fondazionepirelli.org\/it\/author\/fondadmin\/\"}]}<\/script>\n<!-- \/ Yoast SEO plugin. -->","yoast_head_json":{"title":"Diventare imprenditori, dal dire al fare\u2026 - Fondazione Pirelli","robots":{"index":"index","follow":"follow","max-snippet":"max-snippet:-1","max-image-preview":"max-image-preview:large","max-video-preview":"max-video-preview:-1"},"canonical":"https:\/\/www.fondazionepirelli.org\/it\/cultura-dimpresa\/recensioni-libri\/diventare-imprenditori-dal-dire-al-fare\/","og_locale":"it_IT","og_type":"article","og_title":"Diventare imprenditori, dal dire al fare\u2026 - Fondazione Pirelli","og_description":"Fare impresa. Decisione importante, complessa, seria. Che richiede impegno e volont\u00e0. La propensione verso l\u2019imprenditorialit\u00e0 \u00e8 un segnale per comprendere un territorio cos\u00ec come un sistema economico e sociale. Pensare di \u201cfare l\u2019imprenditore\u201d implica una cultura del produrre che accetta anche il rischio di produrre. \u00c8 interessante allora leggere \u201cL\u2019attivazione imprenditoriale in Italia. Rapporto GEM [&hellip;]","og_url":"https:\/\/www.fondazionepirelli.org\/it\/cultura-dimpresa\/recensioni-libri\/diventare-imprenditori-dal-dire-al-fare\/","og_site_name":"Fondazione Pirelli","article_published_time":"2025-05-27T09:49:20+00:00","og_image":[{"width":573,"height":866,"url":"https:\/\/wpsite-assets.fondazionepirelli.org\/wp-content\/uploads\/2025\/05\/27104405\/Rapporto-GEM.jpg","type":"image\/jpeg"}],"author":"fondadmin","twitter_card":"summary_large_image","twitter_misc":{"Scritto da":"fondadmin","Tempo di lettura stimato":"2 minuti"},"schema":{"@context":"https:\/\/schema.org","@graph":[{"@type":"WebPage","@id":"https:\/\/www.fondazionepirelli.org\/it\/cultura-dimpresa\/recensioni-libri\/diventare-imprenditori-dal-dire-al-fare\/","url":"https:\/\/www.fondazionepirelli.org\/it\/cultura-dimpresa\/recensioni-libri\/diventare-imprenditori-dal-dire-al-fare\/","name":"Diventare imprenditori, dal dire al fare\u2026 - Fondazione Pirelli","isPartOf":{"@id":"https:\/\/www.fondazionepirelli.org\/it\/#website"},"primaryImageOfPage":{"@id":"https:\/\/www.fondazionepirelli.org\/it\/cultura-dimpresa\/recensioni-libri\/diventare-imprenditori-dal-dire-al-fare\/#primaryimage"},"image":{"@id":"https:\/\/www.fondazionepirelli.org\/it\/cultura-dimpresa\/recensioni-libri\/diventare-imprenditori-dal-dire-al-fare\/#primaryimage"},"thumbnailUrl":"https:\/\/wpsite-assets.fondazionepirelli.org\/wp-content\/uploads\/2025\/05\/27104405\/Rapporto-GEM.jpg","datePublished":"2025-05-27T09:49:20+00:00","author":{"@id":"https:\/\/www.fondazionepirelli.org\/it\/#\/schema\/person\/f47d097000832c4a6e54538c791fdf25"},"breadcrumb":{"@id":"https:\/\/www.fondazionepirelli.org\/it\/cultura-dimpresa\/recensioni-libri\/diventare-imprenditori-dal-dire-al-fare\/#breadcrumb"},"inLanguage":"it-IT","potentialAction":[{"@type":"ReadAction","target":["https:\/\/www.fondazionepirelli.org\/it\/cultura-dimpresa\/recensioni-libri\/diventare-imprenditori-dal-dire-al-fare\/"]}]},{"@type":"ImageObject","inLanguage":"it-IT","@id":"https:\/\/www.fondazionepirelli.org\/it\/cultura-dimpresa\/recensioni-libri\/diventare-imprenditori-dal-dire-al-fare\/#primaryimage","url":"https:\/\/wpsite-assets.fondazionepirelli.org\/wp-content\/uploads\/2025\/05\/27104405\/Rapporto-GEM.jpg","contentUrl":"https:\/\/wpsite-assets.fondazionepirelli.org\/wp-content\/uploads\/2025\/05\/27104405\/Rapporto-GEM.jpg","width":573,"height":866},{"@type":"BreadcrumbList","@id":"https:\/\/www.fondazionepirelli.org\/it\/cultura-dimpresa\/recensioni-libri\/diventare-imprenditori-dal-dire-al-fare\/#breadcrumb","itemListElement":[{"@type":"ListItem","position":1,"name":"Home","item":"https:\/\/www.fondazionepirelli.org\/it\/"},{"@type":"ListItem","position":2,"name":"Diventare imprenditori, dal dire al fare\u2026"}]},{"@type":"WebSite","@id":"https:\/\/www.fondazionepirelli.org\/it\/#website","url":"https:\/\/www.fondazionepirelli.org\/it\/","name":"Fondazione Pirelli","description":"","potentialAction":[{"@type":"SearchAction","target":{"@type":"EntryPoint","urlTemplate":"https:\/\/www.fondazionepirelli.org\/it\/?s={search_term_string}"},"query-input":{"@type":"PropertyValueSpecification","valueRequired":true,"valueName":"search_term_string"}}],"inLanguage":"it-IT"},{"@type":"Person","@id":"https:\/\/www.fondazionepirelli.org\/it\/#\/schema\/person\/f47d097000832c4a6e54538c791fdf25","name":"fondadmin","image":{"@type":"ImageObject","inLanguage":"it-IT","@id":"https:\/\/www.fondazionepirelli.org\/it\/#\/schema\/person\/image\/","url":"https:\/\/secure.gravatar.com\/avatar\/e69498a9175ca244966e51e53c88712c024fcebe41f9a05f75657f1bb25e489b?s=96&d=mm&r=g","contentUrl":"https:\/\/secure.gravatar.com\/avatar\/e69498a9175ca244966e51e53c88712c024fcebe41f9a05f75657f1bb25e489b?s=96&d=mm&r=g","caption":"fondadmin"},"url":"https:\/\/www.fondazionepirelli.org\/it\/author\/fondadmin\/"}]}},"_links":{"self":[{"href":"https:\/\/www.fondazionepirelli.org\/it\/wp-json\/wp\/v2\/posts\/104156\/"}],"collection":[{"href":"https:\/\/www.fondazionepirelli.org\/it\/wp-json\/wp\/v2\/posts\/"}],"about":[{"href":"https:\/\/www.fondazionepirelli.org\/it\/wp-json\/wp\/v2\/types\/post\/"}],"author":[{"embeddable":true,"href":"https:\/\/www.fondazionepirelli.org\/it\/wp-json\/wp\/v2\/users\/1\/"}],"replies":[{"embeddable":true,"href":"https:\/\/www.fondazionepirelli.org\/it\/wp-json\/wp\/v2\/comments\/?post=104156"}],"version-history":[{"count":1,"href":"https:\/\/www.fondazionepirelli.org\/it\/wp-json\/wp\/v2\/posts\/104156\/revisions\/"}],"predecessor-version":[{"id":104157,"href":"https:\/\/www.fondazionepirelli.org\/it\/wp-json\/wp\/v2\/posts\/104156\/revisions\/104157\/"}],"wp:featuredmedia":[{"embeddable":true,"href":"https:\/\/www.fondazionepirelli.org\/it\/wp-json\/wp\/v2\/media\/104162\/"}],"wp:attachment":[{"href":"https:\/\/www.fondazionepirelli.org\/it\/wp-json\/wp\/v2\/media\/?parent=104156"}],"wp:term":[{"taxonomy":"category","embeddable":true,"href":"https:\/\/www.fondazionepirelli.org\/it\/wp-json\/wp\/v2\/categories\/?post=104156"},{"taxonomy":"post_tag","embeddable":true,"href":"https:\/\/www.fondazionepirelli.org\/it\/wp-json\/wp\/v2\/tags\/?post=104156"}],"curies":[{"name":"wp","href":"https:\/\/api.w.org\/{rel}","templated":true}]}}