{"id":104158,"date":"2025-05-27T10:48:59","date_gmt":"2025-05-27T09:48:59","guid":{"rendered":"https:\/\/www.fondazionepirelli.org\/?p=104158"},"modified":"2025-05-27T10:48:59","modified_gmt":"2025-05-27T09:48:59","slug":"sostenibile-etica-dimpresa","status":"publish","type":"post","link":"https:\/\/www.fondazionepirelli.org\/it\/cultura-dimpresa\/approfondimenti\/sostenibile-etica-dimpresa\/","title":{"rendered":"Sostenibile etica d\u2019impresa"},"content":{"rendered":"<p><em>Pubblicata una ricerca che cerca di sintetizzare e collegare una serie di concetti che devono far parte della buona cultura del produrre<\/em><\/p><p>Impresa sostenibile. E societ\u00e0 sostenibile. &#8220;Sostenibilit\u00e0&#8221; \u00e8 diventata una parola d&#8217;ordine (mantra) diffusa in quasi tutti gli ambiti dell&#8217;attivit\u00e0 umana, incluso il cosiddetto mondo degli affari. Mantra che \u00e8 necessario affrontare con attenzione e accuratezza: consapevoli delle molte sfumature e degli altrettanti numerosi fraintendimenti che si porta dietro. Occorrono, quindi, molti elementi per ragionare correttamente sulla sostenibilit\u00e0. Soprattutto tenendo conto che spesso la sostenibilit\u00e0 va di pari passo con l\u2019etica e costituisce ormai uno dei fondamenti della buona cultura della produzione. \u00c8 su tutto questo che ragiona la ricerca di Dipak R. Pant pubblicata da poco sull\u2019International Scientific Journal.<\/p>\n<p>\u201cBusiness ethics, environmental justice, and the path to sustainability. Interdisciplinary reflections across anthropology and economics\u201d intende condividere, stando alle dichiarazioni iniziali dell\u2019autore, alcune riflessioni interdisciplinari basate sull&#8217;osservazione dell&#8217;etica aziendale e della giustizia ambientale in diversi contesti culturali. Pant parte dalla constatazione che al termine sostenibilit\u00e0 sono stati attribuiti diversi significati in questi ultimi tempi. Essenzialmente, tuttavia, questo vocabolo indica responsabilit\u00e0 sociale, giustizia ambientale e pratiche commerciali etiche. Concetti che si applicano sia alle organizzazioni della produzione che ai sistemi sociali. L&#8217;etica aziendale, spiega ancora Pant, si riferisce non solo al trattamento equo dei soggetti umani direttamente coinvolti (dipendenti, fornitori, intermediari, clienti, ecc.), ma anche all&#8217;equit\u00e0 in tutte le operazioni aziendali, considerando il loro impatto sulla societ\u00e0 e sull&#8217;ambiente.<\/p>\n<p>Concetto a sua volta complesso \u2013 fa notare Pant \u2013 quello di equit\u00e0; concetto che tocca pi\u00f9 aspetti dell\u2019agire umano oltre che dell\u2019ambiente inteso in tutta la sua completezza. La sostenibilit\u00e0 d\u2019impresa si realizza nell&#8217;uso\/condivisione corretti delle risorse naturali. E le organizzazioni aziendali, in quanto attori economici attivi, sono sempre pi\u00f9 sollecitate a ridurre le proprie esternalit\u00e0 negative e a condurre i propri affari in modo etico e giusto. La ricerca della sostenibilit\u00e0, fa notare Pant, riguarda essenzialmente pratiche commerciali etiche e giustizia ambientale.<\/p>\n<p>L\u2019indagine di Dipak R. Pant costituisce una buona sintesi di temi oggettivamente complessi e in continuo mutamento. Temi importanti per ogni imprenditore e manager ma, in fin dei conti, importanti per ogni persona all\u2019interno di un\u2019organizzazione.<\/p><p><a href=\"https:\/\/wpsite-assets.fondazionepirelli.org\/wp-content\/uploads\/2025\/05\/27104826\/93_i_20250510_112111_1.11.pdf\"><strong>Business ethics, environmental justice, and the path to sustainability. Interdisciplinary reflections across anthropology and economics <\/strong><\/a><\/p>\n<p>Dipak R. Pant<\/p>\n<p>International Scientific Journal \u00abScience and innovation\u00bb Special issue: green energy and economics May 2-3, 2025<\/p>","protected":false},"excerpt":{"rendered":"<p>Pubblicata una ricerca che cerca di sintetizzare e collegare una serie di concetti che devono far parte della buona cultura del produrreImpresa sostenibile. E societ\u00e0 sostenibile. &#8220;Sostenibilit\u00e0&#8221; \u00e8 diventata una parola d&#8217;ordine (mantra) diffusa in quasi tutti gli ambiti dell&#8217;attivit\u00e0 umana, incluso il cosiddetto mondo degli affari. Mantra che \u00e8 necessario affrontare con attenzione e [&hellip;]<\/p>\n","protected":false},"author":1,"featured_media":0,"comment_status":"open","ping_status":"open","sticky":false,"template":"","format":"standard","meta":{"footnotes":""},"categories":[54,52],"tags":[],"class_list":["post-104158","post","type-post","status-publish","format-standard","hentry","category-approfondimenti","category-cultura-dimpresa"],"acf":[],"yoast_head":"<!-- This site is optimized with the Yoast SEO plugin v25.0 - https:\/\/yoast.com\/wordpress\/plugins\/seo\/ -->\n<title>Sostenibile etica d\u2019impresa - Fondazione Pirelli<\/title>\n<meta name=\"robots\" content=\"index, follow, max-snippet:-1, max-image-preview:large, max-video-preview:-1\" \/>\n<link rel=\"canonical\" href=\"https:\/\/www.fondazionepirelli.org\/it\/cultura-dimpresa\/approfondimenti\/sostenibile-etica-dimpresa\/\" \/>\n<meta property=\"og:locale\" content=\"it_IT\" \/>\n<meta property=\"og:type\" content=\"article\" \/>\n<meta property=\"og:title\" content=\"Sostenibile etica d\u2019impresa - Fondazione Pirelli\" \/>\n<meta property=\"og:description\" content=\"Pubblicata una ricerca che cerca di sintetizzare e collegare una serie di concetti che devono far parte della buona cultura del produrreImpresa sostenibile. E societ\u00e0 sostenibile. &#8220;Sostenibilit\u00e0&#8221; \u00e8 diventata una parola d&#8217;ordine (mantra) diffusa in quasi tutti gli ambiti dell&#8217;attivit\u00e0 umana, incluso il cosiddetto mondo degli affari. Mantra che \u00e8 necessario affrontare con attenzione e [&hellip;]\" \/>\n<meta property=\"og:url\" content=\"https:\/\/www.fondazionepirelli.org\/it\/cultura-dimpresa\/approfondimenti\/sostenibile-etica-dimpresa\/\" \/>\n<meta property=\"og:site_name\" content=\"Fondazione Pirelli\" \/>\n<meta property=\"article:published_time\" content=\"2025-05-27T09:48:59+00:00\" \/>\n<meta name=\"author\" content=\"fondadmin\" \/>\n<meta name=\"twitter:card\" content=\"summary_large_image\" \/>\n<meta name=\"twitter:label1\" content=\"Scritto da\" \/>\n\t<meta name=\"twitter:data1\" content=\"fondadmin\" \/>\n\t<meta name=\"twitter:label2\" content=\"Tempo di lettura stimato\" \/>\n\t<meta name=\"twitter:data2\" content=\"3 minuti\" \/>\n<script type=\"application\/ld+json\" class=\"yoast-schema-graph\">{\"@context\":\"https:\/\/schema.org\",\"@graph\":[{\"@type\":\"WebPage\",\"@id\":\"https:\/\/www.fondazionepirelli.org\/it\/cultura-dimpresa\/approfondimenti\/sostenibile-etica-dimpresa\/\",\"url\":\"https:\/\/www.fondazionepirelli.org\/it\/cultura-dimpresa\/approfondimenti\/sostenibile-etica-dimpresa\/\",\"name\":\"Sostenibile etica d\u2019impresa - Fondazione Pirelli\",\"isPartOf\":{\"@id\":\"https:\/\/www.fondazionepirelli.org\/it\/#website\"},\"datePublished\":\"2025-05-27T09:48:59+00:00\",\"author\":{\"@id\":\"https:\/\/www.fondazionepirelli.org\/it\/#\/schema\/person\/f47d097000832c4a6e54538c791fdf25\"},\"breadcrumb\":{\"@id\":\"https:\/\/www.fondazionepirelli.org\/it\/cultura-dimpresa\/approfondimenti\/sostenibile-etica-dimpresa\/#breadcrumb\"},\"inLanguage\":\"it-IT\",\"potentialAction\":[{\"@type\":\"ReadAction\",\"target\":[\"https:\/\/www.fondazionepirelli.org\/it\/cultura-dimpresa\/approfondimenti\/sostenibile-etica-dimpresa\/\"]}]},{\"@type\":\"BreadcrumbList\",\"@id\":\"https:\/\/www.fondazionepirelli.org\/it\/cultura-dimpresa\/approfondimenti\/sostenibile-etica-dimpresa\/#breadcrumb\",\"itemListElement\":[{\"@type\":\"ListItem\",\"position\":1,\"name\":\"Home\",\"item\":\"https:\/\/www.fondazionepirelli.org\/it\/\"},{\"@type\":\"ListItem\",\"position\":2,\"name\":\"Sostenibile etica d\u2019impresa\"}]},{\"@type\":\"WebSite\",\"@id\":\"https:\/\/www.fondazionepirelli.org\/it\/#website\",\"url\":\"https:\/\/www.fondazionepirelli.org\/it\/\",\"name\":\"Fondazione Pirelli\",\"description\":\"\",\"potentialAction\":[{\"@type\":\"SearchAction\",\"target\":{\"@type\":\"EntryPoint\",\"urlTemplate\":\"https:\/\/www.fondazionepirelli.org\/it\/?s={search_term_string}\"},\"query-input\":{\"@type\":\"PropertyValueSpecification\",\"valueRequired\":true,\"valueName\":\"search_term_string\"}}],\"inLanguage\":\"it-IT\"},{\"@type\":\"Person\",\"@id\":\"https:\/\/www.fondazionepirelli.org\/it\/#\/schema\/person\/f47d097000832c4a6e54538c791fdf25\",\"name\":\"fondadmin\",\"image\":{\"@type\":\"ImageObject\",\"inLanguage\":\"it-IT\",\"@id\":\"https:\/\/www.fondazionepirelli.org\/it\/#\/schema\/person\/image\/\",\"url\":\"https:\/\/secure.gravatar.com\/avatar\/e69498a9175ca244966e51e53c88712c024fcebe41f9a05f75657f1bb25e489b?s=96&d=mm&r=g\",\"contentUrl\":\"https:\/\/secure.gravatar.com\/avatar\/e69498a9175ca244966e51e53c88712c024fcebe41f9a05f75657f1bb25e489b?s=96&d=mm&r=g\",\"caption\":\"fondadmin\"},\"url\":\"https:\/\/www.fondazionepirelli.org\/it\/author\/fondadmin\/\"}]}<\/script>\n<!-- \/ Yoast SEO plugin. -->","yoast_head_json":{"title":"Sostenibile etica d\u2019impresa - Fondazione Pirelli","robots":{"index":"index","follow":"follow","max-snippet":"max-snippet:-1","max-image-preview":"max-image-preview:large","max-video-preview":"max-video-preview:-1"},"canonical":"https:\/\/www.fondazionepirelli.org\/it\/cultura-dimpresa\/approfondimenti\/sostenibile-etica-dimpresa\/","og_locale":"it_IT","og_type":"article","og_title":"Sostenibile etica d\u2019impresa - Fondazione Pirelli","og_description":"Pubblicata una ricerca che cerca di sintetizzare e collegare una serie di concetti che devono far parte della buona cultura del produrreImpresa sostenibile. E societ\u00e0 sostenibile. &#8220;Sostenibilit\u00e0&#8221; \u00e8 diventata una parola d&#8217;ordine (mantra) diffusa in quasi tutti gli ambiti dell&#8217;attivit\u00e0 umana, incluso il cosiddetto mondo degli affari. Mantra che \u00e8 necessario affrontare con attenzione e [&hellip;]","og_url":"https:\/\/www.fondazionepirelli.org\/it\/cultura-dimpresa\/approfondimenti\/sostenibile-etica-dimpresa\/","og_site_name":"Fondazione Pirelli","article_published_time":"2025-05-27T09:48:59+00:00","author":"fondadmin","twitter_card":"summary_large_image","twitter_misc":{"Scritto da":"fondadmin","Tempo di lettura stimato":"3 minuti"},"schema":{"@context":"https:\/\/schema.org","@graph":[{"@type":"WebPage","@id":"https:\/\/www.fondazionepirelli.org\/it\/cultura-dimpresa\/approfondimenti\/sostenibile-etica-dimpresa\/","url":"https:\/\/www.fondazionepirelli.org\/it\/cultura-dimpresa\/approfondimenti\/sostenibile-etica-dimpresa\/","name":"Sostenibile etica d\u2019impresa - Fondazione Pirelli","isPartOf":{"@id":"https:\/\/www.fondazionepirelli.org\/it\/#website"},"datePublished":"2025-05-27T09:48:59+00:00","author":{"@id":"https:\/\/www.fondazionepirelli.org\/it\/#\/schema\/person\/f47d097000832c4a6e54538c791fdf25"},"breadcrumb":{"@id":"https:\/\/www.fondazionepirelli.org\/it\/cultura-dimpresa\/approfondimenti\/sostenibile-etica-dimpresa\/#breadcrumb"},"inLanguage":"it-IT","potentialAction":[{"@type":"ReadAction","target":["https:\/\/www.fondazionepirelli.org\/it\/cultura-dimpresa\/approfondimenti\/sostenibile-etica-dimpresa\/"]}]},{"@type":"BreadcrumbList","@id":"https:\/\/www.fondazionepirelli.org\/it\/cultura-dimpresa\/approfondimenti\/sostenibile-etica-dimpresa\/#breadcrumb","itemListElement":[{"@type":"ListItem","position":1,"name":"Home","item":"https:\/\/www.fondazionepirelli.org\/it\/"},{"@type":"ListItem","position":2,"name":"Sostenibile etica d\u2019impresa"}]},{"@type":"WebSite","@id":"https:\/\/www.fondazionepirelli.org\/it\/#website","url":"https:\/\/www.fondazionepirelli.org\/it\/","name":"Fondazione Pirelli","description":"","potentialAction":[{"@type":"SearchAction","target":{"@type":"EntryPoint","urlTemplate":"https:\/\/www.fondazionepirelli.org\/it\/?s={search_term_string}"},"query-input":{"@type":"PropertyValueSpecification","valueRequired":true,"valueName":"search_term_string"}}],"inLanguage":"it-IT"},{"@type":"Person","@id":"https:\/\/www.fondazionepirelli.org\/it\/#\/schema\/person\/f47d097000832c4a6e54538c791fdf25","name":"fondadmin","image":{"@type":"ImageObject","inLanguage":"it-IT","@id":"https:\/\/www.fondazionepirelli.org\/it\/#\/schema\/person\/image\/","url":"https:\/\/secure.gravatar.com\/avatar\/e69498a9175ca244966e51e53c88712c024fcebe41f9a05f75657f1bb25e489b?s=96&d=mm&r=g","contentUrl":"https:\/\/secure.gravatar.com\/avatar\/e69498a9175ca244966e51e53c88712c024fcebe41f9a05f75657f1bb25e489b?s=96&d=mm&r=g","caption":"fondadmin"},"url":"https:\/\/www.fondazionepirelli.org\/it\/author\/fondadmin\/"}]}},"_links":{"self":[{"href":"https:\/\/www.fondazionepirelli.org\/it\/wp-json\/wp\/v2\/posts\/104158\/"}],"collection":[{"href":"https:\/\/www.fondazionepirelli.org\/it\/wp-json\/wp\/v2\/posts\/"}],"about":[{"href":"https:\/\/www.fondazionepirelli.org\/it\/wp-json\/wp\/v2\/types\/post\/"}],"author":[{"embeddable":true,"href":"https:\/\/www.fondazionepirelli.org\/it\/wp-json\/wp\/v2\/users\/1\/"}],"replies":[{"embeddable":true,"href":"https:\/\/www.fondazionepirelli.org\/it\/wp-json\/wp\/v2\/comments\/?post=104158"}],"version-history":[{"count":2,"href":"https:\/\/www.fondazionepirelli.org\/it\/wp-json\/wp\/v2\/posts\/104158\/revisions\/"}],"predecessor-version":[{"id":104167,"href":"https:\/\/www.fondazionepirelli.org\/it\/wp-json\/wp\/v2\/posts\/104158\/revisions\/104167\/"}],"wp:attachment":[{"href":"https:\/\/www.fondazionepirelli.org\/it\/wp-json\/wp\/v2\/media\/?parent=104158"}],"wp:term":[{"taxonomy":"category","embeddable":true,"href":"https:\/\/www.fondazionepirelli.org\/it\/wp-json\/wp\/v2\/categories\/?post=104158"},{"taxonomy":"post_tag","embeddable":true,"href":"https:\/\/www.fondazionepirelli.org\/it\/wp-json\/wp\/v2\/tags\/?post=104158"}],"curies":[{"name":"wp","href":"https:\/\/api.w.org\/{rel}","templated":true}]}}