{"id":104200,"date":"2025-06-03T12:21:50","date_gmt":"2025-06-03T11:21:50","guid":{"rendered":"https:\/\/www.fondazionepirelli.org\/?p=104200"},"modified":"2025-06-03T12:21:50","modified_gmt":"2025-06-03T11:21:50","slug":"economia-e-sostenibilita-lequilibrio-come-metodo-da-seguire","status":"publish","type":"post","link":"https:\/\/www.fondazionepirelli.org\/it\/cultura-dimpresa\/economia-e-sostenibilita-lequilibrio-come-metodo-da-seguire\/","title":{"rendered":"Economia e sostenibilit\u00e0, l\u2019equilibrio come metodo da seguire"},"content":{"rendered":"<p><em>Un lavoro di ricerca condotto all\u2019Universit\u00e0 Sapienza mette in luce i vincoli da rispettare<\/em><\/p>\n<p><strong>\u00a0<\/strong><\/p>\n<p>Integrare i processi di sostenibilit\u00e0 nell\u2019organizzazione dell\u2019impresa. Compito fondamentale, ormai, per pressoch\u00e9 tutte le aziende. E compito mai facile. Questione di equilibri tra elementi diversi dell\u2019organizzazione della produzione, ma anche di persone e quindi di esperienze professionali. In una parola, questione di cultura d\u2019impresa che deve non solo farsi ma anche adattarsi.<\/p>\n<p>Attorno a questo nodo di temi ha ragionato Ilenia Ceglia con la sua tesi di dottorato di ricerca discussa presso il dipartimento di management dell\u2019Universit\u00e0 Sapienza di Roma.<\/p>\n<p>\u201cEquilibrio tra pressioni economiche, sociali e ambientali: una visione paradossale per la sostenibilit\u00e0\u201d \u00e8 la sintesi di un lungo lavoro che ha cercato di unire teoria e pratica d\u2019impresa sui processi legati alla sostenibilit\u00e0. In particolare, la ricerca si \u00e8 focalizzata sui temi della gestione della sostenibilit\u00e0 d\u2019impresa e della misurazione delle performance ambientali, sociali e di competitivit\u00e0 aziendale. Capitoli importanti di un tema generale declinati attraverso alcuni passaggi come la rendicontazione sociale e di sostenibilit\u00e0, la valutazione delle performance di sostenibilit\u00e0 d\u2019impresa, l&#8217;analisi socioeconomica, il coinvolgimento degli <em>stakeholder<\/em>, la gestione dei rischi non finanziari e la progettazione di \u201cpunti chiave\u201d (KPI) per sistemi di monitoraggio della sostenibilit\u00e0 d\u2019impresa.<\/p>\n<p>La ricerca si articola in una prima parte di inquadramento teorico e in altre due dedicate rispettivamente ad un\u2019impresa alimentare e ad una siderurgica nelle quali la teoria viene \u201cprovata\u201d.<\/p>\n<p>In generale, la ricerca dimostra la necessit\u00e0 assoluta di integrare con attenzione ed efficacia gli obiettivi di crescita economica con quelli di attenzione all\u2019ambiente: un percorso in continua evoluzione, nel quale l\u2019equilibrio tra le singole parti gioca un ruolo fondamentale.<\/p><p><a href=\"https:\/\/iris.uniroma1.it\/handle\/11573\/1738454\"><strong>Equilibrio tra pressioni economiche, sociali e ambientali: una visione paradossale per la sostenibilit\u00e0<\/strong><\/a><\/p>\n<p>Ilenia Ceglia<\/p>\n<p>Tesi, Universit\u00e0 Sapienza, Facolt\u00e0 di Economia Dipartimento di Management Dottorato di ricerca in Management, Banking and Commodity Sciences XXXVII Ciclo, 2025<\/p>","protected":false},"excerpt":{"rendered":"<p>Un lavoro di ricerca condotto all\u2019Universit\u00e0 Sapienza mette in luce i vincoli da rispettare \u00a0 Integrare i processi di sostenibilit\u00e0 nell\u2019organizzazione dell\u2019impresa. Compito fondamentale, ormai, per pressoch\u00e9 tutte le aziende. E compito mai facile. Questione di equilibri tra elementi diversi dell\u2019organizzazione della produzione, ma anche di persone e quindi di esperienze professionali. In una parola, [&hellip;]<\/p>\n","protected":false},"author":1,"featured_media":0,"comment_status":"open","ping_status":"open","sticky":false,"template":"","format":"standard","meta":{"footnotes":""},"categories":[54,52],"tags":[],"class_list":["post-104200","post","type-post","status-publish","format-standard","hentry","category-approfondimenti","category-cultura-dimpresa"],"acf":[],"yoast_head":"<!-- This site is optimized with the Yoast SEO plugin v25.0 - https:\/\/yoast.com\/wordpress\/plugins\/seo\/ -->\n<title>Economia e sostenibilit\u00e0, l\u2019equilibrio come metodo da seguire - Fondazione Pirelli<\/title>\n<meta name=\"robots\" content=\"index, follow, max-snippet:-1, max-image-preview:large, max-video-preview:-1\" \/>\n<link rel=\"canonical\" href=\"https:\/\/www.fondazionepirelli.org\/it\/cultura-dimpresa\/economia-e-sostenibilita-lequilibrio-come-metodo-da-seguire\/\" \/>\n<meta property=\"og:locale\" content=\"it_IT\" \/>\n<meta property=\"og:type\" content=\"article\" \/>\n<meta property=\"og:title\" content=\"Economia e sostenibilit\u00e0, l\u2019equilibrio come metodo da seguire - Fondazione Pirelli\" \/>\n<meta property=\"og:description\" content=\"Un lavoro di ricerca condotto all\u2019Universit\u00e0 Sapienza mette in luce i vincoli da rispettare \u00a0 Integrare i processi di sostenibilit\u00e0 nell\u2019organizzazione dell\u2019impresa. Compito fondamentale, ormai, per pressoch\u00e9 tutte le aziende. E compito mai facile. Questione di equilibri tra elementi diversi dell\u2019organizzazione della produzione, ma anche di persone e quindi di esperienze professionali. In una parola, [&hellip;]\" \/>\n<meta property=\"og:url\" content=\"https:\/\/www.fondazionepirelli.org\/it\/cultura-dimpresa\/economia-e-sostenibilita-lequilibrio-come-metodo-da-seguire\/\" \/>\n<meta property=\"og:site_name\" content=\"Fondazione Pirelli\" \/>\n<meta property=\"article:published_time\" content=\"2025-06-03T11:21:50+00:00\" \/>\n<meta name=\"author\" content=\"fondadmin\" \/>\n<meta name=\"twitter:card\" content=\"summary_large_image\" \/>\n<meta name=\"twitter:label1\" content=\"Scritto da\" \/>\n\t<meta name=\"twitter:data1\" content=\"fondadmin\" \/>\n\t<meta name=\"twitter:label2\" content=\"Tempo di lettura stimato\" \/>\n\t<meta name=\"twitter:data2\" content=\"2 minuti\" \/>\n<script type=\"application\/ld+json\" class=\"yoast-schema-graph\">{\"@context\":\"https:\/\/schema.org\",\"@graph\":[{\"@type\":\"WebPage\",\"@id\":\"https:\/\/www.fondazionepirelli.org\/it\/cultura-dimpresa\/economia-e-sostenibilita-lequilibrio-come-metodo-da-seguire\/\",\"url\":\"https:\/\/www.fondazionepirelli.org\/it\/cultura-dimpresa\/economia-e-sostenibilita-lequilibrio-come-metodo-da-seguire\/\",\"name\":\"Economia e sostenibilit\u00e0, l\u2019equilibrio come metodo da seguire - Fondazione Pirelli\",\"isPartOf\":{\"@id\":\"https:\/\/www.fondazionepirelli.org\/it\/#website\"},\"datePublished\":\"2025-06-03T11:21:50+00:00\",\"author\":{\"@id\":\"https:\/\/www.fondazionepirelli.org\/it\/#\/schema\/person\/f47d097000832c4a6e54538c791fdf25\"},\"breadcrumb\":{\"@id\":\"https:\/\/www.fondazionepirelli.org\/it\/cultura-dimpresa\/economia-e-sostenibilita-lequilibrio-come-metodo-da-seguire\/#breadcrumb\"},\"inLanguage\":\"it-IT\",\"potentialAction\":[{\"@type\":\"ReadAction\",\"target\":[\"https:\/\/www.fondazionepirelli.org\/it\/cultura-dimpresa\/economia-e-sostenibilita-lequilibrio-come-metodo-da-seguire\/\"]}]},{\"@type\":\"BreadcrumbList\",\"@id\":\"https:\/\/www.fondazionepirelli.org\/it\/cultura-dimpresa\/economia-e-sostenibilita-lequilibrio-come-metodo-da-seguire\/#breadcrumb\",\"itemListElement\":[{\"@type\":\"ListItem\",\"position\":1,\"name\":\"Home\",\"item\":\"https:\/\/www.fondazionepirelli.org\/it\/\"},{\"@type\":\"ListItem\",\"position\":2,\"name\":\"Economia e sostenibilit\u00e0, l\u2019equilibrio come metodo da seguire\"}]},{\"@type\":\"WebSite\",\"@id\":\"https:\/\/www.fondazionepirelli.org\/it\/#website\",\"url\":\"https:\/\/www.fondazionepirelli.org\/it\/\",\"name\":\"Fondazione Pirelli\",\"description\":\"\",\"potentialAction\":[{\"@type\":\"SearchAction\",\"target\":{\"@type\":\"EntryPoint\",\"urlTemplate\":\"https:\/\/www.fondazionepirelli.org\/it\/?s={search_term_string}\"},\"query-input\":{\"@type\":\"PropertyValueSpecification\",\"valueRequired\":true,\"valueName\":\"search_term_string\"}}],\"inLanguage\":\"it-IT\"},{\"@type\":\"Person\",\"@id\":\"https:\/\/www.fondazionepirelli.org\/it\/#\/schema\/person\/f47d097000832c4a6e54538c791fdf25\",\"name\":\"fondadmin\",\"image\":{\"@type\":\"ImageObject\",\"inLanguage\":\"it-IT\",\"@id\":\"https:\/\/www.fondazionepirelli.org\/it\/#\/schema\/person\/image\/\",\"url\":\"https:\/\/secure.gravatar.com\/avatar\/e69498a9175ca244966e51e53c88712c024fcebe41f9a05f75657f1bb25e489b?s=96&d=mm&r=g\",\"contentUrl\":\"https:\/\/secure.gravatar.com\/avatar\/e69498a9175ca244966e51e53c88712c024fcebe41f9a05f75657f1bb25e489b?s=96&d=mm&r=g\",\"caption\":\"fondadmin\"},\"url\":\"https:\/\/www.fondazionepirelli.org\/it\/author\/fondadmin\/\"}]}<\/script>\n<!-- \/ Yoast SEO plugin. -->","yoast_head_json":{"title":"Economia e sostenibilit\u00e0, l\u2019equilibrio come metodo da seguire - Fondazione Pirelli","robots":{"index":"index","follow":"follow","max-snippet":"max-snippet:-1","max-image-preview":"max-image-preview:large","max-video-preview":"max-video-preview:-1"},"canonical":"https:\/\/www.fondazionepirelli.org\/it\/cultura-dimpresa\/economia-e-sostenibilita-lequilibrio-come-metodo-da-seguire\/","og_locale":"it_IT","og_type":"article","og_title":"Economia e sostenibilit\u00e0, l\u2019equilibrio come metodo da seguire - Fondazione Pirelli","og_description":"Un lavoro di ricerca condotto all\u2019Universit\u00e0 Sapienza mette in luce i vincoli da rispettare \u00a0 Integrare i processi di sostenibilit\u00e0 nell\u2019organizzazione dell\u2019impresa. Compito fondamentale, ormai, per pressoch\u00e9 tutte le aziende. E compito mai facile. Questione di equilibri tra elementi diversi dell\u2019organizzazione della produzione, ma anche di persone e quindi di esperienze professionali. In una parola, [&hellip;]","og_url":"https:\/\/www.fondazionepirelli.org\/it\/cultura-dimpresa\/economia-e-sostenibilita-lequilibrio-come-metodo-da-seguire\/","og_site_name":"Fondazione Pirelli","article_published_time":"2025-06-03T11:21:50+00:00","author":"fondadmin","twitter_card":"summary_large_image","twitter_misc":{"Scritto da":"fondadmin","Tempo di lettura stimato":"2 minuti"},"schema":{"@context":"https:\/\/schema.org","@graph":[{"@type":"WebPage","@id":"https:\/\/www.fondazionepirelli.org\/it\/cultura-dimpresa\/economia-e-sostenibilita-lequilibrio-come-metodo-da-seguire\/","url":"https:\/\/www.fondazionepirelli.org\/it\/cultura-dimpresa\/economia-e-sostenibilita-lequilibrio-come-metodo-da-seguire\/","name":"Economia e sostenibilit\u00e0, l\u2019equilibrio come metodo da seguire - Fondazione Pirelli","isPartOf":{"@id":"https:\/\/www.fondazionepirelli.org\/it\/#website"},"datePublished":"2025-06-03T11:21:50+00:00","author":{"@id":"https:\/\/www.fondazionepirelli.org\/it\/#\/schema\/person\/f47d097000832c4a6e54538c791fdf25"},"breadcrumb":{"@id":"https:\/\/www.fondazionepirelli.org\/it\/cultura-dimpresa\/economia-e-sostenibilita-lequilibrio-come-metodo-da-seguire\/#breadcrumb"},"inLanguage":"it-IT","potentialAction":[{"@type":"ReadAction","target":["https:\/\/www.fondazionepirelli.org\/it\/cultura-dimpresa\/economia-e-sostenibilita-lequilibrio-come-metodo-da-seguire\/"]}]},{"@type":"BreadcrumbList","@id":"https:\/\/www.fondazionepirelli.org\/it\/cultura-dimpresa\/economia-e-sostenibilita-lequilibrio-come-metodo-da-seguire\/#breadcrumb","itemListElement":[{"@type":"ListItem","position":1,"name":"Home","item":"https:\/\/www.fondazionepirelli.org\/it\/"},{"@type":"ListItem","position":2,"name":"Economia e sostenibilit\u00e0, l\u2019equilibrio come metodo da seguire"}]},{"@type":"WebSite","@id":"https:\/\/www.fondazionepirelli.org\/it\/#website","url":"https:\/\/www.fondazionepirelli.org\/it\/","name":"Fondazione Pirelli","description":"","potentialAction":[{"@type":"SearchAction","target":{"@type":"EntryPoint","urlTemplate":"https:\/\/www.fondazionepirelli.org\/it\/?s={search_term_string}"},"query-input":{"@type":"PropertyValueSpecification","valueRequired":true,"valueName":"search_term_string"}}],"inLanguage":"it-IT"},{"@type":"Person","@id":"https:\/\/www.fondazionepirelli.org\/it\/#\/schema\/person\/f47d097000832c4a6e54538c791fdf25","name":"fondadmin","image":{"@type":"ImageObject","inLanguage":"it-IT","@id":"https:\/\/www.fondazionepirelli.org\/it\/#\/schema\/person\/image\/","url":"https:\/\/secure.gravatar.com\/avatar\/e69498a9175ca244966e51e53c88712c024fcebe41f9a05f75657f1bb25e489b?s=96&d=mm&r=g","contentUrl":"https:\/\/secure.gravatar.com\/avatar\/e69498a9175ca244966e51e53c88712c024fcebe41f9a05f75657f1bb25e489b?s=96&d=mm&r=g","caption":"fondadmin"},"url":"https:\/\/www.fondazionepirelli.org\/it\/author\/fondadmin\/"}]}},"_links":{"self":[{"href":"https:\/\/www.fondazionepirelli.org\/it\/wp-json\/wp\/v2\/posts\/104200\/"}],"collection":[{"href":"https:\/\/www.fondazionepirelli.org\/it\/wp-json\/wp\/v2\/posts\/"}],"about":[{"href":"https:\/\/www.fondazionepirelli.org\/it\/wp-json\/wp\/v2\/types\/post\/"}],"author":[{"embeddable":true,"href":"https:\/\/www.fondazionepirelli.org\/it\/wp-json\/wp\/v2\/users\/1\/"}],"replies":[{"embeddable":true,"href":"https:\/\/www.fondazionepirelli.org\/it\/wp-json\/wp\/v2\/comments\/?post=104200"}],"version-history":[{"count":1,"href":"https:\/\/www.fondazionepirelli.org\/it\/wp-json\/wp\/v2\/posts\/104200\/revisions\/"}],"predecessor-version":[{"id":104201,"href":"https:\/\/www.fondazionepirelli.org\/it\/wp-json\/wp\/v2\/posts\/104200\/revisions\/104201\/"}],"wp:attachment":[{"href":"https:\/\/www.fondazionepirelli.org\/it\/wp-json\/wp\/v2\/media\/?parent=104200"}],"wp:term":[{"taxonomy":"category","embeddable":true,"href":"https:\/\/www.fondazionepirelli.org\/it\/wp-json\/wp\/v2\/categories\/?post=104200"},{"taxonomy":"post_tag","embeddable":true,"href":"https:\/\/www.fondazionepirelli.org\/it\/wp-json\/wp\/v2\/tags\/?post=104200"}],"curies":[{"name":"wp","href":"https:\/\/api.w.org\/{rel}","templated":true}]}}