{"id":104296,"date":"2025-06-11T09:59:47","date_gmt":"2025-06-11T08:59:47","guid":{"rendered":"https:\/\/www.fondazionepirelli.org\/?p=104296"},"modified":"2025-06-11T10:44:35","modified_gmt":"2025-06-11T09:44:35","slug":"allarme-dia-non-sottovalutare-la-mafia-che-guarda-agli-appalti-e-investe-con-flussi-finanziari-opachi","status":"publish","type":"post","link":"https:\/\/www.fondazionepirelli.org\/it\/cultura-dimpresa\/blog\/allarme-dia-non-sottovalutare-la-mafia-che-guarda-agli-appalti-e-investe-con-flussi-finanziari-opachi\/","title":{"rendered":"Allarme Dia: non sottovalutare la mafia che guarda agli appalti e investe con flussi finanziari \u201copachi\u201d"},"content":{"rendered":"<p>\u201cLa verit\u00e0 \u00e8 moneta perdente\u201d, scrive Beatrice Monroy, in un romanzo intenso e struggente, appena pubblicato da Zolfo e costruito per raccontare la disperazione e poi, per\u00f2, la rivolta culturale e civile di una citt\u00e0, <strong>Palermo<\/strong>, contro le stragi mafiose e il silenzio lungamente imposto da complicit\u00e0 e paure verso i boss di Cosa Nostra e il \u201cmondo grigio\u201d dei conniventi. Il racconto prende le mosse dalle uccisioni di <strong>Giovanni Falcone<\/strong>, <strong>Paolo Borsellino<\/strong> e gli uomini e le donne delle loro scorte, nel maggio e poi nel luglio del 1992. E quel titolo provocatorio sulla sconfitta della verit\u00e0 vuole sottolineare, in realt\u00e0, il suo esatto contrario: il bisogno irrefrenabile di verit\u00e0 e di giustizia, di vita civile e di democrazia che cresce nel corpo stesso della citt\u00e0 e della Sicilia,\u00a0per poter segnare finalmente il tempo della sconfitta della mafia e dell\u2019affermazione di una societ\u00e0 dei diritti e dei doveri, delle libert\u00e0 e delle responsabilit\u00e0. Tutto il contrario, appunto, di Cosa Nostra, della \u2018ndrangheta e della camorra.<\/p>\n<p>Questo bisogno di <strong>verit\u00e0<\/strong> e di <strong>legalit\u00e0<\/strong>, per la vita civile e l\u2019economia di mercato, per lo sviluppo sociale e l\u2019imprenditorialit\u00e0 sostenibile, va naturalmente oltre le dimensioni dell\u2019Isola. E si ripresenta proprio adesso alla ribalta per la ricorrenza di alcuni fatti di cronaca. L\u2019allarme della Dia (la Direzione investigativa antimafia) sulla ripresa d\u2019attenzione dei clan criminali per gli appalti pubblici in tutta Italia (ne parleremo pi\u00f9 approfonditamente tra poco). E l\u2019uscita dal carcere, per fine pena, d\u2019un feroce assassino mafioso, Giovanni Brusca, 150 omicidi sulle spalle e la responsabilit\u00e0 d\u2019aver premuto il pulsante del detonatore che provoc\u00f2 la morte di Falcone: una libert\u00e0 dopo 25 anni di carcere e 4 di libert\u00e0 vigilata, come conseguenza della scelta di diventare \u201ccollaboratore di giustizia\u201d, svelando ai magistrati attivit\u00e0, delitti e strategie di Cosa Nostra. Un\u2019applicazione della legge sui cosiddetti \u201cpentiti\u201d voluta proprio da Giovanni Falcone, per rompere il cerchio dell\u2019omert\u00e0 mafiosa e bloccare le stragi organizzate dai \u201ccorleonesi\u201d guidati da Tot\u00f2 Riina e di cui Brusca era uno dei capi e degli assassini pi\u00f9 spietati.<\/p>\n<p><strong>Legge<\/strong> da rispettare e applicare. Ma, in un diffuso sentire comune, per nulla affatto giustizia, se ci leggono con attenzione le dichiarazioni dei familiari delle vittime. Una tra tutte, quella di Alfredo Morvillo, fratello di Francesca Morvillo, moglie di Falcone, uccisa anche lei nella strage di Capaci, lungo l\u2019autostrada di Punta Raisi: \u201cBrusca ha scontato la pena, ma resta un criminale\u201d. O quella di Maria Falcone, sorella del magistrato: \u201c\u00c8 stata applicata la legge, ma sono molto amareggiata. Ritengo che questa non sia giustizia, n\u00e9 per i familiari n\u00e9 per le persone perbene\u201d (Corriere della Sera, 6 giugno).<\/p>\n<p>Amarezze a parte, resta il dato positivo dell\u2019ottimo lavoro fatto, negli ultimi quindici anni del Novecento, dai magistrati di Palermo, contro Cosa Nostra (grazie anche al contributo di due \u201ccollaboratori di giustizia\u201d, Tommaso Buscetta soprattutto ma anche Salvatore Contorno) e culminato nel maxi-processo iniziato nel febbraio \u201986 e concluso con centinaia di condanne, confermate dalla Cassazione nella primavera del \u201992.<\/p>\n<p>\u201cLo Stato ha vinto, la mafia ha perso\u201d, \u00e8 la sintesi di quella stagione, con i boss in galera e gli affari mafiosi drasticamente ridimensionati. Una sintesi corretta, tenendo conto del fatto che i processi sono stati celebrati nel totale rispetto delle procedure e delle garanzie e sulla base di indagini condotte seriamente da polizia e carabinieri. Ma purtroppo una sintesi non esaustiva. Perch\u00e9 altre organizzazioni criminali, a cominciare dalla \u2018ndrangheta calabrese, hanno preso il posto dei clan siciliani nel giro dei traffici internazionali della droga, in alleanza con i \u201cnarcos\u201d sudamericani e orientali. E perch\u00e9 comunque i legami tra criminalit\u00e0 organizzata e \u201caree grigie\u201d in circuiti dell\u2019economia, della politica e delle pubbliche amministrazioni, pur scompaginati dalle inchieste giudiziarie tra Palermo, Roma e Milano, sono stati ricostituiti.<\/p>\n<p>Ne fanno fede parecchie considerazioni in occasione della ricorrenza della strage di Capaci: \u201cFalcone e Borsellino, i conti ancora aperti e il rischio di nuovi veleni\u201d (Corriere della Sera, 23 maggio); \u201cA 33 anni dalla strage la mafia ha ancora le sue truppe\u201d (Il Sole24Ore, 24 maggio).<\/p>\n<p>Valgono, per la memoria collettiva e la coscienza civile, le parole di commemorazione del presidente della Repubblica <strong>Sergio Mattarella<\/strong>: \u201cLa mafia ha sub\u00ecto colpi pesantissimi, ma all\u2019opera di sradicamento va data continuit\u00e0, cogliendo le sue trasformazioni, i nuovi legami con attivit\u00e0 economiche e finanziarie, le zone grigie che si formano dove l\u2019impegno civico cede il passo all\u2019indifferenza\u201d.<\/p>\n<p>Rieccoci, anche cos\u00ec, al bisogno di verit\u00e0 che non pu\u00f2 essere \u201cmoneta perdente\u201d. E alla necessit\u00e0 di atti di governo efficaci e di un impegno politico responsabile, trasversale tra maggioranza e opposizione, contro il crimine organizzato, con interventi preventivi e repressivi e con scelte trasparenti di buona amministrazione.<\/p>\n<p>D\u2019altronde, proprio la legge che ha introdotto nuove misure di contrasto alla mafia, pi\u00f9 severe, puntuali ed efficaci, era stata messa a punto da parlamentari di diverso orientamento politico, il comunista Pio La Torre e il democristiano Virginio Rognoni (al tempo ministro dell\u2019Interno) e approvata con larghissima maggioranza in Parlamento il 13 settembre del 1982, pochi giorni dopo l\u2019assassinio, a Palermo, del generale Carlo Alberto Dalla Chiesa, mandato l\u00ec dal governo, come prefetto ma senza i necessari poteri d\u2019intervento. Una legge ben costruita, in grado di colpire l\u2019associazione mafiosa, seguendo il filo degli interessi, degli affari, dei legami criminali (proprio le indagini di Falcone e Borsellino e degli altri magistrati antimafia ne avrebbero fatto un uso intelligente e competente).<\/p>\n<p>L\u2019attualit\u00e0 del pericolo mafioso, adesso, \u00e8 rivelata dall\u2019ultimo <strong>Rapporto della Dia<\/strong> (Il Sole24Ore, 28 maggio) che ha accertato, nel \u201924, manovre finanziarie \u201copache\u201d per 49,2 miliardi di euro e indicato, in dettaglio, operazioni di investimento e riciclaggio di capitali di origine illecita in attivit\u00e0 apparentemente legali. In primo piano, le mosse della \u2018ndrangheta, ma anche di camorra e clan siciliani, particolarmente attivi a Milano (\u201cMafia, le ombre sulla Lombardia. Fari su appalti, ultr\u00e0 del calcio e Olimpiadi\u201d, titola la Repubblica, 28 maggio) ma anche in Piemonte, Liguria, Veneto ed Emilia. E puntuale attenzione per gli interessi relativi a tutto il mondo dei subappalti di opere pubbliche e a una serie di attivit\u00e0, soprattutto nei settori della finanza e dei servizi, per il riciclaggio del denaro.<\/p>\n<p>Sono sempre alti, insomma, i <strong>rischi di inquinamento dei mercati<\/strong> e dell\u2019economia, di travolgimento dell\u2019attivit\u00e0 delle imprese. E vale la pena, accanto alle necessarie commemorazioni, intensificare le iniziative, politiche e amministrative, necessarie a garantire legalit\u00e0, trasparenza, funzionamento dei mercati e della concorrenza. Scelta essenziale, economica e civile.<\/p><p>(<em>foto Getty Images<\/em>)<\/p>\n","protected":false},"excerpt":{"rendered":"<p>\u201cLa verit\u00e0 \u00e8 moneta perdente\u201d, scrive Beatrice Monroy, in un romanzo intenso e struggente, appena pubblicato da Zolfo e costruito per raccontare la disperazione e poi, per\u00f2, la rivolta culturale e civile di una citt\u00e0, Palermo, contro le stragi mafiose e il silenzio lungamente imposto da complicit\u00e0 e paure verso i boss di Cosa Nostra [&hellip;]<\/p>\n","protected":false},"author":1,"featured_media":104297,"comment_status":"open","ping_status":"open","sticky":false,"template":"","format":"standard","meta":{"footnotes":""},"categories":[53,52],"tags":[],"class_list":["post-104296","post","type-post","status-publish","format-standard","has-post-thumbnail","hentry","category-blog","category-cultura-dimpresa"],"acf":[],"yoast_head":"<!-- This site is optimized with the Yoast SEO plugin v25.0 - https:\/\/yoast.com\/wordpress\/plugins\/seo\/ -->\n<title>Allarme Dia: non sottovalutare la mafia che guarda agli appalti e investe con flussi finanziari \u201copachi\u201d - Fondazione Pirelli<\/title>\n<meta name=\"robots\" content=\"index, follow, max-snippet:-1, max-image-preview:large, max-video-preview:-1\" \/>\n<link rel=\"canonical\" href=\"https:\/\/www.fondazionepirelli.org\/it\/cultura-dimpresa\/blog\/allarme-dia-non-sottovalutare-la-mafia-che-guarda-agli-appalti-e-investe-con-flussi-finanziari-opachi\/\" \/>\n<meta property=\"og:locale\" content=\"it_IT\" \/>\n<meta property=\"og:type\" content=\"article\" \/>\n<meta property=\"og:title\" content=\"Allarme Dia: non sottovalutare la mafia che guarda agli appalti e investe con flussi finanziari \u201copachi\u201d - Fondazione Pirelli\" \/>\n<meta property=\"og:description\" content=\"\u201cLa verit\u00e0 \u00e8 moneta perdente\u201d, scrive Beatrice Monroy, in un romanzo intenso e struggente, appena pubblicato da Zolfo e costruito per raccontare la disperazione e poi, per\u00f2, la rivolta culturale e civile di una citt\u00e0, Palermo, contro le stragi mafiose e il silenzio lungamente imposto da complicit\u00e0 e paure verso i boss di Cosa Nostra [&hellip;]\" \/>\n<meta property=\"og:url\" content=\"https:\/\/www.fondazionepirelli.org\/it\/cultura-dimpresa\/blog\/allarme-dia-non-sottovalutare-la-mafia-che-guarda-agli-appalti-e-investe-con-flussi-finanziari-opachi\/\" \/>\n<meta property=\"og:site_name\" content=\"Fondazione Pirelli\" \/>\n<meta property=\"article:published_time\" content=\"2025-06-11T08:59:47+00:00\" \/>\n<meta property=\"article:modified_time\" content=\"2025-06-11T09:44:35+00:00\" \/>\n<meta property=\"og:image\" content=\"https:\/\/wpsite-assets.fondazionepirelli.org\/wp-content\/uploads\/2025\/06\/11095925\/GettyImages-2216557580.jpg\" \/>\n\t<meta property=\"og:image:width\" content=\"1024\" \/>\n\t<meta property=\"og:image:height\" content=\"783\" \/>\n\t<meta property=\"og:image:type\" content=\"image\/jpeg\" \/>\n<meta name=\"author\" content=\"fondadmin\" \/>\n<meta name=\"twitter:card\" content=\"summary_large_image\" \/>\n<meta name=\"twitter:label1\" content=\"Scritto da\" \/>\n\t<meta name=\"twitter:data1\" content=\"fondadmin\" \/>\n\t<meta name=\"twitter:label2\" content=\"Tempo di lettura stimato\" \/>\n\t<meta name=\"twitter:data2\" content=\"6 minuti\" \/>\n<script type=\"application\/ld+json\" class=\"yoast-schema-graph\">{\"@context\":\"https:\/\/schema.org\",\"@graph\":[{\"@type\":\"WebPage\",\"@id\":\"https:\/\/www.fondazionepirelli.org\/it\/cultura-dimpresa\/blog\/allarme-dia-non-sottovalutare-la-mafia-che-guarda-agli-appalti-e-investe-con-flussi-finanziari-opachi\/\",\"url\":\"https:\/\/www.fondazionepirelli.org\/it\/cultura-dimpresa\/blog\/allarme-dia-non-sottovalutare-la-mafia-che-guarda-agli-appalti-e-investe-con-flussi-finanziari-opachi\/\",\"name\":\"Allarme Dia: non sottovalutare la mafia che guarda agli appalti e investe con flussi finanziari \u201copachi\u201d - Fondazione Pirelli\",\"isPartOf\":{\"@id\":\"https:\/\/www.fondazionepirelli.org\/it\/#website\"},\"primaryImageOfPage\":{\"@id\":\"https:\/\/www.fondazionepirelli.org\/it\/cultura-dimpresa\/blog\/allarme-dia-non-sottovalutare-la-mafia-che-guarda-agli-appalti-e-investe-con-flussi-finanziari-opachi\/#primaryimage\"},\"image\":{\"@id\":\"https:\/\/www.fondazionepirelli.org\/it\/cultura-dimpresa\/blog\/allarme-dia-non-sottovalutare-la-mafia-che-guarda-agli-appalti-e-investe-con-flussi-finanziari-opachi\/#primaryimage\"},\"thumbnailUrl\":\"https:\/\/wpsite-assets.fondazionepirelli.org\/wp-content\/uploads\/2025\/06\/11095925\/GettyImages-2216557580.jpg\",\"datePublished\":\"2025-06-11T08:59:47+00:00\",\"dateModified\":\"2025-06-11T09:44:35+00:00\",\"author\":{\"@id\":\"https:\/\/www.fondazionepirelli.org\/it\/#\/schema\/person\/f47d097000832c4a6e54538c791fdf25\"},\"breadcrumb\":{\"@id\":\"https:\/\/www.fondazionepirelli.org\/it\/cultura-dimpresa\/blog\/allarme-dia-non-sottovalutare-la-mafia-che-guarda-agli-appalti-e-investe-con-flussi-finanziari-opachi\/#breadcrumb\"},\"inLanguage\":\"it-IT\",\"potentialAction\":[{\"@type\":\"ReadAction\",\"target\":[\"https:\/\/www.fondazionepirelli.org\/it\/cultura-dimpresa\/blog\/allarme-dia-non-sottovalutare-la-mafia-che-guarda-agli-appalti-e-investe-con-flussi-finanziari-opachi\/\"]}]},{\"@type\":\"ImageObject\",\"inLanguage\":\"it-IT\",\"@id\":\"https:\/\/www.fondazionepirelli.org\/it\/cultura-dimpresa\/blog\/allarme-dia-non-sottovalutare-la-mafia-che-guarda-agli-appalti-e-investe-con-flussi-finanziari-opachi\/#primaryimage\",\"url\":\"https:\/\/wpsite-assets.fondazionepirelli.org\/wp-content\/uploads\/2025\/06\/11095925\/GettyImages-2216557580.jpg\",\"contentUrl\":\"https:\/\/wpsite-assets.fondazionepirelli.org\/wp-content\/uploads\/2025\/06\/11095925\/GettyImages-2216557580.jpg\",\"width\":1024,\"height\":783,\"caption\":\"CATANIA, ITALY - MAY 22: The Stairway of Legality, created by students from the \u201cEmilio Greco\u201d Art High School, transforms the entrance of the Court of Justice into a work of civic art. At the center, the faces of Giovanni Falcone and Paolo Borsellino emerge against a white background, surrounded by colored silhouettes symbolizing civil society and the security escorts. On the steps, two well-known quotes by the magistrates recall the power of ideas and the importance of courage. The installation was created to mark the 32nd anniversary of the Capaci massacre on May 22, 2025 in Catania, Italy. On the occasion of the 32nd anniversary of the Capaci massacre, students from the \u201cEmilio Greco\u201d Art High School created the Stairway of Legality in front of the Court of Justice, in memory of Falcone, Borsellino, and their bodyguards. (Photo by Fabrizio Villa\/Getty Images)\"},{\"@type\":\"BreadcrumbList\",\"@id\":\"https:\/\/www.fondazionepirelli.org\/it\/cultura-dimpresa\/blog\/allarme-dia-non-sottovalutare-la-mafia-che-guarda-agli-appalti-e-investe-con-flussi-finanziari-opachi\/#breadcrumb\",\"itemListElement\":[{\"@type\":\"ListItem\",\"position\":1,\"name\":\"Home\",\"item\":\"https:\/\/www.fondazionepirelli.org\/it\/\"},{\"@type\":\"ListItem\",\"position\":2,\"name\":\"Allarme Dia: non sottovalutare la mafia che guarda agli appalti e investe con flussi finanziari \u201copachi\u201d\"}]},{\"@type\":\"WebSite\",\"@id\":\"https:\/\/www.fondazionepirelli.org\/it\/#website\",\"url\":\"https:\/\/www.fondazionepirelli.org\/it\/\",\"name\":\"Fondazione Pirelli\",\"description\":\"\",\"potentialAction\":[{\"@type\":\"SearchAction\",\"target\":{\"@type\":\"EntryPoint\",\"urlTemplate\":\"https:\/\/www.fondazionepirelli.org\/it\/?s={search_term_string}\"},\"query-input\":{\"@type\":\"PropertyValueSpecification\",\"valueRequired\":true,\"valueName\":\"search_term_string\"}}],\"inLanguage\":\"it-IT\"},{\"@type\":\"Person\",\"@id\":\"https:\/\/www.fondazionepirelli.org\/it\/#\/schema\/person\/f47d097000832c4a6e54538c791fdf25\",\"name\":\"fondadmin\",\"image\":{\"@type\":\"ImageObject\",\"inLanguage\":\"it-IT\",\"@id\":\"https:\/\/www.fondazionepirelli.org\/it\/#\/schema\/person\/image\/\",\"url\":\"https:\/\/secure.gravatar.com\/avatar\/e69498a9175ca244966e51e53c88712c024fcebe41f9a05f75657f1bb25e489b?s=96&d=mm&r=g\",\"contentUrl\":\"https:\/\/secure.gravatar.com\/avatar\/e69498a9175ca244966e51e53c88712c024fcebe41f9a05f75657f1bb25e489b?s=96&d=mm&r=g\",\"caption\":\"fondadmin\"},\"url\":\"https:\/\/www.fondazionepirelli.org\/it\/author\/fondadmin\/\"}]}<\/script>\n<!-- \/ Yoast SEO plugin. -->","yoast_head_json":{"title":"Allarme Dia: non sottovalutare la mafia che guarda agli appalti e investe con flussi finanziari \u201copachi\u201d - Fondazione Pirelli","robots":{"index":"index","follow":"follow","max-snippet":"max-snippet:-1","max-image-preview":"max-image-preview:large","max-video-preview":"max-video-preview:-1"},"canonical":"https:\/\/www.fondazionepirelli.org\/it\/cultura-dimpresa\/blog\/allarme-dia-non-sottovalutare-la-mafia-che-guarda-agli-appalti-e-investe-con-flussi-finanziari-opachi\/","og_locale":"it_IT","og_type":"article","og_title":"Allarme Dia: non sottovalutare la mafia che guarda agli appalti e investe con flussi finanziari \u201copachi\u201d - Fondazione Pirelli","og_description":"\u201cLa verit\u00e0 \u00e8 moneta perdente\u201d, scrive Beatrice Monroy, in un romanzo intenso e struggente, appena pubblicato da Zolfo e costruito per raccontare la disperazione e poi, per\u00f2, la rivolta culturale e civile di una citt\u00e0, Palermo, contro le stragi mafiose e il silenzio lungamente imposto da complicit\u00e0 e paure verso i boss di Cosa Nostra [&hellip;]","og_url":"https:\/\/www.fondazionepirelli.org\/it\/cultura-dimpresa\/blog\/allarme-dia-non-sottovalutare-la-mafia-che-guarda-agli-appalti-e-investe-con-flussi-finanziari-opachi\/","og_site_name":"Fondazione Pirelli","article_published_time":"2025-06-11T08:59:47+00:00","article_modified_time":"2025-06-11T09:44:35+00:00","og_image":[{"width":1024,"height":783,"url":"https:\/\/wpsite-assets.fondazionepirelli.org\/wp-content\/uploads\/2025\/06\/11095925\/GettyImages-2216557580.jpg","type":"image\/jpeg"}],"author":"fondadmin","twitter_card":"summary_large_image","twitter_misc":{"Scritto da":"fondadmin","Tempo di lettura stimato":"6 minuti"},"schema":{"@context":"https:\/\/schema.org","@graph":[{"@type":"WebPage","@id":"https:\/\/www.fondazionepirelli.org\/it\/cultura-dimpresa\/blog\/allarme-dia-non-sottovalutare-la-mafia-che-guarda-agli-appalti-e-investe-con-flussi-finanziari-opachi\/","url":"https:\/\/www.fondazionepirelli.org\/it\/cultura-dimpresa\/blog\/allarme-dia-non-sottovalutare-la-mafia-che-guarda-agli-appalti-e-investe-con-flussi-finanziari-opachi\/","name":"Allarme Dia: non sottovalutare la mafia che guarda agli appalti e investe con flussi finanziari \u201copachi\u201d - Fondazione Pirelli","isPartOf":{"@id":"https:\/\/www.fondazionepirelli.org\/it\/#website"},"primaryImageOfPage":{"@id":"https:\/\/www.fondazionepirelli.org\/it\/cultura-dimpresa\/blog\/allarme-dia-non-sottovalutare-la-mafia-che-guarda-agli-appalti-e-investe-con-flussi-finanziari-opachi\/#primaryimage"},"image":{"@id":"https:\/\/www.fondazionepirelli.org\/it\/cultura-dimpresa\/blog\/allarme-dia-non-sottovalutare-la-mafia-che-guarda-agli-appalti-e-investe-con-flussi-finanziari-opachi\/#primaryimage"},"thumbnailUrl":"https:\/\/wpsite-assets.fondazionepirelli.org\/wp-content\/uploads\/2025\/06\/11095925\/GettyImages-2216557580.jpg","datePublished":"2025-06-11T08:59:47+00:00","dateModified":"2025-06-11T09:44:35+00:00","author":{"@id":"https:\/\/www.fondazionepirelli.org\/it\/#\/schema\/person\/f47d097000832c4a6e54538c791fdf25"},"breadcrumb":{"@id":"https:\/\/www.fondazionepirelli.org\/it\/cultura-dimpresa\/blog\/allarme-dia-non-sottovalutare-la-mafia-che-guarda-agli-appalti-e-investe-con-flussi-finanziari-opachi\/#breadcrumb"},"inLanguage":"it-IT","potentialAction":[{"@type":"ReadAction","target":["https:\/\/www.fondazionepirelli.org\/it\/cultura-dimpresa\/blog\/allarme-dia-non-sottovalutare-la-mafia-che-guarda-agli-appalti-e-investe-con-flussi-finanziari-opachi\/"]}]},{"@type":"ImageObject","inLanguage":"it-IT","@id":"https:\/\/www.fondazionepirelli.org\/it\/cultura-dimpresa\/blog\/allarme-dia-non-sottovalutare-la-mafia-che-guarda-agli-appalti-e-investe-con-flussi-finanziari-opachi\/#primaryimage","url":"https:\/\/wpsite-assets.fondazionepirelli.org\/wp-content\/uploads\/2025\/06\/11095925\/GettyImages-2216557580.jpg","contentUrl":"https:\/\/wpsite-assets.fondazionepirelli.org\/wp-content\/uploads\/2025\/06\/11095925\/GettyImages-2216557580.jpg","width":1024,"height":783,"caption":"CATANIA, ITALY - MAY 22: The Stairway of Legality, created by students from the \u201cEmilio Greco\u201d Art High School, transforms the entrance of the Court of Justice into a work of civic art. At the center, the faces of Giovanni Falcone and Paolo Borsellino emerge against a white background, surrounded by colored silhouettes symbolizing civil society and the security escorts. On the steps, two well-known quotes by the magistrates recall the power of ideas and the importance of courage. The installation was created to mark the 32nd anniversary of the Capaci massacre on May 22, 2025 in Catania, Italy. On the occasion of the 32nd anniversary of the Capaci massacre, students from the \u201cEmilio Greco\u201d Art High School created the Stairway of Legality in front of the Court of Justice, in memory of Falcone, Borsellino, and their bodyguards. (Photo by Fabrizio Villa\/Getty Images)"},{"@type":"BreadcrumbList","@id":"https:\/\/www.fondazionepirelli.org\/it\/cultura-dimpresa\/blog\/allarme-dia-non-sottovalutare-la-mafia-che-guarda-agli-appalti-e-investe-con-flussi-finanziari-opachi\/#breadcrumb","itemListElement":[{"@type":"ListItem","position":1,"name":"Home","item":"https:\/\/www.fondazionepirelli.org\/it\/"},{"@type":"ListItem","position":2,"name":"Allarme Dia: non sottovalutare la mafia che guarda agli appalti e investe con flussi finanziari \u201copachi\u201d"}]},{"@type":"WebSite","@id":"https:\/\/www.fondazionepirelli.org\/it\/#website","url":"https:\/\/www.fondazionepirelli.org\/it\/","name":"Fondazione Pirelli","description":"","potentialAction":[{"@type":"SearchAction","target":{"@type":"EntryPoint","urlTemplate":"https:\/\/www.fondazionepirelli.org\/it\/?s={search_term_string}"},"query-input":{"@type":"PropertyValueSpecification","valueRequired":true,"valueName":"search_term_string"}}],"inLanguage":"it-IT"},{"@type":"Person","@id":"https:\/\/www.fondazionepirelli.org\/it\/#\/schema\/person\/f47d097000832c4a6e54538c791fdf25","name":"fondadmin","image":{"@type":"ImageObject","inLanguage":"it-IT","@id":"https:\/\/www.fondazionepirelli.org\/it\/#\/schema\/person\/image\/","url":"https:\/\/secure.gravatar.com\/avatar\/e69498a9175ca244966e51e53c88712c024fcebe41f9a05f75657f1bb25e489b?s=96&d=mm&r=g","contentUrl":"https:\/\/secure.gravatar.com\/avatar\/e69498a9175ca244966e51e53c88712c024fcebe41f9a05f75657f1bb25e489b?s=96&d=mm&r=g","caption":"fondadmin"},"url":"https:\/\/www.fondazionepirelli.org\/it\/author\/fondadmin\/"}]}},"_links":{"self":[{"href":"https:\/\/www.fondazionepirelli.org\/it\/wp-json\/wp\/v2\/posts\/104296\/"}],"collection":[{"href":"https:\/\/www.fondazionepirelli.org\/it\/wp-json\/wp\/v2\/posts\/"}],"about":[{"href":"https:\/\/www.fondazionepirelli.org\/it\/wp-json\/wp\/v2\/types\/post\/"}],"author":[{"embeddable":true,"href":"https:\/\/www.fondazionepirelli.org\/it\/wp-json\/wp\/v2\/users\/1\/"}],"replies":[{"embeddable":true,"href":"https:\/\/www.fondazionepirelli.org\/it\/wp-json\/wp\/v2\/comments\/?post=104296"}],"version-history":[{"count":2,"href":"https:\/\/www.fondazionepirelli.org\/it\/wp-json\/wp\/v2\/posts\/104296\/revisions\/"}],"predecessor-version":[{"id":104300,"href":"https:\/\/www.fondazionepirelli.org\/it\/wp-json\/wp\/v2\/posts\/104296\/revisions\/104300\/"}],"wp:featuredmedia":[{"embeddable":true,"href":"https:\/\/www.fondazionepirelli.org\/it\/wp-json\/wp\/v2\/media\/104297\/"}],"wp:attachment":[{"href":"https:\/\/www.fondazionepirelli.org\/it\/wp-json\/wp\/v2\/media\/?parent=104296"}],"wp:term":[{"taxonomy":"category","embeddable":true,"href":"https:\/\/www.fondazionepirelli.org\/it\/wp-json\/wp\/v2\/categories\/?post=104296"},{"taxonomy":"post_tag","embeddable":true,"href":"https:\/\/www.fondazionepirelli.org\/it\/wp-json\/wp\/v2\/tags\/?post=104296"}],"curies":[{"name":"wp","href":"https:\/\/api.w.org\/{rel}","templated":true}]}}