{"id":104337,"date":"2025-06-17T12:30:32","date_gmt":"2025-06-17T11:30:32","guid":{"rendered":"https:\/\/www.fondazionepirelli.org\/?p=104337"},"modified":"2025-06-17T12:30:32","modified_gmt":"2025-06-17T11:30:32","slug":"dalleconomia-tradizionale-alleconomia-green","status":"publish","type":"post","link":"https:\/\/www.fondazionepirelli.org\/it\/cultura-dimpresa\/approfondimenti\/dalleconomia-tradizionale-alleconomia-green\/","title":{"rendered":"Dall\u2019economia tradizionale all\u2019economia green"},"content":{"rendered":"<p><em>Una ricerca di dottorato cerca di verificare la teoria nella pratica di due territori<\/em><\/p><p>Si fa presto a dire transizione ecologica. Perch\u00e9 il passaggio dall\u2019attuale condizione della produzione \u2013 ancora piuttosto generalizzata \u2013 ad una pi\u00f9 attenta ai risvolti ambientali della stessa, \u00e8 certamente un percorso da compiere per tutte le aziende che, tuttavia, viene intrapreso in modi e forme diverse. Capirne gli impatti sociali oltre che economici (e con una particolare attenzione alle politiche di genere) \u00e8 certamente cosa buona da fare. Ed \u00e8 quanto si \u00e8 prefissa Elisa Errico con il suo lavoro di dottorato di ricerca che ha preso forma compiuta nella tesi di dottorato \u201cLe PMI alla prova della green economy: impatti sociali e inclusione di genere\u201d.<\/p>\n<p>La stessa Errico nelle prime pagine della ricerca spiega come l\u2019intento del lavoro sia quello di esplorare \u201cla transizione ecologica delle piccole e medie imprese (PMI) italiane, con un focus specifico sugli impatti distributivi, sociali e di genere generati da questi processi di cambiamento\u201d.<\/p>\n<p>Lo studio adotta quindi come riferimenti teorici la letteratura sui sistemi di innovazione territoriali, settoriali e sullo sviluppo locale, rapportandola a quella internazionale sulla <em>governance<\/em> delle transizioni\u00a0 e sul rapporto tra queste, sistemi capitalistici e impatti sulle disuguaglianze. La ricerca ha quindi quattro obiettivi principali. Analizzare se, e per quali motivi, la transizione ecologica delle PMI rappresenti un processo di innovazione diverso rispetto a quello delle imprese pi\u00f9 strutturate. Considerare come particolari fattori di contesto, che formano la governance della transizione ecologica, influenzino le capacit\u00e0 delle PMI di assorbire le cosiddette \u201ceco-innovazioni\u201d. \u00a0Valutare se e in che modo a differenti modelli di governance corrispondano impatti distributivi diversi. Elaborare, infine, suggerimenti per la ricerca futura e per le politiche utili ai decisori pubblici e agli operatori di settore per migliorare e rendere pi\u00f9 inclusivi i processi di transizione. Errico, inoltre, unisce il ragionamento teorico con una parte di analisi sul campo con due casi, quello della bergamasca Rubber Valley e quello del distretto della gomma di Torino.<\/p>\n<p>Il lavoro di ricerca di Elisa Errico aggiunge una tappa importante nel percorso di comprensione della diffusione della cosiddetta green economy in Italia.<\/p><p><a href=\"https:\/\/wpsite-assets.fondazionepirelli.org\/wp-content\/uploads\/2025\/06\/17104331\/Tesi_dottorato_Errico.pdf.pdf\"><strong>Le PMI alla prova della green economy: impatti sociali e inclusione di genere<\/strong><\/a><\/p>\n<p>Elisa Errico<\/p>\n<p>Tesi di dottorato in Sociologia, XXXVII ciclo, Scuola di Dottorato in Scienze Sociali ed Economiche<\/p>\n<p>Sapienza Universit\u00e0 di Roma, 2025<\/p>\n","protected":false},"excerpt":{"rendered":"<p>Una ricerca di dottorato cerca di verificare la teoria nella pratica di due territoriSi fa presto a dire transizione ecologica. Perch\u00e9 il passaggio dall\u2019attuale condizione della produzione \u2013 ancora piuttosto generalizzata \u2013 ad una pi\u00f9 attenta ai risvolti ambientali della stessa, \u00e8 certamente un percorso da compiere per tutte le aziende che, tuttavia, viene intrapreso [&hellip;]<\/p>\n","protected":false},"author":1,"featured_media":0,"comment_status":"open","ping_status":"open","sticky":false,"template":"","format":"standard","meta":{"footnotes":""},"categories":[54,52],"tags":[],"class_list":["post-104337","post","type-post","status-publish","format-standard","hentry","category-approfondimenti","category-cultura-dimpresa"],"acf":[],"yoast_head":"<!-- This site is optimized with the Yoast SEO plugin v25.0 - https:\/\/yoast.com\/wordpress\/plugins\/seo\/ -->\n<title>Dall\u2019economia tradizionale all\u2019economia green - Fondazione Pirelli<\/title>\n<meta name=\"robots\" content=\"index, follow, max-snippet:-1, max-image-preview:large, max-video-preview:-1\" \/>\n<link rel=\"canonical\" href=\"https:\/\/www.fondazionepirelli.org\/it\/cultura-dimpresa\/approfondimenti\/dalleconomia-tradizionale-alleconomia-green\/\" \/>\n<meta property=\"og:locale\" content=\"it_IT\" \/>\n<meta property=\"og:type\" content=\"article\" \/>\n<meta property=\"og:title\" content=\"Dall\u2019economia tradizionale all\u2019economia green - Fondazione Pirelli\" \/>\n<meta property=\"og:description\" content=\"Una ricerca di dottorato cerca di verificare la teoria nella pratica di due territoriSi fa presto a dire transizione ecologica. Perch\u00e9 il passaggio dall\u2019attuale condizione della produzione \u2013 ancora piuttosto generalizzata \u2013 ad una pi\u00f9 attenta ai risvolti ambientali della stessa, \u00e8 certamente un percorso da compiere per tutte le aziende che, tuttavia, viene intrapreso [&hellip;]\" \/>\n<meta property=\"og:url\" content=\"https:\/\/www.fondazionepirelli.org\/it\/cultura-dimpresa\/approfondimenti\/dalleconomia-tradizionale-alleconomia-green\/\" \/>\n<meta property=\"og:site_name\" content=\"Fondazione Pirelli\" \/>\n<meta property=\"article:published_time\" content=\"2025-06-17T11:30:32+00:00\" \/>\n<meta name=\"author\" content=\"fondadmin\" \/>\n<meta name=\"twitter:card\" content=\"summary_large_image\" \/>\n<meta name=\"twitter:label1\" content=\"Scritto da\" \/>\n\t<meta name=\"twitter:data1\" content=\"fondadmin\" \/>\n\t<meta name=\"twitter:label2\" content=\"Tempo di lettura stimato\" \/>\n\t<meta name=\"twitter:data2\" content=\"3 minuti\" \/>\n<script type=\"application\/ld+json\" class=\"yoast-schema-graph\">{\"@context\":\"https:\/\/schema.org\",\"@graph\":[{\"@type\":\"WebPage\",\"@id\":\"https:\/\/www.fondazionepirelli.org\/it\/cultura-dimpresa\/approfondimenti\/dalleconomia-tradizionale-alleconomia-green\/\",\"url\":\"https:\/\/www.fondazionepirelli.org\/it\/cultura-dimpresa\/approfondimenti\/dalleconomia-tradizionale-alleconomia-green\/\",\"name\":\"Dall\u2019economia tradizionale all\u2019economia green - Fondazione Pirelli\",\"isPartOf\":{\"@id\":\"https:\/\/www.fondazionepirelli.org\/it\/#website\"},\"datePublished\":\"2025-06-17T11:30:32+00:00\",\"author\":{\"@id\":\"https:\/\/www.fondazionepirelli.org\/it\/#\/schema\/person\/f47d097000832c4a6e54538c791fdf25\"},\"breadcrumb\":{\"@id\":\"https:\/\/www.fondazionepirelli.org\/it\/cultura-dimpresa\/approfondimenti\/dalleconomia-tradizionale-alleconomia-green\/#breadcrumb\"},\"inLanguage\":\"it-IT\",\"potentialAction\":[{\"@type\":\"ReadAction\",\"target\":[\"https:\/\/www.fondazionepirelli.org\/it\/cultura-dimpresa\/approfondimenti\/dalleconomia-tradizionale-alleconomia-green\/\"]}]},{\"@type\":\"BreadcrumbList\",\"@id\":\"https:\/\/www.fondazionepirelli.org\/it\/cultura-dimpresa\/approfondimenti\/dalleconomia-tradizionale-alleconomia-green\/#breadcrumb\",\"itemListElement\":[{\"@type\":\"ListItem\",\"position\":1,\"name\":\"Home\",\"item\":\"https:\/\/www.fondazionepirelli.org\/it\/\"},{\"@type\":\"ListItem\",\"position\":2,\"name\":\"Dall\u2019economia tradizionale all\u2019economia green\"}]},{\"@type\":\"WebSite\",\"@id\":\"https:\/\/www.fondazionepirelli.org\/it\/#website\",\"url\":\"https:\/\/www.fondazionepirelli.org\/it\/\",\"name\":\"Fondazione Pirelli\",\"description\":\"\",\"potentialAction\":[{\"@type\":\"SearchAction\",\"target\":{\"@type\":\"EntryPoint\",\"urlTemplate\":\"https:\/\/www.fondazionepirelli.org\/it\/?s={search_term_string}\"},\"query-input\":{\"@type\":\"PropertyValueSpecification\",\"valueRequired\":true,\"valueName\":\"search_term_string\"}}],\"inLanguage\":\"it-IT\"},{\"@type\":\"Person\",\"@id\":\"https:\/\/www.fondazionepirelli.org\/it\/#\/schema\/person\/f47d097000832c4a6e54538c791fdf25\",\"name\":\"fondadmin\",\"image\":{\"@type\":\"ImageObject\",\"inLanguage\":\"it-IT\",\"@id\":\"https:\/\/www.fondazionepirelli.org\/it\/#\/schema\/person\/image\/\",\"url\":\"https:\/\/secure.gravatar.com\/avatar\/e69498a9175ca244966e51e53c88712c024fcebe41f9a05f75657f1bb25e489b?s=96&d=mm&r=g\",\"contentUrl\":\"https:\/\/secure.gravatar.com\/avatar\/e69498a9175ca244966e51e53c88712c024fcebe41f9a05f75657f1bb25e489b?s=96&d=mm&r=g\",\"caption\":\"fondadmin\"},\"url\":\"https:\/\/www.fondazionepirelli.org\/it\/author\/fondadmin\/\"}]}<\/script>\n<!-- \/ Yoast SEO plugin. -->","yoast_head_json":{"title":"Dall\u2019economia tradizionale all\u2019economia green - Fondazione Pirelli","robots":{"index":"index","follow":"follow","max-snippet":"max-snippet:-1","max-image-preview":"max-image-preview:large","max-video-preview":"max-video-preview:-1"},"canonical":"https:\/\/www.fondazionepirelli.org\/it\/cultura-dimpresa\/approfondimenti\/dalleconomia-tradizionale-alleconomia-green\/","og_locale":"it_IT","og_type":"article","og_title":"Dall\u2019economia tradizionale all\u2019economia green - Fondazione Pirelli","og_description":"Una ricerca di dottorato cerca di verificare la teoria nella pratica di due territoriSi fa presto a dire transizione ecologica. Perch\u00e9 il passaggio dall\u2019attuale condizione della produzione \u2013 ancora piuttosto generalizzata \u2013 ad una pi\u00f9 attenta ai risvolti ambientali della stessa, \u00e8 certamente un percorso da compiere per tutte le aziende che, tuttavia, viene intrapreso [&hellip;]","og_url":"https:\/\/www.fondazionepirelli.org\/it\/cultura-dimpresa\/approfondimenti\/dalleconomia-tradizionale-alleconomia-green\/","og_site_name":"Fondazione Pirelli","article_published_time":"2025-06-17T11:30:32+00:00","author":"fondadmin","twitter_card":"summary_large_image","twitter_misc":{"Scritto da":"fondadmin","Tempo di lettura stimato":"3 minuti"},"schema":{"@context":"https:\/\/schema.org","@graph":[{"@type":"WebPage","@id":"https:\/\/www.fondazionepirelli.org\/it\/cultura-dimpresa\/approfondimenti\/dalleconomia-tradizionale-alleconomia-green\/","url":"https:\/\/www.fondazionepirelli.org\/it\/cultura-dimpresa\/approfondimenti\/dalleconomia-tradizionale-alleconomia-green\/","name":"Dall\u2019economia tradizionale all\u2019economia green - Fondazione Pirelli","isPartOf":{"@id":"https:\/\/www.fondazionepirelli.org\/it\/#website"},"datePublished":"2025-06-17T11:30:32+00:00","author":{"@id":"https:\/\/www.fondazionepirelli.org\/it\/#\/schema\/person\/f47d097000832c4a6e54538c791fdf25"},"breadcrumb":{"@id":"https:\/\/www.fondazionepirelli.org\/it\/cultura-dimpresa\/approfondimenti\/dalleconomia-tradizionale-alleconomia-green\/#breadcrumb"},"inLanguage":"it-IT","potentialAction":[{"@type":"ReadAction","target":["https:\/\/www.fondazionepirelli.org\/it\/cultura-dimpresa\/approfondimenti\/dalleconomia-tradizionale-alleconomia-green\/"]}]},{"@type":"BreadcrumbList","@id":"https:\/\/www.fondazionepirelli.org\/it\/cultura-dimpresa\/approfondimenti\/dalleconomia-tradizionale-alleconomia-green\/#breadcrumb","itemListElement":[{"@type":"ListItem","position":1,"name":"Home","item":"https:\/\/www.fondazionepirelli.org\/it\/"},{"@type":"ListItem","position":2,"name":"Dall\u2019economia tradizionale all\u2019economia green"}]},{"@type":"WebSite","@id":"https:\/\/www.fondazionepirelli.org\/it\/#website","url":"https:\/\/www.fondazionepirelli.org\/it\/","name":"Fondazione Pirelli","description":"","potentialAction":[{"@type":"SearchAction","target":{"@type":"EntryPoint","urlTemplate":"https:\/\/www.fondazionepirelli.org\/it\/?s={search_term_string}"},"query-input":{"@type":"PropertyValueSpecification","valueRequired":true,"valueName":"search_term_string"}}],"inLanguage":"it-IT"},{"@type":"Person","@id":"https:\/\/www.fondazionepirelli.org\/it\/#\/schema\/person\/f47d097000832c4a6e54538c791fdf25","name":"fondadmin","image":{"@type":"ImageObject","inLanguage":"it-IT","@id":"https:\/\/www.fondazionepirelli.org\/it\/#\/schema\/person\/image\/","url":"https:\/\/secure.gravatar.com\/avatar\/e69498a9175ca244966e51e53c88712c024fcebe41f9a05f75657f1bb25e489b?s=96&d=mm&r=g","contentUrl":"https:\/\/secure.gravatar.com\/avatar\/e69498a9175ca244966e51e53c88712c024fcebe41f9a05f75657f1bb25e489b?s=96&d=mm&r=g","caption":"fondadmin"},"url":"https:\/\/www.fondazionepirelli.org\/it\/author\/fondadmin\/"}]}},"_links":{"self":[{"href":"https:\/\/www.fondazionepirelli.org\/it\/wp-json\/wp\/v2\/posts\/104337\/"}],"collection":[{"href":"https:\/\/www.fondazionepirelli.org\/it\/wp-json\/wp\/v2\/posts\/"}],"about":[{"href":"https:\/\/www.fondazionepirelli.org\/it\/wp-json\/wp\/v2\/types\/post\/"}],"author":[{"embeddable":true,"href":"https:\/\/www.fondazionepirelli.org\/it\/wp-json\/wp\/v2\/users\/1\/"}],"replies":[{"embeddable":true,"href":"https:\/\/www.fondazionepirelli.org\/it\/wp-json\/wp\/v2\/comments\/?post=104337"}],"version-history":[{"count":2,"href":"https:\/\/www.fondazionepirelli.org\/it\/wp-json\/wp\/v2\/posts\/104337\/revisions\/"}],"predecessor-version":[{"id":104341,"href":"https:\/\/www.fondazionepirelli.org\/it\/wp-json\/wp\/v2\/posts\/104337\/revisions\/104341\/"}],"wp:attachment":[{"href":"https:\/\/www.fondazionepirelli.org\/it\/wp-json\/wp\/v2\/media\/?parent=104337"}],"wp:term":[{"taxonomy":"category","embeddable":true,"href":"https:\/\/www.fondazionepirelli.org\/it\/wp-json\/wp\/v2\/categories\/?post=104337"},{"taxonomy":"post_tag","embeddable":true,"href":"https:\/\/www.fondazionepirelli.org\/it\/wp-json\/wp\/v2\/tags\/?post=104337"}],"curies":[{"name":"wp","href":"https:\/\/api.w.org\/{rel}","templated":true}]}}