{"id":104433,"date":"2025-07-01T10:31:48","date_gmt":"2025-07-01T09:31:48","guid":{"rendered":"https:\/\/www.fondazionepirelli.org\/?p=104433"},"modified":"2025-07-01T10:31:58","modified_gmt":"2025-07-01T09:31:58","slug":"il-ragazzo-scrivano-di-raffaello-e-il-bisogno-di-cultura-critica-contro-il-mito-di-narciso","status":"publish","type":"post","link":"https:\/\/www.fondazionepirelli.org\/it\/cultura-dimpresa\/blog\/il-ragazzo-scrivano-di-raffaello-e-il-bisogno-di-cultura-critica-contro-il-mito-di-narciso\/","title":{"rendered":"Il ragazzo scrivano di Raffaello e il bisogno  di cultura critica contro il mito di Narciso"},"content":{"rendered":"<p>Un vento impetuoso gli scompiglia i capelli. Ma non ne turba la concentrazione. Sta in piedi, appoggiato al muro, con le gambe intrecciate, per tenersi meglio in equilibrio. E scrive, con il volto chino sul quaderno poggiato al di sopra del ginocchio e la penna ben salda nella mano, per dare alle parole e forse ai disegni tutta l\u2019attenzione che meritano.<\/p>\n<p>\u00c8 poco pi\u00f9 che un ragazzo, uno studente o un giovane di bottega, un aspirante artista o scienziato. E sembra incurante del mondo che gli sta attorno. Eppure quello che lo circonda \u00e8 un mondo solenne. Filosofi, matematici, scienziati. Una sintesi della conoscenza. Una metafora della sapienza. Con l\u2019uomo al centro.<\/p>\n<p>Ecco <strong>\u201cLa scuola di Atene\u201d<\/strong>, il grande affresco dipinto da <strong>Raffaello<\/strong> all\u2019inizio del Cinquecento nella Stanza della Segnatura, una delle quattro<strong> \u201cStanze Vaticane\u201d<\/strong> all\u2019interno dei Palazzi Apostolici (il cartone preparatorio, affascinante come le migliori testimonianze della creativit\u00e0 in fieri, domina una delle sale pi\u00f9 importanti dell\u2019Ambrosiana di Milano). Un capolavoro del <strong>Rinascimento<\/strong>, simbolo di un mondo che affonda le sue radici nella grande cultura classica e dunque pu\u00f2 ambire a prefigurare un miglior futuro di bellezza e ragione. Un \u201ctempio della Filosofia\u201d, per rifarsi a un\u2019idea di Marsilio Ficino, sapiente interprete dell\u2019Umanesimo.<\/p>\n<p>Al centro, alla sommit\u00e0 di un\u2019ampia scalinata, ci sono <strong>Aristotele e Platone<\/strong>. Tutt\u2019attorno, i discepoli, reali o ideali. Intenti a discutere di astronomia e geometria, degli spazi celesti e del turbinio delle idee. Ci sono, tra i personaggi, Zenone ed Epicuro, Euclide o forse Archimede. Ma anche due figure d\u2019attualit\u00e0. Michelangelo, un po\u2019 separato dai gruppi, pensoso e distratto dal disegno che sta abbozzando, solitario, ombroso (com\u2019era per attitudine e carattere, un maestro infastidito dai suoi contemporanei e dagli stessi allievi). E Raffaello, che dall\u2019alto, quasi di profilo, si compiace di tale e tanta adunata d\u2019intelletti (lui stesso, dunque, un \u201cmaestro\u201d in quell\u2019adunata). Polemiche tra artisti. Ma anche rappresentazione di diverse concezioni della vita e dell\u2019arte. Tra il tormento e il sublime.<\/p>\n<p>E quel ragazzo nervoso, che scrive nel vento? Nulla si sa di lui. N\u00e9 Vasari n\u00e9 altri critici e storici, nel corso del tempo, si sono mai posti il problema di chi fosse e del perch\u00e9 proprio tra i suoi capelli s\u2019insinuasse un soffio d\u2019aria potente.<\/p>\n<p>Il corso delle cose, per\u00f2, \u00e8 sinuoso. E quel ragazzo scrivano viene prelevato di peso dall\u2019affresco di Raffaello e promosso dai <strong>Guns N\u2019 Roses<\/strong> a personaggio centrale, isolato sulle due copertine, una in giallo-rosso e l\u2019altra in azzurro-viola, di <strong>\u201cUse Your Illusion\u201d<\/strong>, il doppio album del settembre 1991 che ospita, tra gli altri brani (come le famose \u201cDon\u2019t cry\u201d e \u201cLive and let die\u201d), una delle pi\u00f9 intense versioni di \u201cKnockin\u2019 On Heaven\u2019s Door\u201d, la struggente canzone scritta nel 1973 da Bob Dylan per la colonna sonora di \u201cPat Garrett e Billy Kid\u201d di Sam Peckinpah, l\u2019elegia della morte dello sceriffo Baker, un uomo buono, tutt\u2019altro che lo stereotipo d\u2019un eroe western. Uno come tanti di noi, travolti dalla storia.<\/p>\n<p>Saper fare buon uso delle proprie illusioni. E, mentre il sole della vita tramonta, bussare alle porte del Paradiso, in cerca di pace. Proprio quella pace che i nostri tempi cos\u00ec incerti e controversi non sembrano proprio concederci. Nonostante le promesse umanistiche del dominio saggio della Conoscenza. E le successive speranze illuministe del trionfo della Ragione.<\/p>\n<p>E cos\u00ec, quel ragazzo di Raffaello riportato a nuova vita dai Guns N\u2019 Roses oggi, come allora, ci parla d\u2019inquietudine. E di un mai tramontato bisogno di segni in cui tradurla e provare a placarla. Di dipinti. Di parole sapienti.<\/p>\n<p>Il gioco tra la pittura rinascimentale e il grande rock contemporaneo affiora dalla conversazione di un acuto banchiere, Ugo Loeser, Ceo di Arca Fondi. E l\u2019occasione \u00e8 la presentazione di un sapiente, essenziale libro di <strong>Patrizia Fontana<\/strong>, <strong>\u201cDai forma al tuo talento\u201d<\/strong> (Franco Angeli Editore), un \u201cracconto di viaggio\u201d tra <strong>i problemi e le speranze delle nuove generazioni<\/strong> in cerca di realizzazione, personale oltre che professionale.<\/p>\n<p>Un sondaggio condotto tra gennaio e febbraio \u201825 da <strong>\u201cTalent in Motion\u201d<\/strong> su 1.600 giovani adulti (dai 20 ai 30 anni, per l\u201986% in possesso di laurea) mostra che l\u201980% degli intervistati ha <strong>\u201cpaura del fallimento\u201d<\/strong>, di \u201cdeludere se stessi\u201d e \u201cgli altri\u201d. Quasi tutti considerano \u201csignificativo\u201d \u201cil successo\u201d (85%) ma temono di \u201csbagliare le scelte lavorative\u201d (75%) e in ogni caso il 78% confessa di non sapere come muoversi\u00a0 \u201cnell\u2019attuale contesto di incertezza lavorativa\u201d. In ogni caso, il 76% \u201cprova ansia di fronte alla competizione\u201d.<\/p>\n<p>Una generazione in drammatica <strong>crisi di fiducia<\/strong>. In costante condizione di acuta preoccupazione per l\u2019incrocio inquietante tra tensioni geopolitiche ed economiche generali e scarsa affidabilit\u00e0 nelle proprie capacit\u00e0, nel buon uso dei propri \u201ctalenti\u201d.<\/p>\n<p>Tanta incertezza mina le possibilit\u00e0 di costruzione del futuro. Il senso di comunit\u00e0. Le fondamenta stesse dell\u2019economia di mercato e della democrazia liberale. E pretende risposte.<\/p>\n<p>Da questo punto di vista, la parola \u201ctalento\u201d usata da Patrizia Fontana non pu\u00f2 non rinviare all\u2019omonima parabola evangelica, all\u2019intelligenza progettuale e realizzativa dei servi che, invece di mettere la moneta avuta dal padrone al riparo dai rischi, sotterrandola, la investono e la fanno fruttare. E se quel talento non \u00e8 inteso soltanto in senso stretto, monetario, allora il riferimento della parabola assume una portata ancora pi\u00f9 ampia, culturale e, perch\u00e9 no? etica. Indicando qualit\u00e0 personali e sociali da impiegare per superare timori e paure e dunque <strong>rafforzare il bene comune<\/strong>, i \u201cbeni pubblici\u201d, gli interessi generali.<\/p>\n<p>Come? Oltre che guardare dentro di s\u00e9, \u00e8 necessario imparare a valutare i contesti in cui le proprie scelte si inseriscono, le condizioni in cui ci si trover\u00e0 a operare. Studiare bene storia e geografia, politica ed economia, situazioni sociali e cambiamenti del panorama scientifico e tecnologico. In tempi di cos\u00ec radicali, rapide e impetuose mutazioni degli assetti dei mercati e, pi\u00f9 in generale, degli equilibri socio-economici, occorre avere un\u2019attitudine flessibile e spregiudicata (nel senso etimologico, dell\u2019assenza di pregiudizi) allo studio e all\u2019adattamento alle novit\u00e0. Servono competenze, \u00e8 vero. Ma soprattutto una robusta e ambiziosa inclinazione alla conoscenza. La cui base sta nel saper fare domande. Occorre <strong>\u201cimparare a imparare\u201d<\/strong>, suggeriscono i buoni maestri.<\/p>\n<p>\u00c8 necessario, insomma, contribuire a scrivere <strong>nuove mappe cognitive<\/strong>, seguendo proprio una strada gi\u00e0 indicata con chiarezza, da tempo, dai protagonisti della cultura d\u2019impresa: <strong>valorizzare una \u201ccultura politecnica\u201d che lega i saperi umanistici con le conoscenze scientifiche<\/strong>, il senso della bellezza cos\u00ec radicato nella cultura italiana con l\u2019inclinazione all\u2019intraprendenza originale e all\u2019innovazione, l\u2019importanza della consapevolezza storica con l\u2019attitudine a pensare \u201cstorie al futuro\u201d. Insistendo sull\u2019 <strong>\u201cavvenire della memoria\u201d<\/strong>, memori comunque dell\u2019avvertimento alla cautela di Leonardo Sciascia: \u201cSe la memoria ha un futuro\u2026\u201d.<\/p>\n<p>Una lezione da \u201cumanesimo industriale\u201d, dunque. Ed \u00e8 proprio la struttura degli algoritmi, la costruzione dei meccanismi dell\u2019Artificial Intelligence oramai molto diffusa, a dirci che c\u2019\u00e8 bisogno d\u2019un impegno multidisciplinare (cyberscience, fisica, matematica, statistica, ingegneria ma anche sociologia, filosofia, psicologia, economia, diritto) per capirne senso e valori e governarne dinamiche e conseguenze.<\/p>\n<p>Una cultura critica, dunque. Come orizzonte di conoscenza. E come indirizzo etico. Una riposta su cui insistere, proprio con le nuove generazioni. Con le ragazze e i ragazzi che continuano a porsi e a porre alle nostre generazioni di genitori e nonni domande di senso e di costruzione di valori.<\/p>\n<p>\u00c8 un obbligo, provare a dare risposte cariche di possibilit\u00e0 di fiducia nel futuro. Anche per evitare la trappola della caduta nel <strong>dominio di Narciso<\/strong>, mito negativo, simbolo di morte (il personaggio annega, nell\u2019ammirarsi fatuo e fatale nello specchio d\u2019acqua) e di <strong>nichilismo<\/strong>, tutto il contrario del bisogno diffuso di creativit\u00e0, di comunit\u00e0 e, perch\u00e9 no?, di competitivit\u00e0 (che &#8211; ricordiamolo &#8211; viene dal latino <em>cum <\/em>e <em>petere<\/em>, e cio\u00e8 muoversi insieme verso un orizzonte condiviso). E per non ritrovarsi nemmeno preda di una vera e propria <strong>solitudine tecnologica<\/strong>, in cui si dialoga con l\u2019AI pur di avere un confronto, senza rendersi conto d\u2019essere di fronte non \u201callo sguardo dell\u2019altro\u201d in cui costruire la propria, pur problematica, identit\u00e0, ma alla manipolazione d\u2019un ingannevole specchio.<\/p>\n<p>E cos\u00ec si torna all\u2019inquietudine e alla scrittura salvifica del ragazzo di Raffaello. Raffigurazione d\u2019ognuno di noi, del nostro onesto e sincero tentativo di delineare il nostro destino. Lasciando comunque che il vento gli scompigli e ci scompigli i capelli. E le idee. Ricordandosi ancora di Bob Dylan, \u201cBlowin\u2019 in the Wind\u201d, appunto.<\/p><p><em>(foto: Getty Images)<\/em><\/p>\n","protected":false},"excerpt":{"rendered":"<p>Un vento impetuoso gli scompiglia i capelli. Ma non ne turba la concentrazione. Sta in piedi, appoggiato al muro, con le gambe intrecciate, per tenersi meglio in equilibrio. E scrive, con il volto chino sul quaderno poggiato al di sopra del ginocchio e la penna ben salda nella mano, per dare alle parole e forse [&hellip;]<\/p>\n","protected":false},"author":1,"featured_media":104434,"comment_status":"open","ping_status":"open","sticky":false,"template":"","format":"standard","meta":{"footnotes":""},"categories":[53,52],"tags":[],"class_list":["post-104433","post","type-post","status-publish","format-standard","has-post-thumbnail","hentry","category-blog","category-cultura-dimpresa"],"acf":[],"yoast_head":"<!-- This site is optimized with the Yoast SEO plugin v25.0 - https:\/\/yoast.com\/wordpress\/plugins\/seo\/ -->\n<title>Il ragazzo scrivano di Raffaello e il bisogno di cultura critica contro il mito di Narciso - Fondazione Pirelli<\/title>\n<meta name=\"robots\" content=\"index, follow, max-snippet:-1, max-image-preview:large, max-video-preview:-1\" \/>\n<link rel=\"canonical\" href=\"https:\/\/www.fondazionepirelli.org\/it\/cultura-dimpresa\/blog\/il-ragazzo-scrivano-di-raffaello-e-il-bisogno-di-cultura-critica-contro-il-mito-di-narciso\/\" \/>\n<meta property=\"og:locale\" content=\"it_IT\" \/>\n<meta property=\"og:type\" content=\"article\" \/>\n<meta property=\"og:title\" content=\"Il ragazzo scrivano di Raffaello e il bisogno di cultura critica contro il mito di Narciso - Fondazione Pirelli\" \/>\n<meta property=\"og:description\" content=\"Un vento impetuoso gli scompiglia i capelli. Ma non ne turba la concentrazione. Sta in piedi, appoggiato al muro, con le gambe intrecciate, per tenersi meglio in equilibrio. E scrive, con il volto chino sul quaderno poggiato al di sopra del ginocchio e la penna ben salda nella mano, per dare alle parole e forse [&hellip;]\" \/>\n<meta property=\"og:url\" content=\"https:\/\/www.fondazionepirelli.org\/it\/cultura-dimpresa\/blog\/il-ragazzo-scrivano-di-raffaello-e-il-bisogno-di-cultura-critica-contro-il-mito-di-narciso\/\" \/>\n<meta property=\"og:site_name\" content=\"Fondazione Pirelli\" \/>\n<meta property=\"article:published_time\" content=\"2025-07-01T09:31:48+00:00\" \/>\n<meta property=\"article:modified_time\" content=\"2025-07-01T09:31:58+00:00\" \/>\n<meta property=\"og:image\" content=\"https:\/\/wpsite-assets.fondazionepirelli.org\/wp-content\/uploads\/2025\/07\/01101942\/GettyImages-113633819-cut.jpg\" \/>\n\t<meta property=\"og:image:width\" content=\"1832\" \/>\n\t<meta property=\"og:image:height\" content=\"1324\" \/>\n\t<meta property=\"og:image:type\" content=\"image\/jpeg\" \/>\n<meta name=\"author\" content=\"fondadmin\" \/>\n<meta name=\"twitter:card\" content=\"summary_large_image\" \/>\n<meta name=\"twitter:label1\" content=\"Scritto da\" \/>\n\t<meta name=\"twitter:data1\" content=\"fondadmin\" \/>\n\t<meta name=\"twitter:label2\" content=\"Tempo di lettura stimato\" \/>\n\t<meta name=\"twitter:data2\" content=\"8 minuti\" \/>\n<script type=\"application\/ld+json\" class=\"yoast-schema-graph\">{\"@context\":\"https:\/\/schema.org\",\"@graph\":[{\"@type\":\"WebPage\",\"@id\":\"https:\/\/www.fondazionepirelli.org\/it\/cultura-dimpresa\/blog\/il-ragazzo-scrivano-di-raffaello-e-il-bisogno-di-cultura-critica-contro-il-mito-di-narciso\/\",\"url\":\"https:\/\/www.fondazionepirelli.org\/it\/cultura-dimpresa\/blog\/il-ragazzo-scrivano-di-raffaello-e-il-bisogno-di-cultura-critica-contro-il-mito-di-narciso\/\",\"name\":\"Il ragazzo scrivano di Raffaello e il bisogno di cultura critica contro il mito di Narciso - Fondazione Pirelli\",\"isPartOf\":{\"@id\":\"https:\/\/www.fondazionepirelli.org\/it\/#website\"},\"primaryImageOfPage\":{\"@id\":\"https:\/\/www.fondazionepirelli.org\/it\/cultura-dimpresa\/blog\/il-ragazzo-scrivano-di-raffaello-e-il-bisogno-di-cultura-critica-contro-il-mito-di-narciso\/#primaryimage\"},\"image\":{\"@id\":\"https:\/\/www.fondazionepirelli.org\/it\/cultura-dimpresa\/blog\/il-ragazzo-scrivano-di-raffaello-e-il-bisogno-di-cultura-critica-contro-il-mito-di-narciso\/#primaryimage\"},\"thumbnailUrl\":\"https:\/\/wpsite-assets.fondazionepirelli.org\/wp-content\/uploads\/2025\/07\/01101942\/GettyImages-113633819-cut.jpg\",\"datePublished\":\"2025-07-01T09:31:48+00:00\",\"dateModified\":\"2025-07-01T09:31:58+00:00\",\"author\":{\"@id\":\"https:\/\/www.fondazionepirelli.org\/it\/#\/schema\/person\/f47d097000832c4a6e54538c791fdf25\"},\"breadcrumb\":{\"@id\":\"https:\/\/www.fondazionepirelli.org\/it\/cultura-dimpresa\/blog\/il-ragazzo-scrivano-di-raffaello-e-il-bisogno-di-cultura-critica-contro-il-mito-di-narciso\/#breadcrumb\"},\"inLanguage\":\"it-IT\",\"potentialAction\":[{\"@type\":\"ReadAction\",\"target\":[\"https:\/\/www.fondazionepirelli.org\/it\/cultura-dimpresa\/blog\/il-ragazzo-scrivano-di-raffaello-e-il-bisogno-di-cultura-critica-contro-il-mito-di-narciso\/\"]}]},{\"@type\":\"ImageObject\",\"inLanguage\":\"it-IT\",\"@id\":\"https:\/\/www.fondazionepirelli.org\/it\/cultura-dimpresa\/blog\/il-ragazzo-scrivano-di-raffaello-e-il-bisogno-di-cultura-critica-contro-il-mito-di-narciso\/#primaryimage\",\"url\":\"https:\/\/wpsite-assets.fondazionepirelli.org\/wp-content\/uploads\/2025\/07\/01101942\/GettyImages-113633819-cut.jpg\",\"contentUrl\":\"https:\/\/wpsite-assets.fondazionepirelli.org\/wp-content\/uploads\/2025\/07\/01101942\/GettyImages-113633819-cut.jpg\",\"width\":1832,\"height\":1324,\"caption\":\"UNSPECIFIED - CIRCA 1754: Rafael Sanzio da Urbino (1483 - 1520), better known simply as Raphael, was an Italian painter and architect of the High Renaissance ' The School of Athens' (detail) (restored) The School of Athens was painted 1510 -1511 to decorate with frescoes the rooms now known as the Stanze di Rafael, in the Apostolic Palace in the Vatican. (Photo by Universal History Archive\/Getty Images)\"},{\"@type\":\"BreadcrumbList\",\"@id\":\"https:\/\/www.fondazionepirelli.org\/it\/cultura-dimpresa\/blog\/il-ragazzo-scrivano-di-raffaello-e-il-bisogno-di-cultura-critica-contro-il-mito-di-narciso\/#breadcrumb\",\"itemListElement\":[{\"@type\":\"ListItem\",\"position\":1,\"name\":\"Home\",\"item\":\"https:\/\/www.fondazionepirelli.org\/it\/\"},{\"@type\":\"ListItem\",\"position\":2,\"name\":\"Il ragazzo scrivano di Raffaello e il bisogno di cultura critica contro il mito di Narciso\"}]},{\"@type\":\"WebSite\",\"@id\":\"https:\/\/www.fondazionepirelli.org\/it\/#website\",\"url\":\"https:\/\/www.fondazionepirelli.org\/it\/\",\"name\":\"Fondazione Pirelli\",\"description\":\"\",\"potentialAction\":[{\"@type\":\"SearchAction\",\"target\":{\"@type\":\"EntryPoint\",\"urlTemplate\":\"https:\/\/www.fondazionepirelli.org\/it\/?s={search_term_string}\"},\"query-input\":{\"@type\":\"PropertyValueSpecification\",\"valueRequired\":true,\"valueName\":\"search_term_string\"}}],\"inLanguage\":\"it-IT\"},{\"@type\":\"Person\",\"@id\":\"https:\/\/www.fondazionepirelli.org\/it\/#\/schema\/person\/f47d097000832c4a6e54538c791fdf25\",\"name\":\"fondadmin\",\"image\":{\"@type\":\"ImageObject\",\"inLanguage\":\"it-IT\",\"@id\":\"https:\/\/www.fondazionepirelli.org\/it\/#\/schema\/person\/image\/\",\"url\":\"https:\/\/secure.gravatar.com\/avatar\/e69498a9175ca244966e51e53c88712c024fcebe41f9a05f75657f1bb25e489b?s=96&d=mm&r=g\",\"contentUrl\":\"https:\/\/secure.gravatar.com\/avatar\/e69498a9175ca244966e51e53c88712c024fcebe41f9a05f75657f1bb25e489b?s=96&d=mm&r=g\",\"caption\":\"fondadmin\"},\"url\":\"https:\/\/www.fondazionepirelli.org\/it\/author\/fondadmin\/\"}]}<\/script>\n<!-- \/ Yoast SEO plugin. -->","yoast_head_json":{"title":"Il ragazzo scrivano di Raffaello e il bisogno di cultura critica contro il mito di Narciso - Fondazione Pirelli","robots":{"index":"index","follow":"follow","max-snippet":"max-snippet:-1","max-image-preview":"max-image-preview:large","max-video-preview":"max-video-preview:-1"},"canonical":"https:\/\/www.fondazionepirelli.org\/it\/cultura-dimpresa\/blog\/il-ragazzo-scrivano-di-raffaello-e-il-bisogno-di-cultura-critica-contro-il-mito-di-narciso\/","og_locale":"it_IT","og_type":"article","og_title":"Il ragazzo scrivano di Raffaello e il bisogno di cultura critica contro il mito di Narciso - Fondazione Pirelli","og_description":"Un vento impetuoso gli scompiglia i capelli. Ma non ne turba la concentrazione. Sta in piedi, appoggiato al muro, con le gambe intrecciate, per tenersi meglio in equilibrio. E scrive, con il volto chino sul quaderno poggiato al di sopra del ginocchio e la penna ben salda nella mano, per dare alle parole e forse [&hellip;]","og_url":"https:\/\/www.fondazionepirelli.org\/it\/cultura-dimpresa\/blog\/il-ragazzo-scrivano-di-raffaello-e-il-bisogno-di-cultura-critica-contro-il-mito-di-narciso\/","og_site_name":"Fondazione Pirelli","article_published_time":"2025-07-01T09:31:48+00:00","article_modified_time":"2025-07-01T09:31:58+00:00","og_image":[{"width":1832,"height":1324,"url":"https:\/\/wpsite-assets.fondazionepirelli.org\/wp-content\/uploads\/2025\/07\/01101942\/GettyImages-113633819-cut.jpg","type":"image\/jpeg"}],"author":"fondadmin","twitter_card":"summary_large_image","twitter_misc":{"Scritto da":"fondadmin","Tempo di lettura stimato":"8 minuti"},"schema":{"@context":"https:\/\/schema.org","@graph":[{"@type":"WebPage","@id":"https:\/\/www.fondazionepirelli.org\/it\/cultura-dimpresa\/blog\/il-ragazzo-scrivano-di-raffaello-e-il-bisogno-di-cultura-critica-contro-il-mito-di-narciso\/","url":"https:\/\/www.fondazionepirelli.org\/it\/cultura-dimpresa\/blog\/il-ragazzo-scrivano-di-raffaello-e-il-bisogno-di-cultura-critica-contro-il-mito-di-narciso\/","name":"Il ragazzo scrivano di Raffaello e il bisogno di cultura critica contro il mito di Narciso - Fondazione Pirelli","isPartOf":{"@id":"https:\/\/www.fondazionepirelli.org\/it\/#website"},"primaryImageOfPage":{"@id":"https:\/\/www.fondazionepirelli.org\/it\/cultura-dimpresa\/blog\/il-ragazzo-scrivano-di-raffaello-e-il-bisogno-di-cultura-critica-contro-il-mito-di-narciso\/#primaryimage"},"image":{"@id":"https:\/\/www.fondazionepirelli.org\/it\/cultura-dimpresa\/blog\/il-ragazzo-scrivano-di-raffaello-e-il-bisogno-di-cultura-critica-contro-il-mito-di-narciso\/#primaryimage"},"thumbnailUrl":"https:\/\/wpsite-assets.fondazionepirelli.org\/wp-content\/uploads\/2025\/07\/01101942\/GettyImages-113633819-cut.jpg","datePublished":"2025-07-01T09:31:48+00:00","dateModified":"2025-07-01T09:31:58+00:00","author":{"@id":"https:\/\/www.fondazionepirelli.org\/it\/#\/schema\/person\/f47d097000832c4a6e54538c791fdf25"},"breadcrumb":{"@id":"https:\/\/www.fondazionepirelli.org\/it\/cultura-dimpresa\/blog\/il-ragazzo-scrivano-di-raffaello-e-il-bisogno-di-cultura-critica-contro-il-mito-di-narciso\/#breadcrumb"},"inLanguage":"it-IT","potentialAction":[{"@type":"ReadAction","target":["https:\/\/www.fondazionepirelli.org\/it\/cultura-dimpresa\/blog\/il-ragazzo-scrivano-di-raffaello-e-il-bisogno-di-cultura-critica-contro-il-mito-di-narciso\/"]}]},{"@type":"ImageObject","inLanguage":"it-IT","@id":"https:\/\/www.fondazionepirelli.org\/it\/cultura-dimpresa\/blog\/il-ragazzo-scrivano-di-raffaello-e-il-bisogno-di-cultura-critica-contro-il-mito-di-narciso\/#primaryimage","url":"https:\/\/wpsite-assets.fondazionepirelli.org\/wp-content\/uploads\/2025\/07\/01101942\/GettyImages-113633819-cut.jpg","contentUrl":"https:\/\/wpsite-assets.fondazionepirelli.org\/wp-content\/uploads\/2025\/07\/01101942\/GettyImages-113633819-cut.jpg","width":1832,"height":1324,"caption":"UNSPECIFIED - CIRCA 1754: Rafael Sanzio da Urbino (1483 - 1520), better known simply as Raphael, was an Italian painter and architect of the High Renaissance ' The School of Athens' (detail) (restored) The School of Athens was painted 1510 -1511 to decorate with frescoes the rooms now known as the Stanze di Rafael, in the Apostolic Palace in the Vatican. (Photo by Universal History Archive\/Getty Images)"},{"@type":"BreadcrumbList","@id":"https:\/\/www.fondazionepirelli.org\/it\/cultura-dimpresa\/blog\/il-ragazzo-scrivano-di-raffaello-e-il-bisogno-di-cultura-critica-contro-il-mito-di-narciso\/#breadcrumb","itemListElement":[{"@type":"ListItem","position":1,"name":"Home","item":"https:\/\/www.fondazionepirelli.org\/it\/"},{"@type":"ListItem","position":2,"name":"Il ragazzo scrivano di Raffaello e il bisogno di cultura critica contro il mito di Narciso"}]},{"@type":"WebSite","@id":"https:\/\/www.fondazionepirelli.org\/it\/#website","url":"https:\/\/www.fondazionepirelli.org\/it\/","name":"Fondazione Pirelli","description":"","potentialAction":[{"@type":"SearchAction","target":{"@type":"EntryPoint","urlTemplate":"https:\/\/www.fondazionepirelli.org\/it\/?s={search_term_string}"},"query-input":{"@type":"PropertyValueSpecification","valueRequired":true,"valueName":"search_term_string"}}],"inLanguage":"it-IT"},{"@type":"Person","@id":"https:\/\/www.fondazionepirelli.org\/it\/#\/schema\/person\/f47d097000832c4a6e54538c791fdf25","name":"fondadmin","image":{"@type":"ImageObject","inLanguage":"it-IT","@id":"https:\/\/www.fondazionepirelli.org\/it\/#\/schema\/person\/image\/","url":"https:\/\/secure.gravatar.com\/avatar\/e69498a9175ca244966e51e53c88712c024fcebe41f9a05f75657f1bb25e489b?s=96&d=mm&r=g","contentUrl":"https:\/\/secure.gravatar.com\/avatar\/e69498a9175ca244966e51e53c88712c024fcebe41f9a05f75657f1bb25e489b?s=96&d=mm&r=g","caption":"fondadmin"},"url":"https:\/\/www.fondazionepirelli.org\/it\/author\/fondadmin\/"}]}},"_links":{"self":[{"href":"https:\/\/www.fondazionepirelli.org\/it\/wp-json\/wp\/v2\/posts\/104433\/"}],"collection":[{"href":"https:\/\/www.fondazionepirelli.org\/it\/wp-json\/wp\/v2\/posts\/"}],"about":[{"href":"https:\/\/www.fondazionepirelli.org\/it\/wp-json\/wp\/v2\/types\/post\/"}],"author":[{"embeddable":true,"href":"https:\/\/www.fondazionepirelli.org\/it\/wp-json\/wp\/v2\/users\/1\/"}],"replies":[{"embeddable":true,"href":"https:\/\/www.fondazionepirelli.org\/it\/wp-json\/wp\/v2\/comments\/?post=104433"}],"version-history":[{"count":1,"href":"https:\/\/www.fondazionepirelli.org\/it\/wp-json\/wp\/v2\/posts\/104433\/revisions\/"}],"predecessor-version":[{"id":104436,"href":"https:\/\/www.fondazionepirelli.org\/it\/wp-json\/wp\/v2\/posts\/104433\/revisions\/104436\/"}],"wp:featuredmedia":[{"embeddable":true,"href":"https:\/\/www.fondazionepirelli.org\/it\/wp-json\/wp\/v2\/media\/104434\/"}],"wp:attachment":[{"href":"https:\/\/www.fondazionepirelli.org\/it\/wp-json\/wp\/v2\/media\/?parent=104433"}],"wp:term":[{"taxonomy":"category","embeddable":true,"href":"https:\/\/www.fondazionepirelli.org\/it\/wp-json\/wp\/v2\/categories\/?post=104433"},{"taxonomy":"post_tag","embeddable":true,"href":"https:\/\/www.fondazionepirelli.org\/it\/wp-json\/wp\/v2\/tags\/?post=104433"}],"curies":[{"name":"wp","href":"https:\/\/api.w.org\/{rel}","templated":true}]}}