{"id":104441,"date":"2025-07-01T10:29:27","date_gmt":"2025-07-01T09:29:27","guid":{"rendered":"https:\/\/www.fondazionepirelli.org\/?p=104441"},"modified":"2025-07-01T10:29:27","modified_gmt":"2025-07-01T09:29:27","slug":"quale-tecnica-e-per-quale-compito","status":"publish","type":"post","link":"https:\/\/www.fondazionepirelli.org\/it\/cultura-dimpresa\/recensioni-libri\/quale-tecnica-e-per-quale-compito\/","title":{"rendered":"Quale tecnica e per quale compito?"},"content":{"rendered":"<p><em>Pubblicato un abbecedario che raccoglie 19 vocaboli per conoscere e ragionare meglio sull\u2019evoluzione dell\u2019economia e della societ\u00e0<\/em><\/p><p>Tecnica e quindi progresso, produzione, crescita, sviluppo ma anche sfruttamento, alienazione, controllo e molto altro ancora. Tra i vocaboli oggi di gran moda, certamente c\u2019\u00e8 anche \u201ctecnica\u201d che nella gran parte dei casi evoca scenari dell\u2019agire e del pensare umano che paiono oggi trasparenti e inconfutabili; scenari in cui l\u2019uomo come soggetto cosciente \u00e8 attore rispetto sia alla storia sia alla natura. E d\u2019altra parte, indubbiamente mai come oggi la terra \u00e8 avvolta in una rete di attivit\u00e0 tecniche, al punto che non vi \u00e8 pi\u00f9 luogo che non porti il segno della trasformazione umana. Eppure mai come oggi l\u2019umanit\u00e0 nel suo complesso appare incapace di dirigere verso una meta accettabile e condivisibile la propria azione: il disastro ambientale, il diffondersi delle guerre, le ingiustizie economiche si impongono a livello planetario. Una condizione\u00a0 che ha del paradossale e del drammatico tenendo anche conto che qualsiasi soluzione da parte dell\u2019uomo \u2013 proprio nella sua dimensione di progettazione tecnica \u2013 pare in grado solo di accelerare l\u2019apocalisse incombente. Ma la tecnica dovrebbe essere \u201cutile\u201d e non \u201cnociva\u201d, dovrebbe essere \u201camica\u201d e non \u201cnemica\u201d.<\/p>\n<p>\u00c8 da questa serie di complesse considerazioni che Maurizio Guerri (docente di estetica all\u2019Accademia di Brera), ha tratto spunto per comporre, coinvolgendo pi\u00f9 firme, \u201cLe parole della tecnica. Concetti, ideologie, prospettive\u201d, una sorta di abbecedario che raccoglie 19 parole che con la tecnica hanno a che fare. Un\u2019impresa che si fonda \u2013 scrive il curatore \u2013 sulla possibilit\u00e0\u00a0 di \u201cpraticare una conoscenza che sia in grado di imporsi come forma di resistenza, di redenzione o almeno di diserzione\u201d rispetto al pensare comune. Tornare, in altri termini, alla conoscenza del significato delle parole e quindi al loro reale contenuto, per capire meglio dove si \u00e8 e soprattutto dove si pu\u00f2 andare.<\/p>\n<p>Rigorosamente in ordine alfabetico, i vocaboli che vengono affrontati sono alienazione, artefatto, automazione, biopolitica, capitalismo, controllo, corpo, design, dispositivo, gamificazione, globalizzazione, guerra, immagine, intelligenza artificiale, lavoro, metropoli, progresso, spazio, tempo. Per ognuno di essi viene tentata una analisi ma soprattutto ne viene data una illustrazione per condurre chi legge oltre al significato comune.<\/p>\n<p>Il libro curato da Maurizio Guerri non \u00e8 certamente qualcosa da leggere distrattamente, e non \u00e8 nemmeno di facilissima lettura, ma \u00e8 certamente uno strumento per comprendere, come si diceva prima, il contenuto reale di concetti troppo spesso abusati e stravolti.<\/p><p><strong>Le parole della tecnica. Concetti, ideologie, prospettive<\/strong><\/p>\n<p>Maurizio Guerri (a cura di)<\/p>\n<p>Einaudi, 2025<\/p>\n","protected":false},"excerpt":{"rendered":"<p>Pubblicato un abbecedario che raccoglie 19 vocaboli per conoscere e ragionare meglio sull\u2019evoluzione dell\u2019economia e della societ\u00e0Tecnica e quindi progresso, produzione, crescita, sviluppo ma anche sfruttamento, alienazione, controllo e molto altro ancora. Tra i vocaboli oggi di gran moda, certamente c\u2019\u00e8 anche \u201ctecnica\u201d che nella gran parte dei casi evoca scenari dell\u2019agire e del pensare [&hellip;]<\/p>\n","protected":false},"author":1,"featured_media":104442,"comment_status":"open","ping_status":"open","sticky":false,"template":"","format":"standard","meta":{"footnotes":""},"categories":[52,58],"tags":[],"class_list":["post-104441","post","type-post","status-publish","format-standard","has-post-thumbnail","hentry","category-cultura-dimpresa","category-recensioni-libri"],"acf":[],"yoast_head":"<!-- This site is optimized with the Yoast SEO plugin v25.0 - https:\/\/yoast.com\/wordpress\/plugins\/seo\/ -->\n<title>Quale tecnica e per quale compito? - Fondazione Pirelli<\/title>\n<meta name=\"robots\" content=\"index, follow, max-snippet:-1, max-image-preview:large, max-video-preview:-1\" \/>\n<link rel=\"canonical\" href=\"https:\/\/www.fondazionepirelli.org\/it\/cultura-dimpresa\/recensioni-libri\/quale-tecnica-e-per-quale-compito\/\" \/>\n<meta property=\"og:locale\" content=\"it_IT\" \/>\n<meta property=\"og:type\" content=\"article\" \/>\n<meta property=\"og:title\" content=\"Quale tecnica e per quale compito? - Fondazione Pirelli\" \/>\n<meta property=\"og:description\" content=\"Pubblicato un abbecedario che raccoglie 19 vocaboli per conoscere e ragionare meglio sull\u2019evoluzione dell\u2019economia e della societ\u00e0Tecnica e quindi progresso, produzione, crescita, sviluppo ma anche sfruttamento, alienazione, controllo e molto altro ancora. Tra i vocaboli oggi di gran moda, certamente c\u2019\u00e8 anche \u201ctecnica\u201d che nella gran parte dei casi evoca scenari dell\u2019agire e del pensare [&hellip;]\" \/>\n<meta property=\"og:url\" content=\"https:\/\/www.fondazionepirelli.org\/it\/cultura-dimpresa\/recensioni-libri\/quale-tecnica-e-per-quale-compito\/\" \/>\n<meta property=\"og:site_name\" content=\"Fondazione Pirelli\" \/>\n<meta property=\"article:published_time\" content=\"2025-07-01T09:29:27+00:00\" \/>\n<meta property=\"og:image\" content=\"https:\/\/wpsite-assets.fondazionepirelli.org\/wp-content\/uploads\/2025\/07\/01102909\/IMG_0109.jpeg\" \/>\n\t<meta property=\"og:image:width\" content=\"1000\" \/>\n\t<meta property=\"og:image:height\" content=\"1538\" \/>\n\t<meta property=\"og:image:type\" content=\"image\/jpeg\" \/>\n<meta name=\"author\" content=\"fondadmin\" \/>\n<meta name=\"twitter:card\" content=\"summary_large_image\" \/>\n<meta name=\"twitter:label1\" content=\"Scritto da\" \/>\n\t<meta name=\"twitter:data1\" content=\"fondadmin\" \/>\n\t<meta name=\"twitter:label2\" content=\"Tempo di lettura stimato\" \/>\n\t<meta name=\"twitter:data2\" content=\"3 minuti\" \/>\n<script type=\"application\/ld+json\" class=\"yoast-schema-graph\">{\"@context\":\"https:\/\/schema.org\",\"@graph\":[{\"@type\":\"WebPage\",\"@id\":\"https:\/\/www.fondazionepirelli.org\/it\/cultura-dimpresa\/recensioni-libri\/quale-tecnica-e-per-quale-compito\/\",\"url\":\"https:\/\/www.fondazionepirelli.org\/it\/cultura-dimpresa\/recensioni-libri\/quale-tecnica-e-per-quale-compito\/\",\"name\":\"Quale tecnica e per quale compito? - Fondazione Pirelli\",\"isPartOf\":{\"@id\":\"https:\/\/www.fondazionepirelli.org\/it\/#website\"},\"primaryImageOfPage\":{\"@id\":\"https:\/\/www.fondazionepirelli.org\/it\/cultura-dimpresa\/recensioni-libri\/quale-tecnica-e-per-quale-compito\/#primaryimage\"},\"image\":{\"@id\":\"https:\/\/www.fondazionepirelli.org\/it\/cultura-dimpresa\/recensioni-libri\/quale-tecnica-e-per-quale-compito\/#primaryimage\"},\"thumbnailUrl\":\"https:\/\/wpsite-assets.fondazionepirelli.org\/wp-content\/uploads\/2025\/07\/01102909\/IMG_0109.jpeg\",\"datePublished\":\"2025-07-01T09:29:27+00:00\",\"author\":{\"@id\":\"https:\/\/www.fondazionepirelli.org\/it\/#\/schema\/person\/f47d097000832c4a6e54538c791fdf25\"},\"breadcrumb\":{\"@id\":\"https:\/\/www.fondazionepirelli.org\/it\/cultura-dimpresa\/recensioni-libri\/quale-tecnica-e-per-quale-compito\/#breadcrumb\"},\"inLanguage\":\"it-IT\",\"potentialAction\":[{\"@type\":\"ReadAction\",\"target\":[\"https:\/\/www.fondazionepirelli.org\/it\/cultura-dimpresa\/recensioni-libri\/quale-tecnica-e-per-quale-compito\/\"]}]},{\"@type\":\"ImageObject\",\"inLanguage\":\"it-IT\",\"@id\":\"https:\/\/www.fondazionepirelli.org\/it\/cultura-dimpresa\/recensioni-libri\/quale-tecnica-e-per-quale-compito\/#primaryimage\",\"url\":\"https:\/\/wpsite-assets.fondazionepirelli.org\/wp-content\/uploads\/2025\/07\/01102909\/IMG_0109.jpeg\",\"contentUrl\":\"https:\/\/wpsite-assets.fondazionepirelli.org\/wp-content\/uploads\/2025\/07\/01102909\/IMG_0109.jpeg\",\"width\":1000,\"height\":1538},{\"@type\":\"BreadcrumbList\",\"@id\":\"https:\/\/www.fondazionepirelli.org\/it\/cultura-dimpresa\/recensioni-libri\/quale-tecnica-e-per-quale-compito\/#breadcrumb\",\"itemListElement\":[{\"@type\":\"ListItem\",\"position\":1,\"name\":\"Home\",\"item\":\"https:\/\/www.fondazionepirelli.org\/it\/\"},{\"@type\":\"ListItem\",\"position\":2,\"name\":\"Quale tecnica e per quale compito?\"}]},{\"@type\":\"WebSite\",\"@id\":\"https:\/\/www.fondazionepirelli.org\/it\/#website\",\"url\":\"https:\/\/www.fondazionepirelli.org\/it\/\",\"name\":\"Fondazione Pirelli\",\"description\":\"\",\"potentialAction\":[{\"@type\":\"SearchAction\",\"target\":{\"@type\":\"EntryPoint\",\"urlTemplate\":\"https:\/\/www.fondazionepirelli.org\/it\/?s={search_term_string}\"},\"query-input\":{\"@type\":\"PropertyValueSpecification\",\"valueRequired\":true,\"valueName\":\"search_term_string\"}}],\"inLanguage\":\"it-IT\"},{\"@type\":\"Person\",\"@id\":\"https:\/\/www.fondazionepirelli.org\/it\/#\/schema\/person\/f47d097000832c4a6e54538c791fdf25\",\"name\":\"fondadmin\",\"image\":{\"@type\":\"ImageObject\",\"inLanguage\":\"it-IT\",\"@id\":\"https:\/\/www.fondazionepirelli.org\/it\/#\/schema\/person\/image\/\",\"url\":\"https:\/\/secure.gravatar.com\/avatar\/e69498a9175ca244966e51e53c88712c024fcebe41f9a05f75657f1bb25e489b?s=96&d=mm&r=g\",\"contentUrl\":\"https:\/\/secure.gravatar.com\/avatar\/e69498a9175ca244966e51e53c88712c024fcebe41f9a05f75657f1bb25e489b?s=96&d=mm&r=g\",\"caption\":\"fondadmin\"},\"url\":\"https:\/\/www.fondazionepirelli.org\/it\/author\/fondadmin\/\"}]}<\/script>\n<!-- \/ Yoast SEO plugin. -->","yoast_head_json":{"title":"Quale tecnica e per quale compito? - Fondazione Pirelli","robots":{"index":"index","follow":"follow","max-snippet":"max-snippet:-1","max-image-preview":"max-image-preview:large","max-video-preview":"max-video-preview:-1"},"canonical":"https:\/\/www.fondazionepirelli.org\/it\/cultura-dimpresa\/recensioni-libri\/quale-tecnica-e-per-quale-compito\/","og_locale":"it_IT","og_type":"article","og_title":"Quale tecnica e per quale compito? - Fondazione Pirelli","og_description":"Pubblicato un abbecedario che raccoglie 19 vocaboli per conoscere e ragionare meglio sull\u2019evoluzione dell\u2019economia e della societ\u00e0Tecnica e quindi progresso, produzione, crescita, sviluppo ma anche sfruttamento, alienazione, controllo e molto altro ancora. Tra i vocaboli oggi di gran moda, certamente c\u2019\u00e8 anche \u201ctecnica\u201d che nella gran parte dei casi evoca scenari dell\u2019agire e del pensare [&hellip;]","og_url":"https:\/\/www.fondazionepirelli.org\/it\/cultura-dimpresa\/recensioni-libri\/quale-tecnica-e-per-quale-compito\/","og_site_name":"Fondazione Pirelli","article_published_time":"2025-07-01T09:29:27+00:00","og_image":[{"width":1000,"height":1538,"url":"https:\/\/wpsite-assets.fondazionepirelli.org\/wp-content\/uploads\/2025\/07\/01102909\/IMG_0109.jpeg","type":"image\/jpeg"}],"author":"fondadmin","twitter_card":"summary_large_image","twitter_misc":{"Scritto da":"fondadmin","Tempo di lettura stimato":"3 minuti"},"schema":{"@context":"https:\/\/schema.org","@graph":[{"@type":"WebPage","@id":"https:\/\/www.fondazionepirelli.org\/it\/cultura-dimpresa\/recensioni-libri\/quale-tecnica-e-per-quale-compito\/","url":"https:\/\/www.fondazionepirelli.org\/it\/cultura-dimpresa\/recensioni-libri\/quale-tecnica-e-per-quale-compito\/","name":"Quale tecnica e per quale compito? - Fondazione Pirelli","isPartOf":{"@id":"https:\/\/www.fondazionepirelli.org\/it\/#website"},"primaryImageOfPage":{"@id":"https:\/\/www.fondazionepirelli.org\/it\/cultura-dimpresa\/recensioni-libri\/quale-tecnica-e-per-quale-compito\/#primaryimage"},"image":{"@id":"https:\/\/www.fondazionepirelli.org\/it\/cultura-dimpresa\/recensioni-libri\/quale-tecnica-e-per-quale-compito\/#primaryimage"},"thumbnailUrl":"https:\/\/wpsite-assets.fondazionepirelli.org\/wp-content\/uploads\/2025\/07\/01102909\/IMG_0109.jpeg","datePublished":"2025-07-01T09:29:27+00:00","author":{"@id":"https:\/\/www.fondazionepirelli.org\/it\/#\/schema\/person\/f47d097000832c4a6e54538c791fdf25"},"breadcrumb":{"@id":"https:\/\/www.fondazionepirelli.org\/it\/cultura-dimpresa\/recensioni-libri\/quale-tecnica-e-per-quale-compito\/#breadcrumb"},"inLanguage":"it-IT","potentialAction":[{"@type":"ReadAction","target":["https:\/\/www.fondazionepirelli.org\/it\/cultura-dimpresa\/recensioni-libri\/quale-tecnica-e-per-quale-compito\/"]}]},{"@type":"ImageObject","inLanguage":"it-IT","@id":"https:\/\/www.fondazionepirelli.org\/it\/cultura-dimpresa\/recensioni-libri\/quale-tecnica-e-per-quale-compito\/#primaryimage","url":"https:\/\/wpsite-assets.fondazionepirelli.org\/wp-content\/uploads\/2025\/07\/01102909\/IMG_0109.jpeg","contentUrl":"https:\/\/wpsite-assets.fondazionepirelli.org\/wp-content\/uploads\/2025\/07\/01102909\/IMG_0109.jpeg","width":1000,"height":1538},{"@type":"BreadcrumbList","@id":"https:\/\/www.fondazionepirelli.org\/it\/cultura-dimpresa\/recensioni-libri\/quale-tecnica-e-per-quale-compito\/#breadcrumb","itemListElement":[{"@type":"ListItem","position":1,"name":"Home","item":"https:\/\/www.fondazionepirelli.org\/it\/"},{"@type":"ListItem","position":2,"name":"Quale tecnica e per quale compito?"}]},{"@type":"WebSite","@id":"https:\/\/www.fondazionepirelli.org\/it\/#website","url":"https:\/\/www.fondazionepirelli.org\/it\/","name":"Fondazione Pirelli","description":"","potentialAction":[{"@type":"SearchAction","target":{"@type":"EntryPoint","urlTemplate":"https:\/\/www.fondazionepirelli.org\/it\/?s={search_term_string}"},"query-input":{"@type":"PropertyValueSpecification","valueRequired":true,"valueName":"search_term_string"}}],"inLanguage":"it-IT"},{"@type":"Person","@id":"https:\/\/www.fondazionepirelli.org\/it\/#\/schema\/person\/f47d097000832c4a6e54538c791fdf25","name":"fondadmin","image":{"@type":"ImageObject","inLanguage":"it-IT","@id":"https:\/\/www.fondazionepirelli.org\/it\/#\/schema\/person\/image\/","url":"https:\/\/secure.gravatar.com\/avatar\/e69498a9175ca244966e51e53c88712c024fcebe41f9a05f75657f1bb25e489b?s=96&d=mm&r=g","contentUrl":"https:\/\/secure.gravatar.com\/avatar\/e69498a9175ca244966e51e53c88712c024fcebe41f9a05f75657f1bb25e489b?s=96&d=mm&r=g","caption":"fondadmin"},"url":"https:\/\/www.fondazionepirelli.org\/it\/author\/fondadmin\/"}]}},"_links":{"self":[{"href":"https:\/\/www.fondazionepirelli.org\/it\/wp-json\/wp\/v2\/posts\/104441\/"}],"collection":[{"href":"https:\/\/www.fondazionepirelli.org\/it\/wp-json\/wp\/v2\/posts\/"}],"about":[{"href":"https:\/\/www.fondazionepirelli.org\/it\/wp-json\/wp\/v2\/types\/post\/"}],"author":[{"embeddable":true,"href":"https:\/\/www.fondazionepirelli.org\/it\/wp-json\/wp\/v2\/users\/1\/"}],"replies":[{"embeddable":true,"href":"https:\/\/www.fondazionepirelli.org\/it\/wp-json\/wp\/v2\/comments\/?post=104441"}],"version-history":[{"count":1,"href":"https:\/\/www.fondazionepirelli.org\/it\/wp-json\/wp\/v2\/posts\/104441\/revisions\/"}],"predecessor-version":[{"id":104444,"href":"https:\/\/www.fondazionepirelli.org\/it\/wp-json\/wp\/v2\/posts\/104441\/revisions\/104444\/"}],"wp:featuredmedia":[{"embeddable":true,"href":"https:\/\/www.fondazionepirelli.org\/it\/wp-json\/wp\/v2\/media\/104442\/"}],"wp:attachment":[{"href":"https:\/\/www.fondazionepirelli.org\/it\/wp-json\/wp\/v2\/media\/?parent=104441"}],"wp:term":[{"taxonomy":"category","embeddable":true,"href":"https:\/\/www.fondazionepirelli.org\/it\/wp-json\/wp\/v2\/categories\/?post=104441"},{"taxonomy":"post_tag","embeddable":true,"href":"https:\/\/www.fondazionepirelli.org\/it\/wp-json\/wp\/v2\/tags\/?post=104441"}],"curies":[{"name":"wp","href":"https:\/\/api.w.org\/{rel}","templated":true}]}}