{"id":104489,"date":"2025-07-08T09:30:44","date_gmt":"2025-07-08T08:30:44","guid":{"rendered":"https:\/\/www.fondazionepirelli.org\/?p=104489"},"modified":"2025-07-08T09:30:44","modified_gmt":"2025-07-08T08:30:44","slug":"medtec-laureati-i-primi-medici-ingegneri-milano-rilancia-il-soft-power-della-cultura-politecnica","status":"publish","type":"post","link":"https:\/\/www.fondazionepirelli.org\/it\/cultura-dimpresa\/blog\/medtec-laureati-i-primi-medici-ingegneri-milano-rilancia-il-soft-power-della-cultura-politecnica\/","title":{"rendered":"Medtec, laureati i primi medici-ingegneri Milano rilancia il soft power della cultura politecnica"},"content":{"rendered":"<p>Un medico ingegnere, una sintesi originale tra competenze diverse, in grado di tenere insieme l\u2019anatomia e le macchine tecnologiche pi\u00f9 sofisticate, l\u2019attenzione specialistica per la salute e la capacit\u00e0 di usare tutti gli strumenti digitali per diagnosi e terapia e prevenzione sanitaria. Di conoscere a fondo, insomma, quella creazione straordinaria, complessa e fragile, che \u00e8 il corpo umano e di governare, a suo vantaggio, le possibilit\u00e0 offerte dall\u2019Intelligenza Artificiale. A met\u00e0 della scorsa settimana, a Milano, si sono laureati i primi 37 studenti di un corso di studi interdisciplinare, la Medtec School, nata sei anni fa dalla collaborazione tra la Humanitas University e il Politecnico (Corriere della Sera, 3 luglio). E la citt\u00e0 conferma, cos\u00ec, una sua caratteristica di fondo: essere <strong>avanguardia nella formazione di alto livello<\/strong>, punto di riferimento internazionale delle <em>Life Sciences, <\/em>centro culturale di sperimentazione, ibridazione e sintesi di saperi diversi, lungo le nuove frontiere <em>high tech<\/em>. Una <strong>metropoli politecnica<\/strong>.<\/p>\n<p>Sostiene <strong>Donatella Sciuto, rettrice del Politecnico<\/strong>: \u201cLa <strong>convergenza tra Medicina e Ingegneria<\/strong> rappresenta un fattore di sviluppo economico e sociale a livello globale e nasce come <strong>eccellenza italiana<\/strong>. E la nostra speranza \u00e8 che i neolaureati scelgano di specializzarsi qui e di lavorare in strutture ospedaliere e aziende del nostro paese\u201d. E <strong>Luigi Maria Terracciano<\/strong>, rettore della <strong>Humanitas University<\/strong>: \u201cL\u2019obiettivo che ci siamo dati \u00e8 formare professionisti capaci di <strong>governare l\u2019evoluzione tecnologica in campo medico<\/strong>, mantenendo lo sguardo umano e la relazione con il paziente. Si tratta di un\u2019esperienza universitaria con sbocchi importanti nel settore ospedaliero ma anche nell\u2019ambito della ricerca avanzata\u201d.<\/p>\n<p>La <strong>Medtec School<\/strong> oggi ha <strong>389 iscritti<\/strong> (il 58% sono studentesse), con una forte capacit\u00e0 di attrazione internazionale: il 17% vengono dall\u2019estero, soprattutto da Francia, Grecia e Turchia. Quest\u2019anno i laureati saranno in tutto 42. I corsi sono naturalmente in inglese, si svolgono a semestri alterni al Politecnico e alla Humanitas University e traggono vantaggio anche dal fitto sistema di relazioni che le due universit\u00e0 hanno con docenti e ricercatori dei grandi atenei e dei migliori centri di ricerca nei principali paesi del mondo. Riprova dei vantaggi di una cultura scientifica critica, dialettica, aperta all\u2019innovazione e sensibile agli stimoli di cambiamento.<\/p>\n<p>\u00c8 proprio questa, d\u2019altronde, nella storia e nella pur controversa contemporaneit\u00e0, una caratteristica di fondo di <strong>Milano<\/strong>, oramai la principale citt\u00e0 universitaria italiana, con <strong>oltre 220mila studenti in una decina tra universit\u00e0<\/strong> (sempre meglio inserite nelle pi\u00f9 prestigiose classifiche internazionali) e <strong>scuole di alta formazione<\/strong> (nel mondo del design e della moda). La caratteristica di chi, nell\u2019accoglienza (comunque esigente, severa, produttiva), sa costruire stimoli di crescita e tenere insieme competitivit\u00e0 e inclusione sociale, cittadinanza (uno spirito civile, di comunit\u00e0) e intraprendenza, mercato e welfare. E anche se queste attitudini oggi conoscono un momento di crisi, una trasformazione delle tendenze di fondo (molti superficiali <em>city users<\/em>, un numero crescente di abitanti in difficolt\u00e0 per gli alti costi dell\u2019abitare e del vivere) e si ascoltano frequenti critiche e autocritiche sulle trasformazioni della \u201cmilanesit\u00e0\u201d (Milano \u00e8 la citt\u00e0 italiana pi\u00f9 incline a discutere su se stessa, spregiudicatamente), \u00e8 comunque vero che proprio qui continuano a nascere e maturare culture, fenomeni economici e sociali, processi che anticipano e strutturano modi d\u2019essere, lavorare e produrre che innervano altri territori della Grande Milano, dell\u2019Italia e della parte pi\u00f9 dinamica e produttiva dell\u2019Europa. <strong>Milano metropoli aperta<\/strong>, spazio di relazioni e contaminazioni.<\/p>\n<p>\u00c8\u00a0a Milano, d\u2019altronde, che si rinnovano i fondamenti della \u201ccultura politecnica\u201d, diffusa tra le sue imprese e i suoi centri culturali e formativi, con solide basi nell\u2019Ottocento di Carlo Cattaneo e frequenti trasformazioni negli anni fecondi d\u2019inizio Novecento (l\u2019Esposizione Universale del 1906), poi in quelli del boom economico e delle dinamiche riviste aziendali di Pirelli, Olivetti, Eni e Finmeccanica, testimonianza di una feconda \u201ccivilt\u00e0 delle macchine\u201d e poi ancora nell\u2019inquieto passaggio contemporaneo di secolo e millennio (\u201cStiamo trasecolando\u201d, avrebbe commemtato ironicamente uno spirito caustico come Enzo Sellerio).<\/p>\n<p>Ed \u00e8 appunto qui, nelle stanze di <strong>Assolombarda<\/strong>, connotata dalle architetture firmate Gio Ponti, che si insiste sulla necessit\u00e0 di avere una maggiore e migliore <strong>formazione culturale e universitaria Stem<\/strong> (<em>Science<\/em>, <em>Technology <\/em>, <em>Engineering <\/em>e <em>Mathematics<\/em>) anche per rafforzare e rilanciare la competitivit\u00e0 internazionale delle imprese e per\u00f2 si insiste anche su <strong>una aggiunta essenziale: la<\/strong> <strong>\u201cA\u201d di <em>Arts <\/em><\/strong>e cio\u00e8 le conoscenze umanistiche, la cultura della bellezza. Un\u2019indicazione elaborata e resa pubblica durante la presidenza Assolombarda di Gianfelice Rocca (2013- 2017) e adesso ripresa in vari ambienti economici nazionali ed europei. Rocca, appunto, presidente dell\u2019Humanitas. I medici-ingegneri ne sono testimonianza. Cos\u00ec come gli ingegneri filosofi su cui il Politecnico di Milano, cos\u00ec come quello di Torino, insistono da anni.<\/p>\n<p>Questa dimensione della \u201ccultura politecnica\u201d, che si pu\u00f2 anche definire come \u201cumanesimo industriale\u201d che oggi si declina in \u201cumanesimo digitale\u201d (ne abbiamo parlato nel blog della scorsa settimana), \u00e8 quanto mai utile anche per riflettere sulla forza del <strong><em>soft power <\/em><\/strong>espressa dal Made in Italy. <em>T\u00e9chne <\/em>e cio\u00e8 saper fare e gusto per la bellezza (intesa anche come senso della misura, dell\u2019equilibrio, della forma che esprime qualit\u00e0 della funzione: se n\u2019\u00e8 parlato nei giorni scorsi al Forum dei Territori di UniCredit per la Lombardia). <strong>Cultura del progetto<\/strong> che innerva la cultura del prodotto (gli oggetti esposti all\u2019ADI Design Museum, premiati negli anni con il \u201cCompasso d\u2019Oro\u201d ne sono chiare testimonianze). Produzioni di qualit\u00e0 nei settori di <strong>meccanica e meccatronica<\/strong>, <strong>aerospazio, cantieristica navale, gomma e plastica, robotica e <em>automotive<\/em>, chimica e farmaceutica<\/strong> (le <em>Life Sciences<\/em>, appunto), oltre che nei tradizionali settori di <strong>arredamento, abbigliamento e agro-alimentare<\/strong>.<\/p>\n<p><strong>Innovazione, tecnologie d\u2019avanguardia, bellezza<\/strong>. Un <em>soft power <\/em>inimitabile, da spendere di pi\u00f9 e meglio nella competizione internazionale, grazie a una nuova e migliore politica industriale nazionale ed europea. E da valorizzare non solo come produttivit\u00e0, ma anche come attrattivit\u00e0 per una migliore qualit\u00e0 della vita e del lavoro.<\/p>\n<p>La Medtec School, da cui \u00e8 cominciato il nostro ragionamento, ne \u00e8 un buon esempio. Ibridazioni da valorizzare.<\/p>\n","protected":false},"excerpt":{"rendered":"<p>Un medico ingegnere, una sintesi originale tra competenze diverse, in grado di tenere insieme l\u2019anatomia e le macchine tecnologiche pi\u00f9 sofisticate, l\u2019attenzione specialistica per la salute e la capacit\u00e0 di usare tutti gli strumenti digitali per diagnosi e terapia e prevenzione sanitaria. Di conoscere a fondo, insomma, quella creazione straordinaria, complessa e fragile, che \u00e8 [&hellip;]<\/p>\n","protected":false},"author":1,"featured_media":104490,"comment_status":"open","ping_status":"open","sticky":false,"template":"","format":"standard","meta":{"footnotes":""},"categories":[53,52],"tags":[],"class_list":["post-104489","post","type-post","status-publish","format-standard","has-post-thumbnail","hentry","category-blog","category-cultura-dimpresa"],"acf":[],"yoast_head":"<!-- This site is optimized with the Yoast SEO plugin v25.0 - https:\/\/yoast.com\/wordpress\/plugins\/seo\/ -->\n<title>Medtec, laureati i primi medici-ingegneri Milano rilancia il soft power della cultura politecnica - Fondazione Pirelli<\/title>\n<meta name=\"robots\" content=\"index, follow, max-snippet:-1, max-image-preview:large, max-video-preview:-1\" \/>\n<link rel=\"canonical\" href=\"https:\/\/www.fondazionepirelli.org\/it\/cultura-dimpresa\/blog\/medtec-laureati-i-primi-medici-ingegneri-milano-rilancia-il-soft-power-della-cultura-politecnica\/\" \/>\n<meta property=\"og:locale\" content=\"it_IT\" \/>\n<meta property=\"og:type\" content=\"article\" \/>\n<meta property=\"og:title\" content=\"Medtec, laureati i primi medici-ingegneri Milano rilancia il soft power della cultura politecnica - Fondazione Pirelli\" \/>\n<meta property=\"og:description\" content=\"Un medico ingegnere, una sintesi originale tra competenze diverse, in grado di tenere insieme l\u2019anatomia e le macchine tecnologiche pi\u00f9 sofisticate, l\u2019attenzione specialistica per la salute e la capacit\u00e0 di usare tutti gli strumenti digitali per diagnosi e terapia e prevenzione sanitaria. Di conoscere a fondo, insomma, quella creazione straordinaria, complessa e fragile, che \u00e8 [&hellip;]\" \/>\n<meta property=\"og:url\" content=\"https:\/\/www.fondazionepirelli.org\/it\/cultura-dimpresa\/blog\/medtec-laureati-i-primi-medici-ingegneri-milano-rilancia-il-soft-power-della-cultura-politecnica\/\" \/>\n<meta property=\"og:site_name\" content=\"Fondazione Pirelli\" \/>\n<meta property=\"article:published_time\" content=\"2025-07-08T08:30:44+00:00\" \/>\n<meta property=\"og:image\" content=\"https:\/\/wpsite-assets.fondazionepirelli.org\/wp-content\/uploads\/2025\/07\/08091914\/Lancio-del-tocco_Medtec-scaled.jpg\" \/>\n\t<meta property=\"og:image:width\" content=\"2560\" \/>\n\t<meta property=\"og:image:height\" content=\"1788\" \/>\n\t<meta property=\"og:image:type\" content=\"image\/jpeg\" \/>\n<meta name=\"author\" content=\"fondadmin\" \/>\n<meta name=\"twitter:card\" content=\"summary_large_image\" \/>\n<meta name=\"twitter:label1\" content=\"Scritto da\" \/>\n\t<meta name=\"twitter:data1\" content=\"fondadmin\" \/>\n\t<meta name=\"twitter:label2\" content=\"Tempo di lettura stimato\" \/>\n\t<meta name=\"twitter:data2\" content=\"6 minuti\" \/>\n<script type=\"application\/ld+json\" class=\"yoast-schema-graph\">{\"@context\":\"https:\/\/schema.org\",\"@graph\":[{\"@type\":\"WebPage\",\"@id\":\"https:\/\/www.fondazionepirelli.org\/it\/cultura-dimpresa\/blog\/medtec-laureati-i-primi-medici-ingegneri-milano-rilancia-il-soft-power-della-cultura-politecnica\/\",\"url\":\"https:\/\/www.fondazionepirelli.org\/it\/cultura-dimpresa\/blog\/medtec-laureati-i-primi-medici-ingegneri-milano-rilancia-il-soft-power-della-cultura-politecnica\/\",\"name\":\"Medtec, laureati i primi medici-ingegneri Milano rilancia il soft power della cultura politecnica - Fondazione Pirelli\",\"isPartOf\":{\"@id\":\"https:\/\/www.fondazionepirelli.org\/it\/#website\"},\"primaryImageOfPage\":{\"@id\":\"https:\/\/www.fondazionepirelli.org\/it\/cultura-dimpresa\/blog\/medtec-laureati-i-primi-medici-ingegneri-milano-rilancia-il-soft-power-della-cultura-politecnica\/#primaryimage\"},\"image\":{\"@id\":\"https:\/\/www.fondazionepirelli.org\/it\/cultura-dimpresa\/blog\/medtec-laureati-i-primi-medici-ingegneri-milano-rilancia-il-soft-power-della-cultura-politecnica\/#primaryimage\"},\"thumbnailUrl\":\"https:\/\/wpsite-assets.fondazionepirelli.org\/wp-content\/uploads\/2025\/07\/08091914\/Lancio-del-tocco_Medtec-scaled.jpg\",\"datePublished\":\"2025-07-08T08:30:44+00:00\",\"author\":{\"@id\":\"https:\/\/www.fondazionepirelli.org\/it\/#\/schema\/person\/f47d097000832c4a6e54538c791fdf25\"},\"breadcrumb\":{\"@id\":\"https:\/\/www.fondazionepirelli.org\/it\/cultura-dimpresa\/blog\/medtec-laureati-i-primi-medici-ingegneri-milano-rilancia-il-soft-power-della-cultura-politecnica\/#breadcrumb\"},\"inLanguage\":\"it-IT\",\"potentialAction\":[{\"@type\":\"ReadAction\",\"target\":[\"https:\/\/www.fondazionepirelli.org\/it\/cultura-dimpresa\/blog\/medtec-laureati-i-primi-medici-ingegneri-milano-rilancia-il-soft-power-della-cultura-politecnica\/\"]}]},{\"@type\":\"ImageObject\",\"inLanguage\":\"it-IT\",\"@id\":\"https:\/\/www.fondazionepirelli.org\/it\/cultura-dimpresa\/blog\/medtec-laureati-i-primi-medici-ingegneri-milano-rilancia-il-soft-power-della-cultura-politecnica\/#primaryimage\",\"url\":\"https:\/\/wpsite-assets.fondazionepirelli.org\/wp-content\/uploads\/2025\/07\/08091914\/Lancio-del-tocco_Medtec-scaled.jpg\",\"contentUrl\":\"https:\/\/wpsite-assets.fondazionepirelli.org\/wp-content\/uploads\/2025\/07\/08091914\/Lancio-del-tocco_Medtec-scaled.jpg\",\"width\":2560,\"height\":1788},{\"@type\":\"BreadcrumbList\",\"@id\":\"https:\/\/www.fondazionepirelli.org\/it\/cultura-dimpresa\/blog\/medtec-laureati-i-primi-medici-ingegneri-milano-rilancia-il-soft-power-della-cultura-politecnica\/#breadcrumb\",\"itemListElement\":[{\"@type\":\"ListItem\",\"position\":1,\"name\":\"Home\",\"item\":\"https:\/\/www.fondazionepirelli.org\/it\/\"},{\"@type\":\"ListItem\",\"position\":2,\"name\":\"Medtec, laureati i primi medici-ingegneri Milano rilancia il soft power della cultura politecnica\"}]},{\"@type\":\"WebSite\",\"@id\":\"https:\/\/www.fondazionepirelli.org\/it\/#website\",\"url\":\"https:\/\/www.fondazionepirelli.org\/it\/\",\"name\":\"Fondazione Pirelli\",\"description\":\"\",\"potentialAction\":[{\"@type\":\"SearchAction\",\"target\":{\"@type\":\"EntryPoint\",\"urlTemplate\":\"https:\/\/www.fondazionepirelli.org\/it\/?s={search_term_string}\"},\"query-input\":{\"@type\":\"PropertyValueSpecification\",\"valueRequired\":true,\"valueName\":\"search_term_string\"}}],\"inLanguage\":\"it-IT\"},{\"@type\":\"Person\",\"@id\":\"https:\/\/www.fondazionepirelli.org\/it\/#\/schema\/person\/f47d097000832c4a6e54538c791fdf25\",\"name\":\"fondadmin\",\"image\":{\"@type\":\"ImageObject\",\"inLanguage\":\"it-IT\",\"@id\":\"https:\/\/www.fondazionepirelli.org\/it\/#\/schema\/person\/image\/\",\"url\":\"https:\/\/secure.gravatar.com\/avatar\/e69498a9175ca244966e51e53c88712c024fcebe41f9a05f75657f1bb25e489b?s=96&d=mm&r=g\",\"contentUrl\":\"https:\/\/secure.gravatar.com\/avatar\/e69498a9175ca244966e51e53c88712c024fcebe41f9a05f75657f1bb25e489b?s=96&d=mm&r=g\",\"caption\":\"fondadmin\"},\"url\":\"https:\/\/www.fondazionepirelli.org\/it\/author\/fondadmin\/\"}]}<\/script>\n<!-- \/ Yoast SEO plugin. -->","yoast_head_json":{"title":"Medtec, laureati i primi medici-ingegneri Milano rilancia il soft power della cultura politecnica - Fondazione Pirelli","robots":{"index":"index","follow":"follow","max-snippet":"max-snippet:-1","max-image-preview":"max-image-preview:large","max-video-preview":"max-video-preview:-1"},"canonical":"https:\/\/www.fondazionepirelli.org\/it\/cultura-dimpresa\/blog\/medtec-laureati-i-primi-medici-ingegneri-milano-rilancia-il-soft-power-della-cultura-politecnica\/","og_locale":"it_IT","og_type":"article","og_title":"Medtec, laureati i primi medici-ingegneri Milano rilancia il soft power della cultura politecnica - Fondazione Pirelli","og_description":"Un medico ingegnere, una sintesi originale tra competenze diverse, in grado di tenere insieme l\u2019anatomia e le macchine tecnologiche pi\u00f9 sofisticate, l\u2019attenzione specialistica per la salute e la capacit\u00e0 di usare tutti gli strumenti digitali per diagnosi e terapia e prevenzione sanitaria. Di conoscere a fondo, insomma, quella creazione straordinaria, complessa e fragile, che \u00e8 [&hellip;]","og_url":"https:\/\/www.fondazionepirelli.org\/it\/cultura-dimpresa\/blog\/medtec-laureati-i-primi-medici-ingegneri-milano-rilancia-il-soft-power-della-cultura-politecnica\/","og_site_name":"Fondazione Pirelli","article_published_time":"2025-07-08T08:30:44+00:00","og_image":[{"width":2560,"height":1788,"url":"https:\/\/wpsite-assets.fondazionepirelli.org\/wp-content\/uploads\/2025\/07\/08091914\/Lancio-del-tocco_Medtec-scaled.jpg","type":"image\/jpeg"}],"author":"fondadmin","twitter_card":"summary_large_image","twitter_misc":{"Scritto da":"fondadmin","Tempo di lettura stimato":"6 minuti"},"schema":{"@context":"https:\/\/schema.org","@graph":[{"@type":"WebPage","@id":"https:\/\/www.fondazionepirelli.org\/it\/cultura-dimpresa\/blog\/medtec-laureati-i-primi-medici-ingegneri-milano-rilancia-il-soft-power-della-cultura-politecnica\/","url":"https:\/\/www.fondazionepirelli.org\/it\/cultura-dimpresa\/blog\/medtec-laureati-i-primi-medici-ingegneri-milano-rilancia-il-soft-power-della-cultura-politecnica\/","name":"Medtec, laureati i primi medici-ingegneri Milano rilancia il soft power della cultura politecnica - Fondazione Pirelli","isPartOf":{"@id":"https:\/\/www.fondazionepirelli.org\/it\/#website"},"primaryImageOfPage":{"@id":"https:\/\/www.fondazionepirelli.org\/it\/cultura-dimpresa\/blog\/medtec-laureati-i-primi-medici-ingegneri-milano-rilancia-il-soft-power-della-cultura-politecnica\/#primaryimage"},"image":{"@id":"https:\/\/www.fondazionepirelli.org\/it\/cultura-dimpresa\/blog\/medtec-laureati-i-primi-medici-ingegneri-milano-rilancia-il-soft-power-della-cultura-politecnica\/#primaryimage"},"thumbnailUrl":"https:\/\/wpsite-assets.fondazionepirelli.org\/wp-content\/uploads\/2025\/07\/08091914\/Lancio-del-tocco_Medtec-scaled.jpg","datePublished":"2025-07-08T08:30:44+00:00","author":{"@id":"https:\/\/www.fondazionepirelli.org\/it\/#\/schema\/person\/f47d097000832c4a6e54538c791fdf25"},"breadcrumb":{"@id":"https:\/\/www.fondazionepirelli.org\/it\/cultura-dimpresa\/blog\/medtec-laureati-i-primi-medici-ingegneri-milano-rilancia-il-soft-power-della-cultura-politecnica\/#breadcrumb"},"inLanguage":"it-IT","potentialAction":[{"@type":"ReadAction","target":["https:\/\/www.fondazionepirelli.org\/it\/cultura-dimpresa\/blog\/medtec-laureati-i-primi-medici-ingegneri-milano-rilancia-il-soft-power-della-cultura-politecnica\/"]}]},{"@type":"ImageObject","inLanguage":"it-IT","@id":"https:\/\/www.fondazionepirelli.org\/it\/cultura-dimpresa\/blog\/medtec-laureati-i-primi-medici-ingegneri-milano-rilancia-il-soft-power-della-cultura-politecnica\/#primaryimage","url":"https:\/\/wpsite-assets.fondazionepirelli.org\/wp-content\/uploads\/2025\/07\/08091914\/Lancio-del-tocco_Medtec-scaled.jpg","contentUrl":"https:\/\/wpsite-assets.fondazionepirelli.org\/wp-content\/uploads\/2025\/07\/08091914\/Lancio-del-tocco_Medtec-scaled.jpg","width":2560,"height":1788},{"@type":"BreadcrumbList","@id":"https:\/\/www.fondazionepirelli.org\/it\/cultura-dimpresa\/blog\/medtec-laureati-i-primi-medici-ingegneri-milano-rilancia-il-soft-power-della-cultura-politecnica\/#breadcrumb","itemListElement":[{"@type":"ListItem","position":1,"name":"Home","item":"https:\/\/www.fondazionepirelli.org\/it\/"},{"@type":"ListItem","position":2,"name":"Medtec, laureati i primi medici-ingegneri Milano rilancia il soft power della cultura politecnica"}]},{"@type":"WebSite","@id":"https:\/\/www.fondazionepirelli.org\/it\/#website","url":"https:\/\/www.fondazionepirelli.org\/it\/","name":"Fondazione Pirelli","description":"","potentialAction":[{"@type":"SearchAction","target":{"@type":"EntryPoint","urlTemplate":"https:\/\/www.fondazionepirelli.org\/it\/?s={search_term_string}"},"query-input":{"@type":"PropertyValueSpecification","valueRequired":true,"valueName":"search_term_string"}}],"inLanguage":"it-IT"},{"@type":"Person","@id":"https:\/\/www.fondazionepirelli.org\/it\/#\/schema\/person\/f47d097000832c4a6e54538c791fdf25","name":"fondadmin","image":{"@type":"ImageObject","inLanguage":"it-IT","@id":"https:\/\/www.fondazionepirelli.org\/it\/#\/schema\/person\/image\/","url":"https:\/\/secure.gravatar.com\/avatar\/e69498a9175ca244966e51e53c88712c024fcebe41f9a05f75657f1bb25e489b?s=96&d=mm&r=g","contentUrl":"https:\/\/secure.gravatar.com\/avatar\/e69498a9175ca244966e51e53c88712c024fcebe41f9a05f75657f1bb25e489b?s=96&d=mm&r=g","caption":"fondadmin"},"url":"https:\/\/www.fondazionepirelli.org\/it\/author\/fondadmin\/"}]}},"_links":{"self":[{"href":"https:\/\/www.fondazionepirelli.org\/it\/wp-json\/wp\/v2\/posts\/104489\/"}],"collection":[{"href":"https:\/\/www.fondazionepirelli.org\/it\/wp-json\/wp\/v2\/posts\/"}],"about":[{"href":"https:\/\/www.fondazionepirelli.org\/it\/wp-json\/wp\/v2\/types\/post\/"}],"author":[{"embeddable":true,"href":"https:\/\/www.fondazionepirelli.org\/it\/wp-json\/wp\/v2\/users\/1\/"}],"replies":[{"embeddable":true,"href":"https:\/\/www.fondazionepirelli.org\/it\/wp-json\/wp\/v2\/comments\/?post=104489"}],"version-history":[{"count":1,"href":"https:\/\/www.fondazionepirelli.org\/it\/wp-json\/wp\/v2\/posts\/104489\/revisions\/"}],"predecessor-version":[{"id":104492,"href":"https:\/\/www.fondazionepirelli.org\/it\/wp-json\/wp\/v2\/posts\/104489\/revisions\/104492\/"}],"wp:featuredmedia":[{"embeddable":true,"href":"https:\/\/www.fondazionepirelli.org\/it\/wp-json\/wp\/v2\/media\/104490\/"}],"wp:attachment":[{"href":"https:\/\/www.fondazionepirelli.org\/it\/wp-json\/wp\/v2\/media\/?parent=104489"}],"wp:term":[{"taxonomy":"category","embeddable":true,"href":"https:\/\/www.fondazionepirelli.org\/it\/wp-json\/wp\/v2\/categories\/?post=104489"},{"taxonomy":"post_tag","embeddable":true,"href":"https:\/\/www.fondazionepirelli.org\/it\/wp-json\/wp\/v2\/tags\/?post=104489"}],"curies":[{"name":"wp","href":"https:\/\/api.w.org\/{rel}","templated":true}]}}