{"id":104493,"date":"2025-07-08T09:33:25","date_gmt":"2025-07-08T08:33:25","guid":{"rendered":"https:\/\/www.fondazionepirelli.org\/?p=104493"},"modified":"2025-07-08T09:35:50","modified_gmt":"2025-07-08T08:35:50","slug":"la-dignita-delluomo-di-fronte-alle-macchine","status":"publish","type":"post","link":"https:\/\/www.fondazionepirelli.org\/it\/cultura-dimpresa\/recensioni-libri\/la-dignita-delluomo-di-fronte-alle-macchine\/","title":{"rendered":"La dignit\u00e0 dell\u2019uomo di fronte alle macchine"},"content":{"rendered":"<p><em>Il ragionamento di Paolo Benanti sull\u2019IA riporta al centro l\u2019umanit\u00e0 consapevole che tutti dobbiamo avere<\/em><\/p>\n<p><strong>\u00a0<\/strong><\/p>\n<p>L\u2019attivit\u00e0 umana a confronto con le macchine. Sfida ormai secolare che, tuttavia, in questi ultimi tempi pare assumere con l\u2019Intelligenza Artificiale, nelle vesti di ChatGPT e dei Large Language Models (LLM), connotati non solo nuovi ma in grado di confondere l\u2019agire stesso dell\u2019uomo. Tanto che occorre chiedersi se davvero le nuove tecnologie siano strumenti di progresso oppure di oppressione e mortificazione della natura umana. Interrogativi importanti, attorno ai quali \u00e8 necessario ragionare qualsiasi ruolo ci si ritrovi ad avere. Vale anche, quindi, per gli uomini d\u2019impresa che proprio delle nuove tecnologie possono ritrovarsi a farne uso.<\/p>\n<p>Di fronte a questi temi, leggere il breve libro di Paolo Benanti \u2013 teologo ed esperto di innovazione \u2013 \u00e8 cosa davvero da fare. E con grande attenzione.<\/p>\n<p>\u201cL&#8217;uomo \u00e8 un algoritmo?\u00a0Il senso dell\u2019umano e l\u2019intelligenza artificiale\u201d \u00e8 lo sviluppo della prolusione che l\u2019autore ha pronunciato all\u2019Universit\u00e0 di Camerino in occasione del conferimento del dottorato <em>honoris causa <\/em>in Computer Science e Mathematics, ma \u00e8 soprattutto un viaggio in forma di racconto lungo le ultime frontiere dell\u2019innovazione in relazione alla vita e all\u2019agire umano.<\/p>\n<p>L\u2019autore inizia chiedendosi che cosa sia davvero al giorno d\u2019oggi essere uomini e ricorda il mito di Ulisse che ci insegna che la ricerca umana di senso \u00e8 guidata dall\u2019intelligenza, nelle sue due declinazioni: \u03bd\u03bf\u1fe6\u03c2 e \u03bc\u1fc6\u03c4\u03b9\u03c2, intuizione e pratica.\u00c8, viene ricordato, dalla sinergia di queste facolt\u00e0 che sono nate le grandi invenzioni che segnano la nostra specie, a partire dalla \u201cgrande invenzione del linguaggio\u201d. Quel linguaggio che oggi per\u00f2 non sembra pi\u00f9 essere una prerogativa esclusivamente umana. L\u2019introduzione, tramite l\u2019IA, di una lingua computazionale che riconfigura in modo nuovo parola e pensiero, pare mettere tutto in discussione di volta in volta minacciando oppure esaltando l\u2019agire umano.<\/p>\n<p>Benanti accompagna quindi chi legge in una breve e suggestiva riflessione etica sul paradosso della tecnica. Ma quindi come fare per non essere confusi e sopraffatti? Muovendosi tra informatica, filosofia e spiritualit\u00e0 Benanti avanza una proposta semplice ma dirompente, capace di restituire centralit\u00e0 alla dimensione umana. Recuperare oggi un \u201cpregiudizio umanista\u201d che non vuol dire ripudiare il progresso, ma riaffermarne la sfida pi\u00f9 autentica &#8211; vivere una vita buona e consapevole, una vita dignitosa \u2013 facendo uso anche dell\u2019IA che per\u00f2 deve tornare a essere uno strumento nelle nostre mani, al servizio della piena dignit\u00e0 umana. Sfida, questa, che non pu\u00f2 essere condotta e vinta dagli individui ma dalla comunit\u00e0 di questi.<\/p>\n<p>Il libro di Paolo Benanti \u00e8 di quelli da leggere e rileggere (come ha fatto Sebastiano Maffettone che ne ha curato la prefazione). \u00a0Bellissimo uno degli ultimi passaggi del libro: \u201cLa dignit\u00e0 umana \u00e8 il livello al di l\u00e0 del quale la convivenza degli uomini non pu\u00f2 pi\u00f9 regredire, nemmeno in un\u2019epoca come la nostra in cui le macchine ci sfidano con le loro capacit\u00e0 a comunicare in maniera rinnovata la semantica e il senso della nostra condizione umana\u201d.<\/p><p><strong>L&#8217;uomo \u00e8 un algoritmo?\u00a0Il senso dell\u2019umano e l\u2019intelligenza artificiale<\/strong><\/p>\n<p>Paolo Benanti<\/p>\n<p>Castelvecchio, 2025<\/p>\n","protected":false},"excerpt":{"rendered":"<p>Il ragionamento di Paolo Benanti sull\u2019IA riporta al centro l\u2019umanit\u00e0 consapevole che tutti dobbiamo avere \u00a0 L\u2019attivit\u00e0 umana a confronto con le macchine. Sfida ormai secolare che, tuttavia, in questi ultimi tempi pare assumere con l\u2019Intelligenza Artificiale, nelle vesti di ChatGPT e dei Large Language Models (LLM), connotati non solo nuovi ma in grado di [&hellip;]<\/p>\n","protected":false},"author":1,"featured_media":104494,"comment_status":"open","ping_status":"open","sticky":false,"template":"","format":"standard","meta":{"footnotes":""},"categories":[52,58],"tags":[],"class_list":["post-104493","post","type-post","status-publish","format-standard","has-post-thumbnail","hentry","category-cultura-dimpresa","category-recensioni-libri"],"acf":[],"yoast_head":"<!-- This site is optimized with the Yoast SEO plugin v25.0 - https:\/\/yoast.com\/wordpress\/plugins\/seo\/ -->\n<title>La dignit\u00e0 dell\u2019uomo di fronte alle macchine - Fondazione Pirelli<\/title>\n<meta name=\"robots\" content=\"index, follow, max-snippet:-1, max-image-preview:large, max-video-preview:-1\" \/>\n<link rel=\"canonical\" href=\"https:\/\/www.fondazionepirelli.org\/it\/cultura-dimpresa\/recensioni-libri\/la-dignita-delluomo-di-fronte-alle-macchine\/\" \/>\n<meta property=\"og:locale\" content=\"it_IT\" \/>\n<meta property=\"og:type\" content=\"article\" \/>\n<meta property=\"og:title\" content=\"La dignit\u00e0 dell\u2019uomo di fronte alle macchine - Fondazione Pirelli\" \/>\n<meta property=\"og:description\" content=\"Il ragionamento di Paolo Benanti sull\u2019IA riporta al centro l\u2019umanit\u00e0 consapevole che tutti dobbiamo avere \u00a0 L\u2019attivit\u00e0 umana a confronto con le macchine. Sfida ormai secolare che, tuttavia, in questi ultimi tempi pare assumere con l\u2019Intelligenza Artificiale, nelle vesti di ChatGPT e dei Large Language Models (LLM), connotati non solo nuovi ma in grado di [&hellip;]\" \/>\n<meta property=\"og:url\" content=\"https:\/\/www.fondazionepirelli.org\/it\/cultura-dimpresa\/recensioni-libri\/la-dignita-delluomo-di-fronte-alle-macchine\/\" \/>\n<meta property=\"og:site_name\" content=\"Fondazione Pirelli\" \/>\n<meta property=\"article:published_time\" content=\"2025-07-08T08:33:25+00:00\" \/>\n<meta property=\"article:modified_time\" content=\"2025-07-08T08:35:50+00:00\" \/>\n<meta property=\"og:image\" content=\"https:\/\/wpsite-assets.fondazionepirelli.org\/wp-content\/uploads\/2025\/07\/08092806\/IMG_0110.jpeg\" \/>\n\t<meta property=\"og:image:width\" content=\"924\" \/>\n\t<meta property=\"og:image:height\" content=\"1400\" \/>\n\t<meta property=\"og:image:type\" content=\"image\/jpeg\" \/>\n<meta name=\"author\" content=\"fondadmin\" \/>\n<meta name=\"twitter:card\" content=\"summary_large_image\" \/>\n<meta name=\"twitter:label1\" content=\"Scritto da\" \/>\n\t<meta name=\"twitter:data1\" content=\"fondadmin\" \/>\n\t<meta name=\"twitter:label2\" content=\"Tempo di lettura stimato\" \/>\n\t<meta name=\"twitter:data2\" content=\"3 minuti\" \/>\n<script type=\"application\/ld+json\" class=\"yoast-schema-graph\">{\"@context\":\"https:\/\/schema.org\",\"@graph\":[{\"@type\":\"WebPage\",\"@id\":\"https:\/\/www.fondazionepirelli.org\/it\/cultura-dimpresa\/recensioni-libri\/la-dignita-delluomo-di-fronte-alle-macchine\/\",\"url\":\"https:\/\/www.fondazionepirelli.org\/it\/cultura-dimpresa\/recensioni-libri\/la-dignita-delluomo-di-fronte-alle-macchine\/\",\"name\":\"La dignit\u00e0 dell\u2019uomo di fronte alle macchine - Fondazione Pirelli\",\"isPartOf\":{\"@id\":\"https:\/\/www.fondazionepirelli.org\/it\/#website\"},\"primaryImageOfPage\":{\"@id\":\"https:\/\/www.fondazionepirelli.org\/it\/cultura-dimpresa\/recensioni-libri\/la-dignita-delluomo-di-fronte-alle-macchine\/#primaryimage\"},\"image\":{\"@id\":\"https:\/\/www.fondazionepirelli.org\/it\/cultura-dimpresa\/recensioni-libri\/la-dignita-delluomo-di-fronte-alle-macchine\/#primaryimage\"},\"thumbnailUrl\":\"https:\/\/wpsite-assets.fondazionepirelli.org\/wp-content\/uploads\/2025\/07\/08092806\/IMG_0110.jpeg\",\"datePublished\":\"2025-07-08T08:33:25+00:00\",\"dateModified\":\"2025-07-08T08:35:50+00:00\",\"author\":{\"@id\":\"https:\/\/www.fondazionepirelli.org\/it\/#\/schema\/person\/f47d097000832c4a6e54538c791fdf25\"},\"breadcrumb\":{\"@id\":\"https:\/\/www.fondazionepirelli.org\/it\/cultura-dimpresa\/recensioni-libri\/la-dignita-delluomo-di-fronte-alle-macchine\/#breadcrumb\"},\"inLanguage\":\"it-IT\",\"potentialAction\":[{\"@type\":\"ReadAction\",\"target\":[\"https:\/\/www.fondazionepirelli.org\/it\/cultura-dimpresa\/recensioni-libri\/la-dignita-delluomo-di-fronte-alle-macchine\/\"]}]},{\"@type\":\"ImageObject\",\"inLanguage\":\"it-IT\",\"@id\":\"https:\/\/www.fondazionepirelli.org\/it\/cultura-dimpresa\/recensioni-libri\/la-dignita-delluomo-di-fronte-alle-macchine\/#primaryimage\",\"url\":\"https:\/\/wpsite-assets.fondazionepirelli.org\/wp-content\/uploads\/2025\/07\/08092806\/IMG_0110.jpeg\",\"contentUrl\":\"https:\/\/wpsite-assets.fondazionepirelli.org\/wp-content\/uploads\/2025\/07\/08092806\/IMG_0110.jpeg\",\"width\":924,\"height\":1400},{\"@type\":\"BreadcrumbList\",\"@id\":\"https:\/\/www.fondazionepirelli.org\/it\/cultura-dimpresa\/recensioni-libri\/la-dignita-delluomo-di-fronte-alle-macchine\/#breadcrumb\",\"itemListElement\":[{\"@type\":\"ListItem\",\"position\":1,\"name\":\"Home\",\"item\":\"https:\/\/www.fondazionepirelli.org\/it\/\"},{\"@type\":\"ListItem\",\"position\":2,\"name\":\"La dignit\u00e0 dell\u2019uomo di fronte alle macchine\"}]},{\"@type\":\"WebSite\",\"@id\":\"https:\/\/www.fondazionepirelli.org\/it\/#website\",\"url\":\"https:\/\/www.fondazionepirelli.org\/it\/\",\"name\":\"Fondazione Pirelli\",\"description\":\"\",\"potentialAction\":[{\"@type\":\"SearchAction\",\"target\":{\"@type\":\"EntryPoint\",\"urlTemplate\":\"https:\/\/www.fondazionepirelli.org\/it\/?s={search_term_string}\"},\"query-input\":{\"@type\":\"PropertyValueSpecification\",\"valueRequired\":true,\"valueName\":\"search_term_string\"}}],\"inLanguage\":\"it-IT\"},{\"@type\":\"Person\",\"@id\":\"https:\/\/www.fondazionepirelli.org\/it\/#\/schema\/person\/f47d097000832c4a6e54538c791fdf25\",\"name\":\"fondadmin\",\"image\":{\"@type\":\"ImageObject\",\"inLanguage\":\"it-IT\",\"@id\":\"https:\/\/www.fondazionepirelli.org\/it\/#\/schema\/person\/image\/\",\"url\":\"https:\/\/secure.gravatar.com\/avatar\/e69498a9175ca244966e51e53c88712c024fcebe41f9a05f75657f1bb25e489b?s=96&d=mm&r=g\",\"contentUrl\":\"https:\/\/secure.gravatar.com\/avatar\/e69498a9175ca244966e51e53c88712c024fcebe41f9a05f75657f1bb25e489b?s=96&d=mm&r=g\",\"caption\":\"fondadmin\"},\"url\":\"https:\/\/www.fondazionepirelli.org\/it\/author\/fondadmin\/\"}]}<\/script>\n<!-- \/ Yoast SEO plugin. -->","yoast_head_json":{"title":"La dignit\u00e0 dell\u2019uomo di fronte alle macchine - Fondazione Pirelli","robots":{"index":"index","follow":"follow","max-snippet":"max-snippet:-1","max-image-preview":"max-image-preview:large","max-video-preview":"max-video-preview:-1"},"canonical":"https:\/\/www.fondazionepirelli.org\/it\/cultura-dimpresa\/recensioni-libri\/la-dignita-delluomo-di-fronte-alle-macchine\/","og_locale":"it_IT","og_type":"article","og_title":"La dignit\u00e0 dell\u2019uomo di fronte alle macchine - Fondazione Pirelli","og_description":"Il ragionamento di Paolo Benanti sull\u2019IA riporta al centro l\u2019umanit\u00e0 consapevole che tutti dobbiamo avere \u00a0 L\u2019attivit\u00e0 umana a confronto con le macchine. Sfida ormai secolare che, tuttavia, in questi ultimi tempi pare assumere con l\u2019Intelligenza Artificiale, nelle vesti di ChatGPT e dei Large Language Models (LLM), connotati non solo nuovi ma in grado di [&hellip;]","og_url":"https:\/\/www.fondazionepirelli.org\/it\/cultura-dimpresa\/recensioni-libri\/la-dignita-delluomo-di-fronte-alle-macchine\/","og_site_name":"Fondazione Pirelli","article_published_time":"2025-07-08T08:33:25+00:00","article_modified_time":"2025-07-08T08:35:50+00:00","og_image":[{"width":924,"height":1400,"url":"https:\/\/wpsite-assets.fondazionepirelli.org\/wp-content\/uploads\/2025\/07\/08092806\/IMG_0110.jpeg","type":"image\/jpeg"}],"author":"fondadmin","twitter_card":"summary_large_image","twitter_misc":{"Scritto da":"fondadmin","Tempo di lettura stimato":"3 minuti"},"schema":{"@context":"https:\/\/schema.org","@graph":[{"@type":"WebPage","@id":"https:\/\/www.fondazionepirelli.org\/it\/cultura-dimpresa\/recensioni-libri\/la-dignita-delluomo-di-fronte-alle-macchine\/","url":"https:\/\/www.fondazionepirelli.org\/it\/cultura-dimpresa\/recensioni-libri\/la-dignita-delluomo-di-fronte-alle-macchine\/","name":"La dignit\u00e0 dell\u2019uomo di fronte alle macchine - Fondazione Pirelli","isPartOf":{"@id":"https:\/\/www.fondazionepirelli.org\/it\/#website"},"primaryImageOfPage":{"@id":"https:\/\/www.fondazionepirelli.org\/it\/cultura-dimpresa\/recensioni-libri\/la-dignita-delluomo-di-fronte-alle-macchine\/#primaryimage"},"image":{"@id":"https:\/\/www.fondazionepirelli.org\/it\/cultura-dimpresa\/recensioni-libri\/la-dignita-delluomo-di-fronte-alle-macchine\/#primaryimage"},"thumbnailUrl":"https:\/\/wpsite-assets.fondazionepirelli.org\/wp-content\/uploads\/2025\/07\/08092806\/IMG_0110.jpeg","datePublished":"2025-07-08T08:33:25+00:00","dateModified":"2025-07-08T08:35:50+00:00","author":{"@id":"https:\/\/www.fondazionepirelli.org\/it\/#\/schema\/person\/f47d097000832c4a6e54538c791fdf25"},"breadcrumb":{"@id":"https:\/\/www.fondazionepirelli.org\/it\/cultura-dimpresa\/recensioni-libri\/la-dignita-delluomo-di-fronte-alle-macchine\/#breadcrumb"},"inLanguage":"it-IT","potentialAction":[{"@type":"ReadAction","target":["https:\/\/www.fondazionepirelli.org\/it\/cultura-dimpresa\/recensioni-libri\/la-dignita-delluomo-di-fronte-alle-macchine\/"]}]},{"@type":"ImageObject","inLanguage":"it-IT","@id":"https:\/\/www.fondazionepirelli.org\/it\/cultura-dimpresa\/recensioni-libri\/la-dignita-delluomo-di-fronte-alle-macchine\/#primaryimage","url":"https:\/\/wpsite-assets.fondazionepirelli.org\/wp-content\/uploads\/2025\/07\/08092806\/IMG_0110.jpeg","contentUrl":"https:\/\/wpsite-assets.fondazionepirelli.org\/wp-content\/uploads\/2025\/07\/08092806\/IMG_0110.jpeg","width":924,"height":1400},{"@type":"BreadcrumbList","@id":"https:\/\/www.fondazionepirelli.org\/it\/cultura-dimpresa\/recensioni-libri\/la-dignita-delluomo-di-fronte-alle-macchine\/#breadcrumb","itemListElement":[{"@type":"ListItem","position":1,"name":"Home","item":"https:\/\/www.fondazionepirelli.org\/it\/"},{"@type":"ListItem","position":2,"name":"La dignit\u00e0 dell\u2019uomo di fronte alle macchine"}]},{"@type":"WebSite","@id":"https:\/\/www.fondazionepirelli.org\/it\/#website","url":"https:\/\/www.fondazionepirelli.org\/it\/","name":"Fondazione Pirelli","description":"","potentialAction":[{"@type":"SearchAction","target":{"@type":"EntryPoint","urlTemplate":"https:\/\/www.fondazionepirelli.org\/it\/?s={search_term_string}"},"query-input":{"@type":"PropertyValueSpecification","valueRequired":true,"valueName":"search_term_string"}}],"inLanguage":"it-IT"},{"@type":"Person","@id":"https:\/\/www.fondazionepirelli.org\/it\/#\/schema\/person\/f47d097000832c4a6e54538c791fdf25","name":"fondadmin","image":{"@type":"ImageObject","inLanguage":"it-IT","@id":"https:\/\/www.fondazionepirelli.org\/it\/#\/schema\/person\/image\/","url":"https:\/\/secure.gravatar.com\/avatar\/e69498a9175ca244966e51e53c88712c024fcebe41f9a05f75657f1bb25e489b?s=96&d=mm&r=g","contentUrl":"https:\/\/secure.gravatar.com\/avatar\/e69498a9175ca244966e51e53c88712c024fcebe41f9a05f75657f1bb25e489b?s=96&d=mm&r=g","caption":"fondadmin"},"url":"https:\/\/www.fondazionepirelli.org\/it\/author\/fondadmin\/"}]}},"_links":{"self":[{"href":"https:\/\/www.fondazionepirelli.org\/it\/wp-json\/wp\/v2\/posts\/104493\/"}],"collection":[{"href":"https:\/\/www.fondazionepirelli.org\/it\/wp-json\/wp\/v2\/posts\/"}],"about":[{"href":"https:\/\/www.fondazionepirelli.org\/it\/wp-json\/wp\/v2\/types\/post\/"}],"author":[{"embeddable":true,"href":"https:\/\/www.fondazionepirelli.org\/it\/wp-json\/wp\/v2\/users\/1\/"}],"replies":[{"embeddable":true,"href":"https:\/\/www.fondazionepirelli.org\/it\/wp-json\/wp\/v2\/comments\/?post=104493"}],"version-history":[{"count":2,"href":"https:\/\/www.fondazionepirelli.org\/it\/wp-json\/wp\/v2\/posts\/104493\/revisions\/"}],"predecessor-version":[{"id":104503,"href":"https:\/\/www.fondazionepirelli.org\/it\/wp-json\/wp\/v2\/posts\/104493\/revisions\/104503\/"}],"wp:featuredmedia":[{"embeddable":true,"href":"https:\/\/www.fondazionepirelli.org\/it\/wp-json\/wp\/v2\/media\/104494\/"}],"wp:attachment":[{"href":"https:\/\/www.fondazionepirelli.org\/it\/wp-json\/wp\/v2\/media\/?parent=104493"}],"wp:term":[{"taxonomy":"category","embeddable":true,"href":"https:\/\/www.fondazionepirelli.org\/it\/wp-json\/wp\/v2\/categories\/?post=104493"},{"taxonomy":"post_tag","embeddable":true,"href":"https:\/\/www.fondazionepirelli.org\/it\/wp-json\/wp\/v2\/tags\/?post=104493"}],"curies":[{"name":"wp","href":"https:\/\/api.w.org\/{rel}","templated":true}]}}