{"id":104685,"date":"2025-07-29T09:16:16","date_gmt":"2025-07-29T08:16:16","guid":{"rendered":"https:\/\/www.fondazionepirelli.org\/?p=104685"},"modified":"2025-07-29T09:21:44","modified_gmt":"2025-07-29T08:21:44","slug":"racconti-di-lavoro-fabbriche-e-uffici","status":"publish","type":"post","link":"https:\/\/www.fondazionepirelli.org\/it\/cultura-dimpresa\/recensioni-libri\/racconti-di-lavoro-fabbriche-e-uffici\/","title":{"rendered":"Racconti di lavoro, fabbriche e uffici"},"content":{"rendered":"<p><em>Quando \u00e8 la letteratura a far parlare la cultura del produrre<\/em><\/p><p>Esseri umani e lavoro, uffici e fabbriche. Comunit\u00e0 fatte di fatiche e sogni, conflitti e speranze comuni. Cultura del produrre che si fa concretezza operosa. E voglia di benessere. E materia densa tutta da raccontare. E spesso, molto spesso, cos\u00ec \u00e8 stato nella storia della letteratura e pure nell\u2019odierna letteratura. \u00c8 importante, ogni tanto, andare (o tornare) ad alcuni degli innumerevoli esempi di racconti di lavoro e impresa di cui proprio la letteratura \u00e8 zeppa: magari per rileggerli oppure per leggerli la prima volta.<\/p>\n<p>Cos\u00ec, \u00e8 possibile leggere <u>\u201cGli impiegati\u201d<\/u> (del 1844 ma ancora per certi versi attuale e comunque tutto da leggere) scritto da Honor\u00e9 de Balzac che descrive con impietosa arguzia il mondo degli uffici del tempo (che assomiglia per molti aspetti a quello di oggi). Xavier\u00a0Rabourdin, il protagonista, lavora in uno \u201cstanzone\u201d, quello che oggi potrebbe essere indicato come <em>open<\/em> <em>space, <\/em>e combatte ogni giorno per far carriera cos\u00ec come combattono, tutto sommato in un ambiente ben diverso i protagonisti di <em>Hard Times for These Times <\/em>(\u201c<u>Tempi difficili<\/u>\u201d) di Charles Dickens che descrive senza mezzi termini fabbriche e rapporti di lavoro nei primi tempi della Rivoluzione industriale inglese. Dickens aveva vissuto (seppur per un breve tempo) la fabbrica ed era poi diventato giornalista parlamentare: unisce la capacit\u00e0 di raccontare con quella di vedere. Senza mezzi termini, appunto. Ad iniziare dai luoghi e dai personaggi. \u201cA<em> Coketown \u00a0&#8211; scrive Dickens &#8211; gli stantuffi delle macchine a vapore si alzavano e si abbassavano con moto regolare e incessante (\u2026).C\u2019erano tante strade larghe, tutte uguali fra loro, e tante strade strette ancora pi\u00f9 uguali fra loro; ci abitavano persone altrettanto uguali fra loro, che entravano e uscivano tutte alla stessa ora, facendo lo stesso scalpiccio sul selciato, per svolgere lo stesso lavoro; persone per le quali l\u2019oggi era uguale all\u2019ieri e al domani, e ogni anno era la replica di quello passato e di quello a venire\u201d. <\/em><\/p>\n<p><em>Gi\u00e0 la fabbrica come luogo di conflitto (ma anche di riscossa) e di confronto, cos\u00ec come di alienazione. Che \u00e8 ci\u00f2 che accade al protagonista di una novella (\u201c<u>Il treno ha fischiato\u2026<\/u>\u201d) del 1925 di Luigi Pirandello che racconta di <\/em>Belluca, un computista esempio di impiegato che passa la sua vita tra un ufficio amministrativo, dov\u2019\u00e8 anche bistrattato dai colleghi, e una famiglia che deve accudire e dalla quale non trae nulla di positivo. Belluca alla fine impazzisce.<\/p>\n<p>Lavoro e impresa come ambiti di esclusiva fatica e alienazione? \u00c8 evidente che non \u00e8 cos\u00ec, anche se spesso sono stati questi aspetti ad essere pi\u00f9 colti dalla letteratura. Uno esempio contrario basta per tutti, quello di Primo Levi che nel suo \u201c<u>La chiave a stella<\/u>\u201d dice s\u00ec della fatica del lavoro e della fabbrica ma anche della sua bellezza. Levi \u2013 scrittore, chimico, uomo di lettere e di scienze, testimone dell\u2019Olocausto ma anche, appunto, del lavoro d\u2019impresa -, racconta di un particolare aspetto della felicit\u00e0 umana in uno dei passi pi\u00f9 conosciuti della sua opera. \u201cSe si escludono \u2013 scrive -, istanti prodigiosi e singoli che il destino ci pu\u00f2 donare, l\u2019amare il proprio lavoro (che purtroppo \u00e8 un privilegio di pochi) costituisce la migliore approssimazione concreta alla felicit\u00e0 sulla Terra. Ma questa \u00e8 una verit\u00e0 che non molti conoscono\u201d.<\/p><p><strong>Gli impiegati<\/strong><\/p>\n<p>Balzac de Honor\u00e9<\/p>\n<p>Garzanti, 1996<\/p><p><strong>Tempi difficili<\/strong><\/p>\n<p>Dickens Charles<\/p>\n<p>Feltrinelli, 2015<\/p><p><strong>Il treno ha fischiato\u2026<\/strong><\/p>\n<p>in, \u201cNovelle per un anno. L\u2019uomo solo\u201d<\/p>\n<p>Pirandello Luigi<\/p>\n<p>Mondadori (edizioni varie)<\/p><p><strong>La chiave a stella<\/strong><\/p>\n<p>Levi Primo<\/p>\n<p>Einaudi (edizioni varie)<\/p>","protected":false},"excerpt":{"rendered":"<p>Quando \u00e8 la letteratura a far parlare la cultura del produrreEsseri umani e lavoro, uffici e fabbriche. Comunit\u00e0 fatte di fatiche e sogni, conflitti e speranze comuni. Cultura del produrre che si fa concretezza operosa. E voglia di benessere. E materia densa tutta da raccontare. E spesso, molto spesso, cos\u00ec \u00e8 stato nella storia della [&hellip;]<\/p>\n","protected":false},"author":1,"featured_media":104686,"comment_status":"open","ping_status":"open","sticky":false,"template":"","format":"standard","meta":{"footnotes":""},"categories":[52,58],"tags":[],"class_list":["post-104685","post","type-post","status-publish","format-standard","has-post-thumbnail","hentry","category-cultura-dimpresa","category-recensioni-libri"],"acf":[],"yoast_head":"<!-- This site is optimized with the Yoast SEO plugin v25.0 - https:\/\/yoast.com\/wordpress\/plugins\/seo\/ -->\n<title>Racconti di lavoro, fabbriche e uffici - Fondazione Pirelli<\/title>\n<meta name=\"robots\" content=\"index, follow, max-snippet:-1, max-image-preview:large, max-video-preview:-1\" \/>\n<link rel=\"canonical\" href=\"https:\/\/www.fondazionepirelli.org\/it\/cultura-dimpresa\/recensioni-libri\/racconti-di-lavoro-fabbriche-e-uffici\/\" \/>\n<meta property=\"og:locale\" content=\"it_IT\" \/>\n<meta property=\"og:type\" content=\"article\" \/>\n<meta property=\"og:title\" content=\"Racconti di lavoro, fabbriche e uffici - Fondazione Pirelli\" \/>\n<meta property=\"og:description\" content=\"Quando \u00e8 la letteratura a far parlare la cultura del produrreEsseri umani e lavoro, uffici e fabbriche. Comunit\u00e0 fatte di fatiche e sogni, conflitti e speranze comuni. Cultura del produrre che si fa concretezza operosa. E voglia di benessere. E materia densa tutta da raccontare. E spesso, molto spesso, cos\u00ec \u00e8 stato nella storia della [&hellip;]\" \/>\n<meta property=\"og:url\" content=\"https:\/\/www.fondazionepirelli.org\/it\/cultura-dimpresa\/recensioni-libri\/racconti-di-lavoro-fabbriche-e-uffici\/\" \/>\n<meta property=\"og:site_name\" content=\"Fondazione Pirelli\" \/>\n<meta property=\"article:published_time\" content=\"2025-07-29T08:16:16+00:00\" \/>\n<meta property=\"article:modified_time\" content=\"2025-07-29T08:21:44+00:00\" \/>\n<meta property=\"og:image\" content=\"https:\/\/wpsite-assets.fondazionepirelli.org\/wp-content\/uploads\/2025\/07\/29091409\/61M-2JRbhOL._SY522_.jpg\" \/>\n\t<meta property=\"og:image:width\" content=\"319\" \/>\n\t<meta property=\"og:image:height\" content=\"522\" \/>\n\t<meta property=\"og:image:type\" content=\"image\/jpeg\" \/>\n<meta name=\"author\" content=\"fondadmin\" \/>\n<meta name=\"twitter:card\" content=\"summary_large_image\" \/>\n<meta name=\"twitter:label1\" content=\"Scritto da\" \/>\n\t<meta name=\"twitter:data1\" content=\"fondadmin\" \/>\n\t<meta name=\"twitter:label2\" content=\"Tempo di lettura stimato\" \/>\n\t<meta name=\"twitter:data2\" content=\"4 minuti\" \/>\n<script type=\"application\/ld+json\" class=\"yoast-schema-graph\">{\"@context\":\"https:\/\/schema.org\",\"@graph\":[{\"@type\":\"WebPage\",\"@id\":\"https:\/\/www.fondazionepirelli.org\/it\/cultura-dimpresa\/recensioni-libri\/racconti-di-lavoro-fabbriche-e-uffici\/\",\"url\":\"https:\/\/www.fondazionepirelli.org\/it\/cultura-dimpresa\/recensioni-libri\/racconti-di-lavoro-fabbriche-e-uffici\/\",\"name\":\"Racconti di lavoro, fabbriche e uffici - Fondazione Pirelli\",\"isPartOf\":{\"@id\":\"https:\/\/www.fondazionepirelli.org\/it\/#website\"},\"primaryImageOfPage\":{\"@id\":\"https:\/\/www.fondazionepirelli.org\/it\/cultura-dimpresa\/recensioni-libri\/racconti-di-lavoro-fabbriche-e-uffici\/#primaryimage\"},\"image\":{\"@id\":\"https:\/\/www.fondazionepirelli.org\/it\/cultura-dimpresa\/recensioni-libri\/racconti-di-lavoro-fabbriche-e-uffici\/#primaryimage\"},\"thumbnailUrl\":\"https:\/\/wpsite-assets.fondazionepirelli.org\/wp-content\/uploads\/2025\/07\/29091409\/61M-2JRbhOL._SY522_.jpg\",\"datePublished\":\"2025-07-29T08:16:16+00:00\",\"dateModified\":\"2025-07-29T08:21:44+00:00\",\"author\":{\"@id\":\"https:\/\/www.fondazionepirelli.org\/it\/#\/schema\/person\/f47d097000832c4a6e54538c791fdf25\"},\"breadcrumb\":{\"@id\":\"https:\/\/www.fondazionepirelli.org\/it\/cultura-dimpresa\/recensioni-libri\/racconti-di-lavoro-fabbriche-e-uffici\/#breadcrumb\"},\"inLanguage\":\"it-IT\",\"potentialAction\":[{\"@type\":\"ReadAction\",\"target\":[\"https:\/\/www.fondazionepirelli.org\/it\/cultura-dimpresa\/recensioni-libri\/racconti-di-lavoro-fabbriche-e-uffici\/\"]}]},{\"@type\":\"ImageObject\",\"inLanguage\":\"it-IT\",\"@id\":\"https:\/\/www.fondazionepirelli.org\/it\/cultura-dimpresa\/recensioni-libri\/racconti-di-lavoro-fabbriche-e-uffici\/#primaryimage\",\"url\":\"https:\/\/wpsite-assets.fondazionepirelli.org\/wp-content\/uploads\/2025\/07\/29091409\/61M-2JRbhOL._SY522_.jpg\",\"contentUrl\":\"https:\/\/wpsite-assets.fondazionepirelli.org\/wp-content\/uploads\/2025\/07\/29091409\/61M-2JRbhOL._SY522_.jpg\",\"width\":319,\"height\":522},{\"@type\":\"BreadcrumbList\",\"@id\":\"https:\/\/www.fondazionepirelli.org\/it\/cultura-dimpresa\/recensioni-libri\/racconti-di-lavoro-fabbriche-e-uffici\/#breadcrumb\",\"itemListElement\":[{\"@type\":\"ListItem\",\"position\":1,\"name\":\"Home\",\"item\":\"https:\/\/www.fondazionepirelli.org\/it\/\"},{\"@type\":\"ListItem\",\"position\":2,\"name\":\"Racconti di lavoro, fabbriche e uffici\"}]},{\"@type\":\"WebSite\",\"@id\":\"https:\/\/www.fondazionepirelli.org\/it\/#website\",\"url\":\"https:\/\/www.fondazionepirelli.org\/it\/\",\"name\":\"Fondazione Pirelli\",\"description\":\"\",\"potentialAction\":[{\"@type\":\"SearchAction\",\"target\":{\"@type\":\"EntryPoint\",\"urlTemplate\":\"https:\/\/www.fondazionepirelli.org\/it\/?s={search_term_string}\"},\"query-input\":{\"@type\":\"PropertyValueSpecification\",\"valueRequired\":true,\"valueName\":\"search_term_string\"}}],\"inLanguage\":\"it-IT\"},{\"@type\":\"Person\",\"@id\":\"https:\/\/www.fondazionepirelli.org\/it\/#\/schema\/person\/f47d097000832c4a6e54538c791fdf25\",\"name\":\"fondadmin\",\"image\":{\"@type\":\"ImageObject\",\"inLanguage\":\"it-IT\",\"@id\":\"https:\/\/www.fondazionepirelli.org\/it\/#\/schema\/person\/image\/\",\"url\":\"https:\/\/secure.gravatar.com\/avatar\/e69498a9175ca244966e51e53c88712c024fcebe41f9a05f75657f1bb25e489b?s=96&d=mm&r=g\",\"contentUrl\":\"https:\/\/secure.gravatar.com\/avatar\/e69498a9175ca244966e51e53c88712c024fcebe41f9a05f75657f1bb25e489b?s=96&d=mm&r=g\",\"caption\":\"fondadmin\"},\"url\":\"https:\/\/www.fondazionepirelli.org\/it\/author\/fondadmin\/\"}]}<\/script>\n<!-- \/ Yoast SEO plugin. -->","yoast_head_json":{"title":"Racconti di lavoro, fabbriche e uffici - Fondazione Pirelli","robots":{"index":"index","follow":"follow","max-snippet":"max-snippet:-1","max-image-preview":"max-image-preview:large","max-video-preview":"max-video-preview:-1"},"canonical":"https:\/\/www.fondazionepirelli.org\/it\/cultura-dimpresa\/recensioni-libri\/racconti-di-lavoro-fabbriche-e-uffici\/","og_locale":"it_IT","og_type":"article","og_title":"Racconti di lavoro, fabbriche e uffici - Fondazione Pirelli","og_description":"Quando \u00e8 la letteratura a far parlare la cultura del produrreEsseri umani e lavoro, uffici e fabbriche. Comunit\u00e0 fatte di fatiche e sogni, conflitti e speranze comuni. Cultura del produrre che si fa concretezza operosa. E voglia di benessere. E materia densa tutta da raccontare. E spesso, molto spesso, cos\u00ec \u00e8 stato nella storia della [&hellip;]","og_url":"https:\/\/www.fondazionepirelli.org\/it\/cultura-dimpresa\/recensioni-libri\/racconti-di-lavoro-fabbriche-e-uffici\/","og_site_name":"Fondazione Pirelli","article_published_time":"2025-07-29T08:16:16+00:00","article_modified_time":"2025-07-29T08:21:44+00:00","og_image":[{"width":319,"height":522,"url":"https:\/\/wpsite-assets.fondazionepirelli.org\/wp-content\/uploads\/2025\/07\/29091409\/61M-2JRbhOL._SY522_.jpg","type":"image\/jpeg"}],"author":"fondadmin","twitter_card":"summary_large_image","twitter_misc":{"Scritto da":"fondadmin","Tempo di lettura stimato":"4 minuti"},"schema":{"@context":"https:\/\/schema.org","@graph":[{"@type":"WebPage","@id":"https:\/\/www.fondazionepirelli.org\/it\/cultura-dimpresa\/recensioni-libri\/racconti-di-lavoro-fabbriche-e-uffici\/","url":"https:\/\/www.fondazionepirelli.org\/it\/cultura-dimpresa\/recensioni-libri\/racconti-di-lavoro-fabbriche-e-uffici\/","name":"Racconti di lavoro, fabbriche e uffici - Fondazione Pirelli","isPartOf":{"@id":"https:\/\/www.fondazionepirelli.org\/it\/#website"},"primaryImageOfPage":{"@id":"https:\/\/www.fondazionepirelli.org\/it\/cultura-dimpresa\/recensioni-libri\/racconti-di-lavoro-fabbriche-e-uffici\/#primaryimage"},"image":{"@id":"https:\/\/www.fondazionepirelli.org\/it\/cultura-dimpresa\/recensioni-libri\/racconti-di-lavoro-fabbriche-e-uffici\/#primaryimage"},"thumbnailUrl":"https:\/\/wpsite-assets.fondazionepirelli.org\/wp-content\/uploads\/2025\/07\/29091409\/61M-2JRbhOL._SY522_.jpg","datePublished":"2025-07-29T08:16:16+00:00","dateModified":"2025-07-29T08:21:44+00:00","author":{"@id":"https:\/\/www.fondazionepirelli.org\/it\/#\/schema\/person\/f47d097000832c4a6e54538c791fdf25"},"breadcrumb":{"@id":"https:\/\/www.fondazionepirelli.org\/it\/cultura-dimpresa\/recensioni-libri\/racconti-di-lavoro-fabbriche-e-uffici\/#breadcrumb"},"inLanguage":"it-IT","potentialAction":[{"@type":"ReadAction","target":["https:\/\/www.fondazionepirelli.org\/it\/cultura-dimpresa\/recensioni-libri\/racconti-di-lavoro-fabbriche-e-uffici\/"]}]},{"@type":"ImageObject","inLanguage":"it-IT","@id":"https:\/\/www.fondazionepirelli.org\/it\/cultura-dimpresa\/recensioni-libri\/racconti-di-lavoro-fabbriche-e-uffici\/#primaryimage","url":"https:\/\/wpsite-assets.fondazionepirelli.org\/wp-content\/uploads\/2025\/07\/29091409\/61M-2JRbhOL._SY522_.jpg","contentUrl":"https:\/\/wpsite-assets.fondazionepirelli.org\/wp-content\/uploads\/2025\/07\/29091409\/61M-2JRbhOL._SY522_.jpg","width":319,"height":522},{"@type":"BreadcrumbList","@id":"https:\/\/www.fondazionepirelli.org\/it\/cultura-dimpresa\/recensioni-libri\/racconti-di-lavoro-fabbriche-e-uffici\/#breadcrumb","itemListElement":[{"@type":"ListItem","position":1,"name":"Home","item":"https:\/\/www.fondazionepirelli.org\/it\/"},{"@type":"ListItem","position":2,"name":"Racconti di lavoro, fabbriche e uffici"}]},{"@type":"WebSite","@id":"https:\/\/www.fondazionepirelli.org\/it\/#website","url":"https:\/\/www.fondazionepirelli.org\/it\/","name":"Fondazione Pirelli","description":"","potentialAction":[{"@type":"SearchAction","target":{"@type":"EntryPoint","urlTemplate":"https:\/\/www.fondazionepirelli.org\/it\/?s={search_term_string}"},"query-input":{"@type":"PropertyValueSpecification","valueRequired":true,"valueName":"search_term_string"}}],"inLanguage":"it-IT"},{"@type":"Person","@id":"https:\/\/www.fondazionepirelli.org\/it\/#\/schema\/person\/f47d097000832c4a6e54538c791fdf25","name":"fondadmin","image":{"@type":"ImageObject","inLanguage":"it-IT","@id":"https:\/\/www.fondazionepirelli.org\/it\/#\/schema\/person\/image\/","url":"https:\/\/secure.gravatar.com\/avatar\/e69498a9175ca244966e51e53c88712c024fcebe41f9a05f75657f1bb25e489b?s=96&d=mm&r=g","contentUrl":"https:\/\/secure.gravatar.com\/avatar\/e69498a9175ca244966e51e53c88712c024fcebe41f9a05f75657f1bb25e489b?s=96&d=mm&r=g","caption":"fondadmin"},"url":"https:\/\/www.fondazionepirelli.org\/it\/author\/fondadmin\/"}]}},"_links":{"self":[{"href":"https:\/\/www.fondazionepirelli.org\/it\/wp-json\/wp\/v2\/posts\/104685\/"}],"collection":[{"href":"https:\/\/www.fondazionepirelli.org\/it\/wp-json\/wp\/v2\/posts\/"}],"about":[{"href":"https:\/\/www.fondazionepirelli.org\/it\/wp-json\/wp\/v2\/types\/post\/"}],"author":[{"embeddable":true,"href":"https:\/\/www.fondazionepirelli.org\/it\/wp-json\/wp\/v2\/users\/1\/"}],"replies":[{"embeddable":true,"href":"https:\/\/www.fondazionepirelli.org\/it\/wp-json\/wp\/v2\/comments\/?post=104685"}],"version-history":[{"count":1,"href":"https:\/\/www.fondazionepirelli.org\/it\/wp-json\/wp\/v2\/posts\/104685\/revisions\/"}],"predecessor-version":[{"id":104694,"href":"https:\/\/www.fondazionepirelli.org\/it\/wp-json\/wp\/v2\/posts\/104685\/revisions\/104694\/"}],"wp:featuredmedia":[{"embeddable":true,"href":"https:\/\/www.fondazionepirelli.org\/it\/wp-json\/wp\/v2\/media\/104686\/"}],"wp:attachment":[{"href":"https:\/\/www.fondazionepirelli.org\/it\/wp-json\/wp\/v2\/media\/?parent=104685"}],"wp:term":[{"taxonomy":"category","embeddable":true,"href":"https:\/\/www.fondazionepirelli.org\/it\/wp-json\/wp\/v2\/categories\/?post=104685"},{"taxonomy":"post_tag","embeddable":true,"href":"https:\/\/www.fondazionepirelli.org\/it\/wp-json\/wp\/v2\/tags\/?post=104685"}],"curies":[{"name":"wp","href":"https:\/\/api.w.org\/{rel}","templated":true}]}}