{"id":104878,"date":"2025-09-02T11:14:12","date_gmt":"2025-09-02T10:14:12","guid":{"rendered":"https:\/\/www.fondazionepirelli.org\/?p=104878"},"modified":"2025-09-02T11:14:12","modified_gmt":"2025-09-02T10:14:12","slug":"crescita-delleconomia-italiana-questione-di-cultura-dimpresa","status":"publish","type":"post","link":"https:\/\/www.fondazionepirelli.org\/it\/cultura-dimpresa\/approfondimenti\/crescita-delleconomia-italiana-questione-di-cultura-dimpresa\/","title":{"rendered":"Crescita dell\u2019economia italiana, questione di cultura d\u2019impresa"},"content":{"rendered":"<p><em>Una analisi di Banca d\u2019Italia dimostra l\u2019espansione delle imprese ma anche la sua disomogeneit\u00e0<\/em><\/p>\n<p><strong>\u00a0<\/strong><\/p>\n<p>L\u2019economia italiana, a dispetto dei pessimisti, \u00e8 cresciuta nonostante tutto. Lo dicono i dati e le analisi di Banca d\u2019Italia in un documento di ricerca da poco pubblicato. Questione di produttivit\u00e0 e di \u201cintelligenza industriale\u201d, che, tuttavia, non nascondono problemi che vanno affrontati. E che hanno la loro base nella necessit\u00e0 di diffondere una cultura d\u2019impresa che, spesso, \u00e8 ancora per pochi.<\/p>\n<p>\u201cLe recenti dinamiche della produttivit\u00e0 e le trasformazioni del sistema produttivo\u201d \u00e8 un ricerca ospitata dagli Occasional Papers della serie \u201cQuestioni di Economia e Finanza\u201d e condotta da un folto gruppo di economisti dell\u2019Istituto Centrale. L\u2019indagine prende le mosse da una constatazione: \u201cTra il 2019 e il 2024, nonostante gli shock legati alla crisi pandemica, alla crisi energetica e alle tensioni geopolitiche, il tasso di crescita del PIL \u00e8 stato del 5,6 per cento, in lieve accelerazione rispetto al quinquennio precedente (5,1 per cento) e superiore a quello dell\u2019area dell\u2019euro (4,8 per cento). L\u2019espansione dei livelli di attivit\u00e0 \u00e8 stata pi\u00f9 marcata nel settore privato, con una crescita del valore aggiunto prossima al 10 per cento. L\u2019incremento dei livelli di attivit\u00e0 ha beneficiato in misura significativa di generose politiche fiscali, ma ha perso slancio nell\u2019ultimo biennio\u201d. L\u2019espansione ha riguardato soprattutto le costruzioni e i servizi, mentre la manifattura ha rallentato. E\u2019 cresciuta, inoltre, l\u2019occupazione mentre la produttivit\u00e0 si \u00e8 mostrata pi\u00f9 debole ed in calo negli ultimi due anni. Questi i dati di base che la squadra di economisti di Banca d\u2019Italia ha cercato di comprendere a fondo.<\/p>\n<p>Nel tessuto produttivo \u2013 \u00e8 stata una delle conclusioni dell\u2019indagine \u2013 \u00e8 stato registrato un aumento della dimensione media delle imprese, della loro redditivit\u00e0 e della loro propensione ad investire. Detto in altro modo, una buona parte degli imprenditori italiano ha cercato di rispondere alle difficolt\u00e0 riallocando le risorse, investendo e cercando di accrescere l\u2019efficienza produttiva. Il problema che si \u00e8 delineato, non \u00e8 per\u00f2 da poco. \u00c8 aumentato, infatti, il divario tra le imprese migliori e il resto del tessuto produttivo. Detto in altri termini, \u00e8 vero che l\u2019economia italiana \u00e8 cresciuta, ma in modo non omogeneo, lasciando indietro molte aziende.<\/p>\n<p>Ma quindi che fare? La ricerca spiega: \u201cPer colmare il ritardo di produttivit\u00e0 rispetto ai principali paesi europei, e a fronte dei recenti segnali di indebolimento, il tessuto produttivo dovr\u00e0 rafforzarsi in maniera pi\u00f9 diffusa e sar\u00e0 cruciale promuovere una pi\u00f9 ampia adozione di tecnologie avanzate\u201d. Che, in sintesi, significa accelerare proprio nella diffusione di quella migliore cultura d\u2019impresa che ha spinto per\u00f2 solo una parte delle aziende a rinnovarsi. Sfida di non poco conto, ma sfida da affrontare.<\/p><p><a href=\"https:\/\/wpsite-assets.fondazionepirelli.org\/wp-content\/uploads\/2025\/09\/02111353\/QEF_953.pdf\"><strong>Le recenti dinamiche della produttivit\u00e0 e le trasformazioni del sistema produttivo<\/strong><\/a><\/p>\n<p>Antonio Accetturo, Audinga Baltrunaite, Emanuele Ciani, Federico Cingano, Federica Daniele, Roberta De Luca, Irene Di Marzio, Rosalia Greco, Andrea Linarello, Francesco Manaresi e Sauro Mocetti<\/p>\n<p>Banca d\u2019Italia, Questioni di Economia e Finanza (Occasional Papers), numero 953 \u2013 Luglio 2025<\/p>\n","protected":false},"excerpt":{"rendered":"<p>Una analisi di Banca d\u2019Italia dimostra l\u2019espansione delle imprese ma anche la sua disomogeneit\u00e0 \u00a0 L\u2019economia italiana, a dispetto dei pessimisti, \u00e8 cresciuta nonostante tutto. Lo dicono i dati e le analisi di Banca d\u2019Italia in un documento di ricerca da poco pubblicato. Questione di produttivit\u00e0 e di \u201cintelligenza industriale\u201d, che, tuttavia, non nascondono problemi [&hellip;]<\/p>\n","protected":false},"author":1,"featured_media":0,"comment_status":"open","ping_status":"open","sticky":false,"template":"","format":"standard","meta":{"footnotes":""},"categories":[54,52],"tags":[],"class_list":["post-104878","post","type-post","status-publish","format-standard","hentry","category-approfondimenti","category-cultura-dimpresa"],"acf":[],"yoast_head":"<!-- This site is optimized with the Yoast SEO plugin v25.0 - https:\/\/yoast.com\/wordpress\/plugins\/seo\/ -->\n<title>Crescita dell\u2019economia italiana, questione di cultura d\u2019impresa - Fondazione Pirelli<\/title>\n<meta name=\"robots\" content=\"index, follow, max-snippet:-1, max-image-preview:large, max-video-preview:-1\" \/>\n<link rel=\"canonical\" href=\"https:\/\/www.fondazionepirelli.org\/it\/cultura-dimpresa\/approfondimenti\/crescita-delleconomia-italiana-questione-di-cultura-dimpresa\/\" \/>\n<meta property=\"og:locale\" content=\"it_IT\" \/>\n<meta property=\"og:type\" content=\"article\" \/>\n<meta property=\"og:title\" content=\"Crescita dell\u2019economia italiana, questione di cultura d\u2019impresa - Fondazione Pirelli\" \/>\n<meta property=\"og:description\" content=\"Una analisi di Banca d\u2019Italia dimostra l\u2019espansione delle imprese ma anche la sua disomogeneit\u00e0 \u00a0 L\u2019economia italiana, a dispetto dei pessimisti, \u00e8 cresciuta nonostante tutto. Lo dicono i dati e le analisi di Banca d\u2019Italia in un documento di ricerca da poco pubblicato. Questione di produttivit\u00e0 e di \u201cintelligenza industriale\u201d, che, tuttavia, non nascondono problemi [&hellip;]\" \/>\n<meta property=\"og:url\" content=\"https:\/\/www.fondazionepirelli.org\/it\/cultura-dimpresa\/approfondimenti\/crescita-delleconomia-italiana-questione-di-cultura-dimpresa\/\" \/>\n<meta property=\"og:site_name\" content=\"Fondazione Pirelli\" \/>\n<meta property=\"article:published_time\" content=\"2025-09-02T10:14:12+00:00\" \/>\n<meta name=\"author\" content=\"fondadmin\" \/>\n<meta name=\"twitter:card\" content=\"summary_large_image\" \/>\n<meta name=\"twitter:label1\" content=\"Scritto da\" \/>\n\t<meta name=\"twitter:data1\" content=\"fondadmin\" \/>\n\t<meta name=\"twitter:label2\" content=\"Tempo di lettura stimato\" \/>\n\t<meta name=\"twitter:data2\" content=\"3 minuti\" \/>\n<script type=\"application\/ld+json\" class=\"yoast-schema-graph\">{\"@context\":\"https:\/\/schema.org\",\"@graph\":[{\"@type\":\"WebPage\",\"@id\":\"https:\/\/www.fondazionepirelli.org\/it\/cultura-dimpresa\/approfondimenti\/crescita-delleconomia-italiana-questione-di-cultura-dimpresa\/\",\"url\":\"https:\/\/www.fondazionepirelli.org\/it\/cultura-dimpresa\/approfondimenti\/crescita-delleconomia-italiana-questione-di-cultura-dimpresa\/\",\"name\":\"Crescita dell\u2019economia italiana, questione di cultura d\u2019impresa - Fondazione Pirelli\",\"isPartOf\":{\"@id\":\"https:\/\/www.fondazionepirelli.org\/it\/#website\"},\"datePublished\":\"2025-09-02T10:14:12+00:00\",\"author\":{\"@id\":\"https:\/\/www.fondazionepirelli.org\/it\/#\/schema\/person\/f47d097000832c4a6e54538c791fdf25\"},\"breadcrumb\":{\"@id\":\"https:\/\/www.fondazionepirelli.org\/it\/cultura-dimpresa\/approfondimenti\/crescita-delleconomia-italiana-questione-di-cultura-dimpresa\/#breadcrumb\"},\"inLanguage\":\"it-IT\",\"potentialAction\":[{\"@type\":\"ReadAction\",\"target\":[\"https:\/\/www.fondazionepirelli.org\/it\/cultura-dimpresa\/approfondimenti\/crescita-delleconomia-italiana-questione-di-cultura-dimpresa\/\"]}]},{\"@type\":\"BreadcrumbList\",\"@id\":\"https:\/\/www.fondazionepirelli.org\/it\/cultura-dimpresa\/approfondimenti\/crescita-delleconomia-italiana-questione-di-cultura-dimpresa\/#breadcrumb\",\"itemListElement\":[{\"@type\":\"ListItem\",\"position\":1,\"name\":\"Home\",\"item\":\"https:\/\/www.fondazionepirelli.org\/it\/\"},{\"@type\":\"ListItem\",\"position\":2,\"name\":\"Crescita dell\u2019economia italiana, questione di cultura d\u2019impresa\"}]},{\"@type\":\"WebSite\",\"@id\":\"https:\/\/www.fondazionepirelli.org\/it\/#website\",\"url\":\"https:\/\/www.fondazionepirelli.org\/it\/\",\"name\":\"Fondazione Pirelli\",\"description\":\"\",\"potentialAction\":[{\"@type\":\"SearchAction\",\"target\":{\"@type\":\"EntryPoint\",\"urlTemplate\":\"https:\/\/www.fondazionepirelli.org\/it\/?s={search_term_string}\"},\"query-input\":{\"@type\":\"PropertyValueSpecification\",\"valueRequired\":true,\"valueName\":\"search_term_string\"}}],\"inLanguage\":\"it-IT\"},{\"@type\":\"Person\",\"@id\":\"https:\/\/www.fondazionepirelli.org\/it\/#\/schema\/person\/f47d097000832c4a6e54538c791fdf25\",\"name\":\"fondadmin\",\"image\":{\"@type\":\"ImageObject\",\"inLanguage\":\"it-IT\",\"@id\":\"https:\/\/www.fondazionepirelli.org\/it\/#\/schema\/person\/image\/\",\"url\":\"https:\/\/secure.gravatar.com\/avatar\/e69498a9175ca244966e51e53c88712c024fcebe41f9a05f75657f1bb25e489b?s=96&d=mm&r=g\",\"contentUrl\":\"https:\/\/secure.gravatar.com\/avatar\/e69498a9175ca244966e51e53c88712c024fcebe41f9a05f75657f1bb25e489b?s=96&d=mm&r=g\",\"caption\":\"fondadmin\"},\"url\":\"https:\/\/www.fondazionepirelli.org\/it\/author\/fondadmin\/\"}]}<\/script>\n<!-- \/ Yoast SEO plugin. -->","yoast_head_json":{"title":"Crescita dell\u2019economia italiana, questione di cultura d\u2019impresa - Fondazione Pirelli","robots":{"index":"index","follow":"follow","max-snippet":"max-snippet:-1","max-image-preview":"max-image-preview:large","max-video-preview":"max-video-preview:-1"},"canonical":"https:\/\/www.fondazionepirelli.org\/it\/cultura-dimpresa\/approfondimenti\/crescita-delleconomia-italiana-questione-di-cultura-dimpresa\/","og_locale":"it_IT","og_type":"article","og_title":"Crescita dell\u2019economia italiana, questione di cultura d\u2019impresa - Fondazione Pirelli","og_description":"Una analisi di Banca d\u2019Italia dimostra l\u2019espansione delle imprese ma anche la sua disomogeneit\u00e0 \u00a0 L\u2019economia italiana, a dispetto dei pessimisti, \u00e8 cresciuta nonostante tutto. Lo dicono i dati e le analisi di Banca d\u2019Italia in un documento di ricerca da poco pubblicato. Questione di produttivit\u00e0 e di \u201cintelligenza industriale\u201d, che, tuttavia, non nascondono problemi [&hellip;]","og_url":"https:\/\/www.fondazionepirelli.org\/it\/cultura-dimpresa\/approfondimenti\/crescita-delleconomia-italiana-questione-di-cultura-dimpresa\/","og_site_name":"Fondazione Pirelli","article_published_time":"2025-09-02T10:14:12+00:00","author":"fondadmin","twitter_card":"summary_large_image","twitter_misc":{"Scritto da":"fondadmin","Tempo di lettura stimato":"3 minuti"},"schema":{"@context":"https:\/\/schema.org","@graph":[{"@type":"WebPage","@id":"https:\/\/www.fondazionepirelli.org\/it\/cultura-dimpresa\/approfondimenti\/crescita-delleconomia-italiana-questione-di-cultura-dimpresa\/","url":"https:\/\/www.fondazionepirelli.org\/it\/cultura-dimpresa\/approfondimenti\/crescita-delleconomia-italiana-questione-di-cultura-dimpresa\/","name":"Crescita dell\u2019economia italiana, questione di cultura d\u2019impresa - Fondazione Pirelli","isPartOf":{"@id":"https:\/\/www.fondazionepirelli.org\/it\/#website"},"datePublished":"2025-09-02T10:14:12+00:00","author":{"@id":"https:\/\/www.fondazionepirelli.org\/it\/#\/schema\/person\/f47d097000832c4a6e54538c791fdf25"},"breadcrumb":{"@id":"https:\/\/www.fondazionepirelli.org\/it\/cultura-dimpresa\/approfondimenti\/crescita-delleconomia-italiana-questione-di-cultura-dimpresa\/#breadcrumb"},"inLanguage":"it-IT","potentialAction":[{"@type":"ReadAction","target":["https:\/\/www.fondazionepirelli.org\/it\/cultura-dimpresa\/approfondimenti\/crescita-delleconomia-italiana-questione-di-cultura-dimpresa\/"]}]},{"@type":"BreadcrumbList","@id":"https:\/\/www.fondazionepirelli.org\/it\/cultura-dimpresa\/approfondimenti\/crescita-delleconomia-italiana-questione-di-cultura-dimpresa\/#breadcrumb","itemListElement":[{"@type":"ListItem","position":1,"name":"Home","item":"https:\/\/www.fondazionepirelli.org\/it\/"},{"@type":"ListItem","position":2,"name":"Crescita dell\u2019economia italiana, questione di cultura d\u2019impresa"}]},{"@type":"WebSite","@id":"https:\/\/www.fondazionepirelli.org\/it\/#website","url":"https:\/\/www.fondazionepirelli.org\/it\/","name":"Fondazione Pirelli","description":"","potentialAction":[{"@type":"SearchAction","target":{"@type":"EntryPoint","urlTemplate":"https:\/\/www.fondazionepirelli.org\/it\/?s={search_term_string}"},"query-input":{"@type":"PropertyValueSpecification","valueRequired":true,"valueName":"search_term_string"}}],"inLanguage":"it-IT"},{"@type":"Person","@id":"https:\/\/www.fondazionepirelli.org\/it\/#\/schema\/person\/f47d097000832c4a6e54538c791fdf25","name":"fondadmin","image":{"@type":"ImageObject","inLanguage":"it-IT","@id":"https:\/\/www.fondazionepirelli.org\/it\/#\/schema\/person\/image\/","url":"https:\/\/secure.gravatar.com\/avatar\/e69498a9175ca244966e51e53c88712c024fcebe41f9a05f75657f1bb25e489b?s=96&d=mm&r=g","contentUrl":"https:\/\/secure.gravatar.com\/avatar\/e69498a9175ca244966e51e53c88712c024fcebe41f9a05f75657f1bb25e489b?s=96&d=mm&r=g","caption":"fondadmin"},"url":"https:\/\/www.fondazionepirelli.org\/it\/author\/fondadmin\/"}]}},"_links":{"self":[{"href":"https:\/\/www.fondazionepirelli.org\/it\/wp-json\/wp\/v2\/posts\/104878\/"}],"collection":[{"href":"https:\/\/www.fondazionepirelli.org\/it\/wp-json\/wp\/v2\/posts\/"}],"about":[{"href":"https:\/\/www.fondazionepirelli.org\/it\/wp-json\/wp\/v2\/types\/post\/"}],"author":[{"embeddable":true,"href":"https:\/\/www.fondazionepirelli.org\/it\/wp-json\/wp\/v2\/users\/1\/"}],"replies":[{"embeddable":true,"href":"https:\/\/www.fondazionepirelli.org\/it\/wp-json\/wp\/v2\/comments\/?post=104878"}],"version-history":[{"count":1,"href":"https:\/\/www.fondazionepirelli.org\/it\/wp-json\/wp\/v2\/posts\/104878\/revisions\/"}],"predecessor-version":[{"id":104881,"href":"https:\/\/www.fondazionepirelli.org\/it\/wp-json\/wp\/v2\/posts\/104878\/revisions\/104881\/"}],"wp:attachment":[{"href":"https:\/\/www.fondazionepirelli.org\/it\/wp-json\/wp\/v2\/media\/?parent=104878"}],"wp:term":[{"taxonomy":"category","embeddable":true,"href":"https:\/\/www.fondazionepirelli.org\/it\/wp-json\/wp\/v2\/categories\/?post=104878"},{"taxonomy":"post_tag","embeddable":true,"href":"https:\/\/www.fondazionepirelli.org\/it\/wp-json\/wp\/v2\/tags\/?post=104878"}],"curies":[{"name":"wp","href":"https:\/\/api.w.org\/{rel}","templated":true}]}}