{"id":104930,"date":"2025-09-09T08:47:04","date_gmt":"2025-09-09T07:47:04","guid":{"rendered":"https:\/\/www.fondazionepirelli.org\/?p=104930"},"modified":"2025-09-09T08:59:08","modified_gmt":"2025-09-09T07:59:08","slug":"siamo-storia-siamo-futuro-educare-al-futuro-attraverso-la-cultura-dimpresa","status":"publish","type":"post","link":"https:\/\/www.fondazionepirelli.org\/it\/education\/siamo-storia-siamo-futuro-educare-al-futuro-attraverso-la-cultura-dimpresa\/","title":{"rendered":"Siamo storia. Siamo futuro: educare al futuro attraverso la cultura d\u2019impresa"},"content":{"rendered":"<p>La scuola incontra l\u2019impresa, la storia ispira il futuro. \u00c8 con questo spirito che la Fondazione Pirelli ha ideato il nuovo programma <strong>Fondazione Pirelli Educational 2025\/2026<\/strong> rivolto alle scuole. Attraverso strumenti educativi pensati per stimolare spirito critico e creativit\u00e0, le attivit\u00e0 didattiche di quest\u2019anno racconteranno il mondo dell\u2019impresa come motore di <strong>innovazione, immaginazione e responsabilit\u00e0<\/strong>. Un viaggio tra passato, presente e futuro dell\u2019impresa per supportare la scuola nella formazione di studenti consapevoli.<\/p>\n<p>La Fondazione Pirelli custodisce importanti testimonianze della storia industriale, sociale e culturale italiana, con uno sguardo anche al panorama internazionale dove Pirelli \u00e8 presente fin dai primi anni del Novecento. Gli studenti, grazie ai percorsi didattici, si confronteranno con <strong>documenti, fotografie, filmati, disegni tecnici e pubblicit\u00e0<\/strong> per comprendere il valore delle esperienze del passato e trasformarle in fonti d\u2019ispirazione per la costruzione di nuove idee e progetti. Diventeranno cos\u00ec protagonisti di un racconto in evoluzione, che dal 1872 intreccia radici e visione, memoria e innovazione.<\/p>\n<p>I percorsi \u2013 articolati in uno o pi\u00f9 incontri interattivi online o in presenza presso la sede di Fondazione Pirelli, nel quartiere Bicocca di Milano \u2013 approfondiranno tematiche fortemente radicate nella storia aziendale, ma anche legate alle <strong>sfide del presente e del futuro<\/strong>.<\/p>\n<p>Un\u2019offerta didattica modulata ai diversi livelli scolastici e sulle esigenze delle singole classi: si parler\u00e0 di tecnologia, lavoro, mobilit\u00e0, sostenibilit\u00e0 ambientale e sociale, sicurezza stradale, trasformazioni urbane, cittadinanza attiva, sport e internazionalit\u00e0.<\/p>\n<p>Gli studenti delle <strong>scuole secondarie di II grado<\/strong> saranno chiamati a riflettere sull\u2019importanza esponenziale che i numeri e i dati hanno acquisito nella societ\u00e0 contemporanea, mentre quelli delle <strong>scuole secondarie di I grado<\/strong> ragioneranno sul lavoro di ricerca che alimenta ogni innovazione tecnologica e sulla crescente attenzione alla riduzione dell\u2019impatto ambientale anche nel mondo delle corse di velocit\u00e0. Scopriranno inoltre le storie di incontri tra personaggi del passato che, con intraprendenza, hanno dato vita a idee e progetti diventati celebri a livello mondiale. Le <strong>scuole primarie<\/strong> saranno invitate a immaginare citt\u00e0 pi\u00f9 belle, sicure e vivibili o scopriranno le propriet\u00e0 della gomma e i tanti materiali rinnovabili utilizzati nella produzione di pneumatici. Non mancheranno i percorsi dedicati all\u2019evoluzione della <strong>comunicazione visiva<\/strong>: i pi\u00f9 piccoli esploreranno l\u2019archivio storico alla ricerca di morbidi e divertenti animali in gomma scelti da grafici e designer per animare e dare significato alle pubblicit\u00e0 di prodotto; i pi\u00f9 grandi si cimenteranno con la comunicazione corporate e la creazione di un allestimento fieristico.<\/p>\n<p>Anche quest\u2019anno gli studenti maggiorenni avranno la possibilit\u00e0 di entrare nel cuore della ricerca e sviluppo Pirelli: visiteranno il <strong>Centro di Sperimentazione Pirelli di Milano Bicocca<\/strong>, dove i pneumatici vengono testati prima della produzione.<\/p>\n<p>Modellini, rendering, infografiche, racconti, dialoghi e pubblicit\u00e0 saranno gli strumenti con cui gli studenti daranno forma a progetti capaci di mettere in dialogo passato e presente.<\/p>\n","protected":false},"excerpt":{"rendered":"<p>La scuola incontra l\u2019impresa, la storia ispira il futuro. \u00c8 con questo spirito che la Fondazione Pirelli ha ideato il nuovo programma Fondazione Pirelli Educational 2025\/2026 rivolto alle scuole. Attraverso strumenti educativi pensati per stimolare spirito critico e creativit\u00e0, le attivit\u00e0 didattiche di quest\u2019anno racconteranno il mondo dell\u2019impresa come motore di innovazione, immaginazione e responsabilit\u00e0. [&hellip;]<\/p>\n","protected":false},"author":9,"featured_media":104931,"comment_status":"open","ping_status":"open","sticky":false,"template":"","format":"standard","meta":{"footnotes":""},"categories":[59,120],"tags":[],"class_list":["post-104930","post","type-post","status-publish","format-standard","has-post-thumbnail","hentry","category-education","category-fondazione-pirelli-educational"],"acf":[],"yoast_head":"<!-- This site is optimized with the Yoast SEO plugin v25.0 - https:\/\/yoast.com\/wordpress\/plugins\/seo\/ -->\n<title>Siamo storia. Siamo futuro: educare al futuro attraverso la cultura d\u2019impresa - Fondazione Pirelli<\/title>\n<meta name=\"robots\" content=\"index, follow, max-snippet:-1, max-image-preview:large, max-video-preview:-1\" \/>\n<link rel=\"canonical\" href=\"https:\/\/www.fondazionepirelli.org\/it\/education\/siamo-storia-siamo-futuro-educare-al-futuro-attraverso-la-cultura-dimpresa\/\" \/>\n<meta property=\"og:locale\" content=\"it_IT\" \/>\n<meta property=\"og:type\" content=\"article\" \/>\n<meta property=\"og:title\" content=\"Siamo storia. Siamo futuro: educare al futuro attraverso la cultura d\u2019impresa - Fondazione Pirelli\" \/>\n<meta property=\"og:description\" content=\"La scuola incontra l\u2019impresa, la storia ispira il futuro. \u00c8 con questo spirito che la Fondazione Pirelli ha ideato il nuovo programma Fondazione Pirelli Educational 2025\/2026 rivolto alle scuole. Attraverso strumenti educativi pensati per stimolare spirito critico e creativit\u00e0, le attivit\u00e0 didattiche di quest\u2019anno racconteranno il mondo dell\u2019impresa come motore di innovazione, immaginazione e responsabilit\u00e0. [&hellip;]\" \/>\n<meta property=\"og:url\" content=\"https:\/\/www.fondazionepirelli.org\/it\/education\/siamo-storia-siamo-futuro-educare-al-futuro-attraverso-la-cultura-dimpresa\/\" \/>\n<meta property=\"og:site_name\" content=\"Fondazione Pirelli\" \/>\n<meta property=\"article:published_time\" content=\"2025-09-09T07:47:04+00:00\" \/>\n<meta property=\"article:modified_time\" content=\"2025-09-09T07:59:08+00:00\" \/>\n<meta property=\"og:image\" content=\"https:\/\/wpsite-assets.fondazionepirelli.org\/wp-content\/uploads\/2025\/09\/09084452\/FP-EDU-2025_std_04-1-e1757404425809.jpg\" \/>\n\t<meta property=\"og:image:width\" content=\"1680\" \/>\n\t<meta property=\"og:image:height\" content=\"1070\" \/>\n\t<meta property=\"og:image:type\" content=\"image\/jpeg\" \/>\n<meta name=\"author\" content=\"fondazionepirelli\" \/>\n<meta name=\"twitter:card\" content=\"summary_large_image\" \/>\n<meta name=\"twitter:label1\" content=\"Scritto da\" \/>\n\t<meta name=\"twitter:data1\" content=\"fondazionepirelli\" \/>\n\t<meta name=\"twitter:label2\" content=\"Tempo di lettura stimato\" \/>\n\t<meta name=\"twitter:data2\" content=\"3 minuti\" \/>\n<script type=\"application\/ld+json\" class=\"yoast-schema-graph\">{\"@context\":\"https:\/\/schema.org\",\"@graph\":[{\"@type\":\"WebPage\",\"@id\":\"https:\/\/www.fondazionepirelli.org\/it\/education\/siamo-storia-siamo-futuro-educare-al-futuro-attraverso-la-cultura-dimpresa\/\",\"url\":\"https:\/\/www.fondazionepirelli.org\/it\/education\/siamo-storia-siamo-futuro-educare-al-futuro-attraverso-la-cultura-dimpresa\/\",\"name\":\"Siamo storia. Siamo futuro: educare al futuro attraverso la cultura d\u2019impresa - Fondazione Pirelli\",\"isPartOf\":{\"@id\":\"https:\/\/www.fondazionepirelli.org\/it\/#website\"},\"primaryImageOfPage\":{\"@id\":\"https:\/\/www.fondazionepirelli.org\/it\/education\/siamo-storia-siamo-futuro-educare-al-futuro-attraverso-la-cultura-dimpresa\/#primaryimage\"},\"image\":{\"@id\":\"https:\/\/www.fondazionepirelli.org\/it\/education\/siamo-storia-siamo-futuro-educare-al-futuro-attraverso-la-cultura-dimpresa\/#primaryimage\"},\"thumbnailUrl\":\"https:\/\/wpsite-assets.fondazionepirelli.org\/wp-content\/uploads\/2025\/09\/09084452\/FP-EDU-2025_std_04-1-e1757404425809.jpg\",\"datePublished\":\"2025-09-09T07:47:04+00:00\",\"dateModified\":\"2025-09-09T07:59:08+00:00\",\"author\":{\"@id\":\"https:\/\/www.fondazionepirelli.org\/it\/#\/schema\/person\/c31fcf5937a0e6afa45497f3f8b6d7a0\"},\"breadcrumb\":{\"@id\":\"https:\/\/www.fondazionepirelli.org\/it\/education\/siamo-storia-siamo-futuro-educare-al-futuro-attraverso-la-cultura-dimpresa\/#breadcrumb\"},\"inLanguage\":\"it-IT\",\"potentialAction\":[{\"@type\":\"ReadAction\",\"target\":[\"https:\/\/www.fondazionepirelli.org\/it\/education\/siamo-storia-siamo-futuro-educare-al-futuro-attraverso-la-cultura-dimpresa\/\"]}]},{\"@type\":\"ImageObject\",\"inLanguage\":\"it-IT\",\"@id\":\"https:\/\/www.fondazionepirelli.org\/it\/education\/siamo-storia-siamo-futuro-educare-al-futuro-attraverso-la-cultura-dimpresa\/#primaryimage\",\"url\":\"https:\/\/wpsite-assets.fondazionepirelli.org\/wp-content\/uploads\/2025\/09\/09084452\/FP-EDU-2025_std_04-1-e1757404425809.jpg\",\"contentUrl\":\"https:\/\/wpsite-assets.fondazionepirelli.org\/wp-content\/uploads\/2025\/09\/09084452\/FP-EDU-2025_std_04-1-e1757404425809.jpg\",\"width\":1680,\"height\":1070},{\"@type\":\"BreadcrumbList\",\"@id\":\"https:\/\/www.fondazionepirelli.org\/it\/education\/siamo-storia-siamo-futuro-educare-al-futuro-attraverso-la-cultura-dimpresa\/#breadcrumb\",\"itemListElement\":[{\"@type\":\"ListItem\",\"position\":1,\"name\":\"Home\",\"item\":\"https:\/\/www.fondazionepirelli.org\/it\/\"},{\"@type\":\"ListItem\",\"position\":2,\"name\":\"Siamo storia. Siamo futuro: educare al futuro attraverso la cultura d\u2019impresa\"}]},{\"@type\":\"WebSite\",\"@id\":\"https:\/\/www.fondazionepirelli.org\/it\/#website\",\"url\":\"https:\/\/www.fondazionepirelli.org\/it\/\",\"name\":\"Fondazione Pirelli\",\"description\":\"\",\"potentialAction\":[{\"@type\":\"SearchAction\",\"target\":{\"@type\":\"EntryPoint\",\"urlTemplate\":\"https:\/\/www.fondazionepirelli.org\/it\/?s={search_term_string}\"},\"query-input\":{\"@type\":\"PropertyValueSpecification\",\"valueRequired\":true,\"valueName\":\"search_term_string\"}}],\"inLanguage\":\"it-IT\"},{\"@type\":\"Person\",\"@id\":\"https:\/\/www.fondazionepirelli.org\/it\/#\/schema\/person\/c31fcf5937a0e6afa45497f3f8b6d7a0\",\"name\":\"fondazionepirelli\",\"image\":{\"@type\":\"ImageObject\",\"inLanguage\":\"it-IT\",\"@id\":\"https:\/\/www.fondazionepirelli.org\/it\/#\/schema\/person\/image\/\",\"url\":\"https:\/\/secure.gravatar.com\/avatar\/9cb486421ce1d6eddbf6c4fb66841b4325b786695f7aedf1dde2222428218696?s=96&d=mm&r=g\",\"contentUrl\":\"https:\/\/secure.gravatar.com\/avatar\/9cb486421ce1d6eddbf6c4fb66841b4325b786695f7aedf1dde2222428218696?s=96&d=mm&r=g\",\"caption\":\"fondazionepirelli\"},\"url\":\"https:\/\/www.fondazionepirelli.org\/it\/author\/fondazionepirelli\/\"}]}<\/script>\n<!-- \/ Yoast SEO plugin. -->","yoast_head_json":{"title":"Siamo storia. Siamo futuro: educare al futuro attraverso la cultura d\u2019impresa - Fondazione Pirelli","robots":{"index":"index","follow":"follow","max-snippet":"max-snippet:-1","max-image-preview":"max-image-preview:large","max-video-preview":"max-video-preview:-1"},"canonical":"https:\/\/www.fondazionepirelli.org\/it\/education\/siamo-storia-siamo-futuro-educare-al-futuro-attraverso-la-cultura-dimpresa\/","og_locale":"it_IT","og_type":"article","og_title":"Siamo storia. Siamo futuro: educare al futuro attraverso la cultura d\u2019impresa - Fondazione Pirelli","og_description":"La scuola incontra l\u2019impresa, la storia ispira il futuro. \u00c8 con questo spirito che la Fondazione Pirelli ha ideato il nuovo programma Fondazione Pirelli Educational 2025\/2026 rivolto alle scuole. Attraverso strumenti educativi pensati per stimolare spirito critico e creativit\u00e0, le attivit\u00e0 didattiche di quest\u2019anno racconteranno il mondo dell\u2019impresa come motore di innovazione, immaginazione e responsabilit\u00e0. [&hellip;]","og_url":"https:\/\/www.fondazionepirelli.org\/it\/education\/siamo-storia-siamo-futuro-educare-al-futuro-attraverso-la-cultura-dimpresa\/","og_site_name":"Fondazione Pirelli","article_published_time":"2025-09-09T07:47:04+00:00","article_modified_time":"2025-09-09T07:59:08+00:00","og_image":[{"width":1680,"height":1070,"url":"https:\/\/wpsite-assets.fondazionepirelli.org\/wp-content\/uploads\/2025\/09\/09084452\/FP-EDU-2025_std_04-1-e1757404425809.jpg","type":"image\/jpeg"}],"author":"fondazionepirelli","twitter_card":"summary_large_image","twitter_misc":{"Scritto da":"fondazionepirelli","Tempo di lettura stimato":"3 minuti"},"schema":{"@context":"https:\/\/schema.org","@graph":[{"@type":"WebPage","@id":"https:\/\/www.fondazionepirelli.org\/it\/education\/siamo-storia-siamo-futuro-educare-al-futuro-attraverso-la-cultura-dimpresa\/","url":"https:\/\/www.fondazionepirelli.org\/it\/education\/siamo-storia-siamo-futuro-educare-al-futuro-attraverso-la-cultura-dimpresa\/","name":"Siamo storia. Siamo futuro: educare al futuro attraverso la cultura d\u2019impresa - Fondazione Pirelli","isPartOf":{"@id":"https:\/\/www.fondazionepirelli.org\/it\/#website"},"primaryImageOfPage":{"@id":"https:\/\/www.fondazionepirelli.org\/it\/education\/siamo-storia-siamo-futuro-educare-al-futuro-attraverso-la-cultura-dimpresa\/#primaryimage"},"image":{"@id":"https:\/\/www.fondazionepirelli.org\/it\/education\/siamo-storia-siamo-futuro-educare-al-futuro-attraverso-la-cultura-dimpresa\/#primaryimage"},"thumbnailUrl":"https:\/\/wpsite-assets.fondazionepirelli.org\/wp-content\/uploads\/2025\/09\/09084452\/FP-EDU-2025_std_04-1-e1757404425809.jpg","datePublished":"2025-09-09T07:47:04+00:00","dateModified":"2025-09-09T07:59:08+00:00","author":{"@id":"https:\/\/www.fondazionepirelli.org\/it\/#\/schema\/person\/c31fcf5937a0e6afa45497f3f8b6d7a0"},"breadcrumb":{"@id":"https:\/\/www.fondazionepirelli.org\/it\/education\/siamo-storia-siamo-futuro-educare-al-futuro-attraverso-la-cultura-dimpresa\/#breadcrumb"},"inLanguage":"it-IT","potentialAction":[{"@type":"ReadAction","target":["https:\/\/www.fondazionepirelli.org\/it\/education\/siamo-storia-siamo-futuro-educare-al-futuro-attraverso-la-cultura-dimpresa\/"]}]},{"@type":"ImageObject","inLanguage":"it-IT","@id":"https:\/\/www.fondazionepirelli.org\/it\/education\/siamo-storia-siamo-futuro-educare-al-futuro-attraverso-la-cultura-dimpresa\/#primaryimage","url":"https:\/\/wpsite-assets.fondazionepirelli.org\/wp-content\/uploads\/2025\/09\/09084452\/FP-EDU-2025_std_04-1-e1757404425809.jpg","contentUrl":"https:\/\/wpsite-assets.fondazionepirelli.org\/wp-content\/uploads\/2025\/09\/09084452\/FP-EDU-2025_std_04-1-e1757404425809.jpg","width":1680,"height":1070},{"@type":"BreadcrumbList","@id":"https:\/\/www.fondazionepirelli.org\/it\/education\/siamo-storia-siamo-futuro-educare-al-futuro-attraverso-la-cultura-dimpresa\/#breadcrumb","itemListElement":[{"@type":"ListItem","position":1,"name":"Home","item":"https:\/\/www.fondazionepirelli.org\/it\/"},{"@type":"ListItem","position":2,"name":"Siamo storia. Siamo futuro: educare al futuro attraverso la cultura d\u2019impresa"}]},{"@type":"WebSite","@id":"https:\/\/www.fondazionepirelli.org\/it\/#website","url":"https:\/\/www.fondazionepirelli.org\/it\/","name":"Fondazione Pirelli","description":"","potentialAction":[{"@type":"SearchAction","target":{"@type":"EntryPoint","urlTemplate":"https:\/\/www.fondazionepirelli.org\/it\/?s={search_term_string}"},"query-input":{"@type":"PropertyValueSpecification","valueRequired":true,"valueName":"search_term_string"}}],"inLanguage":"it-IT"},{"@type":"Person","@id":"https:\/\/www.fondazionepirelli.org\/it\/#\/schema\/person\/c31fcf5937a0e6afa45497f3f8b6d7a0","name":"fondazionepirelli","image":{"@type":"ImageObject","inLanguage":"it-IT","@id":"https:\/\/www.fondazionepirelli.org\/it\/#\/schema\/person\/image\/","url":"https:\/\/secure.gravatar.com\/avatar\/9cb486421ce1d6eddbf6c4fb66841b4325b786695f7aedf1dde2222428218696?s=96&d=mm&r=g","contentUrl":"https:\/\/secure.gravatar.com\/avatar\/9cb486421ce1d6eddbf6c4fb66841b4325b786695f7aedf1dde2222428218696?s=96&d=mm&r=g","caption":"fondazionepirelli"},"url":"https:\/\/www.fondazionepirelli.org\/it\/author\/fondazionepirelli\/"}]}},"_links":{"self":[{"href":"https:\/\/www.fondazionepirelli.org\/it\/wp-json\/wp\/v2\/posts\/104930\/"}],"collection":[{"href":"https:\/\/www.fondazionepirelli.org\/it\/wp-json\/wp\/v2\/posts\/"}],"about":[{"href":"https:\/\/www.fondazionepirelli.org\/it\/wp-json\/wp\/v2\/types\/post\/"}],"author":[{"embeddable":true,"href":"https:\/\/www.fondazionepirelli.org\/it\/wp-json\/wp\/v2\/users\/9\/"}],"replies":[{"embeddable":true,"href":"https:\/\/www.fondazionepirelli.org\/it\/wp-json\/wp\/v2\/comments\/?post=104930"}],"version-history":[{"count":7,"href":"https:\/\/www.fondazionepirelli.org\/it\/wp-json\/wp\/v2\/posts\/104930\/revisions\/"}],"predecessor-version":[{"id":104939,"href":"https:\/\/www.fondazionepirelli.org\/it\/wp-json\/wp\/v2\/posts\/104930\/revisions\/104939\/"}],"wp:featuredmedia":[{"embeddable":true,"href":"https:\/\/www.fondazionepirelli.org\/it\/wp-json\/wp\/v2\/media\/104931\/"}],"wp:attachment":[{"href":"https:\/\/www.fondazionepirelli.org\/it\/wp-json\/wp\/v2\/media\/?parent=104930"}],"wp:term":[{"taxonomy":"category","embeddable":true,"href":"https:\/\/www.fondazionepirelli.org\/it\/wp-json\/wp\/v2\/categories\/?post=104930"},{"taxonomy":"post_tag","embeddable":true,"href":"https:\/\/www.fondazionepirelli.org\/it\/wp-json\/wp\/v2\/tags\/?post=104930"}],"curies":[{"name":"wp","href":"https:\/\/api.w.org\/{rel}","templated":true}]}}