{"id":105181,"date":"2025-09-16T10:12:07","date_gmt":"2025-09-16T09:12:07","guid":{"rendered":"https:\/\/www.fondazionepirelli.org\/?p=105181"},"modified":"2025-09-16T10:12:07","modified_gmt":"2025-09-16T09:12:07","slug":"compassi-doro-i-primati-italiani-nel-design-internazionale-confermano-vocazione-e-destino-di-grande-paese-industriale","status":"publish","type":"post","link":"https:\/\/www.fondazionepirelli.org\/it\/cultura-dimpresa\/blog\/compassi-doro-i-primati-italiani-nel-design-internazionale-confermano-vocazione-e-destino-di-grande-paese-industriale\/","title":{"rendered":"Compassi d\u2019Oro: i primati italiani nel design internazionale confermano vocazione e destino di grande paese industriale"},"content":{"rendered":"<p>Il punto di forza delle imprese italiane sta nella sintesi originale tra <strong>bellezza dei prodotti<\/strong> e <strong>sofisticata tecnologia<\/strong>, tra <strong>qualit\u00e0 e funzionalit\u00e0<\/strong>, tra <strong>innovazione e sostenibilit\u00e0 ambientale e sociale<\/strong>. E proprio in questa stagione segnata da una competizione internazionale particolarmente dura e selettiva (aggravata dalle drammatiche tensioni geopolitiche che destabilizzano i mercati e dai dazi americani), la risposta del nostro mondo industriale alle crisi sta nella ricerca dell\u2019eccellenza tecnica e nel rafforzamento dei valori etici ed estetici che ispirano la manifattura: il cosiddetto <strong>\u201cbello e ben fatto\u201d<\/strong> made in Italy.<\/p>\n<p>La conferma della forza competitiva di un simile orientamento arriva dall\u2019elenco dei <strong>venti vincitori<\/strong> dei <strong>Compassi d\u2019Oro internazionali<\/strong> e dei destinatari delle trentacinque menzioni speciali, un elenco annunciato, all\u2019inizio di settembre, dalla giuria presieduta da <strong>Maite Garc\u00eca Sanchis<\/strong>, nel <strong>Padiglione Italia dell\u2019Expo di Osaka<\/strong>, progettato da Mario Cucinella.<br \/>\nIl tema di quest\u2019anno del premio, nato nel 1954 per iniziativa di <strong>Gio Ponti<\/strong> e promosso dall\u2019<strong>Adi<\/strong>, l\u2019Associazione del Design Industriale e adesso legato alle scadenze delle Esposizioni Internazionali, era <strong>\u201cDesigning Future Society for our Lives\u201d<\/strong>. E tra i venti vincitori dei Compassi, dodici sono i prodotti di imprese italiane: <strong>Pirelli<\/strong>,<strong> Generali Italia<\/strong>,<strong> Kartell<\/strong>,<strong> Bonotto<\/strong>,<strong> Fratelli Guzzini <\/strong>e<strong> iGuzzini<\/strong>,<strong> Campagnolo, Caimi Brevetti, Martinelli Luce<\/strong>,<strong> Vimar<\/strong>,<strong> Vetreria Vistosi<\/strong>,<strong> Istituto Italiano di Tecnologia per il Centro Protesi dell\u2019Inail<\/strong>). Segno, appunto, di un\u2019eccellenza della <strong>cultura politecnica italiana<\/strong> (valori umanistici e conoscenze scientifiche) e di una capacit\u00e0 competitiva di respiro internazionale. La tenuta dell\u2019export italiano (oltre 620 miliardi), nonostante le turbolenze che investono le relazioni commerciali globali, ne \u00e8 esemplare testimonianza. Sono italiane anche la maggior parte delle imprese delle <strong>35 menzioni<\/strong> (come <strong>Irinox, Poliform, Archivi Olivetti, Fondazione Rovati, Mandelli 1953<\/strong>,<strong> Smeg, Elica, EssilorLuxottica<\/strong>, <strong>Venini<\/strong>, etc.).<\/p>\n<p>Cosa raccontano i prodotti premiati? Guardiamo meglio, cominciando con <strong>il pneumatico<\/strong> <strong>P Zero E<\/strong>, come eccellenza di <strong>\u201cDesign for the Mobility\u201d<\/strong>, costruito con gran parte dei materiali naturali o riciclati, una sintesi innovativa tra qualit\u00e0, prestazioni e sostenibilit\u00e0: \u201cIl primo pneumatico a ottenere un <strong>Compasso d\u2019Oro<\/strong>, un prestigioso riconoscimento che celebra l\u2019eccellenza progettuale di Pirelli e la portata innovativa di prodotti come il P Zero E, confermando il ruolo della ricerca e sviluppo come motore di progresso e sostenibilit\u00e0, grazie anche all\u2019impiego sempre pi\u00f9 capillare di tecniche avanzate di intelligenza artificiale in tutte le fasi dello sviluppo\u201d, commenta <strong>Piero Misani<\/strong>, <strong>Executive Vice President<\/strong> e <strong>Chief Technical Officer di Pirelli<\/strong>.<br \/>\nCi sono poi una ruota da bicicletta, una serie di tessuti sostenibili per il fashion luxury e di tessuti fonoassorbenti per gli ambienti di lavoro, i sistemi di illuminazione e le lampade e poi ancora le sedute ergonomiche, i proiettori urbani, una piattaforma digitale di servizi, un esoscheletro modulare. Ne emerge la rappresentazione delle capacit\u00e0 delle imprese italiane di mettere sui mercati prodotti e servizi particolarmente innovativi, in grado di dare risposte originali ed efficaci ai bisogni del vivere, dell\u2019abitare e del lavorare a misura di efficienza, benessere, qualit\u00e0 e di una migliore prospettiva di consumi che vada ben oltre il consumismo di massa e investa positivamente l\u2019ambiente e le comunit\u00e0 sociali. Imprese, insomma, a misura degli Stakeholders Values, i valori e gli interessi delle persone e dei territori con cui l\u2019industria entra in contatto e dal cui confronto ricava cultura e legittimazione sociale.<br \/>\nQualit\u00e0 e sostenibilit\u00e0, insomma, sono valori oramai incorporati nei sistemi produttivi e nei modelli di business dell\u2019 <strong>\u201cItalia che fa bene l\u2019Italia\u201d<\/strong>, per usare una sintesi cara a <strong>Symbola<\/strong>. E cio\u00e8 veri e propri modi di fare impresa, conquistare migliori posizioni nelle nicchie a maggior valore aggiunto sui mercati, rafforzare il consenso di consumatori sofisticati ed esigenti. Sono anche connotazioni forti di una cultura d\u2019impresa evoluta, che ha radici nella tradizione manifatturiera italiana e proiezioni verso un futuro pi\u00f9 attento alla qualit\u00e0 della vita, del lavoro, dei costumi sociali.<\/p>\n<p>Sostiene <strong>Luciano Galimberti<\/strong>, <strong>presidente<\/strong> dell\u2019<strong>Adi<\/strong>: \u201cIl design \u00e8 vissuto come disciplina che attraversa le nostre vite, capace di superare i confini nazionali e affrontare le sfide globali con innovazione, qualit\u00e0 e attenzione alla sostenibilit\u00e0\u201d. L\u2019Adi Design Museum, diretto da<strong> Andrea Cancellato<\/strong>, regista dell\u2019\u201doperazione Osaka\u201d, ne offre testimonianze storiche esemplari (Kartell, Guzzini e Pirelli sono marchi ricorrenti), esempi di una tradizione di <strong>\u201ccultura del progetto\u201d<\/strong> e <strong>\u201ccultura del prodotto\u201d<\/strong> che ha saputo sfidare i tempi e continuamente si rinnova.<br \/>\nNota<strong> Annachiara Sacchi<\/strong> sul <strong>Corriere della Sera<\/strong> (6 settembre): \u201cSoluzioni per un\u2019umanit\u00e0 pi\u00f9 consapevole. Connessa e responsabile. Attenta all\u2019economia circolare, ai progetti a basso impatto ambientale. E alle scelte che mettono il design a servizio della vita, immaginandolo come una sorta di esperanto, un linguaggio di valore universale che collega bisogni e visioni\u201d.<br \/>\nUn design, insomma, come caratteristica profonda dell\u2019Italia contemporanea, uno degli strumenti principali grazie al quale il Paese ha saputo riprendersi dopo la guerra, costruire il boom economico e diventare rapidamente una potenza industriale, tra le prime al mondo, ben presente sui mercati internazionali. Una caratteristica continuamente attuale e progettuale.<br \/>\n<strong>Mario Vattani<\/strong>, <strong>commissario del Padiglione Italia a Osaka<\/strong>, commenta: \u201c\u00c8 proprio questa idea di Italia che vogliamo promuovere: una nazione capace di unire cultura e industria, creativit\u00e0 e innovazione, tradizione e visione strategica\u201d.<\/p>\n<p>I Compassi d\u2019Oro, in altri termini, confermano e rafforzano una scelta produttiva. E culturale. Secondo la sapiente lezione di Gio Ponti: \u201cIn Italia l\u2019arte si \u00e8 innamorata dell\u2019industria. Ecco perch\u00e9 l\u2019industria \u00e8 un fatto culturale\u201d. Un\u2019indicazione strategica che ha, appunto, un nome semplice ed essenziale: design. E un aggettivo qualificante: sostenibile.<br \/>\nUna sostenibilit\u00e0 su cui insistere, nonostante i venti contrari che spirano anche all\u2019interno dell\u2019opinione pubblica di grandi paesi industriali, a cominciare dagli Usa. Superando rigidit\u00e0 normative e burocratiche (il Green Deal della Ue ne risente, con danni pesanti al sistema industriale europeo, come mostra per esempio la crisi del settore automotive). E mettendo in piedi, invece, strumenti validi di <strong>politica industriale comune<\/strong> che stimolino innovazione, investimenti, produttivit\u00e0, con una migliore <strong>\u201ceconomia della conoscenza\u201d<\/strong>. I Rapporti elaborati per conto della Commissione Ue da Mario Draghi ed Enrico Letta, gi\u00e0 lo scorso anno, contengono indicazioni preziose. Vanno tirati fuori dai cassetti in cui sono stati riposti e trasformati rapidamente in scelte concrete, provvedimenti, decisioni di investimenti adeguate.<\/p>\n<p>\u201cL\u2019Europa deve trovare forza nell\u2019unione e nella valorizzazione delle competenze, nell\u2019innovazione, di fronte alle tensioni dei dazi e della geopolitica, alle sfide digitali e ambientali\u201d, consiglia <strong>Joseph Stiglitz<\/strong>, <strong>premio Nobel<\/strong> per l\u2019economia (IlSole24Ore, 8 settembre).<\/p>\n<p>Per le imprese italiane, d\u2019altronde, questo \u00e8 un terreno in cui muoversi a proprio agio. Come documenta il<strong> settimo<\/strong> <strong>Rapporto Consob<\/strong> sulla <strong>\u201crendicontazione non finanziaria\u201d<\/strong> presentato nei giorni scorsi e cio\u00e8 su quelli che vengono comunemente definiti come <strong>bilanci di sostenibilit\u00e0<\/strong>: nel \u201824 li hanno presentati 150 societ\u00e0 presenti in Borsa su Euronext Milan e cio\u00e8 il 72% delle quotate, che rappresentano il 97% della capitalizzazione di mercato: \u201cUna dimostrazione di come le imprese italiane stiano incorporando la sostenibilit\u00e0 nella propria governance, nelle strategie di lungo periodo e perfino nei sistemi di incentivazione dei vertici aziendali\u201d (ItaliaOggi, 8 settembre).<br \/>\nServe una <strong>competitivit\u00e0<\/strong> pi\u00f9 efficace e sostenibile, insomma. Non meno. Perch\u00e9 l\u2019Italia possa continuare a essere un paese manifatturiero. Con un futuro industriale da cui dipendono anche la qualit\u00e0 e la solidit\u00e0 del nostro futuro, economico, ma anche sociale e civile.<\/p><p><em>Courtesy of Padiglione Italia<\/em><\/p>\n","protected":false},"excerpt":{"rendered":"<p>Il punto di forza delle imprese italiane sta nella sintesi originale tra bellezza dei prodotti e sofisticata tecnologia, tra qualit\u00e0 e funzionalit\u00e0, tra innovazione e sostenibilit\u00e0 ambientale e sociale. E proprio in questa stagione segnata da una competizione internazionale particolarmente dura e selettiva (aggravata dalle drammatiche tensioni geopolitiche che destabilizzano i mercati e dai dazi [&hellip;]<\/p>\n","protected":false},"author":1,"featured_media":105183,"comment_status":"open","ping_status":"open","sticky":false,"template":"","format":"standard","meta":{"footnotes":""},"categories":[53,52],"tags":[],"class_list":["post-105181","post","type-post","status-publish","format-standard","has-post-thumbnail","hentry","category-blog","category-cultura-dimpresa"],"acf":[],"yoast_head":"<!-- This site is optimized with the Yoast SEO plugin v25.0 - https:\/\/yoast.com\/wordpress\/plugins\/seo\/ -->\n<title>Compassi d\u2019Oro: i primati italiani nel design internazionale confermano vocazione e destino di grande paese industriale - Fondazione Pirelli<\/title>\n<meta name=\"robots\" content=\"index, follow, max-snippet:-1, max-image-preview:large, max-video-preview:-1\" \/>\n<link rel=\"canonical\" href=\"https:\/\/www.fondazionepirelli.org\/it\/cultura-dimpresa\/blog\/compassi-doro-i-primati-italiani-nel-design-internazionale-confermano-vocazione-e-destino-di-grande-paese-industriale\/\" \/>\n<meta property=\"og:locale\" content=\"it_IT\" \/>\n<meta property=\"og:type\" content=\"article\" \/>\n<meta property=\"og:title\" content=\"Compassi d\u2019Oro: i primati italiani nel design internazionale confermano vocazione e destino di grande paese industriale - Fondazione Pirelli\" \/>\n<meta property=\"og:description\" content=\"Il punto di forza delle imprese italiane sta nella sintesi originale tra bellezza dei prodotti e sofisticata tecnologia, tra qualit\u00e0 e funzionalit\u00e0, tra innovazione e sostenibilit\u00e0 ambientale e sociale. E proprio in questa stagione segnata da una competizione internazionale particolarmente dura e selettiva (aggravata dalle drammatiche tensioni geopolitiche che destabilizzano i mercati e dai dazi [&hellip;]\" \/>\n<meta property=\"og:url\" content=\"https:\/\/www.fondazionepirelli.org\/it\/cultura-dimpresa\/blog\/compassi-doro-i-primati-italiani-nel-design-internazionale-confermano-vocazione-e-destino-di-grande-paese-industriale\/\" \/>\n<meta property=\"og:site_name\" content=\"Fondazione Pirelli\" \/>\n<meta property=\"article:published_time\" content=\"2025-09-16T09:12:07+00:00\" \/>\n<meta property=\"og:image\" content=\"https:\/\/wpsite-assets.fondazionepirelli.org\/wp-content\/uploads\/2025\/09\/16095727\/Courtesy-of-Padiglione-Italia_-2025-09-05-at-10.55.28-1.jpeg\" \/>\n\t<meta property=\"og:image:width\" content=\"1200\" \/>\n\t<meta property=\"og:image:height\" content=\"1600\" \/>\n\t<meta property=\"og:image:type\" content=\"image\/jpeg\" \/>\n<meta name=\"author\" content=\"fondadmin\" \/>\n<meta name=\"twitter:card\" content=\"summary_large_image\" \/>\n<meta name=\"twitter:label1\" content=\"Scritto da\" \/>\n\t<meta name=\"twitter:data1\" content=\"fondadmin\" \/>\n\t<meta name=\"twitter:label2\" content=\"Tempo di lettura stimato\" \/>\n\t<meta name=\"twitter:data2\" content=\"7 minuti\" \/>\n<script type=\"application\/ld+json\" class=\"yoast-schema-graph\">{\"@context\":\"https:\/\/schema.org\",\"@graph\":[{\"@type\":\"WebPage\",\"@id\":\"https:\/\/www.fondazionepirelli.org\/it\/cultura-dimpresa\/blog\/compassi-doro-i-primati-italiani-nel-design-internazionale-confermano-vocazione-e-destino-di-grande-paese-industriale\/\",\"url\":\"https:\/\/www.fondazionepirelli.org\/it\/cultura-dimpresa\/blog\/compassi-doro-i-primati-italiani-nel-design-internazionale-confermano-vocazione-e-destino-di-grande-paese-industriale\/\",\"name\":\"Compassi d\u2019Oro: i primati italiani nel design internazionale confermano vocazione e destino di grande paese industriale - Fondazione Pirelli\",\"isPartOf\":{\"@id\":\"https:\/\/www.fondazionepirelli.org\/it\/#website\"},\"primaryImageOfPage\":{\"@id\":\"https:\/\/www.fondazionepirelli.org\/it\/cultura-dimpresa\/blog\/compassi-doro-i-primati-italiani-nel-design-internazionale-confermano-vocazione-e-destino-di-grande-paese-industriale\/#primaryimage\"},\"image\":{\"@id\":\"https:\/\/www.fondazionepirelli.org\/it\/cultura-dimpresa\/blog\/compassi-doro-i-primati-italiani-nel-design-internazionale-confermano-vocazione-e-destino-di-grande-paese-industriale\/#primaryimage\"},\"thumbnailUrl\":\"https:\/\/wpsite-assets.fondazionepirelli.org\/wp-content\/uploads\/2025\/09\/16095727\/Courtesy-of-Padiglione-Italia_-2025-09-05-at-10.55.28-1.jpeg\",\"datePublished\":\"2025-09-16T09:12:07+00:00\",\"author\":{\"@id\":\"https:\/\/www.fondazionepirelli.org\/it\/#\/schema\/person\/f47d097000832c4a6e54538c791fdf25\"},\"breadcrumb\":{\"@id\":\"https:\/\/www.fondazionepirelli.org\/it\/cultura-dimpresa\/blog\/compassi-doro-i-primati-italiani-nel-design-internazionale-confermano-vocazione-e-destino-di-grande-paese-industriale\/#breadcrumb\"},\"inLanguage\":\"it-IT\",\"potentialAction\":[{\"@type\":\"ReadAction\",\"target\":[\"https:\/\/www.fondazionepirelli.org\/it\/cultura-dimpresa\/blog\/compassi-doro-i-primati-italiani-nel-design-internazionale-confermano-vocazione-e-destino-di-grande-paese-industriale\/\"]}]},{\"@type\":\"ImageObject\",\"inLanguage\":\"it-IT\",\"@id\":\"https:\/\/www.fondazionepirelli.org\/it\/cultura-dimpresa\/blog\/compassi-doro-i-primati-italiani-nel-design-internazionale-confermano-vocazione-e-destino-di-grande-paese-industriale\/#primaryimage\",\"url\":\"https:\/\/wpsite-assets.fondazionepirelli.org\/wp-content\/uploads\/2025\/09\/16095727\/Courtesy-of-Padiglione-Italia_-2025-09-05-at-10.55.28-1.jpeg\",\"contentUrl\":\"https:\/\/wpsite-assets.fondazionepirelli.org\/wp-content\/uploads\/2025\/09\/16095727\/Courtesy-of-Padiglione-Italia_-2025-09-05-at-10.55.28-1.jpeg\",\"width\":1200,\"height\":1600},{\"@type\":\"BreadcrumbList\",\"@id\":\"https:\/\/www.fondazionepirelli.org\/it\/cultura-dimpresa\/blog\/compassi-doro-i-primati-italiani-nel-design-internazionale-confermano-vocazione-e-destino-di-grande-paese-industriale\/#breadcrumb\",\"itemListElement\":[{\"@type\":\"ListItem\",\"position\":1,\"name\":\"Home\",\"item\":\"https:\/\/www.fondazionepirelli.org\/it\/\"},{\"@type\":\"ListItem\",\"position\":2,\"name\":\"Compassi d\u2019Oro: i primati italiani nel design internazionale confermano vocazione e destino di grande paese industriale\"}]},{\"@type\":\"WebSite\",\"@id\":\"https:\/\/www.fondazionepirelli.org\/it\/#website\",\"url\":\"https:\/\/www.fondazionepirelli.org\/it\/\",\"name\":\"Fondazione Pirelli\",\"description\":\"\",\"potentialAction\":[{\"@type\":\"SearchAction\",\"target\":{\"@type\":\"EntryPoint\",\"urlTemplate\":\"https:\/\/www.fondazionepirelli.org\/it\/?s={search_term_string}\"},\"query-input\":{\"@type\":\"PropertyValueSpecification\",\"valueRequired\":true,\"valueName\":\"search_term_string\"}}],\"inLanguage\":\"it-IT\"},{\"@type\":\"Person\",\"@id\":\"https:\/\/www.fondazionepirelli.org\/it\/#\/schema\/person\/f47d097000832c4a6e54538c791fdf25\",\"name\":\"fondadmin\",\"image\":{\"@type\":\"ImageObject\",\"inLanguage\":\"it-IT\",\"@id\":\"https:\/\/www.fondazionepirelli.org\/it\/#\/schema\/person\/image\/\",\"url\":\"https:\/\/secure.gravatar.com\/avatar\/e69498a9175ca244966e51e53c88712c024fcebe41f9a05f75657f1bb25e489b?s=96&d=mm&r=g\",\"contentUrl\":\"https:\/\/secure.gravatar.com\/avatar\/e69498a9175ca244966e51e53c88712c024fcebe41f9a05f75657f1bb25e489b?s=96&d=mm&r=g\",\"caption\":\"fondadmin\"},\"url\":\"https:\/\/www.fondazionepirelli.org\/it\/author\/fondadmin\/\"}]}<\/script>\n<!-- \/ Yoast SEO plugin. -->","yoast_head_json":{"title":"Compassi d\u2019Oro: i primati italiani nel design internazionale confermano vocazione e destino di grande paese industriale - Fondazione Pirelli","robots":{"index":"index","follow":"follow","max-snippet":"max-snippet:-1","max-image-preview":"max-image-preview:large","max-video-preview":"max-video-preview:-1"},"canonical":"https:\/\/www.fondazionepirelli.org\/it\/cultura-dimpresa\/blog\/compassi-doro-i-primati-italiani-nel-design-internazionale-confermano-vocazione-e-destino-di-grande-paese-industriale\/","og_locale":"it_IT","og_type":"article","og_title":"Compassi d\u2019Oro: i primati italiani nel design internazionale confermano vocazione e destino di grande paese industriale - Fondazione Pirelli","og_description":"Il punto di forza delle imprese italiane sta nella sintesi originale tra bellezza dei prodotti e sofisticata tecnologia, tra qualit\u00e0 e funzionalit\u00e0, tra innovazione e sostenibilit\u00e0 ambientale e sociale. E proprio in questa stagione segnata da una competizione internazionale particolarmente dura e selettiva (aggravata dalle drammatiche tensioni geopolitiche che destabilizzano i mercati e dai dazi [&hellip;]","og_url":"https:\/\/www.fondazionepirelli.org\/it\/cultura-dimpresa\/blog\/compassi-doro-i-primati-italiani-nel-design-internazionale-confermano-vocazione-e-destino-di-grande-paese-industriale\/","og_site_name":"Fondazione Pirelli","article_published_time":"2025-09-16T09:12:07+00:00","og_image":[{"width":1200,"height":1600,"url":"https:\/\/wpsite-assets.fondazionepirelli.org\/wp-content\/uploads\/2025\/09\/16095727\/Courtesy-of-Padiglione-Italia_-2025-09-05-at-10.55.28-1.jpeg","type":"image\/jpeg"}],"author":"fondadmin","twitter_card":"summary_large_image","twitter_misc":{"Scritto da":"fondadmin","Tempo di lettura stimato":"7 minuti"},"schema":{"@context":"https:\/\/schema.org","@graph":[{"@type":"WebPage","@id":"https:\/\/www.fondazionepirelli.org\/it\/cultura-dimpresa\/blog\/compassi-doro-i-primati-italiani-nel-design-internazionale-confermano-vocazione-e-destino-di-grande-paese-industriale\/","url":"https:\/\/www.fondazionepirelli.org\/it\/cultura-dimpresa\/blog\/compassi-doro-i-primati-italiani-nel-design-internazionale-confermano-vocazione-e-destino-di-grande-paese-industriale\/","name":"Compassi d\u2019Oro: i primati italiani nel design internazionale confermano vocazione e destino di grande paese industriale - Fondazione Pirelli","isPartOf":{"@id":"https:\/\/www.fondazionepirelli.org\/it\/#website"},"primaryImageOfPage":{"@id":"https:\/\/www.fondazionepirelli.org\/it\/cultura-dimpresa\/blog\/compassi-doro-i-primati-italiani-nel-design-internazionale-confermano-vocazione-e-destino-di-grande-paese-industriale\/#primaryimage"},"image":{"@id":"https:\/\/www.fondazionepirelli.org\/it\/cultura-dimpresa\/blog\/compassi-doro-i-primati-italiani-nel-design-internazionale-confermano-vocazione-e-destino-di-grande-paese-industriale\/#primaryimage"},"thumbnailUrl":"https:\/\/wpsite-assets.fondazionepirelli.org\/wp-content\/uploads\/2025\/09\/16095727\/Courtesy-of-Padiglione-Italia_-2025-09-05-at-10.55.28-1.jpeg","datePublished":"2025-09-16T09:12:07+00:00","author":{"@id":"https:\/\/www.fondazionepirelli.org\/it\/#\/schema\/person\/f47d097000832c4a6e54538c791fdf25"},"breadcrumb":{"@id":"https:\/\/www.fondazionepirelli.org\/it\/cultura-dimpresa\/blog\/compassi-doro-i-primati-italiani-nel-design-internazionale-confermano-vocazione-e-destino-di-grande-paese-industriale\/#breadcrumb"},"inLanguage":"it-IT","potentialAction":[{"@type":"ReadAction","target":["https:\/\/www.fondazionepirelli.org\/it\/cultura-dimpresa\/blog\/compassi-doro-i-primati-italiani-nel-design-internazionale-confermano-vocazione-e-destino-di-grande-paese-industriale\/"]}]},{"@type":"ImageObject","inLanguage":"it-IT","@id":"https:\/\/www.fondazionepirelli.org\/it\/cultura-dimpresa\/blog\/compassi-doro-i-primati-italiani-nel-design-internazionale-confermano-vocazione-e-destino-di-grande-paese-industriale\/#primaryimage","url":"https:\/\/wpsite-assets.fondazionepirelli.org\/wp-content\/uploads\/2025\/09\/16095727\/Courtesy-of-Padiglione-Italia_-2025-09-05-at-10.55.28-1.jpeg","contentUrl":"https:\/\/wpsite-assets.fondazionepirelli.org\/wp-content\/uploads\/2025\/09\/16095727\/Courtesy-of-Padiglione-Italia_-2025-09-05-at-10.55.28-1.jpeg","width":1200,"height":1600},{"@type":"BreadcrumbList","@id":"https:\/\/www.fondazionepirelli.org\/it\/cultura-dimpresa\/blog\/compassi-doro-i-primati-italiani-nel-design-internazionale-confermano-vocazione-e-destino-di-grande-paese-industriale\/#breadcrumb","itemListElement":[{"@type":"ListItem","position":1,"name":"Home","item":"https:\/\/www.fondazionepirelli.org\/it\/"},{"@type":"ListItem","position":2,"name":"Compassi d\u2019Oro: i primati italiani nel design internazionale confermano vocazione e destino di grande paese industriale"}]},{"@type":"WebSite","@id":"https:\/\/www.fondazionepirelli.org\/it\/#website","url":"https:\/\/www.fondazionepirelli.org\/it\/","name":"Fondazione Pirelli","description":"","potentialAction":[{"@type":"SearchAction","target":{"@type":"EntryPoint","urlTemplate":"https:\/\/www.fondazionepirelli.org\/it\/?s={search_term_string}"},"query-input":{"@type":"PropertyValueSpecification","valueRequired":true,"valueName":"search_term_string"}}],"inLanguage":"it-IT"},{"@type":"Person","@id":"https:\/\/www.fondazionepirelli.org\/it\/#\/schema\/person\/f47d097000832c4a6e54538c791fdf25","name":"fondadmin","image":{"@type":"ImageObject","inLanguage":"it-IT","@id":"https:\/\/www.fondazionepirelli.org\/it\/#\/schema\/person\/image\/","url":"https:\/\/secure.gravatar.com\/avatar\/e69498a9175ca244966e51e53c88712c024fcebe41f9a05f75657f1bb25e489b?s=96&d=mm&r=g","contentUrl":"https:\/\/secure.gravatar.com\/avatar\/e69498a9175ca244966e51e53c88712c024fcebe41f9a05f75657f1bb25e489b?s=96&d=mm&r=g","caption":"fondadmin"},"url":"https:\/\/www.fondazionepirelli.org\/it\/author\/fondadmin\/"}]}},"_links":{"self":[{"href":"https:\/\/www.fondazionepirelli.org\/it\/wp-json\/wp\/v2\/posts\/105181\/"}],"collection":[{"href":"https:\/\/www.fondazionepirelli.org\/it\/wp-json\/wp\/v2\/posts\/"}],"about":[{"href":"https:\/\/www.fondazionepirelli.org\/it\/wp-json\/wp\/v2\/types\/post\/"}],"author":[{"embeddable":true,"href":"https:\/\/www.fondazionepirelli.org\/it\/wp-json\/wp\/v2\/users\/1\/"}],"replies":[{"embeddable":true,"href":"https:\/\/www.fondazionepirelli.org\/it\/wp-json\/wp\/v2\/comments\/?post=105181"}],"version-history":[{"count":2,"href":"https:\/\/www.fondazionepirelli.org\/it\/wp-json\/wp\/v2\/posts\/105181\/revisions\/"}],"predecessor-version":[{"id":105185,"href":"https:\/\/www.fondazionepirelli.org\/it\/wp-json\/wp\/v2\/posts\/105181\/revisions\/105185\/"}],"wp:featuredmedia":[{"embeddable":true,"href":"https:\/\/www.fondazionepirelli.org\/it\/wp-json\/wp\/v2\/media\/105183\/"}],"wp:attachment":[{"href":"https:\/\/www.fondazionepirelli.org\/it\/wp-json\/wp\/v2\/media\/?parent=105181"}],"wp:term":[{"taxonomy":"category","embeddable":true,"href":"https:\/\/www.fondazionepirelli.org\/it\/wp-json\/wp\/v2\/categories\/?post=105181"},{"taxonomy":"post_tag","embeddable":true,"href":"https:\/\/www.fondazionepirelli.org\/it\/wp-json\/wp\/v2\/tags\/?post=105181"}],"curies":[{"name":"wp","href":"https:\/\/api.w.org\/{rel}","templated":true}]}}