{"id":105290,"date":"2025-09-23T09:26:07","date_gmt":"2025-09-23T08:26:07","guid":{"rendered":"https:\/\/www.fondazionepirelli.org\/?p=105290"},"modified":"2026-04-01T14:49:48","modified_gmt":"2026-04-01T13:49:48","slug":"pordenonelegge-il-miracolo-di-una-citta-che-si-fa-libro-grazie-al-legame-tra-lindustria-e-la-cultura","status":"publish","type":"post","link":"https:\/\/www.fondazionepirelli.org\/it\/cultura-dimpresa\/blog\/pordenonelegge-il-miracolo-di-una-citta-che-si-fa-libro-grazie-al-legame-tra-lindustria-e-la-cultura\/","title":{"rendered":"Pordenonelegge, \u201cil miracolo di una citt\u00e0 che si fa libro\u201d grazie al legame tra l\u2019industria e la cultura"},"content":{"rendered":"<p>Pescatori di idee e di parole. Per farne ingredienti di sapide conversazioni. E di civili relazioni. Vengono in mente pensieri leggeri e curiosi, guardando i manifesti di quest\u2019anno di <strong>Pordenonelegge<\/strong>, il festival dei buoni libri e degli incontri colti e civili: c\u2019\u00e8 un amo che, invece che un pesce, solleva il lembo d\u2019una pagina gialla e svela il lembo azzurro e stellato della bandiera europea. E su tutto, lo slogan esemplare: \u201camoleggere\u201d, per dare senso alla <strong>\u201cFesta del libro e della libert\u00e0\u201d<\/strong>.<\/p>\n<p>Giallo \u00e8 il colore simbolo di un\u2019iniziativa, Pordenonelegge, arrivata alla sua <strong>26\u00b0 edizione<\/strong> che, a met\u00e0 settembre, \u00e8 oramai tappa obbligata per scrittori e lettori, personalit\u00e0 della cultura e giovani che arrivano da tutta Italia e anche dall\u2019estero per ascoltare, leggere, discutere, cercare di capire, fare i conti insomma con quel mondo dei racconti e delle idee che in certi momenti sembra condannato al degrado e al declino e che invece, proprio qui, in queste strade d\u2019un bellissimo centro storico e in queste piazze impavesate, appunto, di giallo, mostra non solo una robusta resilienza ma soprattutto un\u2019inaspettata vitalit\u00e0. Che adesso guarda a un altro ambizioso appuntamento: <strong>Pordenone<\/strong> come <strong>Capitale italiana della cultura nel 2027<\/strong>.<\/p>\n<p>Quali sono le radici di questo fenomeno, industriale e culturale? E che prospettive \u00e8 possibile leggere, da qui, per il futuro dell\u2019Italia produttiva e cio\u00e8, tutto sommato, dell\u2019Italia che nella sua storia trova una straordinaria forza propulsiva e nell\u2019Europa il suo destino?<br \/>\nAppunto all\u2019<strong>Europa<\/strong> \u00e8 dedicata questa Festa del libro, nella piena consapevolezza dei suoi limiti ma anche della necessit\u00e0 di darle forza e sviluppo (gli imprenditori nordestini e qui friulani lo sanno bene per esperienza e cultura). Ed \u00e8 dalla determinazione degli uomini e delle donne d\u2019impresa che nasce la prima edizione, nel 2000 (cambio simbolico di secolo e di millennio, \u201cStiamo trasecolando\u201d, avrebbe detto <strong>Enzo Sellerio<\/strong> che di libri e idee aveva profonda, ironica e critica conoscenza).<br \/>\nLa volont\u00e0 fondatrice \u00e8 della <strong>Camera di Commercio<\/strong>, all\u2019epoca presieduta da <strong>Augusto Antonucci<\/strong>. E le danno appoggio concreto <strong>le associazioni delle categorie imprenditoriali<\/strong>, a cominciare da <strong>Confindustria<\/strong> e continuando con <strong>Confcommercio<\/strong>, <strong>Coldiretti<\/strong>, <strong>Confcooperative<\/strong> e <strong>Confartigianato<\/strong>. Una festa del libro che ha radici nel mondo economico, nelle forze produttive. La politica locale e regionale poi seguir\u00e0.<br \/>\nQuest\u2019anima imprenditoriale si rafforza nel corso del tempo. E da anni il suo esponente pi\u00f9 dinamico \u00e8 <strong>Michelangelo Agrusti<\/strong>, ex parlamentare Dc e imprenditore nel settore delle costruzioni navali, <strong>presidente di Confindustria Alto Adriatico<\/strong> (riunisce le imprese di Pordenone, Gorizia e Trieste) e della <strong>Fondazione Pordenonelegge<\/strong>. <strong>Industria e cultura<\/strong>, appunto, con una <strong>solida coscienza sociale e civile<\/strong>.<\/p>\n<p>Le intenzioni sono chiare fin dall\u2019inizio: attirare sulla citt\u00e0 l\u2019attenzione dei media, del mondo dell\u2019editoria e del pubblico, valorizzando le ricchezze culturali, storiche e paesaggistiche di un\u2019area sino ad allora nota soprattutto come territorio manifatturiero. E dunque \u201caiutare istituzioni, imprenditori, operatori economici e cittadini ad ampliare ed approfondire le proprie conoscenze, stimolando il confronto con intellettuali, editori, autori e personalit\u00e0 di rilevo nazionale e internazionale in campo letterario, artistico e culturale\u201d. Nel tempo si cresce. E nel corso degli ultimi anni sono state registrate in media 120mila presenze annuali. Con un forte ritorno economico: per ogni euro pubblico investito ne ricadono sul territorio 10,24 (lo certifica una ricerca dell\u2019Universit\u00e0 Bocconi).<br \/>\nSostiene Agrusti: \u201cAmoleggere quest\u2019anno \u00e8 una dichiarazione di interesse per il proprio tempo e per la decodificazione della sua complessit\u00e0: chi legge non solo si informa, ma sceglie di approfondire criticamente i temi, con la consapevolezza che deriva dalla conoscenza\u201d. E \u201canche quest\u2019anno si \u00e8 ripetuto il miracolo della citt\u00e0 che si fa libro\u201d.<\/p>\n<p>Pordenonelegge \u00e8, per questo, un festival concepito \u201csull\u2019uscio della storia\u201d,&#8221; un osservatorio attivo della realt\u00e0 contemporanea\u201d. La <strong>dedica speciale all\u2019Europa<\/strong> \u201cinsiste sull\u2019istituzione della quale tutti abbiamo grande bisogno, nel contesto storico e geopolitico che stiamo attraversando. E che, a sua volta, \u00e8 chiamata a superare i rischi di un declino strutturale e le sfide della crisi esistenziale prospettata dal <strong>Rapporto Draghi<\/strong>\u201d.<br \/>\nEuropa, dunque, obbligata a rafforzare \u201cil suo ruolo di riferimento dei valori costitutivi alla base dei Trattati: giustizia, democrazia, libert\u00e0, Stato di diritto, rispetto dei diritti umani. Principi che il terzo millennio mette in discussione a tante, troppe latitudini del pianeta\u201d. L\u2019apertura della Festa con un incontro con <strong>Shirin Ebadi<\/strong>, la scrittrice iraniana <strong>premio Nobel per la Pace<\/strong> e la chiusura con l\u2019<strong>Inno alla Gioia di Beethoven<\/strong> ne sono le connotazioni essenziali.<\/p>\n<p>Industria e cultura, dicevamo. Ma anche, pi\u00f9 significativamente, industria che fa cultura. E, meglio ancora, <strong>\u201cindustria \u00e8 cultura\u201d<\/strong>, se cultura, oltre che letteratura e arte, teatro e musica, sono anche la scienza, le tecnologie, un brevetto industriale o di design, un nuovo prodotto high tech, un algoritmo dell\u2019Intelligenza Artificiale, un contratto di lavoro innovativo delle relazioni sociali, un modo sostenibile di organizzare la logistica o le relazioni positive tra industria e ambiente.<br \/>\nLa lezione sull\u2019importanza della \u201ccultura materiale\u201d, cara agli storici francesi della scuola delle Annales, anche qui, in territorio friulano, trova significative conferme.<br \/>\nEra <strong>territorio contadino<\/strong>, nel dopoguerra. Povero ma operoso. Segnato dall\u2019emigrazione verso le aree industriali forti, la Lombardia e il Piemonte dell\u2019auto. Ma con un forte orgoglio delle radici. E, tra chi restava, con una <strong>cultura diffusa del lavoro<\/strong>, della cooperazione, dei valori del credito locale, della solidariet\u00e0. Negli anni del boom, la <strong>scoperta dell\u2019industria<\/strong>, a cominciare da quella del \u201cbianco\u201d (elettrodomestici: Zanussi e poi Electrolux) e dalla <strong>metalmeccanica leggera<\/strong>, del legno e dell\u2019arredamento, delle macchine tessili e delle ceramiche e poi, in tempi pi\u00f9 recenti, della <strong>cantieristica navale<\/strong> e del suo sofisticato indotto produttivo.<br \/>\nIl racconto delle trasformazioni si pu\u00f2 leggere in un libro snello e denso, <strong>\u201cLaboratorio Pordenone\u201d<\/strong>, di <strong>Giuseppe Lupo<\/strong>, storico dei rapporti tra letteratura e industria, recente vincitore del <strong>Premio letterario Friuli Venezia Giulia<\/strong>: \u201cIl miracolo economico non si \u00e8 concentrato solo a Milano o a Torino. Anzi sono state proprio le realt\u00e0 ai margini a registrare il passaggio di civilt\u00e0 in maniera meno traumatica rispetto alle metropoli, tant\u2019\u00e8 che a Pordenone l\u2019antropologia della terra non \u00e8 mai del tutto sparita. Su questa<strong> commistione tra industria e campagna<\/strong>, fra usanze vecchie di secoli e spregiudicatezza imprenditoriale, diciamo pure su una mistica del lavoro quasi calvinista, il <strong>Nord Est italiano<\/strong> ha fondato la sua fortuna economica contribuendo a formare la figura del <strong>metalmezzadro<\/strong>\u201d.<br \/>\nUna figura diffusa, met\u00e0 operaio met\u00e0 contadino, frequente anche negli stabilimenti industriali del Mezzogiorno, da Melfi a Termini Imerese. Con alcune differenze: nelle imprese del Sud le stagioni dei raccolti (il grano, le ulive, l\u2019uva\u2026) coincidevano con picchi di assenteismo in fabbrica. Nel Nord Est, invece, con una compatibilit\u00e0 pi\u00f9 virtuosa, con una somma di tempi di lavoro.<br \/>\nScrive Lupo, infatti, che a Pordenone \u201cil vecchio mondo ha continuato a resistere anche in presenza del nuovo, l\u2019anima contadina, quella che parlava in dialetto e si sentiva radicata al territorio, non ha mai ceduto fino in fondo all\u2019incedere della modernit\u00e0, quasi opponesse una specie di nascosta resistenza (o di rivincita) al pericolo che essa, la modernit\u00e0, rendesse ogni cosa omologabile, sia nella Pordenone in bianco e nero degli anni Sessanta, sia negli ultimi decenni, quando il bisogno di manodopera ha spinto Confindustria a inventarsi una strategia per regolamentare il trasferimento in citt\u00e0 di singoli individui o di famiglie da inserire nel tessuto produttivo\u201d.<br \/>\nInsiste Lupo: \u201cIn assenza di istituzioni culturali, \u00e8 toccato alle aziende candidarsi a motore di sviluppo promuovendo iniziative che riguardano i libri, la lettura, l\u2019arte, il cinema, il teatro. Cos\u00ec \u00e8 nato il festival Pordenonelegge, uno degli appuntamenti dedicato ai libri pi\u00f9 importanti dell\u2019anno nel panorama italiano\u201d. Perch\u00e9? \u201cNessun benessere materiale pu\u00f2 realizzarsi senza cultura e questa citt\u00e0 declina in maniera particolare il rapporto tra azienda e territorio perfino in una fase delicata come il passaggio all\u2019industria 4.0\u201d.<\/p>\n<p>La conferma viene dal <strong>Polo Tecnologico<\/strong>, progettato come un incubatore di nuove imprese, con sostegni legati alle competenze tecniche e alle risorse finanziarie, nella transizione digitale e ambientale, senza rigidit\u00e0 burocratiche e una solida idea della produttivit\u00e0. Esemplare anche la Lef e cio\u00e8 la <strong>\u201cLean Experience Factory\u201d<\/strong>, inaugurata nel 2011 alle porte di Pordenone (Agrusti ne \u00e8 il presidente). Racconta Lupo: \u201c\u00c8 una sorta di <strong>fabbrica-scuola<\/strong>, sarebbe meglio definire centro di formazione esperienziale che insegna a ottimizzare i processi produttivi. Pi\u00f9 che fabbrica modello, si tratta di un modellatore di fabbrica perch\u00e9 elabora (con gli interessati) il miglior modello produttivo di certi processi industriali. Un\u2019<strong>officina pedagogica<\/strong>, insomma, a met\u00e0 strada tra <strong>fabbrica del fare e fabbrica del pensare<\/strong>. Vale per la Lef, ma potrebbe funzionare per l\u2019intero sistema Pordenone\u201d.<br \/>\nRieccola, dunque, la sintesi virtuosa <strong>\u201cimpresa \u00e8 cultura\u201d<\/strong>. Cultura del saper fare. E del fare sapere. Pordenonelegge, con la sua \u201cFesta del libro e della libert\u00e0\u201d ne \u00e8 strumento fondamentale.<\/p><p><em>(foto: Cozzarin)<\/em><\/p>\n","protected":false},"excerpt":{"rendered":"<p>Pescatori di idee e di parole. Per farne ingredienti di sapide conversazioni. E di civili relazioni. Vengono in mente pensieri leggeri e curiosi, guardando i manifesti di quest\u2019anno di Pordenonelegge, il festival dei buoni libri e degli incontri colti e civili: c\u2019\u00e8 un amo che, invece che un pesce, solleva il lembo d\u2019una pagina gialla [&hellip;]<\/p>\n","protected":false},"author":1,"featured_media":105292,"comment_status":"open","ping_status":"open","sticky":false,"template":"","format":"standard","meta":{"footnotes":""},"categories":[53,52],"tags":[],"class_list":["post-105290","post","type-post","status-publish","format-standard","has-post-thumbnail","hentry","category-blog","category-cultura-dimpresa"],"acf":[],"yoast_head":"<!-- This site is optimized with the Yoast SEO plugin v25.0 - https:\/\/yoast.com\/wordpress\/plugins\/seo\/ -->\n<title>Pordenonelegge, \u201cil miracolo di una citt\u00e0 che si fa libro\u201d grazie al legame tra l\u2019industria e la cultura - Fondazione Pirelli<\/title>\n<meta name=\"robots\" content=\"index, follow, max-snippet:-1, max-image-preview:large, max-video-preview:-1\" \/>\n<link rel=\"canonical\" href=\"https:\/\/www.fondazionepirelli.org\/it\/cultura-dimpresa\/blog\/pordenonelegge-il-miracolo-di-una-citta-che-si-fa-libro-grazie-al-legame-tra-lindustria-e-la-cultura\/\" \/>\n<meta property=\"og:locale\" content=\"it_IT\" \/>\n<meta property=\"og:type\" content=\"article\" \/>\n<meta property=\"og:title\" content=\"Pordenonelegge, \u201cil miracolo di una citt\u00e0 che si fa libro\u201d grazie al legame tra l\u2019industria e la cultura - Fondazione Pirelli\" \/>\n<meta property=\"og:description\" content=\"Pescatori di idee e di parole. Per farne ingredienti di sapide conversazioni. E di civili relazioni. Vengono in mente pensieri leggeri e curiosi, guardando i manifesti di quest\u2019anno di Pordenonelegge, il festival dei buoni libri e degli incontri colti e civili: c\u2019\u00e8 un amo che, invece che un pesce, solleva il lembo d\u2019una pagina gialla [&hellip;]\" \/>\n<meta property=\"og:url\" content=\"https:\/\/www.fondazionepirelli.org\/it\/cultura-dimpresa\/blog\/pordenonelegge-il-miracolo-di-una-citta-che-si-fa-libro-grazie-al-legame-tra-lindustria-e-la-cultura\/\" \/>\n<meta property=\"og:site_name\" content=\"Fondazione Pirelli\" \/>\n<meta property=\"article:published_time\" content=\"2025-09-23T08:26:07+00:00\" \/>\n<meta property=\"article:modified_time\" content=\"2026-04-01T13:49:48+00:00\" \/>\n<meta property=\"og:image\" content=\"https:\/\/wpsite-assets.fondazionepirelli.org\/wp-content\/uploads\/2025\/09\/23084441\/XT45436.jpg\" \/>\n\t<meta property=\"og:image:width\" content=\"2048\" \/>\n\t<meta property=\"og:image:height\" content=\"1365\" \/>\n\t<meta property=\"og:image:type\" content=\"image\/jpeg\" \/>\n<meta name=\"author\" content=\"fondadmin\" \/>\n<meta name=\"twitter:card\" content=\"summary_large_image\" \/>\n<meta name=\"twitter:label1\" content=\"Scritto da\" \/>\n\t<meta name=\"twitter:data1\" content=\"fondadmin\" \/>\n\t<meta name=\"twitter:label2\" content=\"Tempo di lettura stimato\" \/>\n\t<meta name=\"twitter:data2\" content=\"8 minuti\" \/>\n<script type=\"application\/ld+json\" class=\"yoast-schema-graph\">{\"@context\":\"https:\/\/schema.org\",\"@graph\":[{\"@type\":\"WebPage\",\"@id\":\"https:\/\/www.fondazionepirelli.org\/it\/cultura-dimpresa\/blog\/pordenonelegge-il-miracolo-di-una-citta-che-si-fa-libro-grazie-al-legame-tra-lindustria-e-la-cultura\/\",\"url\":\"https:\/\/www.fondazionepirelli.org\/it\/cultura-dimpresa\/blog\/pordenonelegge-il-miracolo-di-una-citta-che-si-fa-libro-grazie-al-legame-tra-lindustria-e-la-cultura\/\",\"name\":\"Pordenonelegge, \u201cil miracolo di una citt\u00e0 che si fa libro\u201d grazie al legame tra l\u2019industria e la cultura - Fondazione Pirelli\",\"isPartOf\":{\"@id\":\"https:\/\/www.fondazionepirelli.org\/it\/#website\"},\"primaryImageOfPage\":{\"@id\":\"https:\/\/www.fondazionepirelli.org\/it\/cultura-dimpresa\/blog\/pordenonelegge-il-miracolo-di-una-citta-che-si-fa-libro-grazie-al-legame-tra-lindustria-e-la-cultura\/#primaryimage\"},\"image\":{\"@id\":\"https:\/\/www.fondazionepirelli.org\/it\/cultura-dimpresa\/blog\/pordenonelegge-il-miracolo-di-una-citta-che-si-fa-libro-grazie-al-legame-tra-lindustria-e-la-cultura\/#primaryimage\"},\"thumbnailUrl\":\"https:\/\/wpsite-assets.fondazionepirelli.org\/wp-content\/uploads\/2025\/09\/23084441\/XT45436.jpg\",\"datePublished\":\"2025-09-23T08:26:07+00:00\",\"dateModified\":\"2026-04-01T13:49:48+00:00\",\"author\":{\"@id\":\"https:\/\/www.fondazionepirelli.org\/it\/#\/schema\/person\/f47d097000832c4a6e54538c791fdf25\"},\"breadcrumb\":{\"@id\":\"https:\/\/www.fondazionepirelli.org\/it\/cultura-dimpresa\/blog\/pordenonelegge-il-miracolo-di-una-citta-che-si-fa-libro-grazie-al-legame-tra-lindustria-e-la-cultura\/#breadcrumb\"},\"inLanguage\":\"it-IT\",\"potentialAction\":[{\"@type\":\"ReadAction\",\"target\":[\"https:\/\/www.fondazionepirelli.org\/it\/cultura-dimpresa\/blog\/pordenonelegge-il-miracolo-di-una-citta-che-si-fa-libro-grazie-al-legame-tra-lindustria-e-la-cultura\/\"]}]},{\"@type\":\"ImageObject\",\"inLanguage\":\"it-IT\",\"@id\":\"https:\/\/www.fondazionepirelli.org\/it\/cultura-dimpresa\/blog\/pordenonelegge-il-miracolo-di-una-citta-che-si-fa-libro-grazie-al-legame-tra-lindustria-e-la-cultura\/#primaryimage\",\"url\":\"https:\/\/wpsite-assets.fondazionepirelli.org\/wp-content\/uploads\/2025\/09\/23084441\/XT45436.jpg\",\"contentUrl\":\"https:\/\/wpsite-assets.fondazionepirelli.org\/wp-content\/uploads\/2025\/09\/23084441\/XT45436.jpg\",\"width\":2048,\"height\":1365},{\"@type\":\"BreadcrumbList\",\"@id\":\"https:\/\/www.fondazionepirelli.org\/it\/cultura-dimpresa\/blog\/pordenonelegge-il-miracolo-di-una-citta-che-si-fa-libro-grazie-al-legame-tra-lindustria-e-la-cultura\/#breadcrumb\",\"itemListElement\":[{\"@type\":\"ListItem\",\"position\":1,\"name\":\"Home\",\"item\":\"https:\/\/www.fondazionepirelli.org\/it\/\"},{\"@type\":\"ListItem\",\"position\":2,\"name\":\"Pordenonelegge, \u201cil miracolo di una citt\u00e0 che si fa libro\u201d grazie al legame tra l\u2019industria e la cultura\"}]},{\"@type\":\"WebSite\",\"@id\":\"https:\/\/www.fondazionepirelli.org\/it\/#website\",\"url\":\"https:\/\/www.fondazionepirelli.org\/it\/\",\"name\":\"Fondazione Pirelli\",\"description\":\"\",\"potentialAction\":[{\"@type\":\"SearchAction\",\"target\":{\"@type\":\"EntryPoint\",\"urlTemplate\":\"https:\/\/www.fondazionepirelli.org\/it\/?s={search_term_string}\"},\"query-input\":{\"@type\":\"PropertyValueSpecification\",\"valueRequired\":true,\"valueName\":\"search_term_string\"}}],\"inLanguage\":\"it-IT\"},{\"@type\":\"Person\",\"@id\":\"https:\/\/www.fondazionepirelli.org\/it\/#\/schema\/person\/f47d097000832c4a6e54538c791fdf25\",\"name\":\"fondadmin\",\"image\":{\"@type\":\"ImageObject\",\"inLanguage\":\"it-IT\",\"@id\":\"https:\/\/www.fondazionepirelli.org\/it\/#\/schema\/person\/image\/\",\"url\":\"https:\/\/secure.gravatar.com\/avatar\/e69498a9175ca244966e51e53c88712c024fcebe41f9a05f75657f1bb25e489b?s=96&d=mm&r=g\",\"contentUrl\":\"https:\/\/secure.gravatar.com\/avatar\/e69498a9175ca244966e51e53c88712c024fcebe41f9a05f75657f1bb25e489b?s=96&d=mm&r=g\",\"caption\":\"fondadmin\"},\"url\":\"https:\/\/www.fondazionepirelli.org\/it\/author\/fondadmin\/\"}]}<\/script>\n<!-- \/ Yoast SEO plugin. -->","yoast_head_json":{"title":"Pordenonelegge, \u201cil miracolo di una citt\u00e0 che si fa libro\u201d grazie al legame tra l\u2019industria e la cultura - Fondazione Pirelli","robots":{"index":"index","follow":"follow","max-snippet":"max-snippet:-1","max-image-preview":"max-image-preview:large","max-video-preview":"max-video-preview:-1"},"canonical":"https:\/\/www.fondazionepirelli.org\/it\/cultura-dimpresa\/blog\/pordenonelegge-il-miracolo-di-una-citta-che-si-fa-libro-grazie-al-legame-tra-lindustria-e-la-cultura\/","og_locale":"it_IT","og_type":"article","og_title":"Pordenonelegge, \u201cil miracolo di una citt\u00e0 che si fa libro\u201d grazie al legame tra l\u2019industria e la cultura - Fondazione Pirelli","og_description":"Pescatori di idee e di parole. Per farne ingredienti di sapide conversazioni. E di civili relazioni. Vengono in mente pensieri leggeri e curiosi, guardando i manifesti di quest\u2019anno di Pordenonelegge, il festival dei buoni libri e degli incontri colti e civili: c\u2019\u00e8 un amo che, invece che un pesce, solleva il lembo d\u2019una pagina gialla [&hellip;]","og_url":"https:\/\/www.fondazionepirelli.org\/it\/cultura-dimpresa\/blog\/pordenonelegge-il-miracolo-di-una-citta-che-si-fa-libro-grazie-al-legame-tra-lindustria-e-la-cultura\/","og_site_name":"Fondazione Pirelli","article_published_time":"2025-09-23T08:26:07+00:00","article_modified_time":"2026-04-01T13:49:48+00:00","og_image":[{"width":2048,"height":1365,"url":"https:\/\/wpsite-assets.fondazionepirelli.org\/wp-content\/uploads\/2025\/09\/23084441\/XT45436.jpg","type":"image\/jpeg"}],"author":"fondadmin","twitter_card":"summary_large_image","twitter_misc":{"Scritto da":"fondadmin","Tempo di lettura stimato":"8 minuti"},"schema":{"@context":"https:\/\/schema.org","@graph":[{"@type":"WebPage","@id":"https:\/\/www.fondazionepirelli.org\/it\/cultura-dimpresa\/blog\/pordenonelegge-il-miracolo-di-una-citta-che-si-fa-libro-grazie-al-legame-tra-lindustria-e-la-cultura\/","url":"https:\/\/www.fondazionepirelli.org\/it\/cultura-dimpresa\/blog\/pordenonelegge-il-miracolo-di-una-citta-che-si-fa-libro-grazie-al-legame-tra-lindustria-e-la-cultura\/","name":"Pordenonelegge, \u201cil miracolo di una citt\u00e0 che si fa libro\u201d grazie al legame tra l\u2019industria e la cultura - Fondazione Pirelli","isPartOf":{"@id":"https:\/\/www.fondazionepirelli.org\/it\/#website"},"primaryImageOfPage":{"@id":"https:\/\/www.fondazionepirelli.org\/it\/cultura-dimpresa\/blog\/pordenonelegge-il-miracolo-di-una-citta-che-si-fa-libro-grazie-al-legame-tra-lindustria-e-la-cultura\/#primaryimage"},"image":{"@id":"https:\/\/www.fondazionepirelli.org\/it\/cultura-dimpresa\/blog\/pordenonelegge-il-miracolo-di-una-citta-che-si-fa-libro-grazie-al-legame-tra-lindustria-e-la-cultura\/#primaryimage"},"thumbnailUrl":"https:\/\/wpsite-assets.fondazionepirelli.org\/wp-content\/uploads\/2025\/09\/23084441\/XT45436.jpg","datePublished":"2025-09-23T08:26:07+00:00","dateModified":"2026-04-01T13:49:48+00:00","author":{"@id":"https:\/\/www.fondazionepirelli.org\/it\/#\/schema\/person\/f47d097000832c4a6e54538c791fdf25"},"breadcrumb":{"@id":"https:\/\/www.fondazionepirelli.org\/it\/cultura-dimpresa\/blog\/pordenonelegge-il-miracolo-di-una-citta-che-si-fa-libro-grazie-al-legame-tra-lindustria-e-la-cultura\/#breadcrumb"},"inLanguage":"it-IT","potentialAction":[{"@type":"ReadAction","target":["https:\/\/www.fondazionepirelli.org\/it\/cultura-dimpresa\/blog\/pordenonelegge-il-miracolo-di-una-citta-che-si-fa-libro-grazie-al-legame-tra-lindustria-e-la-cultura\/"]}]},{"@type":"ImageObject","inLanguage":"it-IT","@id":"https:\/\/www.fondazionepirelli.org\/it\/cultura-dimpresa\/blog\/pordenonelegge-il-miracolo-di-una-citta-che-si-fa-libro-grazie-al-legame-tra-lindustria-e-la-cultura\/#primaryimage","url":"https:\/\/wpsite-assets.fondazionepirelli.org\/wp-content\/uploads\/2025\/09\/23084441\/XT45436.jpg","contentUrl":"https:\/\/wpsite-assets.fondazionepirelli.org\/wp-content\/uploads\/2025\/09\/23084441\/XT45436.jpg","width":2048,"height":1365},{"@type":"BreadcrumbList","@id":"https:\/\/www.fondazionepirelli.org\/it\/cultura-dimpresa\/blog\/pordenonelegge-il-miracolo-di-una-citta-che-si-fa-libro-grazie-al-legame-tra-lindustria-e-la-cultura\/#breadcrumb","itemListElement":[{"@type":"ListItem","position":1,"name":"Home","item":"https:\/\/www.fondazionepirelli.org\/it\/"},{"@type":"ListItem","position":2,"name":"Pordenonelegge, \u201cil miracolo di una citt\u00e0 che si fa libro\u201d grazie al legame tra l\u2019industria e la cultura"}]},{"@type":"WebSite","@id":"https:\/\/www.fondazionepirelli.org\/it\/#website","url":"https:\/\/www.fondazionepirelli.org\/it\/","name":"Fondazione Pirelli","description":"","potentialAction":[{"@type":"SearchAction","target":{"@type":"EntryPoint","urlTemplate":"https:\/\/www.fondazionepirelli.org\/it\/?s={search_term_string}"},"query-input":{"@type":"PropertyValueSpecification","valueRequired":true,"valueName":"search_term_string"}}],"inLanguage":"it-IT"},{"@type":"Person","@id":"https:\/\/www.fondazionepirelli.org\/it\/#\/schema\/person\/f47d097000832c4a6e54538c791fdf25","name":"fondadmin","image":{"@type":"ImageObject","inLanguage":"it-IT","@id":"https:\/\/www.fondazionepirelli.org\/it\/#\/schema\/person\/image\/","url":"https:\/\/secure.gravatar.com\/avatar\/e69498a9175ca244966e51e53c88712c024fcebe41f9a05f75657f1bb25e489b?s=96&d=mm&r=g","contentUrl":"https:\/\/secure.gravatar.com\/avatar\/e69498a9175ca244966e51e53c88712c024fcebe41f9a05f75657f1bb25e489b?s=96&d=mm&r=g","caption":"fondadmin"},"url":"https:\/\/www.fondazionepirelli.org\/it\/author\/fondadmin\/"}]}},"_links":{"self":[{"href":"https:\/\/www.fondazionepirelli.org\/it\/wp-json\/wp\/v2\/posts\/105290\/"}],"collection":[{"href":"https:\/\/www.fondazionepirelli.org\/it\/wp-json\/wp\/v2\/posts\/"}],"about":[{"href":"https:\/\/www.fondazionepirelli.org\/it\/wp-json\/wp\/v2\/types\/post\/"}],"author":[{"embeddable":true,"href":"https:\/\/www.fondazionepirelli.org\/it\/wp-json\/wp\/v2\/users\/1\/"}],"replies":[{"embeddable":true,"href":"https:\/\/www.fondazionepirelli.org\/it\/wp-json\/wp\/v2\/comments\/?post=105290"}],"version-history":[{"count":3,"href":"https:\/\/www.fondazionepirelli.org\/it\/wp-json\/wp\/v2\/posts\/105290\/revisions\/"}],"predecessor-version":[{"id":105342,"href":"https:\/\/www.fondazionepirelli.org\/it\/wp-json\/wp\/v2\/posts\/105290\/revisions\/105342\/"}],"wp:featuredmedia":[{"embeddable":true,"href":"https:\/\/www.fondazionepirelli.org\/it\/wp-json\/wp\/v2\/media\/105292\/"}],"wp:attachment":[{"href":"https:\/\/www.fondazionepirelli.org\/it\/wp-json\/wp\/v2\/media\/?parent=105290"}],"wp:term":[{"taxonomy":"category","embeddable":true,"href":"https:\/\/www.fondazionepirelli.org\/it\/wp-json\/wp\/v2\/categories\/?post=105290"},{"taxonomy":"post_tag","embeddable":true,"href":"https:\/\/www.fondazionepirelli.org\/it\/wp-json\/wp\/v2\/tags\/?post=105290"}],"curies":[{"name":"wp","href":"https:\/\/api.w.org\/{rel}","templated":true}]}}