{"id":105295,"date":"2025-09-23T09:25:51","date_gmt":"2025-09-23T08:25:51","guid":{"rendered":"https:\/\/www.fondazionepirelli.org\/?p=105295"},"modified":"2025-09-23T09:25:51","modified_gmt":"2025-09-23T08:25:51","slug":"luoghi-umanita-e-imprese","status":"publish","type":"post","link":"https:\/\/www.fondazionepirelli.org\/it\/cultura-dimpresa\/recensioni-libri\/luoghi-umanita-e-imprese\/","title":{"rendered":"Luoghi, umanit\u00e0 e imprese"},"content":{"rendered":"<p><em>La geografia come strumento importante per capire l\u2019evoluzione sociale ed economica<\/em><\/p><p>Il significato, la storia, il ruolo, la cultura del produrre di un\u2019impresa dipendono non solo dalle persone che la animano ma anche dai luoghi in cui questa insiste. Geografia, quindi, come elemento importante anche per le imprese. Cos\u00ec come per tutte le altre manifestazioni umane. Anche oggi, al tempo della digitalizzazione e della smaterializzazione dei rapporti. Studiare la geografia da questo punto di vista, appare cos\u00ec essere un passo importante per la comprensione delle attivit\u00e0 sociale ed economiche. \u00c8 quanto prova a fare Marco Percoco con il suo \u201cIl potere dei luoghi. La rivincita della geografia per capire la societ\u00e0\u201d bel libro da poco dato alle stampe.<\/p>\n<p>Percoco guarda alla geografia non solo come ad una mappa, ma come un intreccio complesso di relazioni economiche, sociali e umane che determinano lo sviluppo dei luoghi. Il libro esplora quindi come la geografia influenzi profondamente le traiettorie di crescita, dalle migrazioni all\u2019espansione urbana, dalla salute all\u2019ambiente. Percoco unisce, per spiegarsi, teoria e realt\u00e0 attraverso quindi il racconto di storie e casi emblematici: dalla Val d\u2019Agri alle comunit\u00e0 walser del Monte Rosa, dalla malaria che ha colpito Fausto Coppi alle migrazioni dal Sud al Nord Italia. L\u2019autore dimostra come lo spazio non sia un mero contenitore, ma un elemento attivo che plasma le opportunit\u00e0 economiche e sociali.<\/p>\n<p>Spazio geografico, quindi, ma anche spazio storico e sociale. La storia, \u00e8 ancora il pensiero di Percoco, ci insegna che i divari territoriali non si riducono semplicemente spostando le persone, ma comprendendo le specificit\u00e0 locali. E anche in questo caso, per far capire meglio vengono usati casi reali: dal capitale sociale di comunit\u00e0 come Arcidosso alle conseguenze dello sfruttamento delle risorse estrattive, dall\u2019impatto delle infrastrutture di trasporto alle dinamiche migratorie. Il libro di Marco Percoco finisce cos\u00ec per assumere i tratti di un viaggio che rivela come lo sviluppo dipenda dalla capacit\u00e0 di valorizzare le risorse di ogni territorio, siano esse umane, naturali o istituzionali. \u201cIl potere dei luoghi\u201d arriva per\u00f2 anche ad un altro traguardo: una lettura innovativa delle disuguaglianze contemporanee che porta a a guardare oltre i confini geografici per immaginare nuove strategie di crescita e di benessere per tutti. Importante, tra i molti, questo passaggio che chi legge incontra verso la fine del libro: \u201cGestire economicamente un territorio non significa pi\u00f9 solo creare nuovi posti di lavoro con una politica industriale sperabilmente efficace. Una visione moderna deve accompagnarsi a una gestione strategica delle risorse attivabili, dal capitale umano a quello imprenditoriale e naturale\u201d.<\/p>\n<p><strong>\u00a0<\/strong><\/p>\n<p><strong>Il potere dei luoghi. <\/strong><strong>La rivincita della geografia per capire la societ\u00e0<\/strong><\/p>\n<p>Marco Percoco<\/p>\n<p>EGEA, 2025<\/p>\n<p><strong>\u00a0<\/strong><\/p>\n","protected":false},"excerpt":{"rendered":"<p>La geografia come strumento importante per capire l\u2019evoluzione sociale ed economicaIl significato, la storia, il ruolo, la cultura del produrre di un\u2019impresa dipendono non solo dalle persone che la animano ma anche dai luoghi in cui questa insiste. Geografia, quindi, come elemento importante anche per le imprese. Cos\u00ec come per tutte le altre manifestazioni umane. [&hellip;]<\/p>\n","protected":false},"author":1,"featured_media":105296,"comment_status":"open","ping_status":"open","sticky":false,"template":"","format":"standard","meta":{"footnotes":""},"categories":[52,58],"tags":[],"class_list":["post-105295","post","type-post","status-publish","format-standard","has-post-thumbnail","hentry","category-cultura-dimpresa","category-recensioni-libri"],"acf":[],"yoast_head":"<!-- This site is optimized with the Yoast SEO plugin v25.0 - https:\/\/yoast.com\/wordpress\/plugins\/seo\/ -->\n<title>Luoghi, umanit\u00e0 e imprese - Fondazione Pirelli<\/title>\n<meta name=\"robots\" content=\"index, follow, max-snippet:-1, max-image-preview:large, max-video-preview:-1\" \/>\n<link rel=\"canonical\" href=\"https:\/\/www.fondazionepirelli.org\/it\/cultura-dimpresa\/recensioni-libri\/luoghi-umanita-e-imprese\/\" \/>\n<meta property=\"og:locale\" content=\"it_IT\" \/>\n<meta property=\"og:type\" content=\"article\" \/>\n<meta property=\"og:title\" content=\"Luoghi, umanit\u00e0 e imprese - Fondazione Pirelli\" \/>\n<meta property=\"og:description\" content=\"La geografia come strumento importante per capire l\u2019evoluzione sociale ed economicaIl significato, la storia, il ruolo, la cultura del produrre di un\u2019impresa dipendono non solo dalle persone che la animano ma anche dai luoghi in cui questa insiste. Geografia, quindi, come elemento importante anche per le imprese. Cos\u00ec come per tutte le altre manifestazioni umane. [&hellip;]\" \/>\n<meta property=\"og:url\" content=\"https:\/\/www.fondazionepirelli.org\/it\/cultura-dimpresa\/recensioni-libri\/luoghi-umanita-e-imprese\/\" \/>\n<meta property=\"og:site_name\" content=\"Fondazione Pirelli\" \/>\n<meta property=\"article:published_time\" content=\"2025-09-23T08:25:51+00:00\" \/>\n<meta property=\"og:image\" content=\"https:\/\/wpsite-assets.fondazionepirelli.org\/wp-content\/uploads\/2025\/09\/23085417\/Il-potere-dei-luoghi-2.jpg\" \/>\n\t<meta property=\"og:image:width\" content=\"786\" \/>\n\t<meta property=\"og:image:height\" content=\"1280\" \/>\n\t<meta property=\"og:image:type\" content=\"image\/jpeg\" \/>\n<meta name=\"author\" content=\"fondadmin\" \/>\n<meta name=\"twitter:card\" content=\"summary_large_image\" \/>\n<meta name=\"twitter:label1\" content=\"Scritto da\" \/>\n\t<meta name=\"twitter:data1\" content=\"fondadmin\" \/>\n\t<meta name=\"twitter:label2\" content=\"Tempo di lettura stimato\" \/>\n\t<meta name=\"twitter:data2\" content=\"3 minuti\" \/>\n<script type=\"application\/ld+json\" class=\"yoast-schema-graph\">{\"@context\":\"https:\/\/schema.org\",\"@graph\":[{\"@type\":\"WebPage\",\"@id\":\"https:\/\/www.fondazionepirelli.org\/it\/cultura-dimpresa\/recensioni-libri\/luoghi-umanita-e-imprese\/\",\"url\":\"https:\/\/www.fondazionepirelli.org\/it\/cultura-dimpresa\/recensioni-libri\/luoghi-umanita-e-imprese\/\",\"name\":\"Luoghi, umanit\u00e0 e imprese - Fondazione Pirelli\",\"isPartOf\":{\"@id\":\"https:\/\/www.fondazionepirelli.org\/it\/#website\"},\"primaryImageOfPage\":{\"@id\":\"https:\/\/www.fondazionepirelli.org\/it\/cultura-dimpresa\/recensioni-libri\/luoghi-umanita-e-imprese\/#primaryimage\"},\"image\":{\"@id\":\"https:\/\/www.fondazionepirelli.org\/it\/cultura-dimpresa\/recensioni-libri\/luoghi-umanita-e-imprese\/#primaryimage\"},\"thumbnailUrl\":\"https:\/\/wpsite-assets.fondazionepirelli.org\/wp-content\/uploads\/2025\/09\/23085417\/Il-potere-dei-luoghi-2.jpg\",\"datePublished\":\"2025-09-23T08:25:51+00:00\",\"author\":{\"@id\":\"https:\/\/www.fondazionepirelli.org\/it\/#\/schema\/person\/f47d097000832c4a6e54538c791fdf25\"},\"breadcrumb\":{\"@id\":\"https:\/\/www.fondazionepirelli.org\/it\/cultura-dimpresa\/recensioni-libri\/luoghi-umanita-e-imprese\/#breadcrumb\"},\"inLanguage\":\"it-IT\",\"potentialAction\":[{\"@type\":\"ReadAction\",\"target\":[\"https:\/\/www.fondazionepirelli.org\/it\/cultura-dimpresa\/recensioni-libri\/luoghi-umanita-e-imprese\/\"]}]},{\"@type\":\"ImageObject\",\"inLanguage\":\"it-IT\",\"@id\":\"https:\/\/www.fondazionepirelli.org\/it\/cultura-dimpresa\/recensioni-libri\/luoghi-umanita-e-imprese\/#primaryimage\",\"url\":\"https:\/\/wpsite-assets.fondazionepirelli.org\/wp-content\/uploads\/2025\/09\/23085417\/Il-potere-dei-luoghi-2.jpg\",\"contentUrl\":\"https:\/\/wpsite-assets.fondazionepirelli.org\/wp-content\/uploads\/2025\/09\/23085417\/Il-potere-dei-luoghi-2.jpg\",\"width\":786,\"height\":1280},{\"@type\":\"BreadcrumbList\",\"@id\":\"https:\/\/www.fondazionepirelli.org\/it\/cultura-dimpresa\/recensioni-libri\/luoghi-umanita-e-imprese\/#breadcrumb\",\"itemListElement\":[{\"@type\":\"ListItem\",\"position\":1,\"name\":\"Home\",\"item\":\"https:\/\/www.fondazionepirelli.org\/it\/\"},{\"@type\":\"ListItem\",\"position\":2,\"name\":\"Luoghi, umanit\u00e0 e imprese\"}]},{\"@type\":\"WebSite\",\"@id\":\"https:\/\/www.fondazionepirelli.org\/it\/#website\",\"url\":\"https:\/\/www.fondazionepirelli.org\/it\/\",\"name\":\"Fondazione Pirelli\",\"description\":\"\",\"potentialAction\":[{\"@type\":\"SearchAction\",\"target\":{\"@type\":\"EntryPoint\",\"urlTemplate\":\"https:\/\/www.fondazionepirelli.org\/it\/?s={search_term_string}\"},\"query-input\":{\"@type\":\"PropertyValueSpecification\",\"valueRequired\":true,\"valueName\":\"search_term_string\"}}],\"inLanguage\":\"it-IT\"},{\"@type\":\"Person\",\"@id\":\"https:\/\/www.fondazionepirelli.org\/it\/#\/schema\/person\/f47d097000832c4a6e54538c791fdf25\",\"name\":\"fondadmin\",\"image\":{\"@type\":\"ImageObject\",\"inLanguage\":\"it-IT\",\"@id\":\"https:\/\/www.fondazionepirelli.org\/it\/#\/schema\/person\/image\/\",\"url\":\"https:\/\/secure.gravatar.com\/avatar\/e69498a9175ca244966e51e53c88712c024fcebe41f9a05f75657f1bb25e489b?s=96&d=mm&r=g\",\"contentUrl\":\"https:\/\/secure.gravatar.com\/avatar\/e69498a9175ca244966e51e53c88712c024fcebe41f9a05f75657f1bb25e489b?s=96&d=mm&r=g\",\"caption\":\"fondadmin\"},\"url\":\"https:\/\/www.fondazionepirelli.org\/it\/author\/fondadmin\/\"}]}<\/script>\n<!-- \/ Yoast SEO plugin. -->","yoast_head_json":{"title":"Luoghi, umanit\u00e0 e imprese - Fondazione Pirelli","robots":{"index":"index","follow":"follow","max-snippet":"max-snippet:-1","max-image-preview":"max-image-preview:large","max-video-preview":"max-video-preview:-1"},"canonical":"https:\/\/www.fondazionepirelli.org\/it\/cultura-dimpresa\/recensioni-libri\/luoghi-umanita-e-imprese\/","og_locale":"it_IT","og_type":"article","og_title":"Luoghi, umanit\u00e0 e imprese - Fondazione Pirelli","og_description":"La geografia come strumento importante per capire l\u2019evoluzione sociale ed economicaIl significato, la storia, il ruolo, la cultura del produrre di un\u2019impresa dipendono non solo dalle persone che la animano ma anche dai luoghi in cui questa insiste. Geografia, quindi, come elemento importante anche per le imprese. Cos\u00ec come per tutte le altre manifestazioni umane. [&hellip;]","og_url":"https:\/\/www.fondazionepirelli.org\/it\/cultura-dimpresa\/recensioni-libri\/luoghi-umanita-e-imprese\/","og_site_name":"Fondazione Pirelli","article_published_time":"2025-09-23T08:25:51+00:00","og_image":[{"width":786,"height":1280,"url":"https:\/\/wpsite-assets.fondazionepirelli.org\/wp-content\/uploads\/2025\/09\/23085417\/Il-potere-dei-luoghi-2.jpg","type":"image\/jpeg"}],"author":"fondadmin","twitter_card":"summary_large_image","twitter_misc":{"Scritto da":"fondadmin","Tempo di lettura stimato":"3 minuti"},"schema":{"@context":"https:\/\/schema.org","@graph":[{"@type":"WebPage","@id":"https:\/\/www.fondazionepirelli.org\/it\/cultura-dimpresa\/recensioni-libri\/luoghi-umanita-e-imprese\/","url":"https:\/\/www.fondazionepirelli.org\/it\/cultura-dimpresa\/recensioni-libri\/luoghi-umanita-e-imprese\/","name":"Luoghi, umanit\u00e0 e imprese - Fondazione Pirelli","isPartOf":{"@id":"https:\/\/www.fondazionepirelli.org\/it\/#website"},"primaryImageOfPage":{"@id":"https:\/\/www.fondazionepirelli.org\/it\/cultura-dimpresa\/recensioni-libri\/luoghi-umanita-e-imprese\/#primaryimage"},"image":{"@id":"https:\/\/www.fondazionepirelli.org\/it\/cultura-dimpresa\/recensioni-libri\/luoghi-umanita-e-imprese\/#primaryimage"},"thumbnailUrl":"https:\/\/wpsite-assets.fondazionepirelli.org\/wp-content\/uploads\/2025\/09\/23085417\/Il-potere-dei-luoghi-2.jpg","datePublished":"2025-09-23T08:25:51+00:00","author":{"@id":"https:\/\/www.fondazionepirelli.org\/it\/#\/schema\/person\/f47d097000832c4a6e54538c791fdf25"},"breadcrumb":{"@id":"https:\/\/www.fondazionepirelli.org\/it\/cultura-dimpresa\/recensioni-libri\/luoghi-umanita-e-imprese\/#breadcrumb"},"inLanguage":"it-IT","potentialAction":[{"@type":"ReadAction","target":["https:\/\/www.fondazionepirelli.org\/it\/cultura-dimpresa\/recensioni-libri\/luoghi-umanita-e-imprese\/"]}]},{"@type":"ImageObject","inLanguage":"it-IT","@id":"https:\/\/www.fondazionepirelli.org\/it\/cultura-dimpresa\/recensioni-libri\/luoghi-umanita-e-imprese\/#primaryimage","url":"https:\/\/wpsite-assets.fondazionepirelli.org\/wp-content\/uploads\/2025\/09\/23085417\/Il-potere-dei-luoghi-2.jpg","contentUrl":"https:\/\/wpsite-assets.fondazionepirelli.org\/wp-content\/uploads\/2025\/09\/23085417\/Il-potere-dei-luoghi-2.jpg","width":786,"height":1280},{"@type":"BreadcrumbList","@id":"https:\/\/www.fondazionepirelli.org\/it\/cultura-dimpresa\/recensioni-libri\/luoghi-umanita-e-imprese\/#breadcrumb","itemListElement":[{"@type":"ListItem","position":1,"name":"Home","item":"https:\/\/www.fondazionepirelli.org\/it\/"},{"@type":"ListItem","position":2,"name":"Luoghi, umanit\u00e0 e imprese"}]},{"@type":"WebSite","@id":"https:\/\/www.fondazionepirelli.org\/it\/#website","url":"https:\/\/www.fondazionepirelli.org\/it\/","name":"Fondazione Pirelli","description":"","potentialAction":[{"@type":"SearchAction","target":{"@type":"EntryPoint","urlTemplate":"https:\/\/www.fondazionepirelli.org\/it\/?s={search_term_string}"},"query-input":{"@type":"PropertyValueSpecification","valueRequired":true,"valueName":"search_term_string"}}],"inLanguage":"it-IT"},{"@type":"Person","@id":"https:\/\/www.fondazionepirelli.org\/it\/#\/schema\/person\/f47d097000832c4a6e54538c791fdf25","name":"fondadmin","image":{"@type":"ImageObject","inLanguage":"it-IT","@id":"https:\/\/www.fondazionepirelli.org\/it\/#\/schema\/person\/image\/","url":"https:\/\/secure.gravatar.com\/avatar\/e69498a9175ca244966e51e53c88712c024fcebe41f9a05f75657f1bb25e489b?s=96&d=mm&r=g","contentUrl":"https:\/\/secure.gravatar.com\/avatar\/e69498a9175ca244966e51e53c88712c024fcebe41f9a05f75657f1bb25e489b?s=96&d=mm&r=g","caption":"fondadmin"},"url":"https:\/\/www.fondazionepirelli.org\/it\/author\/fondadmin\/"}]}},"_links":{"self":[{"href":"https:\/\/www.fondazionepirelli.org\/it\/wp-json\/wp\/v2\/posts\/105295\/"}],"collection":[{"href":"https:\/\/www.fondazionepirelli.org\/it\/wp-json\/wp\/v2\/posts\/"}],"about":[{"href":"https:\/\/www.fondazionepirelli.org\/it\/wp-json\/wp\/v2\/types\/post\/"}],"author":[{"embeddable":true,"href":"https:\/\/www.fondazionepirelli.org\/it\/wp-json\/wp\/v2\/users\/1\/"}],"replies":[{"embeddable":true,"href":"https:\/\/www.fondazionepirelli.org\/it\/wp-json\/wp\/v2\/comments\/?post=105295"}],"version-history":[{"count":1,"href":"https:\/\/www.fondazionepirelli.org\/it\/wp-json\/wp\/v2\/posts\/105295\/revisions\/"}],"predecessor-version":[{"id":105298,"href":"https:\/\/www.fondazionepirelli.org\/it\/wp-json\/wp\/v2\/posts\/105295\/revisions\/105298\/"}],"wp:featuredmedia":[{"embeddable":true,"href":"https:\/\/www.fondazionepirelli.org\/it\/wp-json\/wp\/v2\/media\/105296\/"}],"wp:attachment":[{"href":"https:\/\/www.fondazionepirelli.org\/it\/wp-json\/wp\/v2\/media\/?parent=105295"}],"wp:term":[{"taxonomy":"category","embeddable":true,"href":"https:\/\/www.fondazionepirelli.org\/it\/wp-json\/wp\/v2\/categories\/?post=105295"},{"taxonomy":"post_tag","embeddable":true,"href":"https:\/\/www.fondazionepirelli.org\/it\/wp-json\/wp\/v2\/tags\/?post=105295"}],"curies":[{"name":"wp","href":"https:\/\/api.w.org\/{rel}","templated":true}]}}