{"id":105299,"date":"2025-09-23T09:25:34","date_gmt":"2025-09-23T08:25:34","guid":{"rendered":"https:\/\/www.fondazionepirelli.org\/?p=105299"},"modified":"2025-09-23T09:25:34","modified_gmt":"2025-09-23T08:25:34","slug":"diplomazia-dimpresa","status":"publish","type":"post","link":"https:\/\/www.fondazionepirelli.org\/it\/cultura-dimpresa\/approfondimenti\/diplomazia-dimpresa\/","title":{"rendered":"Diplomazia d\u2019impresa"},"content":{"rendered":"<p><em>In una Lectio magistralis la sintesi della capacit\u00e0 delle aziende di essere attori positivi dell\u2019economia e della societ\u00e0<\/em><\/p>\n<p>Le imprese possono essere soggetti importanti anche dal punto di vista delle relazioni politiche e del bene comune. Non solo conti a posto e qualit\u00e0 del prodotto, dunque, ma qualcosa di diverso e di pi\u00f9: un ruolo importante nell\u2019ambito delle relazioni sociali, dei territori e pi\u00f9 in generale politiche. Il tema \u00e8 di grande importanza e necessita di essere ben compreso. Un passo verso questa direzione lo si pu\u00f2 compiere leggendo la Lectio magistralis di Simone Bemporad tenuta lo scorso maggio presso l\u2019Universit\u00e0 di Trieste.<\/p>\n<p>Bemporad lucidamente ha affrontato il tema dell\u2019\u201dimpatto delle aziende sulle relazioni politiche e sul bene comune\u201d partendo dalla sua esperienza di vita &#8211; giornalista e uomo d\u2019azienda \u2013 che lo ha condotto negli anni a lavorare, come lui stesso dice, \u201cin istituzioni e in imprese importanti, aziende che hanno sempre dimostrato una vocazione per l\u2019innovazione e il futuro\u201d. Obiettivo della Lectio \u00e8 la dimostrazione di tre punti fermi nella visione di Bemporad del mondo, dell\u2019economia e delle relazioni sociali e politiche. Prima di tutto il fatto che \u201cconsiderare separate le traiettorie dell\u2019interesse dell\u2019impresa privata da quelle dell\u2019interesse pubblico \u00e8 una visione gi\u00e0 superata dalla realt\u00e0 e provare a dividerle non aiuter\u00e0 a raggiungere n\u00e9 l\u2019una n\u00e9 l\u2019altra\u201d. In secondo luogo che \u201cil business svolge un ruolo di ponte tra luoghi lontanissimi tra di loro, con forze e mezzi di cui quasi nessun governo pu\u00f2 disporre, e che la collaborazione dei governi e in particolare di una rete diplomatica altamente competente con le imprese sono determinanti per gestire i rapporti tra Paesi\u201d. Infine, che \u201cla comunicazione aziendale e l\u2019advocacy sono elementi essenziali per le moderne economie interconnesse e anzi, parafrasando quanto scrisse Keynes a proposito delle teorie economiche, sono pi\u00f9 potenti di ci\u00f2 che comunemente si creda\u201d.<\/p>\n<p>Bemporad affronta l\u2019argomento con grande chiarezza e porta chi ascolta (oppure legge) alla comprensione di realt\u00e0 di rapporti che spesso non appaiono ai pi\u00f9 e che invece possono essere determinanti per il futuro di interi sistemi sociale ed economici. E lo fa mettendo a frutto l\u2019esperienza del giornalista che sa scrivere e quella del grande uomo d\u2019impresa. \u00a0\u201cLe aziende \u2013 scrive in uno dei passaggi cruciali Bemporad &#8211; possono contribuire a rendere pi\u00f9 informate le decisioni della diplomazia e della politica condividendo la grande conoscenza generata dalla propria attivit\u00e0, dando quindi un punto di vista originale e innovativo\u201d.<\/p>\n<p><strong>\u00a0<\/strong><\/p>\n<p><a href=\"https:\/\/wpsite-assets.fondazionepirelli.org\/wp-content\/uploads\/2025\/09\/23085738\/Approfodimento-lectio-magistralis.pdf\"><strong>L\u2019impatto delle aziende sulle relazioni politiche e sul bene comune. Lectio magistralis di Simone Bemporad<\/strong><\/a><\/p>\n<p>Simone Bemporad<\/p>\n<p>Lectio Magistralis, Universit\u00e0 degli Studi di Trieste, 30 maggio 2025, in occasione del conferimento della Laurea Honoris Causa<\/p>","protected":false},"excerpt":{"rendered":"<p>In una Lectio magistralis la sintesi della capacit\u00e0 delle aziende di essere attori positivi dell\u2019economia e della societ\u00e0 Le imprese possono essere soggetti importanti anche dal punto di vista delle relazioni politiche e del bene comune. Non solo conti a posto e qualit\u00e0 del prodotto, dunque, ma qualcosa di diverso e di pi\u00f9: un ruolo [&hellip;]<\/p>\n","protected":false},"author":1,"featured_media":0,"comment_status":"open","ping_status":"open","sticky":false,"template":"","format":"standard","meta":{"footnotes":""},"categories":[54,52],"tags":[],"class_list":["post-105299","post","type-post","status-publish","format-standard","hentry","category-approfondimenti","category-cultura-dimpresa"],"acf":[],"yoast_head":"<!-- This site is optimized with the Yoast SEO plugin v25.0 - https:\/\/yoast.com\/wordpress\/plugins\/seo\/ -->\n<title>Diplomazia d\u2019impresa - Fondazione Pirelli<\/title>\n<meta name=\"robots\" content=\"index, follow, max-snippet:-1, max-image-preview:large, max-video-preview:-1\" \/>\n<link rel=\"canonical\" href=\"https:\/\/www.fondazionepirelli.org\/it\/cultura-dimpresa\/approfondimenti\/diplomazia-dimpresa\/\" \/>\n<meta property=\"og:locale\" content=\"it_IT\" \/>\n<meta property=\"og:type\" content=\"article\" \/>\n<meta property=\"og:title\" content=\"Diplomazia d\u2019impresa - Fondazione Pirelli\" \/>\n<meta property=\"og:description\" content=\"In una Lectio magistralis la sintesi della capacit\u00e0 delle aziende di essere attori positivi dell\u2019economia e della societ\u00e0 Le imprese possono essere soggetti importanti anche dal punto di vista delle relazioni politiche e del bene comune. Non solo conti a posto e qualit\u00e0 del prodotto, dunque, ma qualcosa di diverso e di pi\u00f9: un ruolo [&hellip;]\" \/>\n<meta property=\"og:url\" content=\"https:\/\/www.fondazionepirelli.org\/it\/cultura-dimpresa\/approfondimenti\/diplomazia-dimpresa\/\" \/>\n<meta property=\"og:site_name\" content=\"Fondazione Pirelli\" \/>\n<meta property=\"article:published_time\" content=\"2025-09-23T08:25:34+00:00\" \/>\n<meta name=\"author\" content=\"fondadmin\" \/>\n<meta name=\"twitter:card\" content=\"summary_large_image\" \/>\n<meta name=\"twitter:label1\" content=\"Scritto da\" \/>\n\t<meta name=\"twitter:data1\" content=\"fondadmin\" \/>\n\t<meta name=\"twitter:label2\" content=\"Tempo di lettura stimato\" \/>\n\t<meta name=\"twitter:data2\" content=\"3 minuti\" \/>\n<script type=\"application\/ld+json\" class=\"yoast-schema-graph\">{\"@context\":\"https:\/\/schema.org\",\"@graph\":[{\"@type\":\"WebPage\",\"@id\":\"https:\/\/www.fondazionepirelli.org\/it\/cultura-dimpresa\/approfondimenti\/diplomazia-dimpresa\/\",\"url\":\"https:\/\/www.fondazionepirelli.org\/it\/cultura-dimpresa\/approfondimenti\/diplomazia-dimpresa\/\",\"name\":\"Diplomazia d\u2019impresa - Fondazione Pirelli\",\"isPartOf\":{\"@id\":\"https:\/\/www.fondazionepirelli.org\/it\/#website\"},\"datePublished\":\"2025-09-23T08:25:34+00:00\",\"author\":{\"@id\":\"https:\/\/www.fondazionepirelli.org\/it\/#\/schema\/person\/f47d097000832c4a6e54538c791fdf25\"},\"breadcrumb\":{\"@id\":\"https:\/\/www.fondazionepirelli.org\/it\/cultura-dimpresa\/approfondimenti\/diplomazia-dimpresa\/#breadcrumb\"},\"inLanguage\":\"it-IT\",\"potentialAction\":[{\"@type\":\"ReadAction\",\"target\":[\"https:\/\/www.fondazionepirelli.org\/it\/cultura-dimpresa\/approfondimenti\/diplomazia-dimpresa\/\"]}]},{\"@type\":\"BreadcrumbList\",\"@id\":\"https:\/\/www.fondazionepirelli.org\/it\/cultura-dimpresa\/approfondimenti\/diplomazia-dimpresa\/#breadcrumb\",\"itemListElement\":[{\"@type\":\"ListItem\",\"position\":1,\"name\":\"Home\",\"item\":\"https:\/\/www.fondazionepirelli.org\/it\/\"},{\"@type\":\"ListItem\",\"position\":2,\"name\":\"Diplomazia d\u2019impresa\"}]},{\"@type\":\"WebSite\",\"@id\":\"https:\/\/www.fondazionepirelli.org\/it\/#website\",\"url\":\"https:\/\/www.fondazionepirelli.org\/it\/\",\"name\":\"Fondazione Pirelli\",\"description\":\"\",\"potentialAction\":[{\"@type\":\"SearchAction\",\"target\":{\"@type\":\"EntryPoint\",\"urlTemplate\":\"https:\/\/www.fondazionepirelli.org\/it\/?s={search_term_string}\"},\"query-input\":{\"@type\":\"PropertyValueSpecification\",\"valueRequired\":true,\"valueName\":\"search_term_string\"}}],\"inLanguage\":\"it-IT\"},{\"@type\":\"Person\",\"@id\":\"https:\/\/www.fondazionepirelli.org\/it\/#\/schema\/person\/f47d097000832c4a6e54538c791fdf25\",\"name\":\"fondadmin\",\"image\":{\"@type\":\"ImageObject\",\"inLanguage\":\"it-IT\",\"@id\":\"https:\/\/www.fondazionepirelli.org\/it\/#\/schema\/person\/image\/\",\"url\":\"https:\/\/secure.gravatar.com\/avatar\/e69498a9175ca244966e51e53c88712c024fcebe41f9a05f75657f1bb25e489b?s=96&d=mm&r=g\",\"contentUrl\":\"https:\/\/secure.gravatar.com\/avatar\/e69498a9175ca244966e51e53c88712c024fcebe41f9a05f75657f1bb25e489b?s=96&d=mm&r=g\",\"caption\":\"fondadmin\"},\"url\":\"https:\/\/www.fondazionepirelli.org\/it\/author\/fondadmin\/\"}]}<\/script>\n<!-- \/ Yoast SEO plugin. -->","yoast_head_json":{"title":"Diplomazia d\u2019impresa - Fondazione Pirelli","robots":{"index":"index","follow":"follow","max-snippet":"max-snippet:-1","max-image-preview":"max-image-preview:large","max-video-preview":"max-video-preview:-1"},"canonical":"https:\/\/www.fondazionepirelli.org\/it\/cultura-dimpresa\/approfondimenti\/diplomazia-dimpresa\/","og_locale":"it_IT","og_type":"article","og_title":"Diplomazia d\u2019impresa - Fondazione Pirelli","og_description":"In una Lectio magistralis la sintesi della capacit\u00e0 delle aziende di essere attori positivi dell\u2019economia e della societ\u00e0 Le imprese possono essere soggetti importanti anche dal punto di vista delle relazioni politiche e del bene comune. Non solo conti a posto e qualit\u00e0 del prodotto, dunque, ma qualcosa di diverso e di pi\u00f9: un ruolo [&hellip;]","og_url":"https:\/\/www.fondazionepirelli.org\/it\/cultura-dimpresa\/approfondimenti\/diplomazia-dimpresa\/","og_site_name":"Fondazione Pirelli","article_published_time":"2025-09-23T08:25:34+00:00","author":"fondadmin","twitter_card":"summary_large_image","twitter_misc":{"Scritto da":"fondadmin","Tempo di lettura stimato":"3 minuti"},"schema":{"@context":"https:\/\/schema.org","@graph":[{"@type":"WebPage","@id":"https:\/\/www.fondazionepirelli.org\/it\/cultura-dimpresa\/approfondimenti\/diplomazia-dimpresa\/","url":"https:\/\/www.fondazionepirelli.org\/it\/cultura-dimpresa\/approfondimenti\/diplomazia-dimpresa\/","name":"Diplomazia d\u2019impresa - Fondazione Pirelli","isPartOf":{"@id":"https:\/\/www.fondazionepirelli.org\/it\/#website"},"datePublished":"2025-09-23T08:25:34+00:00","author":{"@id":"https:\/\/www.fondazionepirelli.org\/it\/#\/schema\/person\/f47d097000832c4a6e54538c791fdf25"},"breadcrumb":{"@id":"https:\/\/www.fondazionepirelli.org\/it\/cultura-dimpresa\/approfondimenti\/diplomazia-dimpresa\/#breadcrumb"},"inLanguage":"it-IT","potentialAction":[{"@type":"ReadAction","target":["https:\/\/www.fondazionepirelli.org\/it\/cultura-dimpresa\/approfondimenti\/diplomazia-dimpresa\/"]}]},{"@type":"BreadcrumbList","@id":"https:\/\/www.fondazionepirelli.org\/it\/cultura-dimpresa\/approfondimenti\/diplomazia-dimpresa\/#breadcrumb","itemListElement":[{"@type":"ListItem","position":1,"name":"Home","item":"https:\/\/www.fondazionepirelli.org\/it\/"},{"@type":"ListItem","position":2,"name":"Diplomazia d\u2019impresa"}]},{"@type":"WebSite","@id":"https:\/\/www.fondazionepirelli.org\/it\/#website","url":"https:\/\/www.fondazionepirelli.org\/it\/","name":"Fondazione Pirelli","description":"","potentialAction":[{"@type":"SearchAction","target":{"@type":"EntryPoint","urlTemplate":"https:\/\/www.fondazionepirelli.org\/it\/?s={search_term_string}"},"query-input":{"@type":"PropertyValueSpecification","valueRequired":true,"valueName":"search_term_string"}}],"inLanguage":"it-IT"},{"@type":"Person","@id":"https:\/\/www.fondazionepirelli.org\/it\/#\/schema\/person\/f47d097000832c4a6e54538c791fdf25","name":"fondadmin","image":{"@type":"ImageObject","inLanguage":"it-IT","@id":"https:\/\/www.fondazionepirelli.org\/it\/#\/schema\/person\/image\/","url":"https:\/\/secure.gravatar.com\/avatar\/e69498a9175ca244966e51e53c88712c024fcebe41f9a05f75657f1bb25e489b?s=96&d=mm&r=g","contentUrl":"https:\/\/secure.gravatar.com\/avatar\/e69498a9175ca244966e51e53c88712c024fcebe41f9a05f75657f1bb25e489b?s=96&d=mm&r=g","caption":"fondadmin"},"url":"https:\/\/www.fondazionepirelli.org\/it\/author\/fondadmin\/"}]}},"_links":{"self":[{"href":"https:\/\/www.fondazionepirelli.org\/it\/wp-json\/wp\/v2\/posts\/105299\/"}],"collection":[{"href":"https:\/\/www.fondazionepirelli.org\/it\/wp-json\/wp\/v2\/posts\/"}],"about":[{"href":"https:\/\/www.fondazionepirelli.org\/it\/wp-json\/wp\/v2\/types\/post\/"}],"author":[{"embeddable":true,"href":"https:\/\/www.fondazionepirelli.org\/it\/wp-json\/wp\/v2\/users\/1\/"}],"replies":[{"embeddable":true,"href":"https:\/\/www.fondazionepirelli.org\/it\/wp-json\/wp\/v2\/comments\/?post=105299"}],"version-history":[{"count":1,"href":"https:\/\/www.fondazionepirelli.org\/it\/wp-json\/wp\/v2\/posts\/105299\/revisions\/"}],"predecessor-version":[{"id":105302,"href":"https:\/\/www.fondazionepirelli.org\/it\/wp-json\/wp\/v2\/posts\/105299\/revisions\/105302\/"}],"wp:attachment":[{"href":"https:\/\/www.fondazionepirelli.org\/it\/wp-json\/wp\/v2\/media\/?parent=105299"}],"wp:term":[{"taxonomy":"category","embeddable":true,"href":"https:\/\/www.fondazionepirelli.org\/it\/wp-json\/wp\/v2\/categories\/?post=105299"},{"taxonomy":"post_tag","embeddable":true,"href":"https:\/\/www.fondazionepirelli.org\/it\/wp-json\/wp\/v2\/tags\/?post=105299"}],"curies":[{"name":"wp","href":"https:\/\/api.w.org\/{rel}","templated":true}]}}