{"id":105373,"date":"2025-10-01T13:09:39","date_gmt":"2025-10-01T12:09:39","guid":{"rendered":"https:\/\/www.fondazionepirelli.org\/?p=105373"},"modified":"2025-10-01T13:09:39","modified_gmt":"2025-10-01T12:09:39","slug":"etica-come-elemento-imprescindibile-delleconomia","status":"publish","type":"post","link":"https:\/\/www.fondazionepirelli.org\/it\/cultura-dimpresa\/etica-come-elemento-imprescindibile-delleconomia\/","title":{"rendered":"Etica come elemento imprescindibile dell\u2019economia"},"content":{"rendered":"<p><em>Un intervento del Presidente di ABI sintetizza lucidamente alcuni principi cardine da seguire<\/em><\/p>\n<p><strong>\u00a0<\/strong><\/p>\n<p>Etica ed economia come due parti di uno stesso ragionamento. E come elementi di cui tenere conto anche nelle imprese. Per una cultura del produrre che sia attenta, ad un tempo, sia al profitto che alla modalit\u00e0 con cui questo si ottiene. Su questi temi ha ragionato recentemente Antonio Patuelli, Presidente di Associazione Bancaria Italiana (ABI) in un suo intervento. \u201cEtica ed Economia\u201d \u00e8 una lucida sintesi dei principi che dovrebbero sorreggere ogni buona impresa, cos\u00ec come, d\u2019altra parte, guidare ogni attore di un sistema economico moderno.<\/p>\n<p>Profitto non opposto alla morale, dunque. Patuelli spiega come \u201cla dimensione morale dell\u2019economia e della finanza consente di cogliere come finalit\u00e0 inscindibili l\u2019efficienza economica e la promozione di sviluppo solidale e sostenibile\u201d. Una \u201cbase\u201d che sostiene l\u2019economia e la finanza nell\u2019essere \u201cfonti di creazione di ricchezze non fini a s\u00e9 stesse, ma mezzi, strumenti per l\u2019incremento dello sviluppo, del progresso, dei pi\u00f9 alti gradi di civilizzazione\u201d. Non solo principi, tuttavia. Patuelli, infatti, prosegue sottolineando che \u201cin economia e finanza tutto ci\u00f2 che \u00e8 moralmente corretto, \u00e8 finalizzato allo sviluppo globale e solidale della persona e della societ\u00e0 che si pu\u00f2 realizzare solo in una economia di mercato con sensibilit\u00e0 sociali, dove l\u2019iniziativa privata goda di uno spazio ampio costituzionalmente garantito, con regole di mercato libero, concorrenziale e vigilato da Autorit\u00e0 indipendenti\u201d.<\/p>\n<p>Poi l\u2019impresa, l\u2019organizzazione della produzione per eccellenza. Il Presidente di ABI riprende la \u201cCentesimus annus\u201d e sottolinea: \u201cL\u2019impresa non pu\u00f2 essere considerata solo come una societ\u00e0 di capitali; essa \u00e8 al tempo stesso una comunit\u00e0 di persone\u201d. E quindi come sia doveroso valutare il benessere \u201ccon criteri pi\u00f9 ampi del Pil, tenendo conto anche di altri parametri quali la sicurezza, la salute, la crescita del \u2018capitale umano\u2019, la qualit\u00e0 della vita sociale e del lavoro\u201d.<\/p>\n<p>E accanto all\u2019impresa, il \u201cprecetto\u201d per eccellenza dell\u2019oggi: la sostenibilit\u00e0 vista come \u201calternativa all\u2019attualismo, a tutto ci\u00f2 che non valuta le conseguenze prospettiche. Sostenibilit\u00e0 \u2013 sottolinea Patuelli &#8211; \u00e8 visione lunga e alternativa alle scelte basate anche sulla sondaggistica che analizza principalmente le conseguenze dei fenomeni\u201d. Tutto da leggere l\u2019intervento del Presidente dell\u2019Associazione Bancaria Italiana.<\/p><p><a href=\"https:\/\/www.abi.it\/lectio-magistralis-su-etica-ed-economia-antonio-patuelli-presidente-abi\/\"><strong>Etica ed Economia<\/strong><\/a><\/p>\n<p>Antonio Patuelli<\/p>\n<p>Associazione Bancaria Italiana \u2013 Universit\u00e0 LINK, 24 settembre 2025<\/p>","protected":false},"excerpt":{"rendered":"<p>Un intervento del Presidente di ABI sintetizza lucidamente alcuni principi cardine da seguire \u00a0 Etica ed economia come due parti di uno stesso ragionamento. E come elementi di cui tenere conto anche nelle imprese. Per una cultura del produrre che sia attenta, ad un tempo, sia al profitto che alla modalit\u00e0 con cui questo si [&hellip;]<\/p>\n","protected":false},"author":1,"featured_media":0,"comment_status":"open","ping_status":"open","sticky":false,"template":"","format":"standard","meta":{"footnotes":""},"categories":[54,52],"tags":[],"class_list":["post-105373","post","type-post","status-publish","format-standard","hentry","category-approfondimenti","category-cultura-dimpresa"],"acf":[],"yoast_head":"<!-- This site is optimized with the Yoast SEO plugin v25.0 - https:\/\/yoast.com\/wordpress\/plugins\/seo\/ -->\n<title>Etica come elemento imprescindibile dell\u2019economia - Fondazione Pirelli<\/title>\n<meta name=\"robots\" content=\"index, follow, max-snippet:-1, max-image-preview:large, max-video-preview:-1\" \/>\n<link rel=\"canonical\" href=\"https:\/\/www.fondazionepirelli.org\/it\/cultura-dimpresa\/etica-come-elemento-imprescindibile-delleconomia\/\" \/>\n<meta property=\"og:locale\" content=\"it_IT\" \/>\n<meta property=\"og:type\" content=\"article\" \/>\n<meta property=\"og:title\" content=\"Etica come elemento imprescindibile dell\u2019economia - Fondazione Pirelli\" \/>\n<meta property=\"og:description\" content=\"Un intervento del Presidente di ABI sintetizza lucidamente alcuni principi cardine da seguire \u00a0 Etica ed economia come due parti di uno stesso ragionamento. E come elementi di cui tenere conto anche nelle imprese. Per una cultura del produrre che sia attenta, ad un tempo, sia al profitto che alla modalit\u00e0 con cui questo si [&hellip;]\" \/>\n<meta property=\"og:url\" content=\"https:\/\/www.fondazionepirelli.org\/it\/cultura-dimpresa\/etica-come-elemento-imprescindibile-delleconomia\/\" \/>\n<meta property=\"og:site_name\" content=\"Fondazione Pirelli\" \/>\n<meta property=\"article:published_time\" content=\"2025-10-01T12:09:39+00:00\" \/>\n<meta name=\"author\" content=\"fondadmin\" \/>\n<meta name=\"twitter:card\" content=\"summary_large_image\" \/>\n<meta name=\"twitter:label1\" content=\"Scritto da\" \/>\n\t<meta name=\"twitter:data1\" content=\"fondadmin\" \/>\n\t<meta name=\"twitter:label2\" content=\"Tempo di lettura stimato\" \/>\n\t<meta name=\"twitter:data2\" content=\"2 minuti\" \/>\n<script type=\"application\/ld+json\" class=\"yoast-schema-graph\">{\"@context\":\"https:\/\/schema.org\",\"@graph\":[{\"@type\":\"WebPage\",\"@id\":\"https:\/\/www.fondazionepirelli.org\/it\/cultura-dimpresa\/etica-come-elemento-imprescindibile-delleconomia\/\",\"url\":\"https:\/\/www.fondazionepirelli.org\/it\/cultura-dimpresa\/etica-come-elemento-imprescindibile-delleconomia\/\",\"name\":\"Etica come elemento imprescindibile dell\u2019economia - Fondazione Pirelli\",\"isPartOf\":{\"@id\":\"https:\/\/www.fondazionepirelli.org\/it\/#website\"},\"datePublished\":\"2025-10-01T12:09:39+00:00\",\"author\":{\"@id\":\"https:\/\/www.fondazionepirelli.org\/it\/#\/schema\/person\/f47d097000832c4a6e54538c791fdf25\"},\"breadcrumb\":{\"@id\":\"https:\/\/www.fondazionepirelli.org\/it\/cultura-dimpresa\/etica-come-elemento-imprescindibile-delleconomia\/#breadcrumb\"},\"inLanguage\":\"it-IT\",\"potentialAction\":[{\"@type\":\"ReadAction\",\"target\":[\"https:\/\/www.fondazionepirelli.org\/it\/cultura-dimpresa\/etica-come-elemento-imprescindibile-delleconomia\/\"]}]},{\"@type\":\"BreadcrumbList\",\"@id\":\"https:\/\/www.fondazionepirelli.org\/it\/cultura-dimpresa\/etica-come-elemento-imprescindibile-delleconomia\/#breadcrumb\",\"itemListElement\":[{\"@type\":\"ListItem\",\"position\":1,\"name\":\"Home\",\"item\":\"https:\/\/www.fondazionepirelli.org\/it\/\"},{\"@type\":\"ListItem\",\"position\":2,\"name\":\"Etica come elemento imprescindibile dell\u2019economia\"}]},{\"@type\":\"WebSite\",\"@id\":\"https:\/\/www.fondazionepirelli.org\/it\/#website\",\"url\":\"https:\/\/www.fondazionepirelli.org\/it\/\",\"name\":\"Fondazione Pirelli\",\"description\":\"\",\"potentialAction\":[{\"@type\":\"SearchAction\",\"target\":{\"@type\":\"EntryPoint\",\"urlTemplate\":\"https:\/\/www.fondazionepirelli.org\/it\/?s={search_term_string}\"},\"query-input\":{\"@type\":\"PropertyValueSpecification\",\"valueRequired\":true,\"valueName\":\"search_term_string\"}}],\"inLanguage\":\"it-IT\"},{\"@type\":\"Person\",\"@id\":\"https:\/\/www.fondazionepirelli.org\/it\/#\/schema\/person\/f47d097000832c4a6e54538c791fdf25\",\"name\":\"fondadmin\",\"image\":{\"@type\":\"ImageObject\",\"inLanguage\":\"it-IT\",\"@id\":\"https:\/\/www.fondazionepirelli.org\/it\/#\/schema\/person\/image\/\",\"url\":\"https:\/\/secure.gravatar.com\/avatar\/e69498a9175ca244966e51e53c88712c024fcebe41f9a05f75657f1bb25e489b?s=96&d=mm&r=g\",\"contentUrl\":\"https:\/\/secure.gravatar.com\/avatar\/e69498a9175ca244966e51e53c88712c024fcebe41f9a05f75657f1bb25e489b?s=96&d=mm&r=g\",\"caption\":\"fondadmin\"},\"url\":\"https:\/\/www.fondazionepirelli.org\/it\/author\/fondadmin\/\"}]}<\/script>\n<!-- \/ Yoast SEO plugin. -->","yoast_head_json":{"title":"Etica come elemento imprescindibile dell\u2019economia - Fondazione Pirelli","robots":{"index":"index","follow":"follow","max-snippet":"max-snippet:-1","max-image-preview":"max-image-preview:large","max-video-preview":"max-video-preview:-1"},"canonical":"https:\/\/www.fondazionepirelli.org\/it\/cultura-dimpresa\/etica-come-elemento-imprescindibile-delleconomia\/","og_locale":"it_IT","og_type":"article","og_title":"Etica come elemento imprescindibile dell\u2019economia - Fondazione Pirelli","og_description":"Un intervento del Presidente di ABI sintetizza lucidamente alcuni principi cardine da seguire \u00a0 Etica ed economia come due parti di uno stesso ragionamento. E come elementi di cui tenere conto anche nelle imprese. Per una cultura del produrre che sia attenta, ad un tempo, sia al profitto che alla modalit\u00e0 con cui questo si [&hellip;]","og_url":"https:\/\/www.fondazionepirelli.org\/it\/cultura-dimpresa\/etica-come-elemento-imprescindibile-delleconomia\/","og_site_name":"Fondazione Pirelli","article_published_time":"2025-10-01T12:09:39+00:00","author":"fondadmin","twitter_card":"summary_large_image","twitter_misc":{"Scritto da":"fondadmin","Tempo di lettura stimato":"2 minuti"},"schema":{"@context":"https:\/\/schema.org","@graph":[{"@type":"WebPage","@id":"https:\/\/www.fondazionepirelli.org\/it\/cultura-dimpresa\/etica-come-elemento-imprescindibile-delleconomia\/","url":"https:\/\/www.fondazionepirelli.org\/it\/cultura-dimpresa\/etica-come-elemento-imprescindibile-delleconomia\/","name":"Etica come elemento imprescindibile dell\u2019economia - Fondazione Pirelli","isPartOf":{"@id":"https:\/\/www.fondazionepirelli.org\/it\/#website"},"datePublished":"2025-10-01T12:09:39+00:00","author":{"@id":"https:\/\/www.fondazionepirelli.org\/it\/#\/schema\/person\/f47d097000832c4a6e54538c791fdf25"},"breadcrumb":{"@id":"https:\/\/www.fondazionepirelli.org\/it\/cultura-dimpresa\/etica-come-elemento-imprescindibile-delleconomia\/#breadcrumb"},"inLanguage":"it-IT","potentialAction":[{"@type":"ReadAction","target":["https:\/\/www.fondazionepirelli.org\/it\/cultura-dimpresa\/etica-come-elemento-imprescindibile-delleconomia\/"]}]},{"@type":"BreadcrumbList","@id":"https:\/\/www.fondazionepirelli.org\/it\/cultura-dimpresa\/etica-come-elemento-imprescindibile-delleconomia\/#breadcrumb","itemListElement":[{"@type":"ListItem","position":1,"name":"Home","item":"https:\/\/www.fondazionepirelli.org\/it\/"},{"@type":"ListItem","position":2,"name":"Etica come elemento imprescindibile dell\u2019economia"}]},{"@type":"WebSite","@id":"https:\/\/www.fondazionepirelli.org\/it\/#website","url":"https:\/\/www.fondazionepirelli.org\/it\/","name":"Fondazione Pirelli","description":"","potentialAction":[{"@type":"SearchAction","target":{"@type":"EntryPoint","urlTemplate":"https:\/\/www.fondazionepirelli.org\/it\/?s={search_term_string}"},"query-input":{"@type":"PropertyValueSpecification","valueRequired":true,"valueName":"search_term_string"}}],"inLanguage":"it-IT"},{"@type":"Person","@id":"https:\/\/www.fondazionepirelli.org\/it\/#\/schema\/person\/f47d097000832c4a6e54538c791fdf25","name":"fondadmin","image":{"@type":"ImageObject","inLanguage":"it-IT","@id":"https:\/\/www.fondazionepirelli.org\/it\/#\/schema\/person\/image\/","url":"https:\/\/secure.gravatar.com\/avatar\/e69498a9175ca244966e51e53c88712c024fcebe41f9a05f75657f1bb25e489b?s=96&d=mm&r=g","contentUrl":"https:\/\/secure.gravatar.com\/avatar\/e69498a9175ca244966e51e53c88712c024fcebe41f9a05f75657f1bb25e489b?s=96&d=mm&r=g","caption":"fondadmin"},"url":"https:\/\/www.fondazionepirelli.org\/it\/author\/fondadmin\/"}]}},"_links":{"self":[{"href":"https:\/\/www.fondazionepirelli.org\/it\/wp-json\/wp\/v2\/posts\/105373\/"}],"collection":[{"href":"https:\/\/www.fondazionepirelli.org\/it\/wp-json\/wp\/v2\/posts\/"}],"about":[{"href":"https:\/\/www.fondazionepirelli.org\/it\/wp-json\/wp\/v2\/types\/post\/"}],"author":[{"embeddable":true,"href":"https:\/\/www.fondazionepirelli.org\/it\/wp-json\/wp\/v2\/users\/1\/"}],"replies":[{"embeddable":true,"href":"https:\/\/www.fondazionepirelli.org\/it\/wp-json\/wp\/v2\/comments\/?post=105373"}],"version-history":[{"count":1,"href":"https:\/\/www.fondazionepirelli.org\/it\/wp-json\/wp\/v2\/posts\/105373\/revisions\/"}],"predecessor-version":[{"id":105374,"href":"https:\/\/www.fondazionepirelli.org\/it\/wp-json\/wp\/v2\/posts\/105373\/revisions\/105374\/"}],"wp:attachment":[{"href":"https:\/\/www.fondazionepirelli.org\/it\/wp-json\/wp\/v2\/media\/?parent=105373"}],"wp:term":[{"taxonomy":"category","embeddable":true,"href":"https:\/\/www.fondazionepirelli.org\/it\/wp-json\/wp\/v2\/categories\/?post=105373"},{"taxonomy":"post_tag","embeddable":true,"href":"https:\/\/www.fondazionepirelli.org\/it\/wp-json\/wp\/v2\/tags\/?post=105373"}],"curies":[{"name":"wp","href":"https:\/\/api.w.org\/{rel}","templated":true}]}}