{"id":105456,"date":"2025-10-07T13:12:11","date_gmt":"2025-10-07T12:12:11","guid":{"rendered":"https:\/\/www.fondazionepirelli.org\/?p=105456"},"modified":"2026-04-01T14:48:18","modified_gmt":"2026-04-01T13:48:18","slug":"litalia-e-in-crisi-di-fiducia-tra-astensione-elettorale-squilibri-fiscali-e-scarsi-livelli-di-formazione-e-cultura","status":"publish","type":"post","link":"https:\/\/www.fondazionepirelli.org\/it\/cultura-dimpresa\/blog\/litalia-e-in-crisi-di-fiducia-tra-astensione-elettorale-squilibri-fiscali-e-scarsi-livelli-di-formazione-e-cultura\/","title":{"rendered":"L\u2019Italia \u00e8 in crisi di fiducia, tra astensione elettorale, squilibri fiscali e scarsi livelli di formazione e cultura"},"content":{"rendered":"<p>Proviamo a guardare dentro la <strong>societ\u00e0 italiana<\/strong>, in questa stagione controversa di ruvide incertezze e scarsa fiducia diffusa, fra timori crescenti di crisi e di guerre e taglienti disagi economici e sociali. E facciamolo sulla scorta di alcuni dati esemplari: quelli di chi vota e chi no, di chi paga le tasse e chi invece, in un modo o nell\u2019altro, ne scansa il peso (colpevolmente e irresponsabilmente, spesso), tra chi ha prospettive sicure di trovare e mantenere un lavoro e di chi, invece (tra i giovani soprattutto) se ne va via, \u201cvota con i piedi\u201d, cio\u00e8 e sceglie di cercare altrove migliori condizioni di vita e professione (quasi 200mila gli italiani emigrati nel \u201824, il 20% in pi\u00f9 dell\u2019anno precedente e molti di loro con una laurea in tasca).<\/p>\n<p>\u201cLa disaffezione per la politica\u201d, titola \u201cIl Foglio\u201d (3 ottobre) per una pagina intera, firmata autorevolmente da <strong>Sabino Cassese<\/strong> (uno dei nostri migliori studiosi di istituzioni e movimenti politici) e attenta a ragionare su \u201c<strong>sfiducia e disinteresse<\/strong>\u201d manifestate dai comportamenti del corpo elettorale: \u201cIn Italia non \u00e8 in calo soltanto l\u2019affluenza alle urne, ma \u00e8 diminuita anche la \u2018partecipazione invisibile\u2019 fatta di informazione e discussione\u201d, la partecipazione cio\u00e8 ai processi politici e sociali di un\u2019opinione pubblica capace di un discorso critico e dunque di un giudizio ben informato (secondo la lezione di <strong>Jurgen Habermas<\/strong> sulla costruzione del consenso nella democrazia liberale).<\/p>\n<p>I recenti dati sull\u2019<strong>affluenza alle urne<\/strong> per le elezioni regionali nelle Marche (50,01% degli elettori) la settimana scorsa e in Calabria, ieri (43%) confermano una tendenza oramai ripetuta nel tempo secondo cui va a votare mediamente appena un elettore su due: una percentuale gi\u00e0 diffusa da tempo in altre democrazie occidentali ma comunque segno di una grande <strong>fragilit\u00e0 nel rapporto tra politica e\u00a0 persone<\/strong> che si sentono sempre meno \u201ccittadini\u201d, nel senso di <em>cives<\/em>, responsabili partecipi della <em>civitas<\/em>, comunit\u00e0 coesa e consapevole.<\/p>\n<p>Dove nasce la sfiducia rispetto alla politica, il disincanto sulle possibilit\u00e0 che le forze politiche, sia al governo (che comunque ha la maggioranza dei votanti) che all\u2019opposizione possano fare cose concrete per migliorare la qualit\u00e0 della vita e affrontare i grandi temi del lavoro, dei redditi, della sicurezza, della sanit\u00e0 e della scuola, insomma di un migliore futuro?<\/p>\n<p>Sarebbe utilissimo, un \u201ccantiere\u201d di riflessioni critiche e autocritiche, in grado di suggerire azioni per riportare al voto almeno una parte dei cos\u00ec tanti, troppi astenuti. La speranza \u00e8 che qualcuno avvii un serio, sincero dibattito e soprattutto sia pronto all\u2019ascolto dei cittadini.<\/p>\n<p>C\u2019\u00e8 una seconda serie di dati, su cui fermare l\u2019attenzione. E riguardano il fisco. Il 43% degli italiani non paga l\u2019Irpef (non ha redditi o non li dichiara). E il 12% versa appena 26 euro all\u2019anno. L\u2019effetto \u00e8 che il <strong>carico fiscale<\/strong> grava sul <strong>45% degli italiani<\/strong>. A guardare meglio all\u2019interno dei numeri, si scopre un ulteriore elemento di squilibrio: il 76,8% dell\u2019intera Irpef \u00e8 pagato da circa 11,6 milioni di contribuenti (sui 42 milioni che fanno la dichiarazione dei redditi e i 33,5 milioni di contribuenti effettivi e cio\u00e8 che versano almeno 1 euro).<\/p>\n<p>I dati (dichiarazione dei redditi 2024 e dunque relativi al 2023) sono forniti da <strong>Itinerari Previdenziali<\/strong>, con il sostegno del <strong>Cida<\/strong> (l\u2019associazione dei dirigenti d\u2019azienda). E confermano anche stavolta una situazione gi\u00e0 nota da anni e, con il passare del tempo, sempre pi\u00f9 intollerabile: tutto il peso delle tasse sul reddito (con cui si pagano scuola, sicurezza, sanit\u00e0, servizi pubblici, etc. di tutti i cittadini) grava sul <strong>ceto medio<\/strong> e soprattutto <strong>medio-alto<\/strong>, sui <strong>lavoratori dipendenti<\/strong> e su quella parte, minoritaria, di <strong>ceti produttivi e professionali autonomi<\/strong> che sono in regola con il fisco. \u201cPensionati, dipendenti e grandi imprese, ecco chi paga le tasse\u201d, sintetizza La Stampa (6 ottobre).<\/p>\n<p>Il fisco, nella sua complessit\u00e0 di entrate e uscite (tasse e spesa pubblica), \u00e8 parte fondamentale del <strong>patto di cittadinanza<\/strong>, del legame tra le persone e lo Stato. Il permanere e anzi il peggiorare degli squilibri, tra chi paga e chi no, chi rispetta la legge e che evade, incrina quel patto. Mette in crisi la fiducia. Mina le basi della convivenza civile e dunque della democrazia. Un altro tema di riflessione, essenziale, dunque, soprattutto in una stagione di <strong>\u201cdemocrazia stanca\u201d<\/strong> (il titolo dell\u2019ottimo libro di <strong>Michael J. Sandel<\/strong>, professore ad Harvard, che avevamo citato nel blog della scorsa settimana) e di necessit\u00e0 di dare nuova energia alla politica democratica, sotto attacco da parte di tentazioni autoritarie e populiste.<\/p>\n<p>La terza serie di dati riguarda lo <strong>spessore culturale<\/strong>. Un italiano su tre (dati della Survey of Adult Skills elaborata dall\u2019Ocse) \u00e8 un \u201canalfabeta funzionale\u201d: non capisce un testo scritto di pur minima complessit\u00e0, non sa affrontare operazioni matematiche semplici. Siamo da un decennio in coda alle classifiche dei paesi pi\u00f9 industrializzati. E abbiamo pessimi punteggi anche in altre classifiche che riguardano gli investimenti in istruzione e ricerca scientifica, il numero dei laureati, la lettura di libri, etc.<\/p>\n<p>L\u2019ignoranza, la <strong>scarsa comprensione dei problemi generali<\/strong> ma anche professionali, la distanza dai fattori culturali generali sono cause di altre fratture nello spirito di comunit\u00e0 e nella percezione di s\u00e9 come cittadini.<\/p>\n<p>C\u2019\u00e8 un nesso, insomma, tra <strong>crollo della partecipazione politica<\/strong>, disagio per gli <strong>squilibri fiscali<\/strong> e <strong>analfabetismo funzionale<\/strong> e <strong>bassa qualit\u00e0 culturale<\/strong>. Tutto concorre alla <strong>caduta dello spirito civile<\/strong>. E dunque anche alla crisi della capacit\u00e0 di affrontare consapevolmente i grandi temi della vita pubblica, a cominciare dalla costruzione delle possibilit\u00e0 di un pi\u00f9 equilibrato sviluppo economico e sociale e di un reale miglioramento delle condizioni di lavoro e di vita.<\/p>\n<p>Una risposta possibile? Investire massicciamente, con risorse pubbliche e private, sulla <strong>conoscenza<\/strong>. Sulla <strong>scuola<\/strong>, cio\u00e8. Sulla <strong>diffusione<\/strong> <strong>e la lettura dei libri<\/strong>. Sulla <strong>partecipazione attiva e critica alle attivit\u00e0 culturali<\/strong>. Sull\u2019idea forte del legame tra libert\u00e0 responsabile e comprensione dei fenomeni che ci riguardano nella vita quotidiana e nella costruzione del futuro.<\/p>\n<p>\u201cPi\u00f9 libri pi\u00f9 liberi\u201d era lo slogan, quanto mai efficace, di una fortunata iniziativa sulla lettura di qualche anno fa, una fiera della piccola e media editoria. Libro come metafora di conoscenza, naturalmente. Di conoscenza critica. E dunque di migliore condizione umana in grado di pensare bene al futuro.<\/p><p><em>Foto Getty Images<\/em><\/p>\n","protected":false},"excerpt":{"rendered":"<p>Proviamo a guardare dentro la societ\u00e0 italiana, in questa stagione controversa di ruvide incertezze e scarsa fiducia diffusa, fra timori crescenti di crisi e di guerre e taglienti disagi economici e sociali. E facciamolo sulla scorta di alcuni dati esemplari: quelli di chi vota e chi no, di chi paga le tasse e chi invece, [&hellip;]<\/p>\n","protected":false},"author":1,"featured_media":105499,"comment_status":"open","ping_status":"open","sticky":false,"template":"","format":"standard","meta":{"footnotes":""},"categories":[53,52],"tags":[],"class_list":["post-105456","post","type-post","status-publish","format-standard","has-post-thumbnail","hentry","category-blog","category-cultura-dimpresa"],"acf":[],"yoast_head":"<!-- This site is optimized with the Yoast SEO plugin v25.0 - https:\/\/yoast.com\/wordpress\/plugins\/seo\/ -->\n<title>L\u2019Italia \u00e8 in crisi di fiducia, tra astensione elettorale, squilibri fiscali e scarsi livelli di formazione e cultura - Fondazione Pirelli<\/title>\n<meta name=\"robots\" content=\"index, follow, max-snippet:-1, max-image-preview:large, max-video-preview:-1\" \/>\n<link rel=\"canonical\" href=\"https:\/\/www.fondazionepirelli.org\/it\/cultura-dimpresa\/blog\/litalia-e-in-crisi-di-fiducia-tra-astensione-elettorale-squilibri-fiscali-e-scarsi-livelli-di-formazione-e-cultura\/\" \/>\n<meta property=\"og:locale\" content=\"it_IT\" \/>\n<meta property=\"og:type\" content=\"article\" \/>\n<meta property=\"og:title\" content=\"L\u2019Italia \u00e8 in crisi di fiducia, tra astensione elettorale, squilibri fiscali e scarsi livelli di formazione e cultura - Fondazione Pirelli\" \/>\n<meta property=\"og:description\" content=\"Proviamo a guardare dentro la societ\u00e0 italiana, in questa stagione controversa di ruvide incertezze e scarsa fiducia diffusa, fra timori crescenti di crisi e di guerre e taglienti disagi economici e sociali. E facciamolo sulla scorta di alcuni dati esemplari: quelli di chi vota e chi no, di chi paga le tasse e chi invece, [&hellip;]\" \/>\n<meta property=\"og:url\" content=\"https:\/\/www.fondazionepirelli.org\/it\/cultura-dimpresa\/blog\/litalia-e-in-crisi-di-fiducia-tra-astensione-elettorale-squilibri-fiscali-e-scarsi-livelli-di-formazione-e-cultura\/\" \/>\n<meta property=\"og:site_name\" content=\"Fondazione Pirelli\" \/>\n<meta property=\"article:published_time\" content=\"2025-10-07T12:12:11+00:00\" \/>\n<meta property=\"article:modified_time\" content=\"2026-04-01T13:48:18+00:00\" \/>\n<meta property=\"og:image\" content=\"https:\/\/wpsite-assets.fondazionepirelli.org\/wp-content\/uploads\/2025\/10\/07131159\/GettyImages-2080189511.jpg\" \/>\n\t<meta property=\"og:image:width\" content=\"2122\" \/>\n\t<meta property=\"og:image:height\" content=\"1412\" \/>\n\t<meta property=\"og:image:type\" content=\"image\/jpeg\" \/>\n<meta name=\"author\" content=\"fondadmin\" \/>\n<meta name=\"twitter:card\" content=\"summary_large_image\" \/>\n<meta name=\"twitter:label1\" content=\"Scritto da\" \/>\n\t<meta name=\"twitter:data1\" content=\"fondadmin\" \/>\n\t<meta name=\"twitter:label2\" content=\"Tempo di lettura stimato\" \/>\n\t<meta name=\"twitter:data2\" content=\"6 minuti\" \/>\n<script type=\"application\/ld+json\" class=\"yoast-schema-graph\">{\"@context\":\"https:\/\/schema.org\",\"@graph\":[{\"@type\":\"WebPage\",\"@id\":\"https:\/\/www.fondazionepirelli.org\/it\/cultura-dimpresa\/blog\/litalia-e-in-crisi-di-fiducia-tra-astensione-elettorale-squilibri-fiscali-e-scarsi-livelli-di-formazione-e-cultura\/\",\"url\":\"https:\/\/www.fondazionepirelli.org\/it\/cultura-dimpresa\/blog\/litalia-e-in-crisi-di-fiducia-tra-astensione-elettorale-squilibri-fiscali-e-scarsi-livelli-di-formazione-e-cultura\/\",\"name\":\"L\u2019Italia \u00e8 in crisi di fiducia, tra astensione elettorale, squilibri fiscali e scarsi livelli di formazione e cultura - Fondazione Pirelli\",\"isPartOf\":{\"@id\":\"https:\/\/www.fondazionepirelli.org\/it\/#website\"},\"primaryImageOfPage\":{\"@id\":\"https:\/\/www.fondazionepirelli.org\/it\/cultura-dimpresa\/blog\/litalia-e-in-crisi-di-fiducia-tra-astensione-elettorale-squilibri-fiscali-e-scarsi-livelli-di-formazione-e-cultura\/#primaryimage\"},\"image\":{\"@id\":\"https:\/\/www.fondazionepirelli.org\/it\/cultura-dimpresa\/blog\/litalia-e-in-crisi-di-fiducia-tra-astensione-elettorale-squilibri-fiscali-e-scarsi-livelli-di-formazione-e-cultura\/#primaryimage\"},\"thumbnailUrl\":\"https:\/\/wpsite-assets.fondazionepirelli.org\/wp-content\/uploads\/2025\/10\/07131159\/GettyImages-2080189511.jpg\",\"datePublished\":\"2025-10-07T12:12:11+00:00\",\"dateModified\":\"2026-04-01T13:48:18+00:00\",\"author\":{\"@id\":\"https:\/\/www.fondazionepirelli.org\/it\/#\/schema\/person\/f47d097000832c4a6e54538c791fdf25\"},\"breadcrumb\":{\"@id\":\"https:\/\/www.fondazionepirelli.org\/it\/cultura-dimpresa\/blog\/litalia-e-in-crisi-di-fiducia-tra-astensione-elettorale-squilibri-fiscali-e-scarsi-livelli-di-formazione-e-cultura\/#breadcrumb\"},\"inLanguage\":\"it-IT\",\"potentialAction\":[{\"@type\":\"ReadAction\",\"target\":[\"https:\/\/www.fondazionepirelli.org\/it\/cultura-dimpresa\/blog\/litalia-e-in-crisi-di-fiducia-tra-astensione-elettorale-squilibri-fiscali-e-scarsi-livelli-di-formazione-e-cultura\/\"]}]},{\"@type\":\"ImageObject\",\"inLanguage\":\"it-IT\",\"@id\":\"https:\/\/www.fondazionepirelli.org\/it\/cultura-dimpresa\/blog\/litalia-e-in-crisi-di-fiducia-tra-astensione-elettorale-squilibri-fiscali-e-scarsi-livelli-di-formazione-e-cultura\/#primaryimage\",\"url\":\"https:\/\/wpsite-assets.fondazionepirelli.org\/wp-content\/uploads\/2025\/10\/07131159\/GettyImages-2080189511.jpg\",\"contentUrl\":\"https:\/\/wpsite-assets.fondazionepirelli.org\/wp-content\/uploads\/2025\/10\/07131159\/GettyImages-2080189511.jpg\",\"width\":2122,\"height\":1412,\"caption\":\"Filling out forms to pay taxes in Italy. The forms are called F24 and recognized as proxies. Pictured is a person writing and filling out forms for contributions.\"},{\"@type\":\"BreadcrumbList\",\"@id\":\"https:\/\/www.fondazionepirelli.org\/it\/cultura-dimpresa\/blog\/litalia-e-in-crisi-di-fiducia-tra-astensione-elettorale-squilibri-fiscali-e-scarsi-livelli-di-formazione-e-cultura\/#breadcrumb\",\"itemListElement\":[{\"@type\":\"ListItem\",\"position\":1,\"name\":\"Home\",\"item\":\"https:\/\/www.fondazionepirelli.org\/it\/\"},{\"@type\":\"ListItem\",\"position\":2,\"name\":\"L\u2019Italia \u00e8 in crisi di fiducia, tra astensione elettorale, squilibri fiscali e scarsi livelli di formazione e cultura\"}]},{\"@type\":\"WebSite\",\"@id\":\"https:\/\/www.fondazionepirelli.org\/it\/#website\",\"url\":\"https:\/\/www.fondazionepirelli.org\/it\/\",\"name\":\"Fondazione Pirelli\",\"description\":\"\",\"potentialAction\":[{\"@type\":\"SearchAction\",\"target\":{\"@type\":\"EntryPoint\",\"urlTemplate\":\"https:\/\/www.fondazionepirelli.org\/it\/?s={search_term_string}\"},\"query-input\":{\"@type\":\"PropertyValueSpecification\",\"valueRequired\":true,\"valueName\":\"search_term_string\"}}],\"inLanguage\":\"it-IT\"},{\"@type\":\"Person\",\"@id\":\"https:\/\/www.fondazionepirelli.org\/it\/#\/schema\/person\/f47d097000832c4a6e54538c791fdf25\",\"name\":\"fondadmin\",\"image\":{\"@type\":\"ImageObject\",\"inLanguage\":\"it-IT\",\"@id\":\"https:\/\/www.fondazionepirelli.org\/it\/#\/schema\/person\/image\/\",\"url\":\"https:\/\/secure.gravatar.com\/avatar\/e69498a9175ca244966e51e53c88712c024fcebe41f9a05f75657f1bb25e489b?s=96&d=mm&r=g\",\"contentUrl\":\"https:\/\/secure.gravatar.com\/avatar\/e69498a9175ca244966e51e53c88712c024fcebe41f9a05f75657f1bb25e489b?s=96&d=mm&r=g\",\"caption\":\"fondadmin\"},\"url\":\"https:\/\/www.fondazionepirelli.org\/it\/author\/fondadmin\/\"}]}<\/script>\n<!-- \/ Yoast SEO plugin. -->","yoast_head_json":{"title":"L\u2019Italia \u00e8 in crisi di fiducia, tra astensione elettorale, squilibri fiscali e scarsi livelli di formazione e cultura - Fondazione Pirelli","robots":{"index":"index","follow":"follow","max-snippet":"max-snippet:-1","max-image-preview":"max-image-preview:large","max-video-preview":"max-video-preview:-1"},"canonical":"https:\/\/www.fondazionepirelli.org\/it\/cultura-dimpresa\/blog\/litalia-e-in-crisi-di-fiducia-tra-astensione-elettorale-squilibri-fiscali-e-scarsi-livelli-di-formazione-e-cultura\/","og_locale":"it_IT","og_type":"article","og_title":"L\u2019Italia \u00e8 in crisi di fiducia, tra astensione elettorale, squilibri fiscali e scarsi livelli di formazione e cultura - Fondazione Pirelli","og_description":"Proviamo a guardare dentro la societ\u00e0 italiana, in questa stagione controversa di ruvide incertezze e scarsa fiducia diffusa, fra timori crescenti di crisi e di guerre e taglienti disagi economici e sociali. E facciamolo sulla scorta di alcuni dati esemplari: quelli di chi vota e chi no, di chi paga le tasse e chi invece, [&hellip;]","og_url":"https:\/\/www.fondazionepirelli.org\/it\/cultura-dimpresa\/blog\/litalia-e-in-crisi-di-fiducia-tra-astensione-elettorale-squilibri-fiscali-e-scarsi-livelli-di-formazione-e-cultura\/","og_site_name":"Fondazione Pirelli","article_published_time":"2025-10-07T12:12:11+00:00","article_modified_time":"2026-04-01T13:48:18+00:00","og_image":[{"width":2122,"height":1412,"url":"https:\/\/wpsite-assets.fondazionepirelli.org\/wp-content\/uploads\/2025\/10\/07131159\/GettyImages-2080189511.jpg","type":"image\/jpeg"}],"author":"fondadmin","twitter_card":"summary_large_image","twitter_misc":{"Scritto da":"fondadmin","Tempo di lettura stimato":"6 minuti"},"schema":{"@context":"https:\/\/schema.org","@graph":[{"@type":"WebPage","@id":"https:\/\/www.fondazionepirelli.org\/it\/cultura-dimpresa\/blog\/litalia-e-in-crisi-di-fiducia-tra-astensione-elettorale-squilibri-fiscali-e-scarsi-livelli-di-formazione-e-cultura\/","url":"https:\/\/www.fondazionepirelli.org\/it\/cultura-dimpresa\/blog\/litalia-e-in-crisi-di-fiducia-tra-astensione-elettorale-squilibri-fiscali-e-scarsi-livelli-di-formazione-e-cultura\/","name":"L\u2019Italia \u00e8 in crisi di fiducia, tra astensione elettorale, squilibri fiscali e scarsi livelli di formazione e cultura - Fondazione Pirelli","isPartOf":{"@id":"https:\/\/www.fondazionepirelli.org\/it\/#website"},"primaryImageOfPage":{"@id":"https:\/\/www.fondazionepirelli.org\/it\/cultura-dimpresa\/blog\/litalia-e-in-crisi-di-fiducia-tra-astensione-elettorale-squilibri-fiscali-e-scarsi-livelli-di-formazione-e-cultura\/#primaryimage"},"image":{"@id":"https:\/\/www.fondazionepirelli.org\/it\/cultura-dimpresa\/blog\/litalia-e-in-crisi-di-fiducia-tra-astensione-elettorale-squilibri-fiscali-e-scarsi-livelli-di-formazione-e-cultura\/#primaryimage"},"thumbnailUrl":"https:\/\/wpsite-assets.fondazionepirelli.org\/wp-content\/uploads\/2025\/10\/07131159\/GettyImages-2080189511.jpg","datePublished":"2025-10-07T12:12:11+00:00","dateModified":"2026-04-01T13:48:18+00:00","author":{"@id":"https:\/\/www.fondazionepirelli.org\/it\/#\/schema\/person\/f47d097000832c4a6e54538c791fdf25"},"breadcrumb":{"@id":"https:\/\/www.fondazionepirelli.org\/it\/cultura-dimpresa\/blog\/litalia-e-in-crisi-di-fiducia-tra-astensione-elettorale-squilibri-fiscali-e-scarsi-livelli-di-formazione-e-cultura\/#breadcrumb"},"inLanguage":"it-IT","potentialAction":[{"@type":"ReadAction","target":["https:\/\/www.fondazionepirelli.org\/it\/cultura-dimpresa\/blog\/litalia-e-in-crisi-di-fiducia-tra-astensione-elettorale-squilibri-fiscali-e-scarsi-livelli-di-formazione-e-cultura\/"]}]},{"@type":"ImageObject","inLanguage":"it-IT","@id":"https:\/\/www.fondazionepirelli.org\/it\/cultura-dimpresa\/blog\/litalia-e-in-crisi-di-fiducia-tra-astensione-elettorale-squilibri-fiscali-e-scarsi-livelli-di-formazione-e-cultura\/#primaryimage","url":"https:\/\/wpsite-assets.fondazionepirelli.org\/wp-content\/uploads\/2025\/10\/07131159\/GettyImages-2080189511.jpg","contentUrl":"https:\/\/wpsite-assets.fondazionepirelli.org\/wp-content\/uploads\/2025\/10\/07131159\/GettyImages-2080189511.jpg","width":2122,"height":1412,"caption":"Filling out forms to pay taxes in Italy. The forms are called F24 and recognized as proxies. Pictured is a person writing and filling out forms for contributions."},{"@type":"BreadcrumbList","@id":"https:\/\/www.fondazionepirelli.org\/it\/cultura-dimpresa\/blog\/litalia-e-in-crisi-di-fiducia-tra-astensione-elettorale-squilibri-fiscali-e-scarsi-livelli-di-formazione-e-cultura\/#breadcrumb","itemListElement":[{"@type":"ListItem","position":1,"name":"Home","item":"https:\/\/www.fondazionepirelli.org\/it\/"},{"@type":"ListItem","position":2,"name":"L\u2019Italia \u00e8 in crisi di fiducia, tra astensione elettorale, squilibri fiscali e scarsi livelli di formazione e cultura"}]},{"@type":"WebSite","@id":"https:\/\/www.fondazionepirelli.org\/it\/#website","url":"https:\/\/www.fondazionepirelli.org\/it\/","name":"Fondazione Pirelli","description":"","potentialAction":[{"@type":"SearchAction","target":{"@type":"EntryPoint","urlTemplate":"https:\/\/www.fondazionepirelli.org\/it\/?s={search_term_string}"},"query-input":{"@type":"PropertyValueSpecification","valueRequired":true,"valueName":"search_term_string"}}],"inLanguage":"it-IT"},{"@type":"Person","@id":"https:\/\/www.fondazionepirelli.org\/it\/#\/schema\/person\/f47d097000832c4a6e54538c791fdf25","name":"fondadmin","image":{"@type":"ImageObject","inLanguage":"it-IT","@id":"https:\/\/www.fondazionepirelli.org\/it\/#\/schema\/person\/image\/","url":"https:\/\/secure.gravatar.com\/avatar\/e69498a9175ca244966e51e53c88712c024fcebe41f9a05f75657f1bb25e489b?s=96&d=mm&r=g","contentUrl":"https:\/\/secure.gravatar.com\/avatar\/e69498a9175ca244966e51e53c88712c024fcebe41f9a05f75657f1bb25e489b?s=96&d=mm&r=g","caption":"fondadmin"},"url":"https:\/\/www.fondazionepirelli.org\/it\/author\/fondadmin\/"}]}},"_links":{"self":[{"href":"https:\/\/www.fondazionepirelli.org\/it\/wp-json\/wp\/v2\/posts\/105456\/"}],"collection":[{"href":"https:\/\/www.fondazionepirelli.org\/it\/wp-json\/wp\/v2\/posts\/"}],"about":[{"href":"https:\/\/www.fondazionepirelli.org\/it\/wp-json\/wp\/v2\/types\/post\/"}],"author":[{"embeddable":true,"href":"https:\/\/www.fondazionepirelli.org\/it\/wp-json\/wp\/v2\/users\/1\/"}],"replies":[{"embeddable":true,"href":"https:\/\/www.fondazionepirelli.org\/it\/wp-json\/wp\/v2\/comments\/?post=105456"}],"version-history":[{"count":3,"href":"https:\/\/www.fondazionepirelli.org\/it\/wp-json\/wp\/v2\/posts\/105456\/revisions\/"}],"predecessor-version":[{"id":105459,"href":"https:\/\/www.fondazionepirelli.org\/it\/wp-json\/wp\/v2\/posts\/105456\/revisions\/105459\/"}],"wp:featuredmedia":[{"embeddable":true,"href":"https:\/\/www.fondazionepirelli.org\/it\/wp-json\/wp\/v2\/media\/105499\/"}],"wp:attachment":[{"href":"https:\/\/www.fondazionepirelli.org\/it\/wp-json\/wp\/v2\/media\/?parent=105456"}],"wp:term":[{"taxonomy":"category","embeddable":true,"href":"https:\/\/www.fondazionepirelli.org\/it\/wp-json\/wp\/v2\/categories\/?post=105456"},{"taxonomy":"post_tag","embeddable":true,"href":"https:\/\/www.fondazionepirelli.org\/it\/wp-json\/wp\/v2\/tags\/?post=105456"}],"curies":[{"name":"wp","href":"https:\/\/api.w.org\/{rel}","templated":true}]}}