{"id":105464,"date":"2025-10-07T13:12:36","date_gmt":"2025-10-07T12:12:36","guid":{"rendered":"https:\/\/www.fondazionepirelli.org\/?p=105464"},"modified":"2025-10-07T13:12:36","modified_gmt":"2025-10-07T12:12:36","slug":"intelligenza-spirituale-per-far-crescere-la-cultura-dimpresa","status":"publish","type":"post","link":"https:\/\/www.fondazionepirelli.org\/it\/cultura-dimpresa\/approfondimenti\/intelligenza-spirituale-per-far-crescere-la-cultura-dimpresa\/","title":{"rendered":"\u201cIntelligenza spirituale\u201d per far crescere la cultura d\u2019impresa"},"content":{"rendered":"<p><em>Guardare ai conti e all\u2019etica come strumenti per affrontare il presente complesso e volatile <strong>\u00a0<\/strong><\/em><\/p><p>Etica e gestione d\u2019impresa. \u201cAntico\u201d \u2013 ormai \u2013 binomio che non cessa certo di essere d\u2019interesse e della necessit\u00e0 di essere studiato e messo in pratica. Etica che, \u00e8 necessario ricordarlo sempre, non deve essere confusa con un buonismo d\u2019impresa dannoso per tutti. Etica che, comunque, passa per le persone che dell\u2019impresa sono il vero motore. Per questo pu\u00f2 essere interessante leggere \u201cEthical Leadership and Spiritual Intelligence in Corporate Communication: A Strategic Imperative for Sustainable Business Culture\u201d di Odunayo Kolawole Kayode (Department of Information Technology Services, Gateway ICT Polytechnic, Nigeria) appena pubblicato.<\/p>\n<p>La ricerca prende le mosse da una constatazione: esiste ormai un ambiente aziendale complesso, caratterizzato da rapidi progressi tecnologici, globalizzazione, instabilit\u00e0 socio-politica e una rinnovata enfasi sull&#8217;etica e sui valori umani. Volatilit\u00e0, appare essere sempre di pi\u00f9 la \u201cparola d\u2019ordine\u201d di quest\u2019epoca. Un contesto nel quale la comunicazione aziendale pu\u00f2 svolgere un ruolo cruciale nel plasmare, ma prima ancora raccontare, l&#8217;identit\u00e0 organizzativa, la fiducia degli <em>stakeholder<\/em> e le pratiche aziendali sostenibili. Questione per\u00f2, come si diceva, di persone al comando.<\/p>\n<p>L\u2019indagine si propone quindi di esplorare l&#8217;intersezione tra leadership etica e quella che viene indicata come \u201cintelligenza spirituale\u201d come strumenti fondamentali per migliorare la comunicazione aziendale nell&#8217;affrontare queste sfide contemporanee. Ma cos\u2019\u00e8 la leadership etica? Per Odunayo Kolawole Kayode \u00e8 quell\u2019approccio alla gestione d\u2019impresa fondato sui principi di integrit\u00e0, equit\u00e0 e responsabilit\u00e0, capace di promuovere una cultura organizzativa trasparente che d\u00e0 priorit\u00e0 al comportamento etico e al coinvolgimento. La ricerca arriva quindi a delineare una sorta di \u201cintelligenza spirituale\u201d che non ha nulla di trascendentale, ma consiste nella capacit\u00e0 di navigare in scenari morali complessi, dimostrare empatia e allineare le pratiche aziendali a valori umani pi\u00f9 profondi. Oltre alla teoria, vengono quindi messi a fuoco tre casi aziendali \u2013 Microsoft, The Body Shop e Unilever \u2013 attraverso l\u2019approfondimento dei comportamenti di altrettanti manager.<\/p>\n<p>I risultati, viene spiegato nelle conclusioni, evidenziano come i leader che incarnano sia qualit\u00e0 etiche che spirituali siano meglio attrezzati per promuovere una comunicazione aperta, risolvere i conflitti, gestire la diversit\u00e0 e guidare un processo decisionale etico. \u00c8 una preziosa e quasi impalpabile sinergia tra leadership etica e \u201cintelligenza spirituale\u201d, quella che contribuisce alla creazione di un sistema virtuoso tra organizzazione aziendale, comunicazione e risultati d\u2019impresa sul mercato.<\/p><p><a href=\"https:\/\/wpsite-assets.fondazionepirelli.org\/wp-content\/uploads\/2025\/10\/07085319\/183.Ethical-Leadership-and-Spiritual-.pdf\"><strong>Ethical Leadership and Spiritual Intelligence in Corporate Communication: A Strategic Imperative for Sustainable Business Culture<\/strong><\/a><\/p>\n<p>Odunayo Kolawole Kayode<\/p>\n<p>Edumania-An International Multidisciplinary Journal, 2025, Vol. 03, Issue 03, 145-149<\/p>\n","protected":false},"excerpt":{"rendered":"<p>Guardare ai conti e all\u2019etica come strumenti per affrontare il presente complesso e volatile \u00a0Etica e gestione d\u2019impresa. \u201cAntico\u201d \u2013 ormai \u2013 binomio che non cessa certo di essere d\u2019interesse e della necessit\u00e0 di essere studiato e messo in pratica. Etica che, \u00e8 necessario ricordarlo sempre, non deve essere confusa con un buonismo d\u2019impresa dannoso [&hellip;]<\/p>\n","protected":false},"author":1,"featured_media":0,"comment_status":"open","ping_status":"open","sticky":false,"template":"","format":"standard","meta":{"footnotes":""},"categories":[54,52],"tags":[],"class_list":["post-105464","post","type-post","status-publish","format-standard","hentry","category-approfondimenti","category-cultura-dimpresa"],"acf":[],"yoast_head":"<!-- This site is optimized with the Yoast SEO plugin v25.0 - https:\/\/yoast.com\/wordpress\/plugins\/seo\/ -->\n<title>\u201cIntelligenza spirituale\u201d per far crescere la cultura d\u2019impresa - Fondazione Pirelli<\/title>\n<meta name=\"robots\" content=\"index, follow, max-snippet:-1, max-image-preview:large, max-video-preview:-1\" \/>\n<link rel=\"canonical\" href=\"https:\/\/www.fondazionepirelli.org\/it\/cultura-dimpresa\/approfondimenti\/intelligenza-spirituale-per-far-crescere-la-cultura-dimpresa\/\" \/>\n<meta property=\"og:locale\" content=\"it_IT\" \/>\n<meta property=\"og:type\" content=\"article\" \/>\n<meta property=\"og:title\" content=\"\u201cIntelligenza spirituale\u201d per far crescere la cultura d\u2019impresa - Fondazione Pirelli\" \/>\n<meta property=\"og:description\" content=\"Guardare ai conti e all\u2019etica come strumenti per affrontare il presente complesso e volatile \u00a0Etica e gestione d\u2019impresa. \u201cAntico\u201d \u2013 ormai \u2013 binomio che non cessa certo di essere d\u2019interesse e della necessit\u00e0 di essere studiato e messo in pratica. Etica che, \u00e8 necessario ricordarlo sempre, non deve essere confusa con un buonismo d\u2019impresa dannoso [&hellip;]\" \/>\n<meta property=\"og:url\" content=\"https:\/\/www.fondazionepirelli.org\/it\/cultura-dimpresa\/approfondimenti\/intelligenza-spirituale-per-far-crescere-la-cultura-dimpresa\/\" \/>\n<meta property=\"og:site_name\" content=\"Fondazione Pirelli\" \/>\n<meta property=\"article:published_time\" content=\"2025-10-07T12:12:36+00:00\" \/>\n<meta name=\"author\" content=\"fondadmin\" \/>\n<meta name=\"twitter:card\" content=\"summary_large_image\" \/>\n<meta name=\"twitter:label1\" content=\"Scritto da\" \/>\n\t<meta name=\"twitter:data1\" content=\"fondadmin\" \/>\n\t<meta name=\"twitter:label2\" content=\"Tempo di lettura stimato\" \/>\n\t<meta name=\"twitter:data2\" content=\"3 minuti\" \/>\n<script type=\"application\/ld+json\" class=\"yoast-schema-graph\">{\"@context\":\"https:\/\/schema.org\",\"@graph\":[{\"@type\":\"WebPage\",\"@id\":\"https:\/\/www.fondazionepirelli.org\/it\/cultura-dimpresa\/approfondimenti\/intelligenza-spirituale-per-far-crescere-la-cultura-dimpresa\/\",\"url\":\"https:\/\/www.fondazionepirelli.org\/it\/cultura-dimpresa\/approfondimenti\/intelligenza-spirituale-per-far-crescere-la-cultura-dimpresa\/\",\"name\":\"\u201cIntelligenza spirituale\u201d per far crescere la cultura d\u2019impresa - Fondazione Pirelli\",\"isPartOf\":{\"@id\":\"https:\/\/www.fondazionepirelli.org\/it\/#website\"},\"datePublished\":\"2025-10-07T12:12:36+00:00\",\"author\":{\"@id\":\"https:\/\/www.fondazionepirelli.org\/it\/#\/schema\/person\/f47d097000832c4a6e54538c791fdf25\"},\"breadcrumb\":{\"@id\":\"https:\/\/www.fondazionepirelli.org\/it\/cultura-dimpresa\/approfondimenti\/intelligenza-spirituale-per-far-crescere-la-cultura-dimpresa\/#breadcrumb\"},\"inLanguage\":\"it-IT\",\"potentialAction\":[{\"@type\":\"ReadAction\",\"target\":[\"https:\/\/www.fondazionepirelli.org\/it\/cultura-dimpresa\/approfondimenti\/intelligenza-spirituale-per-far-crescere-la-cultura-dimpresa\/\"]}]},{\"@type\":\"BreadcrumbList\",\"@id\":\"https:\/\/www.fondazionepirelli.org\/it\/cultura-dimpresa\/approfondimenti\/intelligenza-spirituale-per-far-crescere-la-cultura-dimpresa\/#breadcrumb\",\"itemListElement\":[{\"@type\":\"ListItem\",\"position\":1,\"name\":\"Home\",\"item\":\"https:\/\/www.fondazionepirelli.org\/it\/\"},{\"@type\":\"ListItem\",\"position\":2,\"name\":\"\u201cIntelligenza spirituale\u201d per far crescere la cultura d\u2019impresa\"}]},{\"@type\":\"WebSite\",\"@id\":\"https:\/\/www.fondazionepirelli.org\/it\/#website\",\"url\":\"https:\/\/www.fondazionepirelli.org\/it\/\",\"name\":\"Fondazione Pirelli\",\"description\":\"\",\"potentialAction\":[{\"@type\":\"SearchAction\",\"target\":{\"@type\":\"EntryPoint\",\"urlTemplate\":\"https:\/\/www.fondazionepirelli.org\/it\/?s={search_term_string}\"},\"query-input\":{\"@type\":\"PropertyValueSpecification\",\"valueRequired\":true,\"valueName\":\"search_term_string\"}}],\"inLanguage\":\"it-IT\"},{\"@type\":\"Person\",\"@id\":\"https:\/\/www.fondazionepirelli.org\/it\/#\/schema\/person\/f47d097000832c4a6e54538c791fdf25\",\"name\":\"fondadmin\",\"image\":{\"@type\":\"ImageObject\",\"inLanguage\":\"it-IT\",\"@id\":\"https:\/\/www.fondazionepirelli.org\/it\/#\/schema\/person\/image\/\",\"url\":\"https:\/\/secure.gravatar.com\/avatar\/e69498a9175ca244966e51e53c88712c024fcebe41f9a05f75657f1bb25e489b?s=96&d=mm&r=g\",\"contentUrl\":\"https:\/\/secure.gravatar.com\/avatar\/e69498a9175ca244966e51e53c88712c024fcebe41f9a05f75657f1bb25e489b?s=96&d=mm&r=g\",\"caption\":\"fondadmin\"},\"url\":\"https:\/\/www.fondazionepirelli.org\/it\/author\/fondadmin\/\"}]}<\/script>\n<!-- \/ Yoast SEO plugin. -->","yoast_head_json":{"title":"\u201cIntelligenza spirituale\u201d per far crescere la cultura d\u2019impresa - Fondazione Pirelli","robots":{"index":"index","follow":"follow","max-snippet":"max-snippet:-1","max-image-preview":"max-image-preview:large","max-video-preview":"max-video-preview:-1"},"canonical":"https:\/\/www.fondazionepirelli.org\/it\/cultura-dimpresa\/approfondimenti\/intelligenza-spirituale-per-far-crescere-la-cultura-dimpresa\/","og_locale":"it_IT","og_type":"article","og_title":"\u201cIntelligenza spirituale\u201d per far crescere la cultura d\u2019impresa - Fondazione Pirelli","og_description":"Guardare ai conti e all\u2019etica come strumenti per affrontare il presente complesso e volatile \u00a0Etica e gestione d\u2019impresa. \u201cAntico\u201d \u2013 ormai \u2013 binomio che non cessa certo di essere d\u2019interesse e della necessit\u00e0 di essere studiato e messo in pratica. Etica che, \u00e8 necessario ricordarlo sempre, non deve essere confusa con un buonismo d\u2019impresa dannoso [&hellip;]","og_url":"https:\/\/www.fondazionepirelli.org\/it\/cultura-dimpresa\/approfondimenti\/intelligenza-spirituale-per-far-crescere-la-cultura-dimpresa\/","og_site_name":"Fondazione Pirelli","article_published_time":"2025-10-07T12:12:36+00:00","author":"fondadmin","twitter_card":"summary_large_image","twitter_misc":{"Scritto da":"fondadmin","Tempo di lettura stimato":"3 minuti"},"schema":{"@context":"https:\/\/schema.org","@graph":[{"@type":"WebPage","@id":"https:\/\/www.fondazionepirelli.org\/it\/cultura-dimpresa\/approfondimenti\/intelligenza-spirituale-per-far-crescere-la-cultura-dimpresa\/","url":"https:\/\/www.fondazionepirelli.org\/it\/cultura-dimpresa\/approfondimenti\/intelligenza-spirituale-per-far-crescere-la-cultura-dimpresa\/","name":"\u201cIntelligenza spirituale\u201d per far crescere la cultura d\u2019impresa - Fondazione Pirelli","isPartOf":{"@id":"https:\/\/www.fondazionepirelli.org\/it\/#website"},"datePublished":"2025-10-07T12:12:36+00:00","author":{"@id":"https:\/\/www.fondazionepirelli.org\/it\/#\/schema\/person\/f47d097000832c4a6e54538c791fdf25"},"breadcrumb":{"@id":"https:\/\/www.fondazionepirelli.org\/it\/cultura-dimpresa\/approfondimenti\/intelligenza-spirituale-per-far-crescere-la-cultura-dimpresa\/#breadcrumb"},"inLanguage":"it-IT","potentialAction":[{"@type":"ReadAction","target":["https:\/\/www.fondazionepirelli.org\/it\/cultura-dimpresa\/approfondimenti\/intelligenza-spirituale-per-far-crescere-la-cultura-dimpresa\/"]}]},{"@type":"BreadcrumbList","@id":"https:\/\/www.fondazionepirelli.org\/it\/cultura-dimpresa\/approfondimenti\/intelligenza-spirituale-per-far-crescere-la-cultura-dimpresa\/#breadcrumb","itemListElement":[{"@type":"ListItem","position":1,"name":"Home","item":"https:\/\/www.fondazionepirelli.org\/it\/"},{"@type":"ListItem","position":2,"name":"\u201cIntelligenza spirituale\u201d per far crescere la cultura d\u2019impresa"}]},{"@type":"WebSite","@id":"https:\/\/www.fondazionepirelli.org\/it\/#website","url":"https:\/\/www.fondazionepirelli.org\/it\/","name":"Fondazione Pirelli","description":"","potentialAction":[{"@type":"SearchAction","target":{"@type":"EntryPoint","urlTemplate":"https:\/\/www.fondazionepirelli.org\/it\/?s={search_term_string}"},"query-input":{"@type":"PropertyValueSpecification","valueRequired":true,"valueName":"search_term_string"}}],"inLanguage":"it-IT"},{"@type":"Person","@id":"https:\/\/www.fondazionepirelli.org\/it\/#\/schema\/person\/f47d097000832c4a6e54538c791fdf25","name":"fondadmin","image":{"@type":"ImageObject","inLanguage":"it-IT","@id":"https:\/\/www.fondazionepirelli.org\/it\/#\/schema\/person\/image\/","url":"https:\/\/secure.gravatar.com\/avatar\/e69498a9175ca244966e51e53c88712c024fcebe41f9a05f75657f1bb25e489b?s=96&d=mm&r=g","contentUrl":"https:\/\/secure.gravatar.com\/avatar\/e69498a9175ca244966e51e53c88712c024fcebe41f9a05f75657f1bb25e489b?s=96&d=mm&r=g","caption":"fondadmin"},"url":"https:\/\/www.fondazionepirelli.org\/it\/author\/fondadmin\/"}]}},"_links":{"self":[{"href":"https:\/\/www.fondazionepirelli.org\/it\/wp-json\/wp\/v2\/posts\/105464\/"}],"collection":[{"href":"https:\/\/www.fondazionepirelli.org\/it\/wp-json\/wp\/v2\/posts\/"}],"about":[{"href":"https:\/\/www.fondazionepirelli.org\/it\/wp-json\/wp\/v2\/types\/post\/"}],"author":[{"embeddable":true,"href":"https:\/\/www.fondazionepirelli.org\/it\/wp-json\/wp\/v2\/users\/1\/"}],"replies":[{"embeddable":true,"href":"https:\/\/www.fondazionepirelli.org\/it\/wp-json\/wp\/v2\/comments\/?post=105464"}],"version-history":[{"count":1,"href":"https:\/\/www.fondazionepirelli.org\/it\/wp-json\/wp\/v2\/posts\/105464\/revisions\/"}],"predecessor-version":[{"id":105467,"href":"https:\/\/www.fondazionepirelli.org\/it\/wp-json\/wp\/v2\/posts\/105464\/revisions\/105467\/"}],"wp:attachment":[{"href":"https:\/\/www.fondazionepirelli.org\/it\/wp-json\/wp\/v2\/media\/?parent=105464"}],"wp:term":[{"taxonomy":"category","embeddable":true,"href":"https:\/\/www.fondazionepirelli.org\/it\/wp-json\/wp\/v2\/categories\/?post=105464"},{"taxonomy":"post_tag","embeddable":true,"href":"https:\/\/www.fondazionepirelli.org\/it\/wp-json\/wp\/v2\/tags\/?post=105464"}],"curies":[{"name":"wp","href":"https:\/\/api.w.org\/{rel}","templated":true}]}}