{"id":105544,"date":"2025-10-14T07:59:48","date_gmt":"2025-10-14T06:59:48","guid":{"rendered":"https:\/\/www.fondazionepirelli.org\/?p=105544"},"modified":"2025-10-14T07:59:48","modified_gmt":"2025-10-14T06:59:48","slug":"il-giornalismo-alla-prova-dellai-stimolare-la-conoscenza-contro-le-fake-news-che-stravolgono-democrazia-e-societa","status":"publish","type":"post","link":"https:\/\/www.fondazionepirelli.org\/it\/cultura-dimpresa\/il-giornalismo-alla-prova-dellai-stimolare-la-conoscenza-contro-le-fake-news-che-stravolgono-democrazia-e-societa\/","title":{"rendered":"Il giornalismo alla prova dell\u2019AI: stimolare la conoscenza\u00a0contro le fake news che stravolgono democrazia e societ\u00e0"},"content":{"rendered":"<p>\u201cSe la foto non \u00e8 venuta bene, significa che non eri abbastanza vicino\u201d. Sono parole di <strong>Robert Capa<\/strong>, uno dei migliori fotoreporter del Novecento. Per fare il suo lavoro, non aveva mai evitato i rischi. Durante la guerra civile spagnola. E nel D Day dello sbarco in Normandia, nel giugno del 1944. Nella guerra arabo-israeliana del 1948. E in Indocina, nel 1954. L\u00ec, nella provincia di Thai Bin, and\u00f2 troppo vicino. A una mina. Aveva 41 anni.<\/p>\n<p>Ne aveva 26 Gerda Taro, la sua compagna di lavoro e di vita. Travolta da un carro armato, nel luglio del \u201837, alle porte di Madrid.<\/p>\n<p><strong>Vivere per raccontare.<\/strong> Testimoniare. Fare capire. Con un\u2019immagine, una serie di parole, una ripresa Tv. <strong>Il giornalismo \u00e8 un lavoro<\/strong>. Ma anche una scelta di vita. Che talvolta ha un prezzo terribile: la morte.<\/p>\n<p>Essere \u201cabbastanza vicino\u201d, appunto, diceva Capa. Vicino a quella dimensione della verit\u00e0 dei fatti che il lavoro di cronaca, analisi e inchiesta consente di vedere e di rappresentare.<\/p>\n<p>Queste parole sono risuonate, alla fine di settembre, in apertura della cerimonia di premiazione dei vincitori de \u201c<strong>Il Premiolino<\/strong>\u201d (uno dei pi\u00f9 antichi premi giornalistici italiani, fondato nel 1960 da Enzo Biagi, Indro Montanelli, Orio Vergani e altre \u201cgrandi firme\u201d dei quotidiani), al Piccolo Teatro di Milano, mentre la voce di un\u2019attrice, fuori campo, ricordava tanti altri nomi, Mauro De Mauro e Mario Francese, Mauro Rostagno, Pippo Fava e Giancarlo Siani, che scrivevano sugli intrecci mafiosi tra crimini, affari e potere. E Carlo Casalegno e Walter Tobagi, impegnati a disvelare i nodi dell\u2019orrore del terrorismo negli anni Settanta. E, ancora, Maria Grazia Cutuli in Afghanistan e Ilaria Alpi e Miran Hrovatin a Mogadiscio. Anna Politkovskaja in Russia. E tanti altri, in Europa e nel mondo.<\/p>\n<p>A loro \u00e8 stata dedicare la serata, in cui si \u00e8 \u201cpremiato il buon giornalismo, serio e severo interprete di verit\u00e0 e civilt\u00e0, di umanit\u00e0 e senso della democrazia\u201d. Ricordando, ancora, i reporter morti a Gaza, sino a pochissimi giorni fa. E un\u2019altra donna, esemplare e coraggiosa, Victoria Roshchyna, in Ucraina.<\/p>\n<p>Tutti questi nomi, \u201cpronunciati con solidariet\u00e0 e con rispetto, dicono, drammaticamente, il senso e il valore del mestiere di giornalista\u201d. Un mestiere con una forte connotazione morale e civile, \u201cadatto alle donne e agli uomini che amano libert\u00e0 e responsabilit\u00e0. Inadatto, invece, \u2018ai cinici\u2019, come ha insegnato quello straordinario maestro che si chiamava Ryszard Kapu\u015bcinski\u201d.<\/p>\n<p>Memoria dei morti che va oltre il pur doveroso ricordo. Perch\u00e9 una cerimonia che, anno dopo anno, d\u00e0 valore alle parole dette e scritte sui giornali, in rete, in radio e in Tv, racconta <strong>contemporaneit\u00e0 e futuro<\/strong>, insistendo sulla buona informazione come pilastro della nostra convivenza civile e democratica e dell\u2019impegno per le nuove generazioni.<\/p>\n<p>La giuria del Premiolino (presieduto da Chiara Beria di Argentine e sostenuto da Pirelli), quest\u2019anno ha premiato Paolo Giordano (Corriere della Sera), Anna Zafesova (La Stampa), Luigi Manconi (la Repubblica), Siegmund Ginzberg (Il Foglio), Thomas Mackinson (Il Fatto Quotidiano), Sabrina Giannini (Rai3) e Gianna Fregonara e Orsola Riva (Corriere della Sera) per il <strong>Premio Pirelli<\/strong> per l\u2019informazione sulla scuola: un panorama ampio dei temi su cui l\u2019informazione, proprio in una stagione cos\u00ec difficile e controversa, offre prove costanti di valore culturale e sociale.<\/p>\n<p>Ecco il punto: questi <strong>non sono tempi facili<\/strong>, per i giornalisti. Sono messi in crisi dal generale discredito che da troppo tempo oramai colpisce le \u00e9lite, gli intellettuali, gli scienziati, le persone competenti (l\u2019espansione prepotente dei sociali media sul web ha aiutato la diffusione del pregiudizio secondo cui \u201cla mia ignoranza vale quanto la tua conoscenza\u201d). Colpiti dalle radicali trasformazioni tecnologiche e culturali che investono il sistema mediatico, senza che ci siano ancora risposte editoriali e politiche all\u2019altezza della sfida. Maltollerati da poteri politici ed economici che detestano le critiche e preferiscono coltivare <em>fake news <\/em>e post-verit\u00e0. E considerati marginali da un\u2019opinione pubblica diffusa che non ritiene l\u2019informazione un patrimonio fondamentale della comunit\u00e0 e si affida ai <em>fattoidi <\/em>invece di fare i conti con i fatti, i dati, le verit\u00e0, anche quando sono scomode e non convenienti per un gruppo sociale, una congrega di interessi, una corporazione.<\/p>\n<p>Come in tutte le crisi, anche i mondi della cultura, della scienza e dell\u2019informazione hanno le loro dosi di responsabilit\u00e0. Ma un fatto \u00e8 comunque chiaro: <strong>senza l\u2019informazione di qualit\u00e0<\/strong> avremmo comunque un mondo peggiore, pi\u00f9 ingiusto e squilibrato. E ne soffrirebbero la democrazia, l\u2019economia di mercato, i sistemi di welfare e solidariet\u00e0 sociale e, in generale, tutti i meccanismi di conoscenza che incidono sulla qualit\u00e0 della vita, del lavoro, delle relazioni.<\/p>\n<p>Il presidente della Repubblica Sergio Mattarella, da sempre attento ai temi della democrazia e delle relazioni tra poteri e culture che costruiscono la trama della partecipazione e della cittadinanza, nel giorni scorsi, durante un discorso a Tallin, in Estonia, ha ricordato che \u201cle sfide poste dall\u2019Intelligenza Artificiale sono complesse, ma le democrazie non possono permettersi di rimanere indietro\u2026 Sta a noi realizzare una IA che protegga i nostri cittadini e i nostri valori, senza insidiarli\u201d.<\/p>\n<p>Ecco un punto chiave: l\u2019insidia al sistema dell\u2019informazione: \u201cLa tecnologia e la sicurezza &#8211; insiste Mattarella &#8211; sono tematiche strettamente interconnesse e sempre pi\u00f9 centrali per le nostre comunit\u00e0 democratiche. Assistiamo a un crescente uso dell\u2019IA per fini di disinformazione e per condizionare le pubbliche opinioni, attraverso un uso spregiudicato della profilazione degli utenti sui social media e della diffusione, altrettanto spregiudicata, di notizie false\u201d.<\/p>\n<p>Servono dunque \u201cstandard globali vincolanti\u201d per governare i processi messi in moto dall\u2019IA. E una consapevolezza diffusa non solo delle opportunit\u00e0 legate alle nuove tecnologie, ma pure, lucidamente, dei loro rischi.<\/p>\n<p>L\u2019antidoto? <strong>Investire sulla conoscenza<\/strong>, sui saperi umanistici e scientifici, su un pi\u00f9 profondo senso di responsabilit\u00e0 delle opinioni pubbliche. Sar\u00e0 difficile farcela. Ma \u00e8 indispensabile provare, con convinzione.<\/p>\n<p>Sono temi essenziali, al centro anche della riflessione di Papa Leone. \u201cL\u2019informazione libera \u00e8 un pilastro che sorregge la costruzione delle nostre societ\u00e0 e, per questo, siamo chiamati a difenderla e garantirla\u201d, ha detto nei giorni scorsi in un messaggio a Minds, l\u2019associazione delle principali agenzie di stampa.\u00a0Contro \u201cl\u2019informazione spazzatura\u201d servono \u201ccompetenza, coraggio e senso etico\u201d: i giornalisti possono \u201cessere un argine a chi, attraverso l\u2019arte antica della menzogna, punta a creare contrapposizioni per comandare dividendo; un baluardo di civilt\u00e0 rispetto alle sabbie mobili dell\u2019approssimazione e della post-verit\u00e0\u201d.<\/p>\n<p>Il giornalismo &#8211; insiste Papa Leone &#8211; \u201cnon \u00e8 un crimine\u201d. E bisogna ringraziare \u201ci reporter che rischiano personalmente perch\u00e9 la gente possa sapere come stanno le cose\u201d.<\/p>\n<p>Il Papa ha chiesto ai giornalisti di \u201cliberare la comunicazione dall\u2019inquinamento cognitivo che la corrompe, dalla concorrenza sleale, dal degrado del cosiddetto click bait\u201d. Insomma, \u201cnon siamo destinati a vivere in un mondo dove la verit\u00e0 non \u00e8 pi\u00f9 distinguibile dalla finzione\u201d. Secondo il Papa, \u201cgli algoritmi generano contenuti e dati in una dimensione e con una velocit\u00e0 che non si era mai vista prima. Ma chi li governa? L\u2019intelligenza artificiale sta cambiando il modo con cui ci informiamo e comunichiamo, ma chi la guida e a quali fini?\u201d. In sintesi: \u201cDobbiamo vigilare perch\u00e9 la tecnologia non si sostituisca all\u2019uomo, e perch\u00e9 l\u2019informazione e gli algoritmi che oggi la governano non siano nelle mani di pochi\u201d.<\/p>\n<p>Sono temi su cui, per fortuna, cresce l\u2019attenzione del mondo giornalistico ed editoriale. Come conferma anche il dibattito dei giorni scorsi al convegno de \u201cIl Sole24Ore\u201d sull\u2019evoluzione dei media. Lo testimoniano due degli interventi principali. Innanzitutto quello di Agnese Pini, direttrice di QN\/ La Nazione, Il Resto del Carlino e Il Giorno: \u201cL\u2019informazione \u00e8 il canale terzo tra il potere e il cittadino: se viene meno questo filtro, il potere parla direttamente con i cittadini in maniera verticale e si perde una garanzia fondamentale per la democrazia\u201d. C\u2019\u00e8 infatti una relazione perversa tra la diffusione dei social media e il crollo degli indici di lettura, dal biennio 2011-2012 a oggi. E bisogna affrontare <strong>la sfida di un miglioramento dei processi di conoscenza e di buona informazione.<\/strong><\/p>\n<p>Aggiunge Giuseppe De Bellis, direttore editoriale di SkyTg24: \u201cNel grande panorama dell\u2019informazione, spesso approssimativa, eccessivamente urlata e spinta ai limiti della disinformazione tutte le testate figlie di un\u2019eredit\u00e0 storica che vivono nell\u2019ecosistema digitale con siti internet e profili social devono spingere i consumatori e i lettori a frequentare le proprie piattaforme puntando su autorevolezza e credibilit\u00e0\u201d.<\/p>\n<p>La sfida della conoscenza e della buona informazione, insomma, \u00e8 difficile ma non \u00e8 persa.<\/p>\n<p>C\u2019\u00e8 una interessante opportunit\u00e0 di riflessione, nell\u2019anno che verr\u00e0. Un anno di anniversari simbolici, proprio per il mondo dei giornali. I 159 anni dalla fondazione del \u201cCorriere della Sera\u201d. E i 70 anni de \u201cIl Giorno\u201d. Ma anche i 50 anni de \u201cla Repubblica\u201d. E una ricorrenza meno fausta, quella della chiusura, l\u20198 marzo del 1966, de \u201cIl Mondo\u201d, il settimanale diretto da Mario Pannunzio, scuola di formazione d\u2019un solido giornalismo di qualit\u00e0 ma soprattutto d\u2019un intenso sentire civile, laico, liberale e sensibile ai temi sociali.<\/p>\n<p>Le ricorrenze sono talvolta a rischio di retorica celebrativa e di nostalgico amarcord. Stavolta varrebbe la pena che il mondo dell\u2019informazione, ma anche quello della politica, dell\u2019economia e della cultura approfittassero dell\u2019occasione per ragionare seriamente, approfonditamente, spregiudicatamente, delle relazioni imprescindibili tra giornalismo e democrazia, del bisogno di fare crescere i livelli di informazione e di conoscenza, di una svolta dell\u2019editoria come impresa economica, s\u00ec, ma con una forte, radicata connotazione civile.<\/p>\n<p>\u201c<strong>Le parole sono pietre<\/strong>\u201d, ha insegnato Carlo Levi. Indispensabili, per rafforzare gli edifici delle nostre libert\u00e0.<\/p><p><em>(photo Ippi Studio)<\/em><\/p>","protected":false},"excerpt":{"rendered":"<p>\u201cSe la foto non \u00e8 venuta bene, significa che non eri abbastanza vicino\u201d. Sono parole di Robert Capa, uno dei migliori fotoreporter del Novecento. Per fare il suo lavoro, non aveva mai evitato i rischi. Durante la guerra civile spagnola. E nel D Day dello sbarco in Normandia, nel giugno del 1944. Nella guerra arabo-israeliana [&hellip;]<\/p>\n","protected":false},"author":1,"featured_media":105556,"comment_status":"open","ping_status":"open","sticky":false,"template":"","format":"standard","meta":{"footnotes":""},"categories":[53,52],"tags":[],"class_list":["post-105544","post","type-post","status-publish","format-standard","has-post-thumbnail","hentry","category-blog","category-cultura-dimpresa"],"acf":[],"yoast_head":"<!-- This site is optimized with the Yoast SEO plugin v25.0 - https:\/\/yoast.com\/wordpress\/plugins\/seo\/ -->\n<title>Il giornalismo alla prova dell\u2019AI: stimolare la conoscenza\u00a0contro le fake news che stravolgono democrazia e societ\u00e0 - Fondazione Pirelli<\/title>\n<meta name=\"robots\" content=\"index, follow, max-snippet:-1, max-image-preview:large, max-video-preview:-1\" \/>\n<link rel=\"canonical\" href=\"https:\/\/www.fondazionepirelli.org\/it\/cultura-dimpresa\/il-giornalismo-alla-prova-dellai-stimolare-la-conoscenza-contro-le-fake-news-che-stravolgono-democrazia-e-societa\/\" \/>\n<meta property=\"og:locale\" content=\"it_IT\" \/>\n<meta property=\"og:type\" content=\"article\" \/>\n<meta property=\"og:title\" content=\"Il giornalismo alla prova dell\u2019AI: stimolare la conoscenza\u00a0contro le fake news che stravolgono democrazia e societ\u00e0 - Fondazione Pirelli\" \/>\n<meta property=\"og:description\" content=\"\u201cSe la foto non \u00e8 venuta bene, significa che non eri abbastanza vicino\u201d. Sono parole di Robert Capa, uno dei migliori fotoreporter del Novecento. Per fare il suo lavoro, non aveva mai evitato i rischi. Durante la guerra civile spagnola. E nel D Day dello sbarco in Normandia, nel giugno del 1944. Nella guerra arabo-israeliana [&hellip;]\" \/>\n<meta property=\"og:url\" content=\"https:\/\/www.fondazionepirelli.org\/it\/cultura-dimpresa\/il-giornalismo-alla-prova-dellai-stimolare-la-conoscenza-contro-le-fake-news-che-stravolgono-democrazia-e-societa\/\" \/>\n<meta property=\"og:site_name\" content=\"Fondazione Pirelli\" \/>\n<meta property=\"article:published_time\" content=\"2025-10-14T06:59:48+00:00\" \/>\n<meta property=\"og:image\" content=\"https:\/\/wpsite-assets.fondazionepirelli.org\/wp-content\/uploads\/2025\/10\/13102004\/Premiolino-2044-_NG25028-scaled.jpg\" \/>\n\t<meta property=\"og:image:width\" content=\"2560\" \/>\n\t<meta property=\"og:image:height\" content=\"1704\" \/>\n\t<meta property=\"og:image:type\" content=\"image\/jpeg\" \/>\n<meta name=\"author\" content=\"fondadmin\" \/>\n<meta name=\"twitter:card\" content=\"summary_large_image\" \/>\n<meta name=\"twitter:label1\" content=\"Scritto da\" \/>\n\t<meta name=\"twitter:data1\" content=\"fondadmin\" \/>\n\t<meta name=\"twitter:label2\" content=\"Tempo di lettura stimato\" \/>\n\t<meta name=\"twitter:data2\" content=\"9 minuti\" \/>\n<script type=\"application\/ld+json\" class=\"yoast-schema-graph\">{\"@context\":\"https:\/\/schema.org\",\"@graph\":[{\"@type\":\"WebPage\",\"@id\":\"https:\/\/www.fondazionepirelli.org\/it\/cultura-dimpresa\/il-giornalismo-alla-prova-dellai-stimolare-la-conoscenza-contro-le-fake-news-che-stravolgono-democrazia-e-societa\/\",\"url\":\"https:\/\/www.fondazionepirelli.org\/it\/cultura-dimpresa\/il-giornalismo-alla-prova-dellai-stimolare-la-conoscenza-contro-le-fake-news-che-stravolgono-democrazia-e-societa\/\",\"name\":\"Il giornalismo alla prova dell\u2019AI: stimolare la conoscenza\u00a0contro le fake news che stravolgono democrazia e societ\u00e0 - Fondazione Pirelli\",\"isPartOf\":{\"@id\":\"https:\/\/www.fondazionepirelli.org\/it\/#website\"},\"primaryImageOfPage\":{\"@id\":\"https:\/\/www.fondazionepirelli.org\/it\/cultura-dimpresa\/il-giornalismo-alla-prova-dellai-stimolare-la-conoscenza-contro-le-fake-news-che-stravolgono-democrazia-e-societa\/#primaryimage\"},\"image\":{\"@id\":\"https:\/\/www.fondazionepirelli.org\/it\/cultura-dimpresa\/il-giornalismo-alla-prova-dellai-stimolare-la-conoscenza-contro-le-fake-news-che-stravolgono-democrazia-e-societa\/#primaryimage\"},\"thumbnailUrl\":\"https:\/\/wpsite-assets.fondazionepirelli.org\/wp-content\/uploads\/2025\/10\/13102004\/Premiolino-2044-_NG25028-scaled.jpg\",\"datePublished\":\"2025-10-14T06:59:48+00:00\",\"author\":{\"@id\":\"https:\/\/www.fondazionepirelli.org\/it\/#\/schema\/person\/f47d097000832c4a6e54538c791fdf25\"},\"breadcrumb\":{\"@id\":\"https:\/\/www.fondazionepirelli.org\/it\/cultura-dimpresa\/il-giornalismo-alla-prova-dellai-stimolare-la-conoscenza-contro-le-fake-news-che-stravolgono-democrazia-e-societa\/#breadcrumb\"},\"inLanguage\":\"it-IT\",\"potentialAction\":[{\"@type\":\"ReadAction\",\"target\":[\"https:\/\/www.fondazionepirelli.org\/it\/cultura-dimpresa\/il-giornalismo-alla-prova-dellai-stimolare-la-conoscenza-contro-le-fake-news-che-stravolgono-democrazia-e-societa\/\"]}]},{\"@type\":\"ImageObject\",\"inLanguage\":\"it-IT\",\"@id\":\"https:\/\/www.fondazionepirelli.org\/it\/cultura-dimpresa\/il-giornalismo-alla-prova-dellai-stimolare-la-conoscenza-contro-le-fake-news-che-stravolgono-democrazia-e-societa\/#primaryimage\",\"url\":\"https:\/\/wpsite-assets.fondazionepirelli.org\/wp-content\/uploads\/2025\/10\/13102004\/Premiolino-2044-_NG25028-scaled.jpg\",\"contentUrl\":\"https:\/\/wpsite-assets.fondazionepirelli.org\/wp-content\/uploads\/2025\/10\/13102004\/Premiolino-2044-_NG25028-scaled.jpg\",\"width\":2560,\"height\":1704},{\"@type\":\"BreadcrumbList\",\"@id\":\"https:\/\/www.fondazionepirelli.org\/it\/cultura-dimpresa\/il-giornalismo-alla-prova-dellai-stimolare-la-conoscenza-contro-le-fake-news-che-stravolgono-democrazia-e-societa\/#breadcrumb\",\"itemListElement\":[{\"@type\":\"ListItem\",\"position\":1,\"name\":\"Home\",\"item\":\"https:\/\/www.fondazionepirelli.org\/it\/\"},{\"@type\":\"ListItem\",\"position\":2,\"name\":\"Il giornalismo alla prova dell\u2019AI: stimolare la conoscenza\u00a0contro le fake news che stravolgono democrazia e societ\u00e0\"}]},{\"@type\":\"WebSite\",\"@id\":\"https:\/\/www.fondazionepirelli.org\/it\/#website\",\"url\":\"https:\/\/www.fondazionepirelli.org\/it\/\",\"name\":\"Fondazione Pirelli\",\"description\":\"\",\"potentialAction\":[{\"@type\":\"SearchAction\",\"target\":{\"@type\":\"EntryPoint\",\"urlTemplate\":\"https:\/\/www.fondazionepirelli.org\/it\/?s={search_term_string}\"},\"query-input\":{\"@type\":\"PropertyValueSpecification\",\"valueRequired\":true,\"valueName\":\"search_term_string\"}}],\"inLanguage\":\"it-IT\"},{\"@type\":\"Person\",\"@id\":\"https:\/\/www.fondazionepirelli.org\/it\/#\/schema\/person\/f47d097000832c4a6e54538c791fdf25\",\"name\":\"fondadmin\",\"image\":{\"@type\":\"ImageObject\",\"inLanguage\":\"it-IT\",\"@id\":\"https:\/\/www.fondazionepirelli.org\/it\/#\/schema\/person\/image\/\",\"url\":\"https:\/\/secure.gravatar.com\/avatar\/e69498a9175ca244966e51e53c88712c024fcebe41f9a05f75657f1bb25e489b?s=96&d=mm&r=g\",\"contentUrl\":\"https:\/\/secure.gravatar.com\/avatar\/e69498a9175ca244966e51e53c88712c024fcebe41f9a05f75657f1bb25e489b?s=96&d=mm&r=g\",\"caption\":\"fondadmin\"},\"url\":\"https:\/\/www.fondazionepirelli.org\/it\/author\/fondadmin\/\"}]}<\/script>\n<!-- \/ Yoast SEO plugin. -->","yoast_head_json":{"title":"Il giornalismo alla prova dell\u2019AI: stimolare la conoscenza\u00a0contro le fake news che stravolgono democrazia e societ\u00e0 - Fondazione Pirelli","robots":{"index":"index","follow":"follow","max-snippet":"max-snippet:-1","max-image-preview":"max-image-preview:large","max-video-preview":"max-video-preview:-1"},"canonical":"https:\/\/www.fondazionepirelli.org\/it\/cultura-dimpresa\/il-giornalismo-alla-prova-dellai-stimolare-la-conoscenza-contro-le-fake-news-che-stravolgono-democrazia-e-societa\/","og_locale":"it_IT","og_type":"article","og_title":"Il giornalismo alla prova dell\u2019AI: stimolare la conoscenza\u00a0contro le fake news che stravolgono democrazia e societ\u00e0 - Fondazione Pirelli","og_description":"\u201cSe la foto non \u00e8 venuta bene, significa che non eri abbastanza vicino\u201d. Sono parole di Robert Capa, uno dei migliori fotoreporter del Novecento. Per fare il suo lavoro, non aveva mai evitato i rischi. Durante la guerra civile spagnola. E nel D Day dello sbarco in Normandia, nel giugno del 1944. Nella guerra arabo-israeliana [&hellip;]","og_url":"https:\/\/www.fondazionepirelli.org\/it\/cultura-dimpresa\/il-giornalismo-alla-prova-dellai-stimolare-la-conoscenza-contro-le-fake-news-che-stravolgono-democrazia-e-societa\/","og_site_name":"Fondazione Pirelli","article_published_time":"2025-10-14T06:59:48+00:00","og_image":[{"width":2560,"height":1704,"url":"https:\/\/wpsite-assets.fondazionepirelli.org\/wp-content\/uploads\/2025\/10\/13102004\/Premiolino-2044-_NG25028-scaled.jpg","type":"image\/jpeg"}],"author":"fondadmin","twitter_card":"summary_large_image","twitter_misc":{"Scritto da":"fondadmin","Tempo di lettura stimato":"9 minuti"},"schema":{"@context":"https:\/\/schema.org","@graph":[{"@type":"WebPage","@id":"https:\/\/www.fondazionepirelli.org\/it\/cultura-dimpresa\/il-giornalismo-alla-prova-dellai-stimolare-la-conoscenza-contro-le-fake-news-che-stravolgono-democrazia-e-societa\/","url":"https:\/\/www.fondazionepirelli.org\/it\/cultura-dimpresa\/il-giornalismo-alla-prova-dellai-stimolare-la-conoscenza-contro-le-fake-news-che-stravolgono-democrazia-e-societa\/","name":"Il giornalismo alla prova dell\u2019AI: stimolare la conoscenza\u00a0contro le fake news che stravolgono democrazia e societ\u00e0 - Fondazione Pirelli","isPartOf":{"@id":"https:\/\/www.fondazionepirelli.org\/it\/#website"},"primaryImageOfPage":{"@id":"https:\/\/www.fondazionepirelli.org\/it\/cultura-dimpresa\/il-giornalismo-alla-prova-dellai-stimolare-la-conoscenza-contro-le-fake-news-che-stravolgono-democrazia-e-societa\/#primaryimage"},"image":{"@id":"https:\/\/www.fondazionepirelli.org\/it\/cultura-dimpresa\/il-giornalismo-alla-prova-dellai-stimolare-la-conoscenza-contro-le-fake-news-che-stravolgono-democrazia-e-societa\/#primaryimage"},"thumbnailUrl":"https:\/\/wpsite-assets.fondazionepirelli.org\/wp-content\/uploads\/2025\/10\/13102004\/Premiolino-2044-_NG25028-scaled.jpg","datePublished":"2025-10-14T06:59:48+00:00","author":{"@id":"https:\/\/www.fondazionepirelli.org\/it\/#\/schema\/person\/f47d097000832c4a6e54538c791fdf25"},"breadcrumb":{"@id":"https:\/\/www.fondazionepirelli.org\/it\/cultura-dimpresa\/il-giornalismo-alla-prova-dellai-stimolare-la-conoscenza-contro-le-fake-news-che-stravolgono-democrazia-e-societa\/#breadcrumb"},"inLanguage":"it-IT","potentialAction":[{"@type":"ReadAction","target":["https:\/\/www.fondazionepirelli.org\/it\/cultura-dimpresa\/il-giornalismo-alla-prova-dellai-stimolare-la-conoscenza-contro-le-fake-news-che-stravolgono-democrazia-e-societa\/"]}]},{"@type":"ImageObject","inLanguage":"it-IT","@id":"https:\/\/www.fondazionepirelli.org\/it\/cultura-dimpresa\/il-giornalismo-alla-prova-dellai-stimolare-la-conoscenza-contro-le-fake-news-che-stravolgono-democrazia-e-societa\/#primaryimage","url":"https:\/\/wpsite-assets.fondazionepirelli.org\/wp-content\/uploads\/2025\/10\/13102004\/Premiolino-2044-_NG25028-scaled.jpg","contentUrl":"https:\/\/wpsite-assets.fondazionepirelli.org\/wp-content\/uploads\/2025\/10\/13102004\/Premiolino-2044-_NG25028-scaled.jpg","width":2560,"height":1704},{"@type":"BreadcrumbList","@id":"https:\/\/www.fondazionepirelli.org\/it\/cultura-dimpresa\/il-giornalismo-alla-prova-dellai-stimolare-la-conoscenza-contro-le-fake-news-che-stravolgono-democrazia-e-societa\/#breadcrumb","itemListElement":[{"@type":"ListItem","position":1,"name":"Home","item":"https:\/\/www.fondazionepirelli.org\/it\/"},{"@type":"ListItem","position":2,"name":"Il giornalismo alla prova dell\u2019AI: stimolare la conoscenza\u00a0contro le fake news che stravolgono democrazia e societ\u00e0"}]},{"@type":"WebSite","@id":"https:\/\/www.fondazionepirelli.org\/it\/#website","url":"https:\/\/www.fondazionepirelli.org\/it\/","name":"Fondazione Pirelli","description":"","potentialAction":[{"@type":"SearchAction","target":{"@type":"EntryPoint","urlTemplate":"https:\/\/www.fondazionepirelli.org\/it\/?s={search_term_string}"},"query-input":{"@type":"PropertyValueSpecification","valueRequired":true,"valueName":"search_term_string"}}],"inLanguage":"it-IT"},{"@type":"Person","@id":"https:\/\/www.fondazionepirelli.org\/it\/#\/schema\/person\/f47d097000832c4a6e54538c791fdf25","name":"fondadmin","image":{"@type":"ImageObject","inLanguage":"it-IT","@id":"https:\/\/www.fondazionepirelli.org\/it\/#\/schema\/person\/image\/","url":"https:\/\/secure.gravatar.com\/avatar\/e69498a9175ca244966e51e53c88712c024fcebe41f9a05f75657f1bb25e489b?s=96&d=mm&r=g","contentUrl":"https:\/\/secure.gravatar.com\/avatar\/e69498a9175ca244966e51e53c88712c024fcebe41f9a05f75657f1bb25e489b?s=96&d=mm&r=g","caption":"fondadmin"},"url":"https:\/\/www.fondazionepirelli.org\/it\/author\/fondadmin\/"}]}},"_links":{"self":[{"href":"https:\/\/www.fondazionepirelli.org\/it\/wp-json\/wp\/v2\/posts\/105544\/"}],"collection":[{"href":"https:\/\/www.fondazionepirelli.org\/it\/wp-json\/wp\/v2\/posts\/"}],"about":[{"href":"https:\/\/www.fondazionepirelli.org\/it\/wp-json\/wp\/v2\/types\/post\/"}],"author":[{"embeddable":true,"href":"https:\/\/www.fondazionepirelli.org\/it\/wp-json\/wp\/v2\/users\/1\/"}],"replies":[{"embeddable":true,"href":"https:\/\/www.fondazionepirelli.org\/it\/wp-json\/wp\/v2\/comments\/?post=105544"}],"version-history":[{"count":4,"href":"https:\/\/www.fondazionepirelli.org\/it\/wp-json\/wp\/v2\/posts\/105544\/revisions\/"}],"predecessor-version":[{"id":105558,"href":"https:\/\/www.fondazionepirelli.org\/it\/wp-json\/wp\/v2\/posts\/105544\/revisions\/105558\/"}],"wp:featuredmedia":[{"embeddable":true,"href":"https:\/\/www.fondazionepirelli.org\/it\/wp-json\/wp\/v2\/media\/105556\/"}],"wp:attachment":[{"href":"https:\/\/www.fondazionepirelli.org\/it\/wp-json\/wp\/v2\/media\/?parent=105544"}],"wp:term":[{"taxonomy":"category","embeddable":true,"href":"https:\/\/www.fondazionepirelli.org\/it\/wp-json\/wp\/v2\/categories\/?post=105544"},{"taxonomy":"post_tag","embeddable":true,"href":"https:\/\/www.fondazionepirelli.org\/it\/wp-json\/wp\/v2\/tags\/?post=105544"}],"curies":[{"name":"wp","href":"https:\/\/api.w.org\/{rel}","templated":true}]}}