{"id":105577,"date":"2025-10-21T10:49:18","date_gmt":"2025-10-21T09:49:18","guid":{"rendered":"https:\/\/www.fondazionepirelli.org\/?p=105577"},"modified":"2025-10-21T10:49:18","modified_gmt":"2025-10-21T09:49:18","slug":"tornare-ai-buoni-libri-nel-nostro-inverno-dello-spirito-per-costruire-nuove-strade-di-conoscenza-e-liberta","status":"publish","type":"post","link":"https:\/\/www.fondazionepirelli.org\/it\/cultura-dimpresa\/blog\/tornare-ai-buoni-libri-nel-nostro-inverno-dello-spirito-per-costruire-nuove-strade-di-conoscenza-e-liberta\/","title":{"rendered":"Tornare ai buoni libri, nel nostro \u201cinverno dello spirito\u201d per costruire nuove strade di conoscenza e libert\u00e0"},"content":{"rendered":"<p>\u201cDov\u2019\u00e8 la saggezza che abbiamo perso nella conoscenza? Dov\u2019\u00e8 la conoscenza che abbiamo perso nell\u2019informazione?\u201d. Le domande di <strong>Thomas Stearns Eliot<\/strong> nei versi di <strong>\u201cThe Rock\u201d<\/strong> (un\u2019opera poetica messa in scena a Londra nel 1934) risuonano di estrema attualit\u00e0, proprio in una stagione difficile in cui temiamo di dover fare nuovamente i conti con lo smarrimento culturale e morale di una <strong>\u201cwaste land\u201d<\/strong>, una terra desolata.<\/p>\n<p>Le nostalgie per la perdita della sapienza e dunque le paure dell\u2019ignoto sono un\u2019ossessione costante, nel pensiero occidentale. E durante tutto il corso del Novecento abbiamo visto la messa in discussione di certezze, etiche e scientifiche, ritenute granitiche: la teoria della relativit\u00e0 e la fisica quantistica con il \u201cprincipio di indeterminazione\u201d sconvolgono le conoscenze, la psicanalisi mostra gli abissi dell\u2019inconscio, le rappresentazioni della realt\u00e0 attraverso la musica, le arti figurative, la letteratura e il teatro ribaltano le tradizionali forme e armonie, una tempesta di innovazioni stravolge filosofia e storia, economia e societ\u00e0 civile. Precipitiamo nel \u201ccuore di tenebra\u201d che <strong>Joseph Conrad<\/strong> aveva intravvisto gi\u00e0 nel 1899 (Hollywood lo avrebbe trasformato in capolavoro del cinema con \u201cApocalypse Now\u201d di Francis Ford Coppola nel 1979).<\/p>\n<p>Il <strong>Novecento<\/strong> \u00e8 l\u2019et\u00e0 delle incertezze. E per\u00f2, nella seconda met\u00e0 del secolo, intravvediamo la bellezza di una lunga stagione di prosperit\u00e0 e di progresso, nell\u2019illusione del \u201cmigliore dei mondi possibili\u201d, tra democrazia, mercato e welfare, innovazione dinamica e sempre migliore qualit\u00e0 della vita.<\/p>\n<p>Restano, comunque, le incertezze e le paure (vale la pena rileggere le pagine ironiche di <strong>Giacomo Leopardi<\/strong> sulle \u201cmagnifiche sorti e progressive\u201d). E oggi che, nel drammatico inizio di millennio tutte le luci del Novecento sono diventate pi\u00f9 fioche e cedono il passo al buio dei conflitti armati e degli sconvolgimenti degli equilibri geopolitici ed economici, siamo qui a ragionare criticamente sull\u2019errore di aver creduto alla \u201cfine della Storia\u201d, sui limiti della forza espansiva dell\u2019Occidente e sulla necessit\u00e0 di imparare a fare i conti con i nuovi problemi dell\u2019ambiente, delle guerre, degli interessi che mortificano la nostra cos\u00ec controversa umanit\u00e0.<\/p>\n<p>Ecco perch\u00e9 tornare a Eliot. E senza cedere alle nostalgie per la sapienza perduta, provare a capire cosa fare per ridare spazio e peso alla conoscenza e come difenderci dal degrado in corso dell\u2019informazione, messa in crisi da una \u201cmarmellata mediatica\u201d di\u00a0<em>fake news<\/em>, manipolazioni di post-verit\u00e0 e \u201cfattoidi\u201d spacciati sui social media come fatti e in condizione di stravolgere e travolgere quell\u2019opinione pubblica ben informata, indispensabile alla democrazia.<\/p>\n<p>Serve <strong>pi\u00f9 conoscenza<\/strong>, dunque. Una conoscenza critica sempre pi\u00f9 sofisticata. Una relazione originale tra saperi umanistici e scientifici, anche e soprattutto per capire, guidare, governare i processi messi in moto dall\u2019<strong>Artificial Intelligence<\/strong> che occupa spazio crescente in economia, nella societ\u00e0, nelle nostre vite, tra sconvolgenti e positive innovazioni (per la salute, le ricerca, l\u2019industria, etc.) e inquietanti ombre (le conseguenze politiche, sociali e morali del dominio delle Big Tech, con assetti di poteri concentrati e privi di adeguato controllo democratico).<\/p>\n<p>Che conoscenza? Pu\u00f2 tornare utile proprio la cultura del Novecento, proprio quella cui abbiamo fatto cenno, la cultura del senso del limite, della necessit\u00e0 del pensiero critico e del dubbio metodologico, della\u00a0 conseguente responsabilit\u00e0. Una cultura da mettere alla prova delle nuove frontiere del pensiero e della scienza.<\/p>\n<p>Serve tornare a investire sulla scuola, la formazione, la profondit\u00e0 dei pensieri. E dunque riprendere in mano i libri.<\/p>\n<p>\u201cNon tutti i nostri libri periranno\u201d, si augura l\u2019imperatore Adriano, nelle pagine luminose delle \u201cMemorie\u201d scritte da <strong>Marguerite Yourcenar<\/strong>. E si impegna a leggerli, farli scrivere, salvarli, consapevole che \u201cfondare biblioteche \u00e8 come costruire ancora granai pubblici, ammassare riserve contro un inverno dello spirito che da molti indizi, mio malgrado, vedo venire\u201d. Un inverno dello spirito che connota la nostra quotidianit\u00e0.<\/p>\n<p>Nei libri si concentrano i racconti dei viaggi e i pensieri critici, la cognizione del dolore e la forza delle speranze, i dubbi pi\u00f9 profondi e le illuminazioni pi\u00f9 intense. Come sapeva bene un \u201cuomo di libri\u201d come <strong>St\u00e9phane Mallarm\u00e9<\/strong>: \u201cIl mondo, alla fine, \u00e8 fatto per finire in un bel libro\u201d.<\/p>\n<p><strong>Libri<\/strong>, <strong>biblioteche pubbliche e private<\/strong> (nelle case, nelle scuole, nelle imprese, negli spazi della socialit\u00e0 anche dolente, come gli ospedali; ne abbiamo parlato in un blog del\u00a012 maggio\u00a0scorso), <strong>festival letterari<\/strong>, scientifici e filosofici, <strong>gruppi di lettura<\/strong>, manifestazioni come <strong>Pordenonelegge<\/strong> (con le sue 160mila presenze; blog del 22 settembre) e come <strong>\u201cIoleggoperch\u00e9\u201d<\/strong> (organizzato dall\u2019Associazione degli Editori e sostenuto da Pirelli, per donare libri alle scuole) e <strong>Book City<\/strong>, entrambe in programma a novembre. E quant\u2019altro si muove nel mondo del libro. Un mondo essenziale.<\/p>\n<p>Conforta un parere di fonte autorevole, quello di <strong>Marina Berlusconi<\/strong>, presidentessa della maggiore casa editrice italiana, la Mondadori, in una \u201cprovocazione\u201d contenuta in una lettera mandata al Corriere della Sera. \u201cE se proprio nell\u2019era del \u2018Muoviti veloce e rompi tutto\u2019, il motto di Zuckerberg, ci trovassimo a riscoprire la forza lenta, ma costruttiva dei cari vecchi libri? I libri sono da sempre efficaci anticorpi contro barbarie e totalitarismo, ma oggi assumono anche una funzione nuova: quella di anticorpi contro l\u2019assottigliamento del pensiero imposto dallo smartphone, veri e propri strumenti di resistenza contro l\u2019omologazione digitale\u201d. Per \u201ccontinuare ad ascoltare le voci della libert\u00e0 e della democrazia\u201d.<\/p>\n<p>Il guaio \u00e8 che in <strong>Italia<\/strong> si continua a leggere poco, anzi sempre meno. I <strong>\u201clettori forti\u201d<\/strong> (coloro che leggono almeno 12libri all\u2019anno) sono appena il <strong>6,4%<\/strong> <strong>della popolazione<\/strong>. Diminuisce il numero di persone che hanno letto un libro nell\u2019ultimo anno (dal 74% del \u201823 al 73% del \u201824). E si riduce anche il tempo dedicato alla lettura, appena 2 ore e 47 minuti settimanali, contro le 3 ore e 22 minuti del \u201822. Lettura, naturalmente, di qualsiasi tipo, libri dozzinali di barzellette o di ricette di cucina compresi.<\/p>\n<p>\u00c8 indispensabile, dunque, ricominciare a educare alla lettura, al piacere e al valore della consuetudine con i buoni libri. A cominciare dalle prime classi della scuola dell\u2019obbligo. E se una legge ben fatta, per promuovere il libro e la lettura, \u00e8 quantomai necessaria, serve molto di pi\u00f9: una solida e lungimirante battaglia culturale e civile, un impegno trasversale a tutta la societ\u00e0, che investa non solo la politica e la cultura, ma anche l\u2019economia e le imprese, la scuola, il \u201cterzo settore\u201d, le organizzazioni sociali. Perch\u00e9 un libro \u00e8 conoscenza, bellezza, fantasia. Piacere. Libert\u00e0 e qualit\u00e0 della vita. Autonomia di pensiero e senso di responsabilit\u00e0. Costruzione d\u2019identit\u00e0 aperta e dialogante. Innesco e strumento d\u2019una migliore, pi\u00f9 compiuta condizione umana.<\/p>\n<p>Tornare ai libri \u00e8 fondamentale anche per recuperare e rafforzare le risorse, intellettuali e morali, necessarie a fare i conti con un altro fenomeno che cresce, in questi tempi inquieti e sfiduciati: la crisi della <strong>democrazia<\/strong>, lo sgretolarsi dell\u2019<strong>opinione pubblica<\/strong>. La letteratura in merito \u00e8 sconfinata (e qualcosa s\u2019\u00e8 sbagliato, se di fronte a tale e tanta analisi teorica, ricostruzione storica e proposta programmatica oggi parliamo, appunto, di \u201ccrisi\u201d). E dunque possiamo provare a rileggere solo una delle pagine fondamentali. \u00c8 di <strong>Hans Kelsen<\/strong>, uno dei maggiori giuristi liberali del Novecento, tratta dal suo saggio di <strong>\u201cTeoria generale del diritto e dello Stato\u201d<\/strong> (pubblicato in Italia nel 1952): &#8220;In una democrazia, la volont\u00e0 della comunit\u00e0 \u00e8 sempre creata attraverso una continua discussione tra maggioranza e minoranza, attraverso un libero esame di argomenti pro e contro una data regolamentazione di una materia. Questa discussione ha luogo non soltanto in parlamento ma anche, e soprattutto, in riunioni politiche, sui giornali, sui libri e in altri mezzi di diffusione dell&#8217;opinione pubblica. Una democrazia senza opinione pubblica \u00e8 una contraddizione in termini. In quanto l&#8217;opinione pubblica pu\u00f2 sorgere dove sono garantite la libert\u00e0 di pensiero, la libert\u00e0 di parola, di stampa e di religione, la democrazia coincide con il liberalismo politico, sebbene non coincida necessariamente con quello economico&#8221;.<\/p>\n<p>Rieccoci, cos\u00ec, alla necessit\u00e0 della conoscenza. E della centralit\u00e0 dell\u2019opinione pubblica. \u201cDiscorsiva\u201d, direbbe <strong>Jurgen Habermas<\/strong>: capace cio\u00e8 di un \u201cdiscorso pubblico\u201d. Cio\u00e8 un discorso critico.<\/p><p><em>(Photo Getty Images)<\/em><\/p>\n","protected":false},"excerpt":{"rendered":"<p>\u201cDov\u2019\u00e8 la saggezza che abbiamo perso nella conoscenza? Dov\u2019\u00e8 la conoscenza che abbiamo perso nell\u2019informazione?\u201d. Le domande di Thomas Stearns Eliot nei versi di \u201cThe Rock\u201d (un\u2019opera poetica messa in scena a Londra nel 1934) risuonano di estrema attualit\u00e0, proprio in una stagione difficile in cui temiamo di dover fare nuovamente i conti con lo [&hellip;]<\/p>\n","protected":false},"author":1,"featured_media":105591,"comment_status":"open","ping_status":"open","sticky":false,"template":"","format":"standard","meta":{"footnotes":""},"categories":[53,52],"tags":[],"class_list":["post-105577","post","type-post","status-publish","format-standard","has-post-thumbnail","hentry","category-blog","category-cultura-dimpresa"],"acf":[],"yoast_head":"<!-- This site is optimized with the Yoast SEO plugin v25.0 - https:\/\/yoast.com\/wordpress\/plugins\/seo\/ -->\n<title>Tornare ai buoni libri, nel nostro \u201cinverno dello spirito\u201d per costruire nuove strade di conoscenza e libert\u00e0 - Fondazione Pirelli<\/title>\n<meta name=\"robots\" content=\"index, follow, max-snippet:-1, max-image-preview:large, max-video-preview:-1\" \/>\n<link rel=\"canonical\" href=\"https:\/\/www.fondazionepirelli.org\/it\/cultura-dimpresa\/blog\/tornare-ai-buoni-libri-nel-nostro-inverno-dello-spirito-per-costruire-nuove-strade-di-conoscenza-e-liberta\/\" \/>\n<meta property=\"og:locale\" content=\"it_IT\" \/>\n<meta property=\"og:type\" content=\"article\" \/>\n<meta property=\"og:title\" content=\"Tornare ai buoni libri, nel nostro \u201cinverno dello spirito\u201d per costruire nuove strade di conoscenza e libert\u00e0 - Fondazione Pirelli\" \/>\n<meta property=\"og:description\" content=\"\u201cDov\u2019\u00e8 la saggezza che abbiamo perso nella conoscenza? Dov\u2019\u00e8 la conoscenza che abbiamo perso nell\u2019informazione?\u201d. Le domande di Thomas Stearns Eliot nei versi di \u201cThe Rock\u201d (un\u2019opera poetica messa in scena a Londra nel 1934) risuonano di estrema attualit\u00e0, proprio in una stagione difficile in cui temiamo di dover fare nuovamente i conti con lo [&hellip;]\" \/>\n<meta property=\"og:url\" content=\"https:\/\/127.0.0.1\/it\/cultura-dimpresa\/blog\/tornare-ai-buoni-libri-nel-nostro-inverno-dello-spirito-per-costruire-nuove-strade-di-conoscenza-e-liberta\/\" \/>\n<meta property=\"og:site_name\" content=\"Fondazione Pirelli\" \/>\n<meta property=\"article:published_time\" content=\"2025-10-21T09:49:18+00:00\" \/>\n<meta property=\"og:image\" content=\"https:\/\/wpsite-assets.fondazionepirelli.org\/wp-content\/uploads\/2025\/10\/21104850\/GettyImages-836598276.jpg\" \/>\n\t<meta property=\"og:image:width\" content=\"2121\" \/>\n\t<meta property=\"og:image:height\" content=\"1414\" \/>\n\t<meta property=\"og:image:type\" content=\"image\/jpeg\" \/>\n<meta name=\"author\" content=\"fondadmin\" \/>\n<meta name=\"twitter:card\" content=\"summary_large_image\" \/>\n<meta name=\"twitter:label1\" content=\"Scritto da\" \/>\n\t<meta name=\"twitter:data1\" content=\"fondadmin\" \/>\n\t<meta name=\"twitter:label2\" content=\"Tempo di lettura stimato\" \/>\n\t<meta name=\"twitter:data2\" content=\"8 minuti\" \/>\n<script type=\"application\/ld+json\" class=\"yoast-schema-graph\">{\"@context\":\"https:\/\/schema.org\",\"@graph\":[{\"@type\":\"WebPage\",\"@id\":\"https:\/\/127.0.0.1\/it\/cultura-dimpresa\/blog\/tornare-ai-buoni-libri-nel-nostro-inverno-dello-spirito-per-costruire-nuove-strade-di-conoscenza-e-liberta\/\",\"url\":\"https:\/\/127.0.0.1\/it\/cultura-dimpresa\/blog\/tornare-ai-buoni-libri-nel-nostro-inverno-dello-spirito-per-costruire-nuove-strade-di-conoscenza-e-liberta\/\",\"name\":\"Tornare ai buoni libri, nel nostro \u201cinverno dello spirito\u201d per costruire nuove strade di conoscenza e libert\u00e0 - Fondazione Pirelli\",\"isPartOf\":{\"@id\":\"https:\/\/www.fondazionepirelli.org\/it\/#website\"},\"primaryImageOfPage\":{\"@id\":\"https:\/\/127.0.0.1\/it\/cultura-dimpresa\/blog\/tornare-ai-buoni-libri-nel-nostro-inverno-dello-spirito-per-costruire-nuove-strade-di-conoscenza-e-liberta\/#primaryimage\"},\"image\":{\"@id\":\"https:\/\/127.0.0.1\/it\/cultura-dimpresa\/blog\/tornare-ai-buoni-libri-nel-nostro-inverno-dello-spirito-per-costruire-nuove-strade-di-conoscenza-e-liberta\/#primaryimage\"},\"thumbnailUrl\":\"https:\/\/wpsite-assets.fondazionepirelli.org\/wp-content\/uploads\/2025\/10\/21104850\/GettyImages-836598276.jpg\",\"datePublished\":\"2025-10-21T09:49:18+00:00\",\"author\":{\"@id\":\"https:\/\/www.fondazionepirelli.org\/it\/#\/schema\/person\/f47d097000832c4a6e54538c791fdf25\"},\"breadcrumb\":{\"@id\":\"https:\/\/127.0.0.1\/it\/cultura-dimpresa\/blog\/tornare-ai-buoni-libri-nel-nostro-inverno-dello-spirito-per-costruire-nuove-strade-di-conoscenza-e-liberta\/#breadcrumb\"},\"inLanguage\":\"it-IT\",\"potentialAction\":[{\"@type\":\"ReadAction\",\"target\":[\"https:\/\/127.0.0.1\/it\/cultura-dimpresa\/blog\/tornare-ai-buoni-libri-nel-nostro-inverno-dello-spirito-per-costruire-nuove-strade-di-conoscenza-e-liberta\/\"]}]},{\"@type\":\"ImageObject\",\"inLanguage\":\"it-IT\",\"@id\":\"https:\/\/127.0.0.1\/it\/cultura-dimpresa\/blog\/tornare-ai-buoni-libri-nel-nostro-inverno-dello-spirito-per-costruire-nuove-strade-di-conoscenza-e-liberta\/#primaryimage\",\"url\":\"https:\/\/wpsite-assets.fondazionepirelli.org\/wp-content\/uploads\/2025\/10\/21104850\/GettyImages-836598276.jpg\",\"contentUrl\":\"https:\/\/wpsite-assets.fondazionepirelli.org\/wp-content\/uploads\/2025\/10\/21104850\/GettyImages-836598276.jpg\",\"width\":2121,\"height\":1414,\"caption\":\"Boy laying on the floor with the feet up, reading a book against multi colored bookshelf in library. Education, Knowledge, Bookstore, Lecture. Pupil holds a book in his hands.\"},{\"@type\":\"BreadcrumbList\",\"@id\":\"https:\/\/127.0.0.1\/it\/cultura-dimpresa\/blog\/tornare-ai-buoni-libri-nel-nostro-inverno-dello-spirito-per-costruire-nuove-strade-di-conoscenza-e-liberta\/#breadcrumb\",\"itemListElement\":[{\"@type\":\"ListItem\",\"position\":1,\"name\":\"Home\",\"item\":\"https:\/\/www.fondazionepirelli.org\/it\/\"},{\"@type\":\"ListItem\",\"position\":2,\"name\":\"Tornare ai buoni libri, nel nostro \u201cinverno dello spirito\u201d per costruire nuove strade di conoscenza e libert\u00e0\"}]},{\"@type\":\"WebSite\",\"@id\":\"https:\/\/www.fondazionepirelli.org\/it\/#website\",\"url\":\"https:\/\/www.fondazionepirelli.org\/it\/\",\"name\":\"Fondazione Pirelli\",\"description\":\"\",\"potentialAction\":[{\"@type\":\"SearchAction\",\"target\":{\"@type\":\"EntryPoint\",\"urlTemplate\":\"https:\/\/www.fondazionepirelli.org\/it\/?s={search_term_string}\"},\"query-input\":{\"@type\":\"PropertyValueSpecification\",\"valueRequired\":true,\"valueName\":\"search_term_string\"}}],\"inLanguage\":\"it-IT\"},{\"@type\":\"Person\",\"@id\":\"https:\/\/www.fondazionepirelli.org\/it\/#\/schema\/person\/f47d097000832c4a6e54538c791fdf25\",\"name\":\"fondadmin\",\"image\":{\"@type\":\"ImageObject\",\"inLanguage\":\"it-IT\",\"@id\":\"https:\/\/www.fondazionepirelli.org\/it\/#\/schema\/person\/image\/\",\"url\":\"https:\/\/secure.gravatar.com\/avatar\/e69498a9175ca244966e51e53c88712c024fcebe41f9a05f75657f1bb25e489b?s=96&d=mm&r=g\",\"contentUrl\":\"https:\/\/secure.gravatar.com\/avatar\/e69498a9175ca244966e51e53c88712c024fcebe41f9a05f75657f1bb25e489b?s=96&d=mm&r=g\",\"caption\":\"fondadmin\"},\"url\":\"https:\/\/www.fondazionepirelli.org\/it\/author\/fondadmin\/\"}]}<\/script>\n<!-- \/ Yoast SEO plugin. -->","yoast_head_json":{"title":"Tornare ai buoni libri, nel nostro \u201cinverno dello spirito\u201d per costruire nuove strade di conoscenza e libert\u00e0 - Fondazione Pirelli","robots":{"index":"index","follow":"follow","max-snippet":"max-snippet:-1","max-image-preview":"max-image-preview:large","max-video-preview":"max-video-preview:-1"},"canonical":"https:\/\/www.fondazionepirelli.org\/it\/cultura-dimpresa\/blog\/tornare-ai-buoni-libri-nel-nostro-inverno-dello-spirito-per-costruire-nuove-strade-di-conoscenza-e-liberta\/","og_locale":"it_IT","og_type":"article","og_title":"Tornare ai buoni libri, nel nostro \u201cinverno dello spirito\u201d per costruire nuove strade di conoscenza e libert\u00e0 - Fondazione Pirelli","og_description":"\u201cDov\u2019\u00e8 la saggezza che abbiamo perso nella conoscenza? Dov\u2019\u00e8 la conoscenza che abbiamo perso nell\u2019informazione?\u201d. Le domande di Thomas Stearns Eliot nei versi di \u201cThe Rock\u201d (un\u2019opera poetica messa in scena a Londra nel 1934) risuonano di estrema attualit\u00e0, proprio in una stagione difficile in cui temiamo di dover fare nuovamente i conti con lo [&hellip;]","og_url":"https:\/\/127.0.0.1\/it\/cultura-dimpresa\/blog\/tornare-ai-buoni-libri-nel-nostro-inverno-dello-spirito-per-costruire-nuove-strade-di-conoscenza-e-liberta\/","og_site_name":"Fondazione Pirelli","article_published_time":"2025-10-21T09:49:18+00:00","og_image":[{"width":2121,"height":1414,"url":"https:\/\/wpsite-assets.fondazionepirelli.org\/wp-content\/uploads\/2025\/10\/21104850\/GettyImages-836598276.jpg","type":"image\/jpeg"}],"author":"fondadmin","twitter_card":"summary_large_image","twitter_misc":{"Scritto da":"fondadmin","Tempo di lettura stimato":"8 minuti"},"schema":{"@context":"https:\/\/schema.org","@graph":[{"@type":"WebPage","@id":"https:\/\/127.0.0.1\/it\/cultura-dimpresa\/blog\/tornare-ai-buoni-libri-nel-nostro-inverno-dello-spirito-per-costruire-nuove-strade-di-conoscenza-e-liberta\/","url":"https:\/\/127.0.0.1\/it\/cultura-dimpresa\/blog\/tornare-ai-buoni-libri-nel-nostro-inverno-dello-spirito-per-costruire-nuove-strade-di-conoscenza-e-liberta\/","name":"Tornare ai buoni libri, nel nostro \u201cinverno dello spirito\u201d per costruire nuove strade di conoscenza e libert\u00e0 - Fondazione Pirelli","isPartOf":{"@id":"https:\/\/www.fondazionepirelli.org\/it\/#website"},"primaryImageOfPage":{"@id":"https:\/\/127.0.0.1\/it\/cultura-dimpresa\/blog\/tornare-ai-buoni-libri-nel-nostro-inverno-dello-spirito-per-costruire-nuove-strade-di-conoscenza-e-liberta\/#primaryimage"},"image":{"@id":"https:\/\/127.0.0.1\/it\/cultura-dimpresa\/blog\/tornare-ai-buoni-libri-nel-nostro-inverno-dello-spirito-per-costruire-nuove-strade-di-conoscenza-e-liberta\/#primaryimage"},"thumbnailUrl":"https:\/\/wpsite-assets.fondazionepirelli.org\/wp-content\/uploads\/2025\/10\/21104850\/GettyImages-836598276.jpg","datePublished":"2025-10-21T09:49:18+00:00","author":{"@id":"https:\/\/www.fondazionepirelli.org\/it\/#\/schema\/person\/f47d097000832c4a6e54538c791fdf25"},"breadcrumb":{"@id":"https:\/\/127.0.0.1\/it\/cultura-dimpresa\/blog\/tornare-ai-buoni-libri-nel-nostro-inverno-dello-spirito-per-costruire-nuove-strade-di-conoscenza-e-liberta\/#breadcrumb"},"inLanguage":"it-IT","potentialAction":[{"@type":"ReadAction","target":["https:\/\/127.0.0.1\/it\/cultura-dimpresa\/blog\/tornare-ai-buoni-libri-nel-nostro-inverno-dello-spirito-per-costruire-nuove-strade-di-conoscenza-e-liberta\/"]}]},{"@type":"ImageObject","inLanguage":"it-IT","@id":"https:\/\/127.0.0.1\/it\/cultura-dimpresa\/blog\/tornare-ai-buoni-libri-nel-nostro-inverno-dello-spirito-per-costruire-nuove-strade-di-conoscenza-e-liberta\/#primaryimage","url":"https:\/\/wpsite-assets.fondazionepirelli.org\/wp-content\/uploads\/2025\/10\/21104850\/GettyImages-836598276.jpg","contentUrl":"https:\/\/wpsite-assets.fondazionepirelli.org\/wp-content\/uploads\/2025\/10\/21104850\/GettyImages-836598276.jpg","width":2121,"height":1414,"caption":"Boy laying on the floor with the feet up, reading a book against multi colored bookshelf in library. Education, Knowledge, Bookstore, Lecture. Pupil holds a book in his hands."},{"@type":"BreadcrumbList","@id":"https:\/\/127.0.0.1\/it\/cultura-dimpresa\/blog\/tornare-ai-buoni-libri-nel-nostro-inverno-dello-spirito-per-costruire-nuove-strade-di-conoscenza-e-liberta\/#breadcrumb","itemListElement":[{"@type":"ListItem","position":1,"name":"Home","item":"https:\/\/www.fondazionepirelli.org\/it\/"},{"@type":"ListItem","position":2,"name":"Tornare ai buoni libri, nel nostro \u201cinverno dello spirito\u201d per costruire nuove strade di conoscenza e libert\u00e0"}]},{"@type":"WebSite","@id":"https:\/\/www.fondazionepirelli.org\/it\/#website","url":"https:\/\/www.fondazionepirelli.org\/it\/","name":"Fondazione Pirelli","description":"","potentialAction":[{"@type":"SearchAction","target":{"@type":"EntryPoint","urlTemplate":"https:\/\/www.fondazionepirelli.org\/it\/?s={search_term_string}"},"query-input":{"@type":"PropertyValueSpecification","valueRequired":true,"valueName":"search_term_string"}}],"inLanguage":"it-IT"},{"@type":"Person","@id":"https:\/\/www.fondazionepirelli.org\/it\/#\/schema\/person\/f47d097000832c4a6e54538c791fdf25","name":"fondadmin","image":{"@type":"ImageObject","inLanguage":"it-IT","@id":"https:\/\/www.fondazionepirelli.org\/it\/#\/schema\/person\/image\/","url":"https:\/\/secure.gravatar.com\/avatar\/e69498a9175ca244966e51e53c88712c024fcebe41f9a05f75657f1bb25e489b?s=96&d=mm&r=g","contentUrl":"https:\/\/secure.gravatar.com\/avatar\/e69498a9175ca244966e51e53c88712c024fcebe41f9a05f75657f1bb25e489b?s=96&d=mm&r=g","caption":"fondadmin"},"url":"https:\/\/www.fondazionepirelli.org\/it\/author\/fondadmin\/"}]}},"_links":{"self":[{"href":"https:\/\/www.fondazionepirelli.org\/it\/wp-json\/wp\/v2\/posts\/105577\/"}],"collection":[{"href":"https:\/\/www.fondazionepirelli.org\/it\/wp-json\/wp\/v2\/posts\/"}],"about":[{"href":"https:\/\/www.fondazionepirelli.org\/it\/wp-json\/wp\/v2\/types\/post\/"}],"author":[{"embeddable":true,"href":"https:\/\/www.fondazionepirelli.org\/it\/wp-json\/wp\/v2\/users\/1\/"}],"replies":[{"embeddable":true,"href":"https:\/\/www.fondazionepirelli.org\/it\/wp-json\/wp\/v2\/comments\/?post=105577"}],"version-history":[{"count":2,"href":"https:\/\/www.fondazionepirelli.org\/it\/wp-json\/wp\/v2\/posts\/105577\/revisions\/"}],"predecessor-version":[{"id":105593,"href":"https:\/\/www.fondazionepirelli.org\/it\/wp-json\/wp\/v2\/posts\/105577\/revisions\/105593\/"}],"wp:featuredmedia":[{"embeddable":true,"href":"https:\/\/www.fondazionepirelli.org\/it\/wp-json\/wp\/v2\/media\/105591\/"}],"wp:attachment":[{"href":"https:\/\/www.fondazionepirelli.org\/it\/wp-json\/wp\/v2\/media\/?parent=105577"}],"wp:term":[{"taxonomy":"category","embeddable":true,"href":"https:\/\/www.fondazionepirelli.org\/it\/wp-json\/wp\/v2\/categories\/?post=105577"},{"taxonomy":"post_tag","embeddable":true,"href":"https:\/\/www.fondazionepirelli.org\/it\/wp-json\/wp\/v2\/tags\/?post=105577"}],"curies":[{"name":"wp","href":"https:\/\/api.w.org\/{rel}","templated":true}]}}