{"id":105579,"date":"2025-10-21T10:50:00","date_gmt":"2025-10-21T09:50:00","guid":{"rendered":"https:\/\/www.fondazionepirelli.org\/?p=105579"},"modified":"2025-10-21T10:50:00","modified_gmt":"2025-10-21T09:50:00","slug":"oltre-il-fabbricare","status":"publish","type":"post","link":"https:\/\/www.fondazionepirelli.org\/it\/cultura-dimpresa\/recensioni-libri\/oltre-il-fabbricare\/","title":{"rendered":"Oltre il fabbricare"},"content":{"rendered":"<p><em>L\u2019ultimo libro di Carlo Galli fornisce a chi legge gli strumenti per capire meglio le relazioni tra tecnica e umanit\u00e0<\/em><\/p>\n<p><strong>\u00a0<\/strong><\/p>\n<p>Tecnofobia oppure tecnolatria? E poi, ancora, tecnica altro dall\u2019umano oppure strumento che ha tutto di umano e nulla di artificiale? Il percorso della tecnica \u00e8 ambiguo e accidentato, proprio perch\u00e9 radicalmente umano. La critica ad essa, tanto intellettuale quanto politica, \u00e8 la contestazione della sua volont\u00e0 di dettare l\u2019intera agenda dell\u2019avvenire. Temi importanti, soprattutto oggi e non solo per chi ha a cuore sapere dove si \u00e8 e dove si va. Temi che per imprenditori e manager avveduti, cos\u00ec come per decisori attenti, devono essere all\u2019ordine del giorno. Si fa bene quindi a leggere \u201cTecnica\u201d di Carlo Galli che cerca \u2013 riuscendoci \u2013 di rispondere ad una serie di domande cruciali. \u00c8 la tecnica che comanda oggi, nell\u2019era del tecnocapitalismo? E a chi serve? A tutti o a pochi? O siamo noi a servire lei? \u00c8 una sfida al dominio umano del mondo o \u00e8 una risorsa indispensabile per realizzarlo?<\/p>\n<p>Galli cerca e trova le risposte (o comunque fornisce a chi legge gli strumenti per arrivare da solo alle risposte corrette) partendo da una constatazione: la tecnica non \u00e8 mai stata e non \u00e8 mai neutra, ma \u00e8 da sempre intrecciata con la storia dell\u2019uomo. Ambigua per definizione, la tecnica si esprime nella sua duplice natura di strumento di libert\u00e0 e di dominio, nella sua capacit\u00e0 di sollevarci dalla fatica e dal bisogno, e nel suo produrre al tempo stesso squilibri, conflitti, rotture. Non \u00e8 mai e solo un \u201cpuro fabbricare\u201d qualcosa, ma porta in s\u00e9 l\u2019elemento della decisione e di conseguenza del potere.<\/p>\n<p>Galli accompagna quindi chi legge in quattro tappe: la messa a punto del concetto, la storia della tecnica \u201cdalla selce al silicio\u201d, le relazioni tra tecnica e filosofia, la situazione delle nuove tecniche digitali fino all\u2019Intelligenza Artificiale.<\/p>\n<p>Lontano sia da miti salvifici sia da condanne apocalittiche (lontano cio\u00e8 sia dalla tecnolatria che dalla tecnofobia) questo libro analizza il fare della tecnica come intreccio di sapere e volere, come radice di disuguaglianze e di trasformazioni, come necessit\u00e0 che nasconde scelte e interessi. E proprio in questo nodo tra coazione e libert\u00e0 si apre uno spazio decisivo: quello dell\u2019agire politico che deve essere capace di equilibrio e di saggezza.<\/p><p><strong>Tecnica<\/strong><\/p>\n<p>Carlo Galli<\/p>\n<p>il Mulino, 2025<\/p>\n","protected":false},"excerpt":{"rendered":"<p>L\u2019ultimo libro di Carlo Galli fornisce a chi legge gli strumenti per capire meglio le relazioni tra tecnica e umanit\u00e0 \u00a0 Tecnofobia oppure tecnolatria? E poi, ancora, tecnica altro dall\u2019umano oppure strumento che ha tutto di umano e nulla di artificiale? Il percorso della tecnica \u00e8 ambiguo e accidentato, proprio perch\u00e9 radicalmente umano. La critica [&hellip;]<\/p>\n","protected":false},"author":1,"featured_media":105580,"comment_status":"open","ping_status":"open","sticky":false,"template":"","format":"standard","meta":{"footnotes":""},"categories":[52,58],"tags":[],"class_list":["post-105579","post","type-post","status-publish","format-standard","has-post-thumbnail","hentry","category-cultura-dimpresa","category-recensioni-libri"],"acf":[],"yoast_head":"<!-- This site is optimized with the Yoast SEO plugin v25.0 - https:\/\/yoast.com\/wordpress\/plugins\/seo\/ -->\n<title>Oltre il fabbricare - Fondazione Pirelli<\/title>\n<meta name=\"robots\" content=\"index, follow, max-snippet:-1, max-image-preview:large, max-video-preview:-1\" \/>\n<link rel=\"canonical\" href=\"https:\/\/www.fondazionepirelli.org\/it\/cultura-dimpresa\/recensioni-libri\/oltre-il-fabbricare\/\" \/>\n<meta property=\"og:locale\" content=\"it_IT\" \/>\n<meta property=\"og:type\" content=\"article\" \/>\n<meta property=\"og:title\" content=\"Oltre il fabbricare - Fondazione Pirelli\" \/>\n<meta property=\"og:description\" content=\"L\u2019ultimo libro di Carlo Galli fornisce a chi legge gli strumenti per capire meglio le relazioni tra tecnica e umanit\u00e0 \u00a0 Tecnofobia oppure tecnolatria? E poi, ancora, tecnica altro dall\u2019umano oppure strumento che ha tutto di umano e nulla di artificiale? Il percorso della tecnica \u00e8 ambiguo e accidentato, proprio perch\u00e9 radicalmente umano. La critica [&hellip;]\" \/>\n<meta property=\"og:url\" content=\"https:\/\/127.0.0.1\/it\/cultura-dimpresa\/recensioni-libri\/oltre-il-fabbricare\/\" \/>\n<meta property=\"og:site_name\" content=\"Fondazione Pirelli\" \/>\n<meta property=\"article:published_time\" content=\"2025-10-21T09:50:00+00:00\" \/>\n<meta property=\"og:image\" content=\"https:\/\/wpsite-assets.fondazionepirelli.org\/wp-content\/uploads\/2025\/10\/20094426\/9a388cecover39407.png\" \/>\n\t<meta property=\"og:image:width\" content=\"400\" \/>\n\t<meta property=\"og:image:height\" content=\"616\" \/>\n\t<meta property=\"og:image:type\" content=\"image\/png\" \/>\n<meta name=\"author\" content=\"fondadmin\" \/>\n<meta name=\"twitter:card\" content=\"summary_large_image\" \/>\n<meta name=\"twitter:label1\" content=\"Scritto da\" \/>\n\t<meta name=\"twitter:data1\" content=\"fondadmin\" \/>\n\t<meta name=\"twitter:label2\" content=\"Tempo di lettura stimato\" \/>\n\t<meta name=\"twitter:data2\" content=\"3 minuti\" \/>\n<script type=\"application\/ld+json\" class=\"yoast-schema-graph\">{\"@context\":\"https:\/\/schema.org\",\"@graph\":[{\"@type\":\"WebPage\",\"@id\":\"https:\/\/127.0.0.1\/it\/cultura-dimpresa\/recensioni-libri\/oltre-il-fabbricare\/\",\"url\":\"https:\/\/127.0.0.1\/it\/cultura-dimpresa\/recensioni-libri\/oltre-il-fabbricare\/\",\"name\":\"Oltre il fabbricare - Fondazione Pirelli\",\"isPartOf\":{\"@id\":\"https:\/\/www.fondazionepirelli.org\/it\/#website\"},\"primaryImageOfPage\":{\"@id\":\"https:\/\/127.0.0.1\/it\/cultura-dimpresa\/recensioni-libri\/oltre-il-fabbricare\/#primaryimage\"},\"image\":{\"@id\":\"https:\/\/127.0.0.1\/it\/cultura-dimpresa\/recensioni-libri\/oltre-il-fabbricare\/#primaryimage\"},\"thumbnailUrl\":\"https:\/\/wpsite-assets.fondazionepirelli.org\/wp-content\/uploads\/2025\/10\/20094426\/9a388cecover39407.png\",\"datePublished\":\"2025-10-21T09:50:00+00:00\",\"author\":{\"@id\":\"https:\/\/www.fondazionepirelli.org\/it\/#\/schema\/person\/f47d097000832c4a6e54538c791fdf25\"},\"breadcrumb\":{\"@id\":\"https:\/\/127.0.0.1\/it\/cultura-dimpresa\/recensioni-libri\/oltre-il-fabbricare\/#breadcrumb\"},\"inLanguage\":\"it-IT\",\"potentialAction\":[{\"@type\":\"ReadAction\",\"target\":[\"https:\/\/127.0.0.1\/it\/cultura-dimpresa\/recensioni-libri\/oltre-il-fabbricare\/\"]}]},{\"@type\":\"ImageObject\",\"inLanguage\":\"it-IT\",\"@id\":\"https:\/\/127.0.0.1\/it\/cultura-dimpresa\/recensioni-libri\/oltre-il-fabbricare\/#primaryimage\",\"url\":\"https:\/\/wpsite-assets.fondazionepirelli.org\/wp-content\/uploads\/2025\/10\/20094426\/9a388cecover39407.png\",\"contentUrl\":\"https:\/\/wpsite-assets.fondazionepirelli.org\/wp-content\/uploads\/2025\/10\/20094426\/9a388cecover39407.png\",\"width\":400,\"height\":616},{\"@type\":\"BreadcrumbList\",\"@id\":\"https:\/\/127.0.0.1\/it\/cultura-dimpresa\/recensioni-libri\/oltre-il-fabbricare\/#breadcrumb\",\"itemListElement\":[{\"@type\":\"ListItem\",\"position\":1,\"name\":\"Home\",\"item\":\"https:\/\/www.fondazionepirelli.org\/it\/\"},{\"@type\":\"ListItem\",\"position\":2,\"name\":\"Oltre il fabbricare\"}]},{\"@type\":\"WebSite\",\"@id\":\"https:\/\/www.fondazionepirelli.org\/it\/#website\",\"url\":\"https:\/\/www.fondazionepirelli.org\/it\/\",\"name\":\"Fondazione Pirelli\",\"description\":\"\",\"potentialAction\":[{\"@type\":\"SearchAction\",\"target\":{\"@type\":\"EntryPoint\",\"urlTemplate\":\"https:\/\/www.fondazionepirelli.org\/it\/?s={search_term_string}\"},\"query-input\":{\"@type\":\"PropertyValueSpecification\",\"valueRequired\":true,\"valueName\":\"search_term_string\"}}],\"inLanguage\":\"it-IT\"},{\"@type\":\"Person\",\"@id\":\"https:\/\/www.fondazionepirelli.org\/it\/#\/schema\/person\/f47d097000832c4a6e54538c791fdf25\",\"name\":\"fondadmin\",\"image\":{\"@type\":\"ImageObject\",\"inLanguage\":\"it-IT\",\"@id\":\"https:\/\/www.fondazionepirelli.org\/it\/#\/schema\/person\/image\/\",\"url\":\"https:\/\/secure.gravatar.com\/avatar\/e69498a9175ca244966e51e53c88712c024fcebe41f9a05f75657f1bb25e489b?s=96&d=mm&r=g\",\"contentUrl\":\"https:\/\/secure.gravatar.com\/avatar\/e69498a9175ca244966e51e53c88712c024fcebe41f9a05f75657f1bb25e489b?s=96&d=mm&r=g\",\"caption\":\"fondadmin\"},\"url\":\"https:\/\/www.fondazionepirelli.org\/it\/author\/fondadmin\/\"}]}<\/script>\n<!-- \/ Yoast SEO plugin. -->","yoast_head_json":{"title":"Oltre il fabbricare - Fondazione Pirelli","robots":{"index":"index","follow":"follow","max-snippet":"max-snippet:-1","max-image-preview":"max-image-preview:large","max-video-preview":"max-video-preview:-1"},"canonical":"https:\/\/www.fondazionepirelli.org\/it\/cultura-dimpresa\/recensioni-libri\/oltre-il-fabbricare\/","og_locale":"it_IT","og_type":"article","og_title":"Oltre il fabbricare - Fondazione Pirelli","og_description":"L\u2019ultimo libro di Carlo Galli fornisce a chi legge gli strumenti per capire meglio le relazioni tra tecnica e umanit\u00e0 \u00a0 Tecnofobia oppure tecnolatria? E poi, ancora, tecnica altro dall\u2019umano oppure strumento che ha tutto di umano e nulla di artificiale? Il percorso della tecnica \u00e8 ambiguo e accidentato, proprio perch\u00e9 radicalmente umano. La critica [&hellip;]","og_url":"https:\/\/127.0.0.1\/it\/cultura-dimpresa\/recensioni-libri\/oltre-il-fabbricare\/","og_site_name":"Fondazione Pirelli","article_published_time":"2025-10-21T09:50:00+00:00","og_image":[{"width":400,"height":616,"url":"https:\/\/wpsite-assets.fondazionepirelli.org\/wp-content\/uploads\/2025\/10\/20094426\/9a388cecover39407.png","type":"image\/png"}],"author":"fondadmin","twitter_card":"summary_large_image","twitter_misc":{"Scritto da":"fondadmin","Tempo di lettura stimato":"3 minuti"},"schema":{"@context":"https:\/\/schema.org","@graph":[{"@type":"WebPage","@id":"https:\/\/127.0.0.1\/it\/cultura-dimpresa\/recensioni-libri\/oltre-il-fabbricare\/","url":"https:\/\/127.0.0.1\/it\/cultura-dimpresa\/recensioni-libri\/oltre-il-fabbricare\/","name":"Oltre il fabbricare - Fondazione Pirelli","isPartOf":{"@id":"https:\/\/www.fondazionepirelli.org\/it\/#website"},"primaryImageOfPage":{"@id":"https:\/\/127.0.0.1\/it\/cultura-dimpresa\/recensioni-libri\/oltre-il-fabbricare\/#primaryimage"},"image":{"@id":"https:\/\/127.0.0.1\/it\/cultura-dimpresa\/recensioni-libri\/oltre-il-fabbricare\/#primaryimage"},"thumbnailUrl":"https:\/\/wpsite-assets.fondazionepirelli.org\/wp-content\/uploads\/2025\/10\/20094426\/9a388cecover39407.png","datePublished":"2025-10-21T09:50:00+00:00","author":{"@id":"https:\/\/www.fondazionepirelli.org\/it\/#\/schema\/person\/f47d097000832c4a6e54538c791fdf25"},"breadcrumb":{"@id":"https:\/\/127.0.0.1\/it\/cultura-dimpresa\/recensioni-libri\/oltre-il-fabbricare\/#breadcrumb"},"inLanguage":"it-IT","potentialAction":[{"@type":"ReadAction","target":["https:\/\/127.0.0.1\/it\/cultura-dimpresa\/recensioni-libri\/oltre-il-fabbricare\/"]}]},{"@type":"ImageObject","inLanguage":"it-IT","@id":"https:\/\/127.0.0.1\/it\/cultura-dimpresa\/recensioni-libri\/oltre-il-fabbricare\/#primaryimage","url":"https:\/\/wpsite-assets.fondazionepirelli.org\/wp-content\/uploads\/2025\/10\/20094426\/9a388cecover39407.png","contentUrl":"https:\/\/wpsite-assets.fondazionepirelli.org\/wp-content\/uploads\/2025\/10\/20094426\/9a388cecover39407.png","width":400,"height":616},{"@type":"BreadcrumbList","@id":"https:\/\/127.0.0.1\/it\/cultura-dimpresa\/recensioni-libri\/oltre-il-fabbricare\/#breadcrumb","itemListElement":[{"@type":"ListItem","position":1,"name":"Home","item":"https:\/\/www.fondazionepirelli.org\/it\/"},{"@type":"ListItem","position":2,"name":"Oltre il fabbricare"}]},{"@type":"WebSite","@id":"https:\/\/www.fondazionepirelli.org\/it\/#website","url":"https:\/\/www.fondazionepirelli.org\/it\/","name":"Fondazione Pirelli","description":"","potentialAction":[{"@type":"SearchAction","target":{"@type":"EntryPoint","urlTemplate":"https:\/\/www.fondazionepirelli.org\/it\/?s={search_term_string}"},"query-input":{"@type":"PropertyValueSpecification","valueRequired":true,"valueName":"search_term_string"}}],"inLanguage":"it-IT"},{"@type":"Person","@id":"https:\/\/www.fondazionepirelli.org\/it\/#\/schema\/person\/f47d097000832c4a6e54538c791fdf25","name":"fondadmin","image":{"@type":"ImageObject","inLanguage":"it-IT","@id":"https:\/\/www.fondazionepirelli.org\/it\/#\/schema\/person\/image\/","url":"https:\/\/secure.gravatar.com\/avatar\/e69498a9175ca244966e51e53c88712c024fcebe41f9a05f75657f1bb25e489b?s=96&d=mm&r=g","contentUrl":"https:\/\/secure.gravatar.com\/avatar\/e69498a9175ca244966e51e53c88712c024fcebe41f9a05f75657f1bb25e489b?s=96&d=mm&r=g","caption":"fondadmin"},"url":"https:\/\/www.fondazionepirelli.org\/it\/author\/fondadmin\/"}]}},"_links":{"self":[{"href":"https:\/\/www.fondazionepirelli.org\/it\/wp-json\/wp\/v2\/posts\/105579\/"}],"collection":[{"href":"https:\/\/www.fondazionepirelli.org\/it\/wp-json\/wp\/v2\/posts\/"}],"about":[{"href":"https:\/\/www.fondazionepirelli.org\/it\/wp-json\/wp\/v2\/types\/post\/"}],"author":[{"embeddable":true,"href":"https:\/\/www.fondazionepirelli.org\/it\/wp-json\/wp\/v2\/users\/1\/"}],"replies":[{"embeddable":true,"href":"https:\/\/www.fondazionepirelli.org\/it\/wp-json\/wp\/v2\/comments\/?post=105579"}],"version-history":[{"count":1,"href":"https:\/\/www.fondazionepirelli.org\/it\/wp-json\/wp\/v2\/posts\/105579\/revisions\/"}],"predecessor-version":[{"id":105582,"href":"https:\/\/www.fondazionepirelli.org\/it\/wp-json\/wp\/v2\/posts\/105579\/revisions\/105582\/"}],"wp:featuredmedia":[{"embeddable":true,"href":"https:\/\/www.fondazionepirelli.org\/it\/wp-json\/wp\/v2\/media\/105580\/"}],"wp:attachment":[{"href":"https:\/\/www.fondazionepirelli.org\/it\/wp-json\/wp\/v2\/media\/?parent=105579"}],"wp:term":[{"taxonomy":"category","embeddable":true,"href":"https:\/\/www.fondazionepirelli.org\/it\/wp-json\/wp\/v2\/categories\/?post=105579"},{"taxonomy":"post_tag","embeddable":true,"href":"https:\/\/www.fondazionepirelli.org\/it\/wp-json\/wp\/v2\/tags\/?post=105579"}],"curies":[{"name":"wp","href":"https:\/\/api.w.org\/{rel}","templated":true}]}}