{"id":105632,"date":"2025-11-04T11:11:50","date_gmt":"2025-11-04T10:11:50","guid":{"rendered":"https:\/\/www.fondazionepirelli.org\/?p=105632"},"modified":"2026-04-01T14:47:35","modified_gmt":"2026-04-01T13:47:35","slug":"evitare-le-trappole-di-una-europa-peter-pan-e-costruire-strategie-migliori-su-democrazia-sicurezza-e-sviluppo","status":"publish","type":"post","link":"https:\/\/www.fondazionepirelli.org\/it\/cultura-dimpresa\/blog\/evitare-le-trappole-di-una-europa-peter-pan-e-costruire-strategie-migliori-su-democrazia-sicurezza-e-sviluppo\/","title":{"rendered":"Evitare le trappole di una \u201cEuropa Peter Pan\u201d e costruire strategie migliori su democrazia, sicurezza e sviluppo"},"content":{"rendered":"<p>\u201cUn\u2019Europa Peter Pan, immobile nella sua adolescenza politica, oscillante tra nostalgia e distrazione, mentre il mondo riscrive la geopolitica alla velocit\u00e0 della luce\u201d, scrive <strong>Gabriele Segre<\/strong> su \u201cLa Stampa\u201d (29 ottobre). \u00c8 \u201cimmobile\u201d, l\u2019Europa, anche per <strong>Agnese Pini<\/strong>, direttrice di \u201cQN\u201d (La Nazione, Il Resto del Carlino e Il Giorno, 2 novembre) mentre \u201ci giganti\u201d e cio\u00e8 la Cina e gli Usa siglano \u201cuna pace gelida\u201d e precaria in un \u201cnuovo mondo bipolare in cui manca la voce del Vecchio Continente\u201d, incapace di \u201cfare scelte politiche e non contabili\u201d (come dimostrano le discussioni sui bilanci striminziti della Ue e dei singoli Stati). Un\u2019Europa in difficolt\u00e0, \u201cnell\u2019era dei nuovi imperi\u201d secondo <strong>Lucrezia Reichlin<\/strong> sul \u201dCorriere della Sera\u201d (1 novembre), con assetti tali per cui \u201ca livello politico sta nascendo un sistema ibrido, dominato da Stati nazionali con connotati imperiali\u201d mentre a livello economico \u201cil sistema continua a essere caratterizzato da una globalizzazione che ignora le frontiere\u201d e dove &#8211; va aggiunto &#8211; dominano, molto pi\u00f9 che in passato, poche Big Tech potenti, spregiudicate, determinate a immaginare un mondo in cui la democrazia si separa dai sistemi di libert\u00e0 e le nuove tecnologie ridisegnano radicalmente poteri, interessi, valori.<\/p>\n<p>Quelle di Segre, Pini e Reichlin sono tre voci, documentate e autorevoli, tra le tante che oramai da gran tempo insistono sull\u2019aggravarsi di una vera e propria crisi politica e strategica dell\u2019Europa, colosso economico ma nano politico, incapace di fare valere il peso dei propri interessi e dei propri valori, d\u2019una pur nobile tradizione su cui si basa l\u2019originale sintesi tra democrazia liberale, economia di mercato e sistemi di welfare. Un\u2019Europa che adesso sembra afona, impaurita, malcerta, divisa.<br \/>\nEppure, proprio adesso, si pu\u00f2 intravvedere una via di ripresa europea, una scelta politica di valore storico che, nonostante tutto, rimetta l\u2019Europa, con autorevolezza e incisivit\u00e0, sul palcoscenico di un mondo in rapido, travolgente e drammatico cambiamento?<\/p>\n<p>Una ricetta facile non c\u2019\u00e8. Ma sulle soluzioni alla crisi c\u2019\u00e8 comunque una sterminata letteratura, politica, economica, sociale. Compresi quei due documenti essenziali che sono i Rapporti commissionati da Bruxelles e firmati da <strong>Mario Draghi<\/strong> ed <strong>Enrico Letta<\/strong>, sulle scelte per la competitivit\u00e0 e sulla formazione, finalmente, del Mercato Unico europeo (con attenzione per le transizioni ambientali e digitali e il mondo delle banche e della finanza). Rapporti sapienti e lungimiranti, lucidi e ricchi di analisi complesse e proposte responsabili. Lodati da tutti, ai vertici della Ue. Eppur lasciati a dormire, da oltre un anno, nei cassetti della Commissione e dei governi dei paesi europei.<br \/>\nIl nostro destino, dunque, \u00e8 la paralisi? Un\u2019Europa colta e sofisticata ma impotente, buona a fare solo da Grand Hotel per i nuovi potenti \u201cimperatori del mondo\u201d. Il rischio \u00e8 reale.<br \/>\nEppure, la strada delle cose da fare \u00e8 tutt\u2019altro che lastricata di idee e proposte improbabili. Sfogliando i quotidiani delle ultime settimane (utilissimi, ancora una volta, i buoni giornali) ci si imbatte in idee che meritano attenzione e impegno politico. Come quella di <strong>Giulio Tremonti<\/strong>, presidente della Commissione Esteri del Senato, ex ministro dell\u2019Economia e soprattutto presidente dell\u2019Aspen Institute Italia (autorevole think tank, capace di analisi ben informate e politicamente trasversali): \u201cUnirsi per un commercio globale\u201d, scrive Tremonti sul \u201cCorriere della Sera\u201d (2 novembre), documentando come sia necessario \u201ctornare allo spirito di Bretton Woods, con un accordo tra Cina, Usa ed Europa\u201d (quell\u2019intesa, nel 1944, a guerra mondiale ancora in corso, regolava, nell\u2019interesse comune, le relazioni tra le monete) e seguire oggi una strada analoga per il commercio mondiale. E il commercio internazionale, come tutti sanno, \u00e8 competenza della Ue, non dei singoli Stati.<\/p>\n<p>Ecco il punto: il<strong> rilancio della Ue<\/strong>. Fuori dalla trappola dell\u2019unanimit\u00e0 delle decisioni e dall\u2019illusione di un federalismo ai minimi termini in cui i singoli Stati siano la colonna portante dell\u2019Europa, i detentori dell\u2019ultima parola. Serve pi\u00f9 Europa, nonostante tutto. E un\u2019Europa migliore, finendola di pagare oramai intollerabili prezzi alle burocrazie di Bruxelles e ai miopi sovranismi. Il voto olandese della scorsa settimana, a favore delle forze politiche europeiste, per quanto sia un piccolo, debole segnale, pu\u00f2 fare riflettere.<br \/>\nGi\u00e0 adesso, d\u2019altronde, l\u2019Europa si muove con maggioranze qualificate e prova ad aggirare veti e unanimismi paralizzanti. Una strada da seguire e rafforzare. Una strada \u201cpolitica\u201d. In attesa che maturino i tempi per una profonda riforma istituzionale.<br \/>\nI temi su cui muoversi sono chiari: <strong>la sicurezza e la difesa<\/strong> (\u201cLa Ue deve ridiscutere il contratto con gli Usa, coinvolgendo anche Regno Unito, Norvegia, Turchia e Canada\u201c, sostiene <strong>Mircea Geoana<\/strong>, ex vicesegretario della Nato; La Stampa, 30 ottobre), <strong>l\u2019energia, l\u2019ambiente, le nuove tecnologie, la ricerca scientifica, la formazione<\/strong> e tutto ci\u00f2 che riguarda potenzialit\u00e0, costi sociali e governance dell\u2019<strong>Artificial Intelligence<\/strong>, per la quale va costruita rapidamente una \u201cvia europea\u201d che ci sottragga al dominio di Usa e Cina.<br \/>\nAgenda impegnativa. Politicamente ardua. Ma essenziale. Ancora Agnese Pini: \u201cOggi pi\u00f9 che mai servono scelte politiche, non contabili. Capacit\u00e0 militare credibile in tempi rapidi con acquisti davvero congiunti. Leve economiche comuni su energia e tecnologie critiche per non restare in ostaggio della prossima \u2018tregua\u2019 tra Washington e Pechino. Una linea negoziale europea sull\u2019Ucraina che affianchi &#8211; o addirittura bilanci &#8211; quella americana\u201d. Altrimenti, \u201cse l\u2019Europa continuer\u00e0 a parlare solo la lingua dei bilanci, non quella del potere, la pace &#8211; quando arriver\u00e0 &#8211; non avr\u00e0 la nostra firma\u201d.<\/p>\n<p>Uno dei grandi padri dell\u2019Europa, <strong>Jean Monnet<\/strong>, ha sempre sostenuto che l\u2019Europa fa passi avanti e si costruisce nelle difficolt\u00e0. Mai come adesso il suo monito va ascoltato e tradotto in scelte politiche, tempestive e lungimiranti.<br \/>\nC\u2019\u00e8 una indicazione politica strategica, su cui fare leva per lasciare un\u2019Europa migliore alle nuove generazioni: il vincolo di quell\u2019impegnativo documento di politica economica, culturale e sociale che \u00e8 <strong>\u201cNext Generation Ue\u201d<\/strong>, il piano da oltre 750 miliardi di investimenti (in buona parte con risorse raccolte sul mercato finanziario internazionale, \u201cdebito buono\u201d, dunque, per usare un\u2019espressione cara a Mario Draghi) varato con intelligenza progettuale per fare fronte alle drammatiche conseguenze della pandemia Covid (e prima o poi sar\u00e0 necessario discutere che uso ne abbiamo fatto noi italiani con il <strong>Pnrr<\/strong> e cio\u00e8 se davvero, come e quanto ne abbiamo rispettato le indicazioni per lo sviluppo).<br \/>\nResponsabilit\u00e0 dei governanti europei, se davvero vogliono essere statisti, \u00e8 occuparsi appunto delle prossime generazioni e non solo dei prossimi bilanci e delle prossime elezioni. Ed \u00e8 responsabilit\u00e0 anche di noi anziani, che camminiamo sul viale di una stagione del tramonto che speriamo duri il pi\u00f9 a lungo possibile. Una responsabilit\u00e0 da spendere bene, forti anche d\u2019una robusta memoria storica, per intrecciare passato e futuro e dare finalmente forma compiuta a quella \u201cEuropa come destino\u201d in cui siamo vissuti, in una lunga stagione di prosperit\u00e0 e di pace ma su cui oggi si allungano cupe ombre di crisi.<\/p>\n<p>Europa fragile? S\u00ec. Politicamente, economicamente, socialmente. Nelle relazioni interne ai singoli stati e allo spazio comune di Bruxelles. E nelle relazioni internazionali. Eppure, proprio l\u2019assunzione della fragilit\u00e0 come elemento fondante \u00e8 un punto di forza nella politica, nella democrazia, nell\u2019impresa, nelle tecnologie, nei rapporti personali e sociali. Nei progetti per il futuro. La forza, con coscienza critica e autocritica, sta \u201coltre la fragilit\u00e0\u201d.<br \/>\nCe lo ricorda anche un \u201cgrande vecchio\u201d della letteratura, <strong>Ian McEwan<\/strong>, britannico, classe 1948, nel suo ultimo libro, \u201cQuello che possiamo sapere\u201d, Einaudi, un romanzo inquietante su come potremmo essere visti nel prossimo futuro, nel ventunesimo secolo, in una terra stravolta dal disastro climatico e dalla stupidit\u00e0 politica e intellettuale (ne scrive acutamente Caterina Soffici su \u201cLa Stampa\u201d, 2 novembre: \u201cCosa rester\u00e0 di quello che siamo\u201d).<br \/>\nUn disastro da evitare, con umilt\u00e0, conoscenza, intelligenza, capacit\u00e0 di farsi carico degli interessi e dei valori dell\u2019 \u201caltro\u201d. Un mondo da difendere e, contemporaneamente, correggere, ricostruire. Riformare.<br \/>\nLe parole sapienti, come quelle di McEwan, sono dunque adatte, benvenute. E tutti sappiamo bene quanto anche e soprattutto oggi la politica (e l\u2019economia, e la scienza) abbiano un fondamentale bisogno di buona letteratura.<\/p><p><em>(foto Getty Images)<\/em><\/p>\n","protected":false},"excerpt":{"rendered":"<p>\u201cUn\u2019Europa Peter Pan, immobile nella sua adolescenza politica, oscillante tra nostalgia e distrazione, mentre il mondo riscrive la geopolitica alla velocit\u00e0 della luce\u201d, scrive Gabriele Segre su \u201cLa Stampa\u201d (29 ottobre). \u00c8 \u201cimmobile\u201d, l\u2019Europa, anche per Agnese Pini, direttrice di \u201cQN\u201d (La Nazione, Il Resto del Carlino e Il Giorno, 2 novembre) mentre \u201ci giganti\u201d [&hellip;]<\/p>\n","protected":false},"author":1,"featured_media":105673,"comment_status":"open","ping_status":"open","sticky":false,"template":"","format":"standard","meta":{"footnotes":""},"categories":[53,52],"tags":[],"class_list":["post-105632","post","type-post","status-publish","format-standard","has-post-thumbnail","hentry","category-blog","category-cultura-dimpresa"],"acf":[],"yoast_head":"<!-- This site is optimized with the Yoast SEO plugin v25.0 - https:\/\/yoast.com\/wordpress\/plugins\/seo\/ -->\n<title>Evitare le trappole di una \u201cEuropa Peter Pan\u201d e costruire strategie migliori su democrazia, sicurezza e sviluppo - Fondazione Pirelli<\/title>\n<meta name=\"robots\" content=\"index, follow, max-snippet:-1, max-image-preview:large, max-video-preview:-1\" \/>\n<link rel=\"canonical\" href=\"https:\/\/www.fondazionepirelli.org\/it\/cultura-dimpresa\/blog\/evitare-le-trappole-di-una-europa-peter-pan-e-costruire-strategie-migliori-su-democrazia-sicurezza-e-sviluppo\/\" \/>\n<meta property=\"og:locale\" content=\"it_IT\" \/>\n<meta property=\"og:type\" content=\"article\" \/>\n<meta property=\"og:title\" content=\"Evitare le trappole di una \u201cEuropa Peter Pan\u201d e costruire strategie migliori su democrazia, sicurezza e sviluppo - Fondazione Pirelli\" \/>\n<meta property=\"og:description\" content=\"\u201cUn\u2019Europa Peter Pan, immobile nella sua adolescenza politica, oscillante tra nostalgia e distrazione, mentre il mondo riscrive la geopolitica alla velocit\u00e0 della luce\u201d, scrive Gabriele Segre su \u201cLa Stampa\u201d (29 ottobre). \u00c8 \u201cimmobile\u201d, l\u2019Europa, anche per Agnese Pini, direttrice di \u201cQN\u201d (La Nazione, Il Resto del Carlino e Il Giorno, 2 novembre) mentre \u201ci giganti\u201d [&hellip;]\" \/>\n<meta property=\"og:url\" content=\"https:\/\/www.fondazionepirelli.org\/it\/cultura-dimpresa\/blog\/evitare-le-trappole-di-una-europa-peter-pan-e-costruire-strategie-migliori-su-democrazia-sicurezza-e-sviluppo\/\" \/>\n<meta property=\"og:site_name\" content=\"Fondazione Pirelli\" \/>\n<meta property=\"article:published_time\" content=\"2025-11-04T10:11:50+00:00\" \/>\n<meta property=\"article:modified_time\" content=\"2026-04-01T13:47:35+00:00\" \/>\n<meta property=\"og:image\" content=\"https:\/\/wpsite-assets.fondazionepirelli.org\/wp-content\/uploads\/2025\/11\/04110931\/GettyImages-861348596.jpg\" \/>\n\t<meta property=\"og:image:width\" content=\"1414\" \/>\n\t<meta property=\"og:image:height\" content=\"2121\" \/>\n\t<meta property=\"og:image:type\" content=\"image\/jpeg\" \/>\n<meta name=\"author\" content=\"fondadmin\" \/>\n<meta name=\"twitter:card\" content=\"summary_large_image\" \/>\n<meta name=\"twitter:label1\" content=\"Scritto da\" \/>\n\t<meta name=\"twitter:data1\" content=\"fondadmin\" \/>\n\t<meta name=\"twitter:label2\" content=\"Tempo di lettura stimato\" \/>\n\t<meta name=\"twitter:data2\" content=\"8 minuti\" \/>\n<script type=\"application\/ld+json\" class=\"yoast-schema-graph\">{\"@context\":\"https:\/\/schema.org\",\"@graph\":[{\"@type\":\"WebPage\",\"@id\":\"https:\/\/www.fondazionepirelli.org\/it\/cultura-dimpresa\/blog\/evitare-le-trappole-di-una-europa-peter-pan-e-costruire-strategie-migliori-su-democrazia-sicurezza-e-sviluppo\/\",\"url\":\"https:\/\/www.fondazionepirelli.org\/it\/cultura-dimpresa\/blog\/evitare-le-trappole-di-una-europa-peter-pan-e-costruire-strategie-migliori-su-democrazia-sicurezza-e-sviluppo\/\",\"name\":\"Evitare le trappole di una \u201cEuropa Peter Pan\u201d e costruire strategie migliori su democrazia, sicurezza e sviluppo - Fondazione Pirelli\",\"isPartOf\":{\"@id\":\"https:\/\/www.fondazionepirelli.org\/it\/#website\"},\"primaryImageOfPage\":{\"@id\":\"https:\/\/www.fondazionepirelli.org\/it\/cultura-dimpresa\/blog\/evitare-le-trappole-di-una-europa-peter-pan-e-costruire-strategie-migliori-su-democrazia-sicurezza-e-sviluppo\/#primaryimage\"},\"image\":{\"@id\":\"https:\/\/www.fondazionepirelli.org\/it\/cultura-dimpresa\/blog\/evitare-le-trappole-di-una-europa-peter-pan-e-costruire-strategie-migliori-su-democrazia-sicurezza-e-sviluppo\/#primaryimage\"},\"thumbnailUrl\":\"https:\/\/wpsite-assets.fondazionepirelli.org\/wp-content\/uploads\/2025\/11\/04110931\/GettyImages-861348596.jpg\",\"datePublished\":\"2025-11-04T10:11:50+00:00\",\"dateModified\":\"2026-04-01T13:47:35+00:00\",\"author\":{\"@id\":\"https:\/\/www.fondazionepirelli.org\/it\/#\/schema\/person\/f47d097000832c4a6e54538c791fdf25\"},\"breadcrumb\":{\"@id\":\"https:\/\/www.fondazionepirelli.org\/it\/cultura-dimpresa\/blog\/evitare-le-trappole-di-una-europa-peter-pan-e-costruire-strategie-migliori-su-democrazia-sicurezza-e-sviluppo\/#breadcrumb\"},\"inLanguage\":\"it-IT\",\"potentialAction\":[{\"@type\":\"ReadAction\",\"target\":[\"https:\/\/www.fondazionepirelli.org\/it\/cultura-dimpresa\/blog\/evitare-le-trappole-di-una-europa-peter-pan-e-costruire-strategie-migliori-su-democrazia-sicurezza-e-sviluppo\/\"]}]},{\"@type\":\"ImageObject\",\"inLanguage\":\"it-IT\",\"@id\":\"https:\/\/www.fondazionepirelli.org\/it\/cultura-dimpresa\/blog\/evitare-le-trappole-di-una-europa-peter-pan-e-costruire-strategie-migliori-su-democrazia-sicurezza-e-sviluppo\/#primaryimage\",\"url\":\"https:\/\/wpsite-assets.fondazionepirelli.org\/wp-content\/uploads\/2025\/11\/04110931\/GettyImages-861348596.jpg\",\"contentUrl\":\"https:\/\/wpsite-assets.fondazionepirelli.org\/wp-content\/uploads\/2025\/11\/04110931\/GettyImages-861348596.jpg\",\"width\":1414,\"height\":2121,\"caption\":\"A blonde 10 year old girl sporting a european flag draped over her shoulders\"},{\"@type\":\"BreadcrumbList\",\"@id\":\"https:\/\/www.fondazionepirelli.org\/it\/cultura-dimpresa\/blog\/evitare-le-trappole-di-una-europa-peter-pan-e-costruire-strategie-migliori-su-democrazia-sicurezza-e-sviluppo\/#breadcrumb\",\"itemListElement\":[{\"@type\":\"ListItem\",\"position\":1,\"name\":\"Home\",\"item\":\"https:\/\/www.fondazionepirelli.org\/it\/\"},{\"@type\":\"ListItem\",\"position\":2,\"name\":\"Evitare le trappole di una \u201cEuropa Peter Pan\u201d e costruire strategie migliori su democrazia, sicurezza e sviluppo\"}]},{\"@type\":\"WebSite\",\"@id\":\"https:\/\/www.fondazionepirelli.org\/it\/#website\",\"url\":\"https:\/\/www.fondazionepirelli.org\/it\/\",\"name\":\"Fondazione Pirelli\",\"description\":\"\",\"potentialAction\":[{\"@type\":\"SearchAction\",\"target\":{\"@type\":\"EntryPoint\",\"urlTemplate\":\"https:\/\/www.fondazionepirelli.org\/it\/?s={search_term_string}\"},\"query-input\":{\"@type\":\"PropertyValueSpecification\",\"valueRequired\":true,\"valueName\":\"search_term_string\"}}],\"inLanguage\":\"it-IT\"},{\"@type\":\"Person\",\"@id\":\"https:\/\/www.fondazionepirelli.org\/it\/#\/schema\/person\/f47d097000832c4a6e54538c791fdf25\",\"name\":\"fondadmin\",\"image\":{\"@type\":\"ImageObject\",\"inLanguage\":\"it-IT\",\"@id\":\"https:\/\/www.fondazionepirelli.org\/it\/#\/schema\/person\/image\/\",\"url\":\"https:\/\/secure.gravatar.com\/avatar\/e69498a9175ca244966e51e53c88712c024fcebe41f9a05f75657f1bb25e489b?s=96&d=mm&r=g\",\"contentUrl\":\"https:\/\/secure.gravatar.com\/avatar\/e69498a9175ca244966e51e53c88712c024fcebe41f9a05f75657f1bb25e489b?s=96&d=mm&r=g\",\"caption\":\"fondadmin\"},\"url\":\"https:\/\/www.fondazionepirelli.org\/it\/author\/fondadmin\/\"}]}<\/script>\n<!-- \/ Yoast SEO plugin. -->","yoast_head_json":{"title":"Evitare le trappole di una \u201cEuropa Peter Pan\u201d e costruire strategie migliori su democrazia, sicurezza e sviluppo - Fondazione Pirelli","robots":{"index":"index","follow":"follow","max-snippet":"max-snippet:-1","max-image-preview":"max-image-preview:large","max-video-preview":"max-video-preview:-1"},"canonical":"https:\/\/www.fondazionepirelli.org\/it\/cultura-dimpresa\/blog\/evitare-le-trappole-di-una-europa-peter-pan-e-costruire-strategie-migliori-su-democrazia-sicurezza-e-sviluppo\/","og_locale":"it_IT","og_type":"article","og_title":"Evitare le trappole di una \u201cEuropa Peter Pan\u201d e costruire strategie migliori su democrazia, sicurezza e sviluppo - Fondazione Pirelli","og_description":"\u201cUn\u2019Europa Peter Pan, immobile nella sua adolescenza politica, oscillante tra nostalgia e distrazione, mentre il mondo riscrive la geopolitica alla velocit\u00e0 della luce\u201d, scrive Gabriele Segre su \u201cLa Stampa\u201d (29 ottobre). \u00c8 \u201cimmobile\u201d, l\u2019Europa, anche per Agnese Pini, direttrice di \u201cQN\u201d (La Nazione, Il Resto del Carlino e Il Giorno, 2 novembre) mentre \u201ci giganti\u201d [&hellip;]","og_url":"https:\/\/www.fondazionepirelli.org\/it\/cultura-dimpresa\/blog\/evitare-le-trappole-di-una-europa-peter-pan-e-costruire-strategie-migliori-su-democrazia-sicurezza-e-sviluppo\/","og_site_name":"Fondazione Pirelli","article_published_time":"2025-11-04T10:11:50+00:00","article_modified_time":"2026-04-01T13:47:35+00:00","og_image":[{"width":1414,"height":2121,"url":"https:\/\/wpsite-assets.fondazionepirelli.org\/wp-content\/uploads\/2025\/11\/04110931\/GettyImages-861348596.jpg","type":"image\/jpeg"}],"author":"fondadmin","twitter_card":"summary_large_image","twitter_misc":{"Scritto da":"fondadmin","Tempo di lettura stimato":"8 minuti"},"schema":{"@context":"https:\/\/schema.org","@graph":[{"@type":"WebPage","@id":"https:\/\/www.fondazionepirelli.org\/it\/cultura-dimpresa\/blog\/evitare-le-trappole-di-una-europa-peter-pan-e-costruire-strategie-migliori-su-democrazia-sicurezza-e-sviluppo\/","url":"https:\/\/www.fondazionepirelli.org\/it\/cultura-dimpresa\/blog\/evitare-le-trappole-di-una-europa-peter-pan-e-costruire-strategie-migliori-su-democrazia-sicurezza-e-sviluppo\/","name":"Evitare le trappole di una \u201cEuropa Peter Pan\u201d e costruire strategie migliori su democrazia, sicurezza e sviluppo - Fondazione Pirelli","isPartOf":{"@id":"https:\/\/www.fondazionepirelli.org\/it\/#website"},"primaryImageOfPage":{"@id":"https:\/\/www.fondazionepirelli.org\/it\/cultura-dimpresa\/blog\/evitare-le-trappole-di-una-europa-peter-pan-e-costruire-strategie-migliori-su-democrazia-sicurezza-e-sviluppo\/#primaryimage"},"image":{"@id":"https:\/\/www.fondazionepirelli.org\/it\/cultura-dimpresa\/blog\/evitare-le-trappole-di-una-europa-peter-pan-e-costruire-strategie-migliori-su-democrazia-sicurezza-e-sviluppo\/#primaryimage"},"thumbnailUrl":"https:\/\/wpsite-assets.fondazionepirelli.org\/wp-content\/uploads\/2025\/11\/04110931\/GettyImages-861348596.jpg","datePublished":"2025-11-04T10:11:50+00:00","dateModified":"2026-04-01T13:47:35+00:00","author":{"@id":"https:\/\/www.fondazionepirelli.org\/it\/#\/schema\/person\/f47d097000832c4a6e54538c791fdf25"},"breadcrumb":{"@id":"https:\/\/www.fondazionepirelli.org\/it\/cultura-dimpresa\/blog\/evitare-le-trappole-di-una-europa-peter-pan-e-costruire-strategie-migliori-su-democrazia-sicurezza-e-sviluppo\/#breadcrumb"},"inLanguage":"it-IT","potentialAction":[{"@type":"ReadAction","target":["https:\/\/www.fondazionepirelli.org\/it\/cultura-dimpresa\/blog\/evitare-le-trappole-di-una-europa-peter-pan-e-costruire-strategie-migliori-su-democrazia-sicurezza-e-sviluppo\/"]}]},{"@type":"ImageObject","inLanguage":"it-IT","@id":"https:\/\/www.fondazionepirelli.org\/it\/cultura-dimpresa\/blog\/evitare-le-trappole-di-una-europa-peter-pan-e-costruire-strategie-migliori-su-democrazia-sicurezza-e-sviluppo\/#primaryimage","url":"https:\/\/wpsite-assets.fondazionepirelli.org\/wp-content\/uploads\/2025\/11\/04110931\/GettyImages-861348596.jpg","contentUrl":"https:\/\/wpsite-assets.fondazionepirelli.org\/wp-content\/uploads\/2025\/11\/04110931\/GettyImages-861348596.jpg","width":1414,"height":2121,"caption":"A blonde 10 year old girl sporting a european flag draped over her shoulders"},{"@type":"BreadcrumbList","@id":"https:\/\/www.fondazionepirelli.org\/it\/cultura-dimpresa\/blog\/evitare-le-trappole-di-una-europa-peter-pan-e-costruire-strategie-migliori-su-democrazia-sicurezza-e-sviluppo\/#breadcrumb","itemListElement":[{"@type":"ListItem","position":1,"name":"Home","item":"https:\/\/www.fondazionepirelli.org\/it\/"},{"@type":"ListItem","position":2,"name":"Evitare le trappole di una \u201cEuropa Peter Pan\u201d e costruire strategie migliori su democrazia, sicurezza e sviluppo"}]},{"@type":"WebSite","@id":"https:\/\/www.fondazionepirelli.org\/it\/#website","url":"https:\/\/www.fondazionepirelli.org\/it\/","name":"Fondazione Pirelli","description":"","potentialAction":[{"@type":"SearchAction","target":{"@type":"EntryPoint","urlTemplate":"https:\/\/www.fondazionepirelli.org\/it\/?s={search_term_string}"},"query-input":{"@type":"PropertyValueSpecification","valueRequired":true,"valueName":"search_term_string"}}],"inLanguage":"it-IT"},{"@type":"Person","@id":"https:\/\/www.fondazionepirelli.org\/it\/#\/schema\/person\/f47d097000832c4a6e54538c791fdf25","name":"fondadmin","image":{"@type":"ImageObject","inLanguage":"it-IT","@id":"https:\/\/www.fondazionepirelli.org\/it\/#\/schema\/person\/image\/","url":"https:\/\/secure.gravatar.com\/avatar\/e69498a9175ca244966e51e53c88712c024fcebe41f9a05f75657f1bb25e489b?s=96&d=mm&r=g","contentUrl":"https:\/\/secure.gravatar.com\/avatar\/e69498a9175ca244966e51e53c88712c024fcebe41f9a05f75657f1bb25e489b?s=96&d=mm&r=g","caption":"fondadmin"},"url":"https:\/\/www.fondazionepirelli.org\/it\/author\/fondadmin\/"}]}},"_links":{"self":[{"href":"https:\/\/www.fondazionepirelli.org\/it\/wp-json\/wp\/v2\/posts\/105632\/"}],"collection":[{"href":"https:\/\/www.fondazionepirelli.org\/it\/wp-json\/wp\/v2\/posts\/"}],"about":[{"href":"https:\/\/www.fondazionepirelli.org\/it\/wp-json\/wp\/v2\/types\/post\/"}],"author":[{"embeddable":true,"href":"https:\/\/www.fondazionepirelli.org\/it\/wp-json\/wp\/v2\/users\/1\/"}],"replies":[{"embeddable":true,"href":"https:\/\/www.fondazionepirelli.org\/it\/wp-json\/wp\/v2\/comments\/?post=105632"}],"version-history":[{"count":2,"href":"https:\/\/www.fondazionepirelli.org\/it\/wp-json\/wp\/v2\/posts\/105632\/revisions\/"}],"predecessor-version":[{"id":105675,"href":"https:\/\/www.fondazionepirelli.org\/it\/wp-json\/wp\/v2\/posts\/105632\/revisions\/105675\/"}],"wp:featuredmedia":[{"embeddable":true,"href":"https:\/\/www.fondazionepirelli.org\/it\/wp-json\/wp\/v2\/media\/105673\/"}],"wp:attachment":[{"href":"https:\/\/www.fondazionepirelli.org\/it\/wp-json\/wp\/v2\/media\/?parent=105632"}],"wp:term":[{"taxonomy":"category","embeddable":true,"href":"https:\/\/www.fondazionepirelli.org\/it\/wp-json\/wp\/v2\/categories\/?post=105632"},{"taxonomy":"post_tag","embeddable":true,"href":"https:\/\/www.fondazionepirelli.org\/it\/wp-json\/wp\/v2\/tags\/?post=105632"}],"curies":[{"name":"wp","href":"https:\/\/api.w.org\/{rel}","templated":true}]}}