{"id":105700,"date":"2025-11-11T12:16:52","date_gmt":"2025-11-11T11:16:52","guid":{"rendered":"https:\/\/www.fondazionepirelli.org\/?p=105700"},"modified":"2025-11-11T12:21:25","modified_gmt":"2025-11-11T11:21:25","slug":"i-libri-come-case-da-abitare-spazi-di-fantasia-e-conoscenza","status":"publish","type":"post","link":"https:\/\/www.fondazionepirelli.org\/it\/cultura-dimpresa\/blog\/i-libri-come-case-da-abitare-spazi-di-fantasia-e-conoscenza\/","title":{"rendered":"I libri come case da abitare, spazi di fantasia e conoscenza"},"content":{"rendered":"<p><em>Fare leggere: le iniziative di BookCity e di #ioleggoperch\u00e9<\/em><\/p><p>I libri come un nido, un rifugio accogliente. Come conoscenza e sicurezza. E come destino per una migliore condizione di vita. Lo racconta bene <strong>Jean Paul Sartre<\/strong>, uno dei maggiori filosofi del Novecento: &#8220;Ho cominciato la mia vita come senza dubbio la terminer\u00f2: tra i libri. Nell&#8217;ufficio di mio nonno ce n&#8217;era dappertutto; era fatto divieto di spolverarli, tranne una volta all&#8217;anno, prima della riapertura delle scuole. Non sapevo ancora leggere, ma gi\u00e0 le riverivo queste pietre fitte: ritte o inclinate, strette come mattoni sui ripiani della libreria o nobilmente spaziate in viali di menhir, io sentivo che la prosperit\u00e0 della nostra famiglia dipendeva da esse. [\u2026] I libri sono stati i miei uccelli e i miei nidi, i miei animali domestici, la mia stalla e la mia campagna; la libreria era il mondo chiuso in uno specchio; di uno specchio aveva la profondit\u00e0 infinita, la variet\u00e0, l&#8217;imprevedibilit\u00e0&#8221;.<\/p>\n<p>Le parole di Sartre, su \u201cuna vita tra i libri\u201d e quelle di un altro grande uomo di cultura francese, <strong>Michel de Montaigne<\/strong> (\u201cI libri sono il miglior viatico che abbia trovato in questo viaggio umano\u201d) e di centinaia di donne e uomini della grande letteratura mondiale tornano in mente pensando a due avvenimenti in agenda adesso a <strong>Milano<\/strong>, citt\u00e0 colta e lettrice (il 10% dei libri venduti in tutta Italia hanno come protagoniste le librerie milanesi). Il primo \u00e8 <strong>BookCity<\/strong> (pi\u00f9 di 1.300 dibattiti, 2.700 protagonisti di incontri e presentazioni dal 10 al 16 novembre, sul tema <strong>\u201cIl potere delle idee\/ le idee del potere\u201d<\/strong> e cio\u00e8 libert\u00e0, creativit\u00e0, conoscenza, responsabilit\u00e0). E il secondo \u00e8 la presentazione di un documentario su\u00a0 \u201c<strong>#ioleggoperch\u00e9<\/strong>\u201d, l\u2019iniziativa nata dieci anni fa per meritorio impegno dell\u2019<strong>Aie<\/strong>, l\u2019<strong>Associazione italiana degli editori<\/strong>: un grande progetto sociale che dal 2015 a oggi ha distribuito oltre 3,7 milioni di libri donati a 28mila scuole, coinvolgendo 4mila librerie e raggiungendo pi\u00f9 di 4 milioni di studenti in tutta Italia. Un impegno che deve continuare: altri libri, altre donazioni, altre librerie scolastiche da fare vivere e crescere.<\/p>\n<p>Partiamo da quest\u2019ultima iniziativa. \u201cUn impegno collettivo che ha reso la lettura un gesto condiviso e partecipato, capace di unire generazioni e territori diversi\u201d, sostengono i responsabili dell\u2019Aie.<\/p>\n<p>I risultati di un\u2019attivit\u00e0 cos\u00ec essenziale sono raccontati da un documentario, \u201cLeggere pu\u00f2 cambiare tutto\u201d, realizzato, appunto, dall\u2019Aie con il sostegno di <strong>Pirelli<\/strong> e presentato ieri mattina, a Milano, nell\u2019Headquartiers Pirelli in Bicocca, nell\u2019ambito di BookCity, davanti a centinaia di studenti. Un filmato di 25 minuti, con una voce narrante originale (quella di una biblioteca scolastica che nasce e cresce nel tempo), disponibile da oggi al 16 novembre su <strong>Rai Play<\/strong> e ricco delle testimonianze non solo dei promotori (tra cui c\u2019\u00e8 anche la Fondazione Cariplo), ma anche di autorit\u00e0 (il <strong>presidente della Repubblica Sergio Mattarella<\/strong> e i <strong>ministri della Cultura Alessandro Giuli<\/strong> e <strong>dell\u2019Istruzione Giuseppe Valditara<\/strong>) e di professori e studenti di tutte le et\u00e0.<\/p>\n<p>Qual \u00e8 il senso del racconto? Sostiene <strong>Innocenzo Cipolletta<\/strong>, presidente dell\u2019Aie: \u201cPer noi, il fatto che un bambino abbia potuto scoprire la lettura grazie a un libro arrivato nella sua scuola attraverso #ioleggoperch\u00e9 significa avergli aperto una porta sul futuro. In questi dieci anni il progetto ha davvero contribuito a cambiare il modo di leggere nelle scuole: la lettura, che per molti ragazzi era un\u2019esperienza privata, oggi \u00e8 diventata un momento collettivo, condiviso, capace di unire e far crescere insieme studenti, insegnanti e comunit\u00e0\u201d.<\/p>\n<p>Insiste Cipolletta: \u201cSiamo orgogliosi di aver realizzato questo documentario, basato sulle testimonianze delle scuole, che racconta come sta cambiando il\u00a0paese\u00a0grazie anche al progetto e alle\u00a0biblioteche scolastiche, diventate vere e proprie infrastrutture della lettura.\u201d<\/p>\n<p><strong>Marco Tronchetti Provera<\/strong>, <strong>Vice Presidente Esecutivo di Pirelli<\/strong> e <strong>Presidente di Fondazione Pirelli<\/strong>, aggiunge: \u2018Sostenere #ioleggoperch\u00e9 significa contribuire a\u00a0rafforzare le biblioteche scolastiche, collegate anche con le biblioteche aziendali e quelle di quartiere.\u00a0E dunque offrire ai giovani maggiori possibilit\u00e0 di accesso ai libri. La\u00a0lettura \u00e8 uno strumento fondamentale per sviluppare conoscenza, pensiero critico e partecipazione alla vita civile\u201d.<\/p>\n<p>Da molti anni \u201cPirelli, anche attraverso la sua Fondazione, \u00e8 impegnata nel dialogo con le scuole e nella promozione della cultura come elemento di crescita personale e collettiva. E questo progetto rappresenta un esempio concreto di collaborazione tra istituzioni, territorio e mondo dell\u2019impresa a favore delle nuove generazioni\u201d.<\/p>\n<p>Ecco un punto essenziale. Le biblioteche. Centri culturali e sociali. Spazi di conoscenza, di aggregazione, di costruzione di spirito di comunit\u00e0. E libri come case da abitare. Imbarcazioni per navigare nello spazio e nel tempo. Sonde per arrivare nel cielo della fantasia e nelle profondit\u00e0 della conoscenza. Strumenti per varcare la linea d\u2019ombra delle stagioni alterne della nostra vita.<\/p>\n<p>Il piacere del testo. La memoria. E il sapere. La libert\u00e0 per la fantasia. E la responsabilit\u00e0 della democrazia.<\/p>\n<p>Per capire meglio, si pu\u00f2 fare ricorso a un\u2019altra celebre pagina (ne avevamo parlato nel blog del 10 dicembre 2024): \u201cIl libro \u00e8 come il cucchiaio, il martello, la ruota, le forbici: una volta che li avete inventati, non potete fare di meglio\u201d. La frase \u00e8 di <strong>Umberto Eco<\/strong>. E serve a ribadire l\u2019essenzialit\u00e0 della lettura, del piacere del testo, del gioco di trovare, tra parole ben impaginate, il gusto della conoscenza, della scoperta, dell\u2019avventura. \u201cNon sperate di liberarvi dei libri\u201d, sosteneva appunto Eco, in una brillante conversazione con <strong>Jean-Claude Carri\u00e8re<\/strong>, pubblicata nel 2017 da La nave di Teseo. Riprendere in mano i libri, dunque. E costruire lettori, nel presente e per il futuro. Anche abituando le bambine e i bambini, fin da piccoli, a considerarli oggetti normali, piacevoli, divertenti, che animano la nostra\u00a0 quotidianit\u00e0. Come il cucchiaio, appunto.<\/p>\n<p>Stanno proprio qui anche le basi del progetto, deciso dal <strong>Gruppo Cultura di Confindustria<\/strong>, di favorire la diffusione delle <strong>biblioteche aziendali<\/strong>, rilanciando un\u2019iniziativa gi\u00e0 discussa una decina di anni fa. In collaborazione, naturalmente, con l\u2019Associazione degli Editori. E coinvolgendo il tessuto delle associazioni confindustriali e delle imprese sui territori. Fondare e fare crescere biblioteche, come parte d\u2019un impegno, politico e sociale, che ridia spazio e dignit\u00e0 alla formazione, allo studio, alla ricerca, ai valori della conoscenza e della scienza: valori essenziali anche per una cultura d\u2019impresa che vuole avere un ruolo attivo di fronte alle sfide di una complessa e controversa modernit\u00e0 (le biblioteche Pirelli, sia in Bicocca che in fabbrica a Settimo Torinese, fanno da paradigma).<\/p>\n<p><strong>Biblioteche di quartiere<\/strong>. E <strong>biblioteche scolastiche<\/strong>, ricche di libri adatti agli interessi e alle passioni di bambini e adolescenti (la missione di #ioleggoperch\u00e9, appunto). <strong>Biblioteche<\/strong> <strong>di condominio<\/strong>. Ma anche, appunto, <strong>biblioteche in fabbrica<\/strong>, negli uffici, in tutti i posti di lavoro in cui si ritrovano comunit\u00e0 di persone. Un investimento pubblico e privato sulla lettura.<\/p>\n<p>Tutte queste biblioteche potrebbero essere messe in circolo, collegate ai sistemi bibliotecari di comuni e regioni. Anche per diventare punti d\u2019incontro, conversazione, confronto. Luoghi in cui cresce e matura il capitale sociale di una comunit\u00e0.<\/p>\n<p>Torniamo, adesso, a #ioleggoperch\u00e9. Accanto al documentario, prende vita un\u00a0progetto editoriale pi\u00f9 ampio, pensato per estendere e moltiplicare il racconto: una serie di\u00a0videopillole\u00a0sempre\u00a0disponibili su Rai Play,\u00a0in cui autori e personaggi condividono esperienze e pensieri personali sul potere dei libri e sulla gioia di trasmettere la passione per la lettura. Nel corso di queste brevi narrazioni,\u00a0<strong>Rudy Zerbi<\/strong>, ambassador storico del progetto, apre con un ricordo \u201cdi famiglia\u201d legato ai libri;\u00a0<strong>Sofia Goggia<\/strong>, campionessa olimpica e ambassador di #ioleggoperch\u00e9, svela il volume che l\u2019ha ispirata da ragazza; e\u00a0<strong>Vincenzo Schettini<\/strong>, professore e divulgatore, riflette sulla differenza tra l\u2019universo dei libri e quello dei social. Il racconto si intreccia con le voci di\u00a0<strong>Massimiliano Rosolino,\u00a0Manuel Bortuzzo\u00a0e\u00a0Andrea Lo Cicero,<\/strong> del <strong>Team Illumina Sport e Salute<\/strong>, che offrono aneddoti e riflessioni personali, e con quella del regista\u00a0<strong>Riccardo Milani<\/strong>, che ricorda i libri della sua infanzia e il momento in cui ha incontrato il progetto. Infine\u00a0<strong>Miriam Candurro<\/strong>, attrice protagonista di\u00a0Un posto al sole, racconta quando si \u00e8 innamorata della lettura.<\/p>\n<p>\u201cPerch\u00e9 leggere \u00e8 un gesto semplice, ma pu\u00f2 cambiare tutto\u201d: sono le parole degli studenti dell\u2019<strong>ITIS Galilei di Roma<\/strong> racchiudono lo spirito del documentario e del progetto, che anche dopo dieci anni continua a far nascere lettori, una biblioteca alla volta.<\/p>\n","protected":false},"excerpt":{"rendered":"<p>Fare leggere: le iniziative di BookCity e di #ioleggoperch\u00e9I libri come un nido, un rifugio accogliente. Come conoscenza e sicurezza. E come destino per una migliore condizione di vita. Lo racconta bene Jean Paul Sartre, uno dei maggiori filosofi del Novecento: &#8220;Ho cominciato la mia vita come senza dubbio la terminer\u00f2: tra i libri. Nell&#8217;ufficio [&hellip;]<\/p>\n","protected":false},"author":1,"featured_media":105702,"comment_status":"open","ping_status":"open","sticky":false,"template":"","format":"standard","meta":{"footnotes":""},"categories":[53,52],"tags":[],"class_list":["post-105700","post","type-post","status-publish","format-standard","has-post-thumbnail","hentry","category-blog","category-cultura-dimpresa"],"acf":[],"yoast_head":"<!-- This site is optimized with the Yoast SEO plugin v25.0 - https:\/\/yoast.com\/wordpress\/plugins\/seo\/ -->\n<title>I libri come case da abitare, spazi di fantasia e conoscenza - Fondazione Pirelli<\/title>\n<meta name=\"robots\" content=\"index, follow, max-snippet:-1, max-image-preview:large, max-video-preview:-1\" \/>\n<link rel=\"canonical\" href=\"https:\/\/www.fondazionepirelli.org\/it\/cultura-dimpresa\/blog\/i-libri-come-case-da-abitare-spazi-di-fantasia-e-conoscenza\/\" \/>\n<meta property=\"og:locale\" content=\"it_IT\" \/>\n<meta property=\"og:type\" content=\"article\" \/>\n<meta property=\"og:title\" content=\"I libri come case da abitare, spazi di fantasia e conoscenza - Fondazione Pirelli\" \/>\n<meta property=\"og:description\" content=\"Fare leggere: le iniziative di BookCity e di #ioleggoperch\u00e9I libri come un nido, un rifugio accogliente. Come conoscenza e sicurezza. E come destino per una migliore condizione di vita. Lo racconta bene Jean Paul Sartre, uno dei maggiori filosofi del Novecento: &#8220;Ho cominciato la mia vita come senza dubbio la terminer\u00f2: tra i libri. Nell&#8217;ufficio [&hellip;]\" \/>\n<meta property=\"og:url\" content=\"https:\/\/127.0.0.1\/it\/cultura-dimpresa\/blog\/i-libri-come-case-da-abitare-spazi-di-fantasia-e-conoscenza\/\" \/>\n<meta property=\"og:site_name\" content=\"Fondazione Pirelli\" \/>\n<meta property=\"article:published_time\" content=\"2025-11-11T11:16:52+00:00\" \/>\n<meta property=\"article:modified_time\" content=\"2025-11-11T11:21:25+00:00\" \/>\n<meta property=\"og:image\" content=\"https:\/\/wpsite-assets.fondazionepirelli.org\/wp-content\/uploads\/2025\/11\/11121628\/ORZ0418.jpg\" \/>\n\t<meta property=\"og:image:width\" content=\"2048\" \/>\n\t<meta property=\"og:image:height\" content=\"1811\" \/>\n\t<meta property=\"og:image:type\" content=\"image\/jpeg\" \/>\n<meta name=\"author\" content=\"fondadmin\" \/>\n<meta name=\"twitter:card\" content=\"summary_large_image\" \/>\n<meta name=\"twitter:label1\" content=\"Scritto da\" \/>\n\t<meta name=\"twitter:data1\" content=\"fondadmin\" \/>\n\t<meta name=\"twitter:label2\" content=\"Tempo di lettura stimato\" \/>\n\t<meta name=\"twitter:data2\" content=\"8 minuti\" \/>\n<script type=\"application\/ld+json\" class=\"yoast-schema-graph\">{\"@context\":\"https:\/\/schema.org\",\"@graph\":[{\"@type\":\"WebPage\",\"@id\":\"https:\/\/127.0.0.1\/it\/cultura-dimpresa\/blog\/i-libri-come-case-da-abitare-spazi-di-fantasia-e-conoscenza\/\",\"url\":\"https:\/\/127.0.0.1\/it\/cultura-dimpresa\/blog\/i-libri-come-case-da-abitare-spazi-di-fantasia-e-conoscenza\/\",\"name\":\"I libri come case da abitare, spazi di fantasia e conoscenza - Fondazione Pirelli\",\"isPartOf\":{\"@id\":\"https:\/\/www.fondazionepirelli.org\/it\/#website\"},\"primaryImageOfPage\":{\"@id\":\"https:\/\/127.0.0.1\/it\/cultura-dimpresa\/blog\/i-libri-come-case-da-abitare-spazi-di-fantasia-e-conoscenza\/#primaryimage\"},\"image\":{\"@id\":\"https:\/\/127.0.0.1\/it\/cultura-dimpresa\/blog\/i-libri-come-case-da-abitare-spazi-di-fantasia-e-conoscenza\/#primaryimage\"},\"thumbnailUrl\":\"https:\/\/wpsite-assets.fondazionepirelli.org\/wp-content\/uploads\/2025\/11\/11121628\/ORZ0418.jpg\",\"datePublished\":\"2025-11-11T11:16:52+00:00\",\"dateModified\":\"2025-11-11T11:21:25+00:00\",\"author\":{\"@id\":\"https:\/\/www.fondazionepirelli.org\/it\/#\/schema\/person\/f47d097000832c4a6e54538c791fdf25\"},\"breadcrumb\":{\"@id\":\"https:\/\/127.0.0.1\/it\/cultura-dimpresa\/blog\/i-libri-come-case-da-abitare-spazi-di-fantasia-e-conoscenza\/#breadcrumb\"},\"inLanguage\":\"it-IT\",\"potentialAction\":[{\"@type\":\"ReadAction\",\"target\":[\"https:\/\/127.0.0.1\/it\/cultura-dimpresa\/blog\/i-libri-come-case-da-abitare-spazi-di-fantasia-e-conoscenza\/\"]}]},{\"@type\":\"ImageObject\",\"inLanguage\":\"it-IT\",\"@id\":\"https:\/\/127.0.0.1\/it\/cultura-dimpresa\/blog\/i-libri-come-case-da-abitare-spazi-di-fantasia-e-conoscenza\/#primaryimage\",\"url\":\"https:\/\/wpsite-assets.fondazionepirelli.org\/wp-content\/uploads\/2025\/11\/11121628\/ORZ0418.jpg\",\"contentUrl\":\"https:\/\/wpsite-assets.fondazionepirelli.org\/wp-content\/uploads\/2025\/11\/11121628\/ORZ0418.jpg\",\"width\":2048,\"height\":1811},{\"@type\":\"BreadcrumbList\",\"@id\":\"https:\/\/127.0.0.1\/it\/cultura-dimpresa\/blog\/i-libri-come-case-da-abitare-spazi-di-fantasia-e-conoscenza\/#breadcrumb\",\"itemListElement\":[{\"@type\":\"ListItem\",\"position\":1,\"name\":\"Home\",\"item\":\"https:\/\/www.fondazionepirelli.org\/it\/\"},{\"@type\":\"ListItem\",\"position\":2,\"name\":\"I libri come case da abitare, spazi di fantasia e conoscenza\"}]},{\"@type\":\"WebSite\",\"@id\":\"https:\/\/www.fondazionepirelli.org\/it\/#website\",\"url\":\"https:\/\/www.fondazionepirelli.org\/it\/\",\"name\":\"Fondazione Pirelli\",\"description\":\"\",\"potentialAction\":[{\"@type\":\"SearchAction\",\"target\":{\"@type\":\"EntryPoint\",\"urlTemplate\":\"https:\/\/www.fondazionepirelli.org\/it\/?s={search_term_string}\"},\"query-input\":{\"@type\":\"PropertyValueSpecification\",\"valueRequired\":true,\"valueName\":\"search_term_string\"}}],\"inLanguage\":\"it-IT\"},{\"@type\":\"Person\",\"@id\":\"https:\/\/www.fondazionepirelli.org\/it\/#\/schema\/person\/f47d097000832c4a6e54538c791fdf25\",\"name\":\"fondadmin\",\"image\":{\"@type\":\"ImageObject\",\"inLanguage\":\"it-IT\",\"@id\":\"https:\/\/www.fondazionepirelli.org\/it\/#\/schema\/person\/image\/\",\"url\":\"https:\/\/secure.gravatar.com\/avatar\/e69498a9175ca244966e51e53c88712c024fcebe41f9a05f75657f1bb25e489b?s=96&d=mm&r=g\",\"contentUrl\":\"https:\/\/secure.gravatar.com\/avatar\/e69498a9175ca244966e51e53c88712c024fcebe41f9a05f75657f1bb25e489b?s=96&d=mm&r=g\",\"caption\":\"fondadmin\"},\"url\":\"https:\/\/www.fondazionepirelli.org\/it\/author\/fondadmin\/\"}]}<\/script>\n<!-- \/ Yoast SEO plugin. -->","yoast_head_json":{"title":"I libri come case da abitare, spazi di fantasia e conoscenza - Fondazione Pirelli","robots":{"index":"index","follow":"follow","max-snippet":"max-snippet:-1","max-image-preview":"max-image-preview:large","max-video-preview":"max-video-preview:-1"},"canonical":"https:\/\/www.fondazionepirelli.org\/it\/cultura-dimpresa\/blog\/i-libri-come-case-da-abitare-spazi-di-fantasia-e-conoscenza\/","og_locale":"it_IT","og_type":"article","og_title":"I libri come case da abitare, spazi di fantasia e conoscenza - Fondazione Pirelli","og_description":"Fare leggere: le iniziative di BookCity e di #ioleggoperch\u00e9I libri come un nido, un rifugio accogliente. Come conoscenza e sicurezza. E come destino per una migliore condizione di vita. Lo racconta bene Jean Paul Sartre, uno dei maggiori filosofi del Novecento: &#8220;Ho cominciato la mia vita come senza dubbio la terminer\u00f2: tra i libri. Nell&#8217;ufficio [&hellip;]","og_url":"https:\/\/127.0.0.1\/it\/cultura-dimpresa\/blog\/i-libri-come-case-da-abitare-spazi-di-fantasia-e-conoscenza\/","og_site_name":"Fondazione Pirelli","article_published_time":"2025-11-11T11:16:52+00:00","article_modified_time":"2025-11-11T11:21:25+00:00","og_image":[{"width":2048,"height":1811,"url":"https:\/\/wpsite-assets.fondazionepirelli.org\/wp-content\/uploads\/2025\/11\/11121628\/ORZ0418.jpg","type":"image\/jpeg"}],"author":"fondadmin","twitter_card":"summary_large_image","twitter_misc":{"Scritto da":"fondadmin","Tempo di lettura stimato":"8 minuti"},"schema":{"@context":"https:\/\/schema.org","@graph":[{"@type":"WebPage","@id":"https:\/\/127.0.0.1\/it\/cultura-dimpresa\/blog\/i-libri-come-case-da-abitare-spazi-di-fantasia-e-conoscenza\/","url":"https:\/\/127.0.0.1\/it\/cultura-dimpresa\/blog\/i-libri-come-case-da-abitare-spazi-di-fantasia-e-conoscenza\/","name":"I libri come case da abitare, spazi di fantasia e conoscenza - Fondazione Pirelli","isPartOf":{"@id":"https:\/\/www.fondazionepirelli.org\/it\/#website"},"primaryImageOfPage":{"@id":"https:\/\/127.0.0.1\/it\/cultura-dimpresa\/blog\/i-libri-come-case-da-abitare-spazi-di-fantasia-e-conoscenza\/#primaryimage"},"image":{"@id":"https:\/\/127.0.0.1\/it\/cultura-dimpresa\/blog\/i-libri-come-case-da-abitare-spazi-di-fantasia-e-conoscenza\/#primaryimage"},"thumbnailUrl":"https:\/\/wpsite-assets.fondazionepirelli.org\/wp-content\/uploads\/2025\/11\/11121628\/ORZ0418.jpg","datePublished":"2025-11-11T11:16:52+00:00","dateModified":"2025-11-11T11:21:25+00:00","author":{"@id":"https:\/\/www.fondazionepirelli.org\/it\/#\/schema\/person\/f47d097000832c4a6e54538c791fdf25"},"breadcrumb":{"@id":"https:\/\/127.0.0.1\/it\/cultura-dimpresa\/blog\/i-libri-come-case-da-abitare-spazi-di-fantasia-e-conoscenza\/#breadcrumb"},"inLanguage":"it-IT","potentialAction":[{"@type":"ReadAction","target":["https:\/\/127.0.0.1\/it\/cultura-dimpresa\/blog\/i-libri-come-case-da-abitare-spazi-di-fantasia-e-conoscenza\/"]}]},{"@type":"ImageObject","inLanguage":"it-IT","@id":"https:\/\/127.0.0.1\/it\/cultura-dimpresa\/blog\/i-libri-come-case-da-abitare-spazi-di-fantasia-e-conoscenza\/#primaryimage","url":"https:\/\/wpsite-assets.fondazionepirelli.org\/wp-content\/uploads\/2025\/11\/11121628\/ORZ0418.jpg","contentUrl":"https:\/\/wpsite-assets.fondazionepirelli.org\/wp-content\/uploads\/2025\/11\/11121628\/ORZ0418.jpg","width":2048,"height":1811},{"@type":"BreadcrumbList","@id":"https:\/\/127.0.0.1\/it\/cultura-dimpresa\/blog\/i-libri-come-case-da-abitare-spazi-di-fantasia-e-conoscenza\/#breadcrumb","itemListElement":[{"@type":"ListItem","position":1,"name":"Home","item":"https:\/\/www.fondazionepirelli.org\/it\/"},{"@type":"ListItem","position":2,"name":"I libri come case da abitare, spazi di fantasia e conoscenza"}]},{"@type":"WebSite","@id":"https:\/\/www.fondazionepirelli.org\/it\/#website","url":"https:\/\/www.fondazionepirelli.org\/it\/","name":"Fondazione Pirelli","description":"","potentialAction":[{"@type":"SearchAction","target":{"@type":"EntryPoint","urlTemplate":"https:\/\/www.fondazionepirelli.org\/it\/?s={search_term_string}"},"query-input":{"@type":"PropertyValueSpecification","valueRequired":true,"valueName":"search_term_string"}}],"inLanguage":"it-IT"},{"@type":"Person","@id":"https:\/\/www.fondazionepirelli.org\/it\/#\/schema\/person\/f47d097000832c4a6e54538c791fdf25","name":"fondadmin","image":{"@type":"ImageObject","inLanguage":"it-IT","@id":"https:\/\/www.fondazionepirelli.org\/it\/#\/schema\/person\/image\/","url":"https:\/\/secure.gravatar.com\/avatar\/e69498a9175ca244966e51e53c88712c024fcebe41f9a05f75657f1bb25e489b?s=96&d=mm&r=g","contentUrl":"https:\/\/secure.gravatar.com\/avatar\/e69498a9175ca244966e51e53c88712c024fcebe41f9a05f75657f1bb25e489b?s=96&d=mm&r=g","caption":"fondadmin"},"url":"https:\/\/www.fondazionepirelli.org\/it\/author\/fondadmin\/"}]}},"_links":{"self":[{"href":"https:\/\/www.fondazionepirelli.org\/it\/wp-json\/wp\/v2\/posts\/105700\/"}],"collection":[{"href":"https:\/\/www.fondazionepirelli.org\/it\/wp-json\/wp\/v2\/posts\/"}],"about":[{"href":"https:\/\/www.fondazionepirelli.org\/it\/wp-json\/wp\/v2\/types\/post\/"}],"author":[{"embeddable":true,"href":"https:\/\/www.fondazionepirelli.org\/it\/wp-json\/wp\/v2\/users\/1\/"}],"replies":[{"embeddable":true,"href":"https:\/\/www.fondazionepirelli.org\/it\/wp-json\/wp\/v2\/comments\/?post=105700"}],"version-history":[{"count":2,"href":"https:\/\/www.fondazionepirelli.org\/it\/wp-json\/wp\/v2\/posts\/105700\/revisions\/"}],"predecessor-version":[{"id":105708,"href":"https:\/\/www.fondazionepirelli.org\/it\/wp-json\/wp\/v2\/posts\/105700\/revisions\/105708\/"}],"wp:featuredmedia":[{"embeddable":true,"href":"https:\/\/www.fondazionepirelli.org\/it\/wp-json\/wp\/v2\/media\/105702\/"}],"wp:attachment":[{"href":"https:\/\/www.fondazionepirelli.org\/it\/wp-json\/wp\/v2\/media\/?parent=105700"}],"wp:term":[{"taxonomy":"category","embeddable":true,"href":"https:\/\/www.fondazionepirelli.org\/it\/wp-json\/wp\/v2\/categories\/?post=105700"},{"taxonomy":"post_tag","embeddable":true,"href":"https:\/\/www.fondazionepirelli.org\/it\/wp-json\/wp\/v2\/tags\/?post=105700"}],"curies":[{"name":"wp","href":"https:\/\/api.w.org\/{rel}","templated":true}]}}