{"id":105704,"date":"2025-11-11T12:20:00","date_gmt":"2025-11-11T11:20:00","guid":{"rendered":"https:\/\/www.fondazionepirelli.org\/?p=105704"},"modified":"2025-11-11T12:20:00","modified_gmt":"2025-11-11T11:20:00","slug":"linnovazione-della-comunita","status":"publish","type":"post","link":"https:\/\/www.fondazionepirelli.org\/it\/cultura-dimpresa\/recensioni-libri\/linnovazione-della-comunita\/","title":{"rendered":"L\u2019innovazione della comunit\u00e0"},"content":{"rendered":"<p><em>Un libro scritto con un metodo diverso dal solito propone un percorso nuovo per far crescere le imprese<\/em><\/p><p>Non solo tecnologia ma qualcosa di pi\u00f9 e di pi\u00f9 complesso. Tecnica accanto ad umanit\u00e0. Individuo accanto a comunit\u00e0. Tutto per dare vita ad un modo diverso di fare innovazione nelle imprese. \u00c8 attorno a queste suggestioni che ruotano le pagine di \u201cL&#8217;uomo e l&#8217;innovazione tra tecnologia ed etica. 100 leader, 7 sfide, 1 comunit\u00e0: riflessioni ed esperimenti per navigare il futuro\u201d, libro complesso curato da Donato Iacovone, Alberto Idone e Angelo Proietti (tutti con una lunga carriera tra direzioni d\u2019impresa, risorse umane e organizzazione).<\/p>\n<p>Il tratto saliente del libro \u00e8 la modalit\u00e0 con cui \u00e8 stato redatto. Le pagine \u2013 circa 250 \u2013 nascono da un esperimento collettivo che ha l\u2019ambizioso obiettivo di diventare un manifesto di un nuovo modo di fare innovazione. Una modalit\u00e0 che sia ad un tempo umana, collaborativa, sistemica. La natura di esperimento collettivo sta nel fatto che il contenuto del libro \u00e8 stato \u201cprodotto\u201d da oltre cento tra CEO, alti dirigenti e opinion leader che si sono incontrati e confrontati seguendo un percorso progettato secondo i principi del Design Thinking, cio\u00e8 con un metodo di risoluzione dei problemi basato sulle persone e sulla loro creativit\u00e0. Gli incontri, quindi, si sono svolti tra interviste empatiche, sessioni di lavoro, laboratori e momenti di confronto profondo. Il risultato \u00e8 una riflessione plurale, concreta e chiara su come la tecnologia, se unita a metodo, immaginazione e relazione autentica, possa diventare una reale leva evolutiva per persone, organizzazioni e societ\u00e0.<\/p>\n<p>Il percorso che il lettore \u00e8 invitato a compiere inizia quindi dalla creazione della comunit\u00e0 di lavoro (che ha dato origine al libro), passa dalla individuazione \u201cdell\u2019universo di indagine\u201d cio\u00e8 dalla descrizione di cosa \u00e8 stato scelto e approda a sette visioni del futuro basate su altrettanti temi sui quali il futuro pu\u00f2 essere giocato: l\u2019innovazione e le persone, la critica all\u2019innovazione stessa, l\u2019IA, l\u2019incertezza, la necessit\u00e0 di costruire comunque prodotti vincenti sul mercato, l\u2019organizzazione e la formazione, le relazioni tra algoritmi e diritti.<\/p>\n<p>Il libro di Iacovone, Idone e Proietti non vuole essere una mera raccolta di testi ma un laboratorio vivo. Non una guida lineare, ma una mappa di tensioni e domande che aprono nuove possibilit\u00e0. Uno strumento che vuole essere di utilit\u00e0 per chi opera nella trasformazione digitale e culturale, e per chiunque voglia comprendere come nasce e dove porta l\u2019innovazione quando la si costruisce insieme. Non \u00e8 obbligatorio essere d\u2019accordo con tutto ci\u00f2 che \u00e8 contenuto nel libro, ma \u00e8 comunque utile confrontarsi con le idee e le suggestioni che gli autori declinano.<\/p><p>Donato Iacovone, Alberto Idone, Angelo Proietti<\/p>\n<p><strong>L&#8217;uomo e l&#8217;innovazione tra tecnologia ed etica. 100 leader, 7 sfide, 1 comunit\u00e0: riflessioni ed esperimenti per navigare il futuro<\/strong><\/p>\n<p>Donato Iacovone, Alberto Idone, Angelo Proietti<\/p>\n<p>il Mulino, 2025<\/p>","protected":false},"excerpt":{"rendered":"<p>Un libro scritto con un metodo diverso dal solito propone un percorso nuovo per far crescere le impreseNon solo tecnologia ma qualcosa di pi\u00f9 e di pi\u00f9 complesso. Tecnica accanto ad umanit\u00e0. Individuo accanto a comunit\u00e0. Tutto per dare vita ad un modo diverso di fare innovazione nelle imprese. \u00c8 attorno a queste suggestioni che [&hellip;]<\/p>\n","protected":false},"author":1,"featured_media":105706,"comment_status":"open","ping_status":"open","sticky":false,"template":"","format":"standard","meta":{"footnotes":""},"categories":[52,58],"tags":[],"class_list":["post-105704","post","type-post","status-publish","format-standard","has-post-thumbnail","hentry","category-cultura-dimpresa","category-recensioni-libri"],"acf":[],"yoast_head":"<!-- This site is optimized with the Yoast SEO plugin v25.0 - https:\/\/yoast.com\/wordpress\/plugins\/seo\/ -->\n<title>L\u2019innovazione della comunit\u00e0 - Fondazione Pirelli<\/title>\n<meta name=\"robots\" content=\"index, follow, max-snippet:-1, max-image-preview:large, max-video-preview:-1\" \/>\n<link rel=\"canonical\" href=\"https:\/\/www.fondazionepirelli.org\/it\/cultura-dimpresa\/recensioni-libri\/linnovazione-della-comunita\/\" \/>\n<meta property=\"og:locale\" content=\"it_IT\" \/>\n<meta property=\"og:type\" content=\"article\" \/>\n<meta property=\"og:title\" content=\"L\u2019innovazione della comunit\u00e0 - Fondazione Pirelli\" \/>\n<meta property=\"og:description\" content=\"Un libro scritto con un metodo diverso dal solito propone un percorso nuovo per far crescere le impreseNon solo tecnologia ma qualcosa di pi\u00f9 e di pi\u00f9 complesso. Tecnica accanto ad umanit\u00e0. Individuo accanto a comunit\u00e0. Tutto per dare vita ad un modo diverso di fare innovazione nelle imprese. \u00c8 attorno a queste suggestioni che [&hellip;]\" \/>\n<meta property=\"og:url\" content=\"https:\/\/www.fondazionepirelli.org\/it\/cultura-dimpresa\/recensioni-libri\/linnovazione-della-comunita\/\" \/>\n<meta property=\"og:site_name\" content=\"Fondazione Pirelli\" \/>\n<meta property=\"article:published_time\" content=\"2025-11-11T11:20:00+00:00\" \/>\n<meta property=\"og:image\" content=\"https:\/\/wpsite-assets.fondazionepirelli.org\/wp-content\/uploads\/2025\/11\/11121948\/71pUvdtGw0L._SY466_.jpg\" \/>\n\t<meta property=\"og:image:width\" content=\"296\" \/>\n\t<meta property=\"og:image:height\" content=\"466\" \/>\n\t<meta property=\"og:image:type\" content=\"image\/jpeg\" \/>\n<meta name=\"author\" content=\"fondadmin\" \/>\n<meta name=\"twitter:card\" content=\"summary_large_image\" \/>\n<meta name=\"twitter:label1\" content=\"Scritto da\" \/>\n\t<meta name=\"twitter:data1\" content=\"fondadmin\" \/>\n\t<meta name=\"twitter:label2\" content=\"Tempo di lettura stimato\" \/>\n\t<meta name=\"twitter:data2\" content=\"3 minuti\" \/>\n<script type=\"application\/ld+json\" class=\"yoast-schema-graph\">{\"@context\":\"https:\/\/schema.org\",\"@graph\":[{\"@type\":\"WebPage\",\"@id\":\"https:\/\/www.fondazionepirelli.org\/it\/cultura-dimpresa\/recensioni-libri\/linnovazione-della-comunita\/\",\"url\":\"https:\/\/www.fondazionepirelli.org\/it\/cultura-dimpresa\/recensioni-libri\/linnovazione-della-comunita\/\",\"name\":\"L\u2019innovazione della comunit\u00e0 - Fondazione Pirelli\",\"isPartOf\":{\"@id\":\"https:\/\/www.fondazionepirelli.org\/it\/#website\"},\"primaryImageOfPage\":{\"@id\":\"https:\/\/www.fondazionepirelli.org\/it\/cultura-dimpresa\/recensioni-libri\/linnovazione-della-comunita\/#primaryimage\"},\"image\":{\"@id\":\"https:\/\/www.fondazionepirelli.org\/it\/cultura-dimpresa\/recensioni-libri\/linnovazione-della-comunita\/#primaryimage\"},\"thumbnailUrl\":\"https:\/\/wpsite-assets.fondazionepirelli.org\/wp-content\/uploads\/2025\/11\/11121948\/71pUvdtGw0L._SY466_.jpg\",\"datePublished\":\"2025-11-11T11:20:00+00:00\",\"author\":{\"@id\":\"https:\/\/www.fondazionepirelli.org\/it\/#\/schema\/person\/f47d097000832c4a6e54538c791fdf25\"},\"breadcrumb\":{\"@id\":\"https:\/\/www.fondazionepirelli.org\/it\/cultura-dimpresa\/recensioni-libri\/linnovazione-della-comunita\/#breadcrumb\"},\"inLanguage\":\"it-IT\",\"potentialAction\":[{\"@type\":\"ReadAction\",\"target\":[\"https:\/\/www.fondazionepirelli.org\/it\/cultura-dimpresa\/recensioni-libri\/linnovazione-della-comunita\/\"]}]},{\"@type\":\"ImageObject\",\"inLanguage\":\"it-IT\",\"@id\":\"https:\/\/www.fondazionepirelli.org\/it\/cultura-dimpresa\/recensioni-libri\/linnovazione-della-comunita\/#primaryimage\",\"url\":\"https:\/\/wpsite-assets.fondazionepirelli.org\/wp-content\/uploads\/2025\/11\/11121948\/71pUvdtGw0L._SY466_.jpg\",\"contentUrl\":\"https:\/\/wpsite-assets.fondazionepirelli.org\/wp-content\/uploads\/2025\/11\/11121948\/71pUvdtGw0L._SY466_.jpg\",\"width\":296,\"height\":466},{\"@type\":\"BreadcrumbList\",\"@id\":\"https:\/\/www.fondazionepirelli.org\/it\/cultura-dimpresa\/recensioni-libri\/linnovazione-della-comunita\/#breadcrumb\",\"itemListElement\":[{\"@type\":\"ListItem\",\"position\":1,\"name\":\"Home\",\"item\":\"https:\/\/www.fondazionepirelli.org\/it\/\"},{\"@type\":\"ListItem\",\"position\":2,\"name\":\"L\u2019innovazione della comunit\u00e0\"}]},{\"@type\":\"WebSite\",\"@id\":\"https:\/\/www.fondazionepirelli.org\/it\/#website\",\"url\":\"https:\/\/www.fondazionepirelli.org\/it\/\",\"name\":\"Fondazione Pirelli\",\"description\":\"\",\"potentialAction\":[{\"@type\":\"SearchAction\",\"target\":{\"@type\":\"EntryPoint\",\"urlTemplate\":\"https:\/\/www.fondazionepirelli.org\/it\/?s={search_term_string}\"},\"query-input\":{\"@type\":\"PropertyValueSpecification\",\"valueRequired\":true,\"valueName\":\"search_term_string\"}}],\"inLanguage\":\"it-IT\"},{\"@type\":\"Person\",\"@id\":\"https:\/\/www.fondazionepirelli.org\/it\/#\/schema\/person\/f47d097000832c4a6e54538c791fdf25\",\"name\":\"fondadmin\",\"image\":{\"@type\":\"ImageObject\",\"inLanguage\":\"it-IT\",\"@id\":\"https:\/\/www.fondazionepirelli.org\/it\/#\/schema\/person\/image\/\",\"url\":\"https:\/\/secure.gravatar.com\/avatar\/e69498a9175ca244966e51e53c88712c024fcebe41f9a05f75657f1bb25e489b?s=96&d=mm&r=g\",\"contentUrl\":\"https:\/\/secure.gravatar.com\/avatar\/e69498a9175ca244966e51e53c88712c024fcebe41f9a05f75657f1bb25e489b?s=96&d=mm&r=g\",\"caption\":\"fondadmin\"},\"url\":\"https:\/\/www.fondazionepirelli.org\/it\/author\/fondadmin\/\"}]}<\/script>\n<!-- \/ Yoast SEO plugin. -->","yoast_head_json":{"title":"L\u2019innovazione della comunit\u00e0 - Fondazione Pirelli","robots":{"index":"index","follow":"follow","max-snippet":"max-snippet:-1","max-image-preview":"max-image-preview:large","max-video-preview":"max-video-preview:-1"},"canonical":"https:\/\/www.fondazionepirelli.org\/it\/cultura-dimpresa\/recensioni-libri\/linnovazione-della-comunita\/","og_locale":"it_IT","og_type":"article","og_title":"L\u2019innovazione della comunit\u00e0 - Fondazione Pirelli","og_description":"Un libro scritto con un metodo diverso dal solito propone un percorso nuovo per far crescere le impreseNon solo tecnologia ma qualcosa di pi\u00f9 e di pi\u00f9 complesso. Tecnica accanto ad umanit\u00e0. Individuo accanto a comunit\u00e0. Tutto per dare vita ad un modo diverso di fare innovazione nelle imprese. \u00c8 attorno a queste suggestioni che [&hellip;]","og_url":"https:\/\/www.fondazionepirelli.org\/it\/cultura-dimpresa\/recensioni-libri\/linnovazione-della-comunita\/","og_site_name":"Fondazione Pirelli","article_published_time":"2025-11-11T11:20:00+00:00","og_image":[{"width":296,"height":466,"url":"https:\/\/wpsite-assets.fondazionepirelli.org\/wp-content\/uploads\/2025\/11\/11121948\/71pUvdtGw0L._SY466_.jpg","type":"image\/jpeg"}],"author":"fondadmin","twitter_card":"summary_large_image","twitter_misc":{"Scritto da":"fondadmin","Tempo di lettura stimato":"3 minuti"},"schema":{"@context":"https:\/\/schema.org","@graph":[{"@type":"WebPage","@id":"https:\/\/www.fondazionepirelli.org\/it\/cultura-dimpresa\/recensioni-libri\/linnovazione-della-comunita\/","url":"https:\/\/www.fondazionepirelli.org\/it\/cultura-dimpresa\/recensioni-libri\/linnovazione-della-comunita\/","name":"L\u2019innovazione della comunit\u00e0 - Fondazione Pirelli","isPartOf":{"@id":"https:\/\/www.fondazionepirelli.org\/it\/#website"},"primaryImageOfPage":{"@id":"https:\/\/www.fondazionepirelli.org\/it\/cultura-dimpresa\/recensioni-libri\/linnovazione-della-comunita\/#primaryimage"},"image":{"@id":"https:\/\/www.fondazionepirelli.org\/it\/cultura-dimpresa\/recensioni-libri\/linnovazione-della-comunita\/#primaryimage"},"thumbnailUrl":"https:\/\/wpsite-assets.fondazionepirelli.org\/wp-content\/uploads\/2025\/11\/11121948\/71pUvdtGw0L._SY466_.jpg","datePublished":"2025-11-11T11:20:00+00:00","author":{"@id":"https:\/\/www.fondazionepirelli.org\/it\/#\/schema\/person\/f47d097000832c4a6e54538c791fdf25"},"breadcrumb":{"@id":"https:\/\/www.fondazionepirelli.org\/it\/cultura-dimpresa\/recensioni-libri\/linnovazione-della-comunita\/#breadcrumb"},"inLanguage":"it-IT","potentialAction":[{"@type":"ReadAction","target":["https:\/\/www.fondazionepirelli.org\/it\/cultura-dimpresa\/recensioni-libri\/linnovazione-della-comunita\/"]}]},{"@type":"ImageObject","inLanguage":"it-IT","@id":"https:\/\/www.fondazionepirelli.org\/it\/cultura-dimpresa\/recensioni-libri\/linnovazione-della-comunita\/#primaryimage","url":"https:\/\/wpsite-assets.fondazionepirelli.org\/wp-content\/uploads\/2025\/11\/11121948\/71pUvdtGw0L._SY466_.jpg","contentUrl":"https:\/\/wpsite-assets.fondazionepirelli.org\/wp-content\/uploads\/2025\/11\/11121948\/71pUvdtGw0L._SY466_.jpg","width":296,"height":466},{"@type":"BreadcrumbList","@id":"https:\/\/www.fondazionepirelli.org\/it\/cultura-dimpresa\/recensioni-libri\/linnovazione-della-comunita\/#breadcrumb","itemListElement":[{"@type":"ListItem","position":1,"name":"Home","item":"https:\/\/www.fondazionepirelli.org\/it\/"},{"@type":"ListItem","position":2,"name":"L\u2019innovazione della comunit\u00e0"}]},{"@type":"WebSite","@id":"https:\/\/www.fondazionepirelli.org\/it\/#website","url":"https:\/\/www.fondazionepirelli.org\/it\/","name":"Fondazione Pirelli","description":"","potentialAction":[{"@type":"SearchAction","target":{"@type":"EntryPoint","urlTemplate":"https:\/\/www.fondazionepirelli.org\/it\/?s={search_term_string}"},"query-input":{"@type":"PropertyValueSpecification","valueRequired":true,"valueName":"search_term_string"}}],"inLanguage":"it-IT"},{"@type":"Person","@id":"https:\/\/www.fondazionepirelli.org\/it\/#\/schema\/person\/f47d097000832c4a6e54538c791fdf25","name":"fondadmin","image":{"@type":"ImageObject","inLanguage":"it-IT","@id":"https:\/\/www.fondazionepirelli.org\/it\/#\/schema\/person\/image\/","url":"https:\/\/secure.gravatar.com\/avatar\/e69498a9175ca244966e51e53c88712c024fcebe41f9a05f75657f1bb25e489b?s=96&d=mm&r=g","contentUrl":"https:\/\/secure.gravatar.com\/avatar\/e69498a9175ca244966e51e53c88712c024fcebe41f9a05f75657f1bb25e489b?s=96&d=mm&r=g","caption":"fondadmin"},"url":"https:\/\/www.fondazionepirelli.org\/it\/author\/fondadmin\/"}]}},"_links":{"self":[{"href":"https:\/\/www.fondazionepirelli.org\/it\/wp-json\/wp\/v2\/posts\/105704\/"}],"collection":[{"href":"https:\/\/www.fondazionepirelli.org\/it\/wp-json\/wp\/v2\/posts\/"}],"about":[{"href":"https:\/\/www.fondazionepirelli.org\/it\/wp-json\/wp\/v2\/types\/post\/"}],"author":[{"embeddable":true,"href":"https:\/\/www.fondazionepirelli.org\/it\/wp-json\/wp\/v2\/users\/1\/"}],"replies":[{"embeddable":true,"href":"https:\/\/www.fondazionepirelli.org\/it\/wp-json\/wp\/v2\/comments\/?post=105704"}],"version-history":[{"count":1,"href":"https:\/\/www.fondazionepirelli.org\/it\/wp-json\/wp\/v2\/posts\/105704\/revisions\/"}],"predecessor-version":[{"id":105705,"href":"https:\/\/www.fondazionepirelli.org\/it\/wp-json\/wp\/v2\/posts\/105704\/revisions\/105705\/"}],"wp:featuredmedia":[{"embeddable":true,"href":"https:\/\/www.fondazionepirelli.org\/it\/wp-json\/wp\/v2\/media\/105706\/"}],"wp:attachment":[{"href":"https:\/\/www.fondazionepirelli.org\/it\/wp-json\/wp\/v2\/media\/?parent=105704"}],"wp:term":[{"taxonomy":"category","embeddable":true,"href":"https:\/\/www.fondazionepirelli.org\/it\/wp-json\/wp\/v2\/categories\/?post=105704"},{"taxonomy":"post_tag","embeddable":true,"href":"https:\/\/www.fondazionepirelli.org\/it\/wp-json\/wp\/v2\/tags\/?post=105704"}],"curies":[{"name":"wp","href":"https:\/\/api.w.org\/{rel}","templated":true}]}}