{"id":105736,"date":"2025-11-18T12:08:51","date_gmt":"2025-11-18T11:08:51","guid":{"rendered":"https:\/\/www.fondazionepirelli.org\/?p=105736"},"modified":"2025-11-18T12:08:51","modified_gmt":"2025-11-18T11:08:51","slug":"litalia-delle-imprese-che-investono-e-innovano-e-tuttaltro-che-la-retorica-stanca-dellitalietta","status":"publish","type":"post","link":"https:\/\/www.fondazionepirelli.org\/it\/cultura-dimpresa\/blog\/litalia-delle-imprese-che-investono-e-innovano-e-tuttaltro-che-la-retorica-stanca-dellitalietta\/","title":{"rendered":"L\u2019Italia delle imprese che investono e innovano \u00e8 tutt\u2019altro che la retorica stanca dell\u2019Italietta"},"content":{"rendered":"<p>Parlare male dell\u2019Italia. Vezzo e vizio diffuso, soprattutto tra gli italiani. L\u2019Italietta, si diceva ai primi del Novecento, con un vocabolo dispregiativo per indicare una mentalit\u00e0 grezza e provinciale comune alla piccola borghesia dello \u201cstrapaese\u201d. \u201cLa terra dei cachi\u201d, si cantava al Festival di Sanremo nel 1996 (<strong>Elio e le Storie Tese<\/strong>: \u201cAppalti truccati, trapianti truccati\u2026 papaveri e papi\u2026\u201d). E cos\u00ec via continuando, in un\u2019ampia antologia di giudizi critici e sentenze taglienti, che portano anche le firme di grandi letterati, da Dante a Leopardi e Manzoni. \u201cNon amo l\u2019Italia, ma gli italiani\u201d, \u00e8 la sintesi del pensiero di <strong>Cesare Pavese<\/strong>, uno dei maggiori intellettuali del nostro Novecento (nelle pagine de \u201cIl mestiere di vivere\u201d).<br \/>\nSiamo un paese difficile, complesso, denso di contrasti e contraddizioni. Assolutamente restio alle semplificazioni e ai giudizi apodittici (\u201cIn Italia la linea pi\u00f9 breve tra due punti \u00e8 l\u2019arabesco\u201d, ironizzava <strong>Ennio Flaiano<\/strong>). Eppure, nonostante tutto, siamo un paese vivo e vitale, spesso sorprendente.<br \/>\nE cos\u00ec non pu\u00f2 non fare effetto quel ruvido \u201cL\u2019Italia sta scomparendo\u201d sentenziato da <strong>Elon Musk<\/strong> sulla sua piattaforma X, con l\u2019immagine choc d\u2019una bandiera tricolore che brucia (La Stampa, 14 novembre, il quotidiano che gli ha dato maggiori risalto). Il pretesto della critica: la denatalit\u00e0. Ma quel giudizio, cos\u00ec drammaticamente illustrato, finisce per avere caratteri pi\u00f9 generali. E dunque, anche al di l\u00e0 delle intenzioni di Musk (ce l\u2019aveva con il governo dell\u2019un tempo amica Meloni? sta giocando una partita sul dominio delle telecomunicazioni? conferma la sua ossessione per i rischi di \u201csostituzione etnica\u201d?), l\u2019allarme va preso sul serio. E messo in evidenza sul tavolo del discorso pubblico anche in relazione con altri dati e giudizi emersi sui media negli stessi giorni.<br \/>\nL\u2019allarme della Bce sulla crescita, in un\u2019Europa a due velocit\u00e0, con le buone performances di Spagna e Olanda per l\u2019andamento del Pil nel terzo trimestre e la situazione piatta di Italia e Germania (la Repubblica, 14 novembre). E soprattutto l\u2019analisi del <strong>Rapporto Istat sul Bes<\/strong>, l\u2019indice del <strong>Benessere Equo e Sostenibile<\/strong>: \u201cL\u2019Italia \u00e8 longeva ma povera. Avanza lentamente in economia, arretra nei rapporti sociali. Bisogna sanare le crescenti disuguaglianze\u201d, sostiene <strong>Enrico Giovannini<\/strong>, ex ministro del Lavoro (governi Letta e Draghi) e statistico autorevole, autore, appunto, dell\u2019Indice Bes cos\u00ec apprezzato anche dall\u2019Onu (intervista su QN\/ Il Giorno, 14 novembre).<br \/>\nCome stiamo veramente, allora? Male, non c\u2019\u00e8 dubbio. A cominciare proprio dalla <strong>denatalit\u00e0<\/strong> e dalla condizione via via sempre peggiore d\u2019un paese che invecchia e non fa figli (ne abbiamo parlato nel blog del 28 ottobre): il tasso di fertilit\u00e0 \u00e8 di appena 1,18 figli per donna, il pi\u00f9 basso in Europa e tende a diminuire, tanto da fare parlare gli economisti pi\u00f9 attenti (<strong>Luca Paolazzi<\/strong>, per esempio) non di \u201ccrisi demografica\u201d (le crisi passano), n\u00e9 di \u201cinverno\u201d (come se fosse possibile una prossima primavera), ma di <strong>\u201cglaciazione demografica\u201d<\/strong>: uno stato che \u00e8 proprio difficile invertire.<br \/>\nGli ottimisti sulle sorti italiane (soprattutto negli ambienti di governo) citano i dati positivi sul boom dell\u2019occupazione. Giovannini, sempre su QN\/Il Giorno, nota che \u201cla definizione statistica di occupato individua una persona che ha lavorato in modo retribuito almeno un\u2019ora nella settimana di riferimento. In Italia abbiamo tanto part time involontario, soprattutto femminile, molto lavoro povero e 3 milioni di \u2018irregolari\u2019. Il dato ufficiale va dunque analizzato con attenzione e non corrisponde sempre a lavori di qualit\u00e0, ben retribuiti e corrispondenti alle aspettative\u201d.<br \/>\nLa crescita del numero dei giovani italiani che, spesso con una laurea in tasca, cercano altrove, in Europa e nel mondo, migliori condizioni di lavoro e di vita, conferma i limiti e le distorsioni del nostro mercato del lavoro.<br \/>\nEppure, nonostante tutto, l\u2019Italia sta in piedi. Esporta (resta tra i primi cinque paesi al mondo). E ha un settore industriale che continua a manifestare elementi positivi di sviluppo, innovazione, sostenibilit\u00e0.<br \/>\nEcco il punto cardine di ogni riflessione che non sia propagandistica, preconcetta, di parte. Sapere quali sono i nostri <strong>punti di forza<\/strong>. E fare leva su di loro per risalire la china. Esiste, infatti, un\u2019Italia fragile e che cede alla malinconia del declino. Ma la malinconia pu\u00f2 pur essere un\u2019elegante, ironica manifestazione d\u2019una condizione umana, personale. Di certo, non pu\u00f2 diventare una postura del Paese. Che invece ha l\u2019obbligo della storia e soprattutto del futuro.<br \/>\n\u201cCos\u00ec si pu\u00f2 tornare a crescere\u201d, scrive <strong>Angelo Panebianco<\/strong> (Corriere della Sera, 14 novembre), parlando di necessit\u00e0 di investimenti sulla formazione, l\u2019innovazione, il miglioramento culturale (anche della classe politica) e insistendo sulle riforme necessarie (a cominciare dalla pubblica amministrazione) per \u201csbloccare lo sviluppo\u201d e liberare le energie creative e l\u2019intraprendenza che, nonostante tutto, \u00e8 ancora diffusa in Italia.<br \/>\nUna conferma emerge nei tanti incontri in corso, proprio in questi giorni, per la <strong>\u201cSettimana della cultura d\u2019impresa\u201d<\/strong> (una settimana lunga: dal 14 al 28 di novembre), organizzata da <strong>Confindustria<\/strong> e <strong>Museimpresa<\/strong>, ispirata dal tema<strong> \u201cRaccontare l\u2019intraprendenza\u201d<\/strong> e impegnata a fare emergere in modo originale la condizione di \u201cimprese aperte e connesse\u201d. <strong>Imprese che investono<\/strong>, utilizzano sapientemente l\u2019<strong>Artificial Intelligence<\/strong>, fanno acquisizioni internazionali e comunque conquistano nuovi spazi nelle nicchie a maggior valore aggiunto sui mercati globali, sono <strong>testimoni di eccellenza<\/strong> del peso del <strong>made in Italy<\/strong>, in settori di alto livello, profittabilit\u00e0 e qualit\u00e0: <strong>meccatronica e meccanica, robotica, aerospazio, chimica, farmaceutica, cantieristica navale, gomma e plastica, automotive<\/strong>, oltre che nei tradizionali comparti di <strong>arredamento, abbigliamento e agroalimentare<\/strong>. \u00c8 questa la leva della crescita: puntare sull\u2019industria, con politiche industriali di respiro europeo (tutto il contrario dei limiti e dei freni di governo a Industria 5.0 e 4.0), investire su ricerca e formazione di alto livello, fare decrescere il peso della mano pubblica come attore di mercato e ridurre i gravami dell\u2019eccesso burocratico di regolazione.<br \/>\nLe imprese sono attori economici e culturali di primo piano, motore di crescita. Ma anche raro esempio di ascensore sociale, in un\u2019Italia intorpidita e restia al cambiamento. Occasione di realizzazione per le nuove generazioni. Lievito di miglioramento per i territori e le comunit\u00e0. Il loro rafforzamento \u00e8 un cardine per la ripresa del sistema Paese. E la loro migliore rappresentazione \u00e8 un buon racconto dell\u2019Italia. Tutt\u2019altro rispetto alla narrazione stanca sull\u2019Italietta.<\/p><p><em>(foto Getty Images)<\/em><\/p>\n","protected":false},"excerpt":{"rendered":"<p>Parlare male dell\u2019Italia. Vezzo e vizio diffuso, soprattutto tra gli italiani. L\u2019Italietta, si diceva ai primi del Novecento, con un vocabolo dispregiativo per indicare una mentalit\u00e0 grezza e provinciale comune alla piccola borghesia dello \u201cstrapaese\u201d. \u201cLa terra dei cachi\u201d, si cantava al Festival di Sanremo nel 1996 (Elio e le Storie Tese: \u201cAppalti truccati, trapianti [&hellip;]<\/p>\n","protected":false},"author":1,"featured_media":105757,"comment_status":"open","ping_status":"open","sticky":false,"template":"","format":"standard","meta":{"footnotes":""},"categories":[53,52],"tags":[],"class_list":["post-105736","post","type-post","status-publish","format-standard","has-post-thumbnail","hentry","category-blog","category-cultura-dimpresa"],"acf":[],"yoast_head":"<!-- This site is optimized with the Yoast SEO plugin v25.0 - https:\/\/yoast.com\/wordpress\/plugins\/seo\/ -->\n<title>L\u2019Italia delle imprese che investono e innovano \u00e8 tutt\u2019altro che la retorica stanca dell\u2019Italietta - Fondazione Pirelli<\/title>\n<meta name=\"robots\" content=\"index, follow, max-snippet:-1, max-image-preview:large, max-video-preview:-1\" \/>\n<link rel=\"canonical\" href=\"https:\/\/www.fondazionepirelli.org\/it\/cultura-dimpresa\/blog\/litalia-delle-imprese-che-investono-e-innovano-e-tuttaltro-che-la-retorica-stanca-dellitalietta\/\" \/>\n<meta property=\"og:locale\" content=\"it_IT\" \/>\n<meta property=\"og:type\" content=\"article\" \/>\n<meta property=\"og:title\" content=\"L\u2019Italia delle imprese che investono e innovano \u00e8 tutt\u2019altro che la retorica stanca dell\u2019Italietta - Fondazione Pirelli\" \/>\n<meta property=\"og:description\" content=\"Parlare male dell\u2019Italia. Vezzo e vizio diffuso, soprattutto tra gli italiani. L\u2019Italietta, si diceva ai primi del Novecento, con un vocabolo dispregiativo per indicare una mentalit\u00e0 grezza e provinciale comune alla piccola borghesia dello \u201cstrapaese\u201d. \u201cLa terra dei cachi\u201d, si cantava al Festival di Sanremo nel 1996 (Elio e le Storie Tese: \u201cAppalti truccati, trapianti [&hellip;]\" \/>\n<meta property=\"og:url\" content=\"https:\/\/www.fondazionepirelli.org\/it\/cultura-dimpresa\/blog\/litalia-delle-imprese-che-investono-e-innovano-e-tuttaltro-che-la-retorica-stanca-dellitalietta\/\" \/>\n<meta property=\"og:site_name\" content=\"Fondazione Pirelli\" \/>\n<meta property=\"article:published_time\" content=\"2025-11-18T11:08:51+00:00\" \/>\n<meta property=\"og:image\" content=\"https:\/\/wpsite-assets.fondazionepirelli.org\/wp-content\/uploads\/2025\/11\/18113325\/GettyImages-1210306877.jpg\" \/>\n\t<meta property=\"og:image:width\" content=\"2121\" \/>\n\t<meta property=\"og:image:height\" content=\"1414\" \/>\n\t<meta property=\"og:image:type\" content=\"image\/jpeg\" \/>\n<meta name=\"author\" content=\"fondadmin\" \/>\n<meta name=\"twitter:card\" content=\"summary_large_image\" \/>\n<meta name=\"twitter:label1\" content=\"Scritto da\" \/>\n\t<meta name=\"twitter:data1\" content=\"fondadmin\" \/>\n\t<meta name=\"twitter:label2\" content=\"Tempo di lettura stimato\" \/>\n\t<meta name=\"twitter:data2\" content=\"6 minuti\" \/>\n<script type=\"application\/ld+json\" class=\"yoast-schema-graph\">{\"@context\":\"https:\/\/schema.org\",\"@graph\":[{\"@type\":\"WebPage\",\"@id\":\"https:\/\/www.fondazionepirelli.org\/it\/cultura-dimpresa\/blog\/litalia-delle-imprese-che-investono-e-innovano-e-tuttaltro-che-la-retorica-stanca-dellitalietta\/\",\"url\":\"https:\/\/www.fondazionepirelli.org\/it\/cultura-dimpresa\/blog\/litalia-delle-imprese-che-investono-e-innovano-e-tuttaltro-che-la-retorica-stanca-dellitalietta\/\",\"name\":\"L\u2019Italia delle imprese che investono e innovano \u00e8 tutt\u2019altro che la retorica stanca dell\u2019Italietta - Fondazione Pirelli\",\"isPartOf\":{\"@id\":\"https:\/\/www.fondazionepirelli.org\/it\/#website\"},\"primaryImageOfPage\":{\"@id\":\"https:\/\/www.fondazionepirelli.org\/it\/cultura-dimpresa\/blog\/litalia-delle-imprese-che-investono-e-innovano-e-tuttaltro-che-la-retorica-stanca-dellitalietta\/#primaryimage\"},\"image\":{\"@id\":\"https:\/\/www.fondazionepirelli.org\/it\/cultura-dimpresa\/blog\/litalia-delle-imprese-che-investono-e-innovano-e-tuttaltro-che-la-retorica-stanca-dellitalietta\/#primaryimage\"},\"thumbnailUrl\":\"https:\/\/wpsite-assets.fondazionepirelli.org\/wp-content\/uploads\/2025\/11\/18113325\/GettyImages-1210306877.jpg\",\"datePublished\":\"2025-11-18T11:08:51+00:00\",\"author\":{\"@id\":\"https:\/\/www.fondazionepirelli.org\/it\/#\/schema\/person\/f47d097000832c4a6e54538c791fdf25\"},\"breadcrumb\":{\"@id\":\"https:\/\/www.fondazionepirelli.org\/it\/cultura-dimpresa\/blog\/litalia-delle-imprese-che-investono-e-innovano-e-tuttaltro-che-la-retorica-stanca-dellitalietta\/#breadcrumb\"},\"inLanguage\":\"it-IT\",\"potentialAction\":[{\"@type\":\"ReadAction\",\"target\":[\"https:\/\/www.fondazionepirelli.org\/it\/cultura-dimpresa\/blog\/litalia-delle-imprese-che-investono-e-innovano-e-tuttaltro-che-la-retorica-stanca-dellitalietta\/\"]}]},{\"@type\":\"ImageObject\",\"inLanguage\":\"it-IT\",\"@id\":\"https:\/\/www.fondazionepirelli.org\/it\/cultura-dimpresa\/blog\/litalia-delle-imprese-che-investono-e-innovano-e-tuttaltro-che-la-retorica-stanca-dellitalietta\/#primaryimage\",\"url\":\"https:\/\/wpsite-assets.fondazionepirelli.org\/wp-content\/uploads\/2025\/11\/18113325\/GettyImages-1210306877.jpg\",\"contentUrl\":\"https:\/\/wpsite-assets.fondazionepirelli.org\/wp-content\/uploads\/2025\/11\/18113325\/GettyImages-1210306877.jpg\",\"width\":2121,\"height\":1414,\"caption\":\"Mechanical industry machinery: inside of a modern multi-spindle CNC lathe machine\"},{\"@type\":\"BreadcrumbList\",\"@id\":\"https:\/\/www.fondazionepirelli.org\/it\/cultura-dimpresa\/blog\/litalia-delle-imprese-che-investono-e-innovano-e-tuttaltro-che-la-retorica-stanca-dellitalietta\/#breadcrumb\",\"itemListElement\":[{\"@type\":\"ListItem\",\"position\":1,\"name\":\"Home\",\"item\":\"https:\/\/www.fondazionepirelli.org\/it\/\"},{\"@type\":\"ListItem\",\"position\":2,\"name\":\"L\u2019Italia delle imprese che investono e innovano \u00e8 tutt\u2019altro che la retorica stanca dell\u2019Italietta\"}]},{\"@type\":\"WebSite\",\"@id\":\"https:\/\/www.fondazionepirelli.org\/it\/#website\",\"url\":\"https:\/\/www.fondazionepirelli.org\/it\/\",\"name\":\"Fondazione Pirelli\",\"description\":\"\",\"potentialAction\":[{\"@type\":\"SearchAction\",\"target\":{\"@type\":\"EntryPoint\",\"urlTemplate\":\"https:\/\/www.fondazionepirelli.org\/it\/?s={search_term_string}\"},\"query-input\":{\"@type\":\"PropertyValueSpecification\",\"valueRequired\":true,\"valueName\":\"search_term_string\"}}],\"inLanguage\":\"it-IT\"},{\"@type\":\"Person\",\"@id\":\"https:\/\/www.fondazionepirelli.org\/it\/#\/schema\/person\/f47d097000832c4a6e54538c791fdf25\",\"name\":\"fondadmin\",\"image\":{\"@type\":\"ImageObject\",\"inLanguage\":\"it-IT\",\"@id\":\"https:\/\/www.fondazionepirelli.org\/it\/#\/schema\/person\/image\/\",\"url\":\"https:\/\/secure.gravatar.com\/avatar\/e69498a9175ca244966e51e53c88712c024fcebe41f9a05f75657f1bb25e489b?s=96&d=mm&r=g\",\"contentUrl\":\"https:\/\/secure.gravatar.com\/avatar\/e69498a9175ca244966e51e53c88712c024fcebe41f9a05f75657f1bb25e489b?s=96&d=mm&r=g\",\"caption\":\"fondadmin\"},\"url\":\"https:\/\/www.fondazionepirelli.org\/it\/author\/fondadmin\/\"}]}<\/script>\n<!-- \/ Yoast SEO plugin. -->","yoast_head_json":{"title":"L\u2019Italia delle imprese che investono e innovano \u00e8 tutt\u2019altro che la retorica stanca dell\u2019Italietta - Fondazione Pirelli","robots":{"index":"index","follow":"follow","max-snippet":"max-snippet:-1","max-image-preview":"max-image-preview:large","max-video-preview":"max-video-preview:-1"},"canonical":"https:\/\/www.fondazionepirelli.org\/it\/cultura-dimpresa\/blog\/litalia-delle-imprese-che-investono-e-innovano-e-tuttaltro-che-la-retorica-stanca-dellitalietta\/","og_locale":"it_IT","og_type":"article","og_title":"L\u2019Italia delle imprese che investono e innovano \u00e8 tutt\u2019altro che la retorica stanca dell\u2019Italietta - Fondazione Pirelli","og_description":"Parlare male dell\u2019Italia. Vezzo e vizio diffuso, soprattutto tra gli italiani. L\u2019Italietta, si diceva ai primi del Novecento, con un vocabolo dispregiativo per indicare una mentalit\u00e0 grezza e provinciale comune alla piccola borghesia dello \u201cstrapaese\u201d. \u201cLa terra dei cachi\u201d, si cantava al Festival di Sanremo nel 1996 (Elio e le Storie Tese: \u201cAppalti truccati, trapianti [&hellip;]","og_url":"https:\/\/www.fondazionepirelli.org\/it\/cultura-dimpresa\/blog\/litalia-delle-imprese-che-investono-e-innovano-e-tuttaltro-che-la-retorica-stanca-dellitalietta\/","og_site_name":"Fondazione Pirelli","article_published_time":"2025-11-18T11:08:51+00:00","og_image":[{"width":2121,"height":1414,"url":"https:\/\/wpsite-assets.fondazionepirelli.org\/wp-content\/uploads\/2025\/11\/18113325\/GettyImages-1210306877.jpg","type":"image\/jpeg"}],"author":"fondadmin","twitter_card":"summary_large_image","twitter_misc":{"Scritto da":"fondadmin","Tempo di lettura stimato":"6 minuti"},"schema":{"@context":"https:\/\/schema.org","@graph":[{"@type":"WebPage","@id":"https:\/\/www.fondazionepirelli.org\/it\/cultura-dimpresa\/blog\/litalia-delle-imprese-che-investono-e-innovano-e-tuttaltro-che-la-retorica-stanca-dellitalietta\/","url":"https:\/\/www.fondazionepirelli.org\/it\/cultura-dimpresa\/blog\/litalia-delle-imprese-che-investono-e-innovano-e-tuttaltro-che-la-retorica-stanca-dellitalietta\/","name":"L\u2019Italia delle imprese che investono e innovano \u00e8 tutt\u2019altro che la retorica stanca dell\u2019Italietta - Fondazione Pirelli","isPartOf":{"@id":"https:\/\/www.fondazionepirelli.org\/it\/#website"},"primaryImageOfPage":{"@id":"https:\/\/www.fondazionepirelli.org\/it\/cultura-dimpresa\/blog\/litalia-delle-imprese-che-investono-e-innovano-e-tuttaltro-che-la-retorica-stanca-dellitalietta\/#primaryimage"},"image":{"@id":"https:\/\/www.fondazionepirelli.org\/it\/cultura-dimpresa\/blog\/litalia-delle-imprese-che-investono-e-innovano-e-tuttaltro-che-la-retorica-stanca-dellitalietta\/#primaryimage"},"thumbnailUrl":"https:\/\/wpsite-assets.fondazionepirelli.org\/wp-content\/uploads\/2025\/11\/18113325\/GettyImages-1210306877.jpg","datePublished":"2025-11-18T11:08:51+00:00","author":{"@id":"https:\/\/www.fondazionepirelli.org\/it\/#\/schema\/person\/f47d097000832c4a6e54538c791fdf25"},"breadcrumb":{"@id":"https:\/\/www.fondazionepirelli.org\/it\/cultura-dimpresa\/blog\/litalia-delle-imprese-che-investono-e-innovano-e-tuttaltro-che-la-retorica-stanca-dellitalietta\/#breadcrumb"},"inLanguage":"it-IT","potentialAction":[{"@type":"ReadAction","target":["https:\/\/www.fondazionepirelli.org\/it\/cultura-dimpresa\/blog\/litalia-delle-imprese-che-investono-e-innovano-e-tuttaltro-che-la-retorica-stanca-dellitalietta\/"]}]},{"@type":"ImageObject","inLanguage":"it-IT","@id":"https:\/\/www.fondazionepirelli.org\/it\/cultura-dimpresa\/blog\/litalia-delle-imprese-che-investono-e-innovano-e-tuttaltro-che-la-retorica-stanca-dellitalietta\/#primaryimage","url":"https:\/\/wpsite-assets.fondazionepirelli.org\/wp-content\/uploads\/2025\/11\/18113325\/GettyImages-1210306877.jpg","contentUrl":"https:\/\/wpsite-assets.fondazionepirelli.org\/wp-content\/uploads\/2025\/11\/18113325\/GettyImages-1210306877.jpg","width":2121,"height":1414,"caption":"Mechanical industry machinery: inside of a modern multi-spindle CNC lathe machine"},{"@type":"BreadcrumbList","@id":"https:\/\/www.fondazionepirelli.org\/it\/cultura-dimpresa\/blog\/litalia-delle-imprese-che-investono-e-innovano-e-tuttaltro-che-la-retorica-stanca-dellitalietta\/#breadcrumb","itemListElement":[{"@type":"ListItem","position":1,"name":"Home","item":"https:\/\/www.fondazionepirelli.org\/it\/"},{"@type":"ListItem","position":2,"name":"L\u2019Italia delle imprese che investono e innovano \u00e8 tutt\u2019altro che la retorica stanca dell\u2019Italietta"}]},{"@type":"WebSite","@id":"https:\/\/www.fondazionepirelli.org\/it\/#website","url":"https:\/\/www.fondazionepirelli.org\/it\/","name":"Fondazione Pirelli","description":"","potentialAction":[{"@type":"SearchAction","target":{"@type":"EntryPoint","urlTemplate":"https:\/\/www.fondazionepirelli.org\/it\/?s={search_term_string}"},"query-input":{"@type":"PropertyValueSpecification","valueRequired":true,"valueName":"search_term_string"}}],"inLanguage":"it-IT"},{"@type":"Person","@id":"https:\/\/www.fondazionepirelli.org\/it\/#\/schema\/person\/f47d097000832c4a6e54538c791fdf25","name":"fondadmin","image":{"@type":"ImageObject","inLanguage":"it-IT","@id":"https:\/\/www.fondazionepirelli.org\/it\/#\/schema\/person\/image\/","url":"https:\/\/secure.gravatar.com\/avatar\/e69498a9175ca244966e51e53c88712c024fcebe41f9a05f75657f1bb25e489b?s=96&d=mm&r=g","contentUrl":"https:\/\/secure.gravatar.com\/avatar\/e69498a9175ca244966e51e53c88712c024fcebe41f9a05f75657f1bb25e489b?s=96&d=mm&r=g","caption":"fondadmin"},"url":"https:\/\/www.fondazionepirelli.org\/it\/author\/fondadmin\/"}]}},"_links":{"self":[{"href":"https:\/\/www.fondazionepirelli.org\/it\/wp-json\/wp\/v2\/posts\/105736\/"}],"collection":[{"href":"https:\/\/www.fondazionepirelli.org\/it\/wp-json\/wp\/v2\/posts\/"}],"about":[{"href":"https:\/\/www.fondazionepirelli.org\/it\/wp-json\/wp\/v2\/types\/post\/"}],"author":[{"embeddable":true,"href":"https:\/\/www.fondazionepirelli.org\/it\/wp-json\/wp\/v2\/users\/1\/"}],"replies":[{"embeddable":true,"href":"https:\/\/www.fondazionepirelli.org\/it\/wp-json\/wp\/v2\/comments\/?post=105736"}],"version-history":[{"count":2,"href":"https:\/\/www.fondazionepirelli.org\/it\/wp-json\/wp\/v2\/posts\/105736\/revisions\/"}],"predecessor-version":[{"id":105759,"href":"https:\/\/www.fondazionepirelli.org\/it\/wp-json\/wp\/v2\/posts\/105736\/revisions\/105759\/"}],"wp:featuredmedia":[{"embeddable":true,"href":"https:\/\/www.fondazionepirelli.org\/it\/wp-json\/wp\/v2\/media\/105757\/"}],"wp:attachment":[{"href":"https:\/\/www.fondazionepirelli.org\/it\/wp-json\/wp\/v2\/media\/?parent=105736"}],"wp:term":[{"taxonomy":"category","embeddable":true,"href":"https:\/\/www.fondazionepirelli.org\/it\/wp-json\/wp\/v2\/categories\/?post=105736"},{"taxonomy":"post_tag","embeddable":true,"href":"https:\/\/www.fondazionepirelli.org\/it\/wp-json\/wp\/v2\/tags\/?post=105736"}],"curies":[{"name":"wp","href":"https:\/\/api.w.org\/{rel}","templated":true}]}}