{"id":105761,"date":"2025-11-18T12:08:27","date_gmt":"2025-11-18T11:08:27","guid":{"rendered":"https:\/\/www.fondazionepirelli.org\/?p=105761"},"modified":"2026-04-01T14:42:58","modified_gmt":"2026-04-01T13:42:58","slug":"guardare-al-futuro-partendo-dalle-persone","status":"publish","type":"post","link":"https:\/\/www.fondazionepirelli.org\/it\/cultura-dimpresa\/recensioni-libri\/guardare-al-futuro-partendo-dalle-persone\/","title":{"rendered":"Guardare al futuro partendo dalle persone"},"content":{"rendered":"<p><em>Le prospettive per societ\u00e0 e imprese italiane delineate un libro denso e importante<\/em><\/p>\n<p>Cambiare passo. Necessit\u00e0 comune ai sistemi sociali ed economici, cos\u00ec come alle imprese, quando lo richiedono le circostanze. E per fare davvero un \u201csalto di qualit\u00e0\u201d, in alto, nelle prospettive di sviluppo. \u00c8 la situazione in cui si trova l\u2019Italia e che \u00e8 oggetto de \u201cIl futuro non aspetta. Cambiare per (far) crescere\u201d bel libro scritto da Stefano Caselli (professore ordinario di Finanza presso l\u2019Universit\u00e0 Bocconi) che ha provato a raccogliere una serie di riflessioni sulle trasformazioni che si stanno attraversando.<br \/>\nCaselli parte da una considerazione: l\u2019Italia si trova di fronte a una scelta decisiva. Il Paese pu\u00f2, infatti, continuare a essere un Paese \u201cda numeratore\u201d, concentrato cio\u00e8 sulla componente del debito nel rapporto debito\/PIL, oppure diventare finalmente un Paese \u201cda denominatore\u201d, puntando a far crescere il PIL attraverso investimenti coraggiosi e una visione di lungo termine.<br \/>\nNel libro viene quindi delineato un percorso positivo che passa attraverso il capitale di rischio, la crescita dimensionale delle imprese e la valorizzazione del patrimonio di risparmi. Con alcuni elementi che non possono mancare. Come l\u2019Europa e il ruolo che pu\u00f2 giocare in un mondo sempre pi\u00f9 polarizzato, dove la dimensione diventa cruciale per competere con le grandi piattaforme globali. Per Caselli, tuttavia, la chiave del futuro rimane il capitale umano: dalla scuola all\u2019universit\u00e0, dalle startup alle grandi imprese, sono le persone e i loro talenti a determinare il destino di un paese. Un \u201ccapitale\u201d, quello umano, che, scrive l\u2019autore, non deve essere considerato come una risorsa scontata ma, anzi, deve essere curato e fatto crescere con grande attenzione.<br \/>\nIl libro di Stefano Caselli \u00e8 una lettura da compiere con scrupolo, soprattutto perch\u00e9 invita chi legge a non subire il futuro ma a costruirlo. Viene scritto nelle conclusioni: \u201cAdesso la sfida \u00e8 sedersi al tavolo e progettare il futuro\u201d. E poi ancora: \u201cLa domanda inevitabile \u00e8: ce la faremo? Proviamo a scrivere un finale sorprendente e diverso?\u201d. Alcune possibili risposte a questi interrogativi le indica proprio Stefano Caselli.<\/p><p><strong>Il Futuro non aspetta. Cambiare per (far) crescere<\/strong><br \/>\nStefano Caselli<br \/>\nEGEA, 2025<\/p>\n","protected":false},"excerpt":{"rendered":"<p>Le prospettive per societ\u00e0 e imprese italiane delineate un libro denso e importante Cambiare passo. Necessit\u00e0 comune ai sistemi sociali ed economici, cos\u00ec come alle imprese, quando lo richiedono le circostanze. E per fare davvero un \u201csalto di qualit\u00e0\u201d, in alto, nelle prospettive di sviluppo. \u00c8 la situazione in cui si trova l\u2019Italia e che [&hellip;]<\/p>\n","protected":false},"author":1,"featured_media":105763,"comment_status":"open","ping_status":"open","sticky":false,"template":"","format":"standard","meta":{"footnotes":""},"categories":[52,58],"tags":[],"class_list":["post-105761","post","type-post","status-publish","format-standard","has-post-thumbnail","hentry","category-cultura-dimpresa","category-recensioni-libri"],"acf":[],"yoast_head":"<!-- This site is optimized with the Yoast SEO plugin v25.0 - https:\/\/yoast.com\/wordpress\/plugins\/seo\/ -->\n<title>Guardare al futuro partendo dalle persone - Fondazione Pirelli<\/title>\n<meta name=\"robots\" content=\"index, follow, max-snippet:-1, max-image-preview:large, max-video-preview:-1\" \/>\n<link rel=\"canonical\" href=\"https:\/\/www.fondazionepirelli.org\/it\/cultura-dimpresa\/recensioni-libri\/guardare-al-futuro-partendo-dalle-persone\/\" \/>\n<meta property=\"og:locale\" content=\"it_IT\" \/>\n<meta property=\"og:type\" content=\"article\" \/>\n<meta property=\"og:title\" content=\"Guardare al futuro partendo dalle persone - Fondazione Pirelli\" \/>\n<meta property=\"og:description\" content=\"Le prospettive per societ\u00e0 e imprese italiane delineate un libro denso e importante Cambiare passo. Necessit\u00e0 comune ai sistemi sociali ed economici, cos\u00ec come alle imprese, quando lo richiedono le circostanze. E per fare davvero un \u201csalto di qualit\u00e0\u201d, in alto, nelle prospettive di sviluppo. \u00c8 la situazione in cui si trova l\u2019Italia e che [&hellip;]\" \/>\n<meta property=\"og:url\" content=\"https:\/\/www.fondazionepirelli.org\/it\/cultura-dimpresa\/recensioni-libri\/guardare-al-futuro-partendo-dalle-persone\/\" \/>\n<meta property=\"og:site_name\" content=\"Fondazione Pirelli\" \/>\n<meta property=\"article:published_time\" content=\"2025-11-18T11:08:27+00:00\" \/>\n<meta property=\"article:modified_time\" content=\"2026-04-01T13:42:58+00:00\" \/>\n<meta property=\"og:image\" content=\"https:\/\/wpsite-assets.fondazionepirelli.org\/wp-content\/uploads\/2025\/11\/18120807\/Il-futuro-non-aspetta.jpg\" \/>\n\t<meta property=\"og:image:width\" content=\"558\" \/>\n\t<meta property=\"og:image:height\" content=\"912\" \/>\n\t<meta property=\"og:image:type\" content=\"image\/jpeg\" \/>\n<meta name=\"author\" content=\"fondadmin\" \/>\n<meta name=\"twitter:card\" content=\"summary_large_image\" \/>\n<meta name=\"twitter:label1\" content=\"Scritto da\" \/>\n\t<meta name=\"twitter:data1\" content=\"fondadmin\" \/>\n\t<meta name=\"twitter:label2\" content=\"Tempo di lettura stimato\" \/>\n\t<meta name=\"twitter:data2\" content=\"3 minuti\" \/>\n<script type=\"application\/ld+json\" class=\"yoast-schema-graph\">{\"@context\":\"https:\/\/schema.org\",\"@graph\":[{\"@type\":\"WebPage\",\"@id\":\"https:\/\/www.fondazionepirelli.org\/it\/cultura-dimpresa\/recensioni-libri\/guardare-al-futuro-partendo-dalle-persone\/\",\"url\":\"https:\/\/www.fondazionepirelli.org\/it\/cultura-dimpresa\/recensioni-libri\/guardare-al-futuro-partendo-dalle-persone\/\",\"name\":\"Guardare al futuro partendo dalle persone - Fondazione Pirelli\",\"isPartOf\":{\"@id\":\"https:\/\/www.fondazionepirelli.org\/it\/#website\"},\"primaryImageOfPage\":{\"@id\":\"https:\/\/www.fondazionepirelli.org\/it\/cultura-dimpresa\/recensioni-libri\/guardare-al-futuro-partendo-dalle-persone\/#primaryimage\"},\"image\":{\"@id\":\"https:\/\/www.fondazionepirelli.org\/it\/cultura-dimpresa\/recensioni-libri\/guardare-al-futuro-partendo-dalle-persone\/#primaryimage\"},\"thumbnailUrl\":\"https:\/\/wpsite-assets.fondazionepirelli.org\/wp-content\/uploads\/2025\/11\/18120807\/Il-futuro-non-aspetta.jpg\",\"datePublished\":\"2025-11-18T11:08:27+00:00\",\"dateModified\":\"2026-04-01T13:42:58+00:00\",\"author\":{\"@id\":\"https:\/\/www.fondazionepirelli.org\/it\/#\/schema\/person\/f47d097000832c4a6e54538c791fdf25\"},\"breadcrumb\":{\"@id\":\"https:\/\/www.fondazionepirelli.org\/it\/cultura-dimpresa\/recensioni-libri\/guardare-al-futuro-partendo-dalle-persone\/#breadcrumb\"},\"inLanguage\":\"it-IT\",\"potentialAction\":[{\"@type\":\"ReadAction\",\"target\":[\"https:\/\/www.fondazionepirelli.org\/it\/cultura-dimpresa\/recensioni-libri\/guardare-al-futuro-partendo-dalle-persone\/\"]}]},{\"@type\":\"ImageObject\",\"inLanguage\":\"it-IT\",\"@id\":\"https:\/\/www.fondazionepirelli.org\/it\/cultura-dimpresa\/recensioni-libri\/guardare-al-futuro-partendo-dalle-persone\/#primaryimage\",\"url\":\"https:\/\/wpsite-assets.fondazionepirelli.org\/wp-content\/uploads\/2025\/11\/18120807\/Il-futuro-non-aspetta.jpg\",\"contentUrl\":\"https:\/\/wpsite-assets.fondazionepirelli.org\/wp-content\/uploads\/2025\/11\/18120807\/Il-futuro-non-aspetta.jpg\",\"width\":558,\"height\":912},{\"@type\":\"BreadcrumbList\",\"@id\":\"https:\/\/www.fondazionepirelli.org\/it\/cultura-dimpresa\/recensioni-libri\/guardare-al-futuro-partendo-dalle-persone\/#breadcrumb\",\"itemListElement\":[{\"@type\":\"ListItem\",\"position\":1,\"name\":\"Home\",\"item\":\"https:\/\/www.fondazionepirelli.org\/it\/\"},{\"@type\":\"ListItem\",\"position\":2,\"name\":\"Guardare al futuro partendo dalle persone\"}]},{\"@type\":\"WebSite\",\"@id\":\"https:\/\/www.fondazionepirelli.org\/it\/#website\",\"url\":\"https:\/\/www.fondazionepirelli.org\/it\/\",\"name\":\"Fondazione Pirelli\",\"description\":\"\",\"potentialAction\":[{\"@type\":\"SearchAction\",\"target\":{\"@type\":\"EntryPoint\",\"urlTemplate\":\"https:\/\/www.fondazionepirelli.org\/it\/?s={search_term_string}\"},\"query-input\":{\"@type\":\"PropertyValueSpecification\",\"valueRequired\":true,\"valueName\":\"search_term_string\"}}],\"inLanguage\":\"it-IT\"},{\"@type\":\"Person\",\"@id\":\"https:\/\/www.fondazionepirelli.org\/it\/#\/schema\/person\/f47d097000832c4a6e54538c791fdf25\",\"name\":\"fondadmin\",\"image\":{\"@type\":\"ImageObject\",\"inLanguage\":\"it-IT\",\"@id\":\"https:\/\/www.fondazionepirelli.org\/it\/#\/schema\/person\/image\/\",\"url\":\"https:\/\/secure.gravatar.com\/avatar\/e69498a9175ca244966e51e53c88712c024fcebe41f9a05f75657f1bb25e489b?s=96&d=mm&r=g\",\"contentUrl\":\"https:\/\/secure.gravatar.com\/avatar\/e69498a9175ca244966e51e53c88712c024fcebe41f9a05f75657f1bb25e489b?s=96&d=mm&r=g\",\"caption\":\"fondadmin\"},\"url\":\"https:\/\/www.fondazionepirelli.org\/it\/author\/fondadmin\/\"}]}<\/script>\n<!-- \/ Yoast SEO plugin. -->","yoast_head_json":{"title":"Guardare al futuro partendo dalle persone - Fondazione Pirelli","robots":{"index":"index","follow":"follow","max-snippet":"max-snippet:-1","max-image-preview":"max-image-preview:large","max-video-preview":"max-video-preview:-1"},"canonical":"https:\/\/www.fondazionepirelli.org\/it\/cultura-dimpresa\/recensioni-libri\/guardare-al-futuro-partendo-dalle-persone\/","og_locale":"it_IT","og_type":"article","og_title":"Guardare al futuro partendo dalle persone - Fondazione Pirelli","og_description":"Le prospettive per societ\u00e0 e imprese italiane delineate un libro denso e importante Cambiare passo. Necessit\u00e0 comune ai sistemi sociali ed economici, cos\u00ec come alle imprese, quando lo richiedono le circostanze. E per fare davvero un \u201csalto di qualit\u00e0\u201d, in alto, nelle prospettive di sviluppo. \u00c8 la situazione in cui si trova l\u2019Italia e che [&hellip;]","og_url":"https:\/\/www.fondazionepirelli.org\/it\/cultura-dimpresa\/recensioni-libri\/guardare-al-futuro-partendo-dalle-persone\/","og_site_name":"Fondazione Pirelli","article_published_time":"2025-11-18T11:08:27+00:00","article_modified_time":"2026-04-01T13:42:58+00:00","og_image":[{"width":558,"height":912,"url":"https:\/\/wpsite-assets.fondazionepirelli.org\/wp-content\/uploads\/2025\/11\/18120807\/Il-futuro-non-aspetta.jpg","type":"image\/jpeg"}],"author":"fondadmin","twitter_card":"summary_large_image","twitter_misc":{"Scritto da":"fondadmin","Tempo di lettura stimato":"3 minuti"},"schema":{"@context":"https:\/\/schema.org","@graph":[{"@type":"WebPage","@id":"https:\/\/www.fondazionepirelli.org\/it\/cultura-dimpresa\/recensioni-libri\/guardare-al-futuro-partendo-dalle-persone\/","url":"https:\/\/www.fondazionepirelli.org\/it\/cultura-dimpresa\/recensioni-libri\/guardare-al-futuro-partendo-dalle-persone\/","name":"Guardare al futuro partendo dalle persone - Fondazione Pirelli","isPartOf":{"@id":"https:\/\/www.fondazionepirelli.org\/it\/#website"},"primaryImageOfPage":{"@id":"https:\/\/www.fondazionepirelli.org\/it\/cultura-dimpresa\/recensioni-libri\/guardare-al-futuro-partendo-dalle-persone\/#primaryimage"},"image":{"@id":"https:\/\/www.fondazionepirelli.org\/it\/cultura-dimpresa\/recensioni-libri\/guardare-al-futuro-partendo-dalle-persone\/#primaryimage"},"thumbnailUrl":"https:\/\/wpsite-assets.fondazionepirelli.org\/wp-content\/uploads\/2025\/11\/18120807\/Il-futuro-non-aspetta.jpg","datePublished":"2025-11-18T11:08:27+00:00","dateModified":"2026-04-01T13:42:58+00:00","author":{"@id":"https:\/\/www.fondazionepirelli.org\/it\/#\/schema\/person\/f47d097000832c4a6e54538c791fdf25"},"breadcrumb":{"@id":"https:\/\/www.fondazionepirelli.org\/it\/cultura-dimpresa\/recensioni-libri\/guardare-al-futuro-partendo-dalle-persone\/#breadcrumb"},"inLanguage":"it-IT","potentialAction":[{"@type":"ReadAction","target":["https:\/\/www.fondazionepirelli.org\/it\/cultura-dimpresa\/recensioni-libri\/guardare-al-futuro-partendo-dalle-persone\/"]}]},{"@type":"ImageObject","inLanguage":"it-IT","@id":"https:\/\/www.fondazionepirelli.org\/it\/cultura-dimpresa\/recensioni-libri\/guardare-al-futuro-partendo-dalle-persone\/#primaryimage","url":"https:\/\/wpsite-assets.fondazionepirelli.org\/wp-content\/uploads\/2025\/11\/18120807\/Il-futuro-non-aspetta.jpg","contentUrl":"https:\/\/wpsite-assets.fondazionepirelli.org\/wp-content\/uploads\/2025\/11\/18120807\/Il-futuro-non-aspetta.jpg","width":558,"height":912},{"@type":"BreadcrumbList","@id":"https:\/\/www.fondazionepirelli.org\/it\/cultura-dimpresa\/recensioni-libri\/guardare-al-futuro-partendo-dalle-persone\/#breadcrumb","itemListElement":[{"@type":"ListItem","position":1,"name":"Home","item":"https:\/\/www.fondazionepirelli.org\/it\/"},{"@type":"ListItem","position":2,"name":"Guardare al futuro partendo dalle persone"}]},{"@type":"WebSite","@id":"https:\/\/www.fondazionepirelli.org\/it\/#website","url":"https:\/\/www.fondazionepirelli.org\/it\/","name":"Fondazione Pirelli","description":"","potentialAction":[{"@type":"SearchAction","target":{"@type":"EntryPoint","urlTemplate":"https:\/\/www.fondazionepirelli.org\/it\/?s={search_term_string}"},"query-input":{"@type":"PropertyValueSpecification","valueRequired":true,"valueName":"search_term_string"}}],"inLanguage":"it-IT"},{"@type":"Person","@id":"https:\/\/www.fondazionepirelli.org\/it\/#\/schema\/person\/f47d097000832c4a6e54538c791fdf25","name":"fondadmin","image":{"@type":"ImageObject","inLanguage":"it-IT","@id":"https:\/\/www.fondazionepirelli.org\/it\/#\/schema\/person\/image\/","url":"https:\/\/secure.gravatar.com\/avatar\/e69498a9175ca244966e51e53c88712c024fcebe41f9a05f75657f1bb25e489b?s=96&d=mm&r=g","contentUrl":"https:\/\/secure.gravatar.com\/avatar\/e69498a9175ca244966e51e53c88712c024fcebe41f9a05f75657f1bb25e489b?s=96&d=mm&r=g","caption":"fondadmin"},"url":"https:\/\/www.fondazionepirelli.org\/it\/author\/fondadmin\/"}]}},"_links":{"self":[{"href":"https:\/\/www.fondazionepirelli.org\/it\/wp-json\/wp\/v2\/posts\/105761\/"}],"collection":[{"href":"https:\/\/www.fondazionepirelli.org\/it\/wp-json\/wp\/v2\/posts\/"}],"about":[{"href":"https:\/\/www.fondazionepirelli.org\/it\/wp-json\/wp\/v2\/types\/post\/"}],"author":[{"embeddable":true,"href":"https:\/\/www.fondazionepirelli.org\/it\/wp-json\/wp\/v2\/users\/1\/"}],"replies":[{"embeddable":true,"href":"https:\/\/www.fondazionepirelli.org\/it\/wp-json\/wp\/v2\/comments\/?post=105761"}],"version-history":[{"count":1,"href":"https:\/\/www.fondazionepirelli.org\/it\/wp-json\/wp\/v2\/posts\/105761\/revisions\/"}],"predecessor-version":[{"id":105762,"href":"https:\/\/www.fondazionepirelli.org\/it\/wp-json\/wp\/v2\/posts\/105761\/revisions\/105762\/"}],"wp:featuredmedia":[{"embeddable":true,"href":"https:\/\/www.fondazionepirelli.org\/it\/wp-json\/wp\/v2\/media\/105763\/"}],"wp:attachment":[{"href":"https:\/\/www.fondazionepirelli.org\/it\/wp-json\/wp\/v2\/media\/?parent=105761"}],"wp:term":[{"taxonomy":"category","embeddable":true,"href":"https:\/\/www.fondazionepirelli.org\/it\/wp-json\/wp\/v2\/categories\/?post=105761"},{"taxonomy":"post_tag","embeddable":true,"href":"https:\/\/www.fondazionepirelli.org\/it\/wp-json\/wp\/v2\/tags\/?post=105761"}],"curies":[{"name":"wp","href":"https:\/\/api.w.org\/{rel}","templated":true}]}}