{"id":105804,"date":"2025-11-24T11:20:39","date_gmt":"2025-11-24T10:20:39","guid":{"rendered":"https:\/\/www.fondazionepirelli.org\/?p=105804"},"modified":"2025-11-24T11:36:21","modified_gmt":"2025-11-24T10:36:21","slug":"sulla-luna-e-oltre-verso-il-futuro","status":"publish","type":"post","link":"https:\/\/www.fondazionepirelli.org\/it\/iniziative\/sulla-luna-e-oltre-verso-il-futuro\/","title":{"rendered":"Sulla Luna e oltre, verso il futuro"},"content":{"rendered":"<p>Negli anni <strong>Ottanta<\/strong> le fasi di progettazione si avvalgono in <strong>Pirelli<\/strong> di nuovi strumenti, grazie allo <strong>sviluppo delle tecnologie<\/strong> in ambito informatico. Il decennio successivo vede concretizzarsi un\u2019importante collaborazione in ambito accademico attraverso la costituzione del <strong>CoreCom<\/strong> (Consorzio ricerche elaborazione commutazione ottica Milano) con il<strong> Politecnico di Milano<\/strong>. Il Consorzio diventa presto un punto di riferimento a livello europeo per tutte le tematiche di ricerca connesse con le comunicazioni ottiche, svolgendo attivit\u00e0 pionieristiche anche nel campo delle reti e delle fibre ottiche speciali. L\u2019innovazione, tuttavia, non riguarda soltanto i prodotti e i materiali. \u00c8 il 1999 quando viene presentato in Bicocca il sistema di produzione automatizzata pneumatici <strong>MIRSTM<\/strong> (Modular Integrated Robotized System). Protetto da ventidue <strong>brevetti<\/strong>, consente di realizzare pneumatici di gamma alta e altissima in piccole quantit\u00e0, con tempi di sviluppo molto rapidi, rendendo possibile una logistica e un servizio ai clienti del tutto innovativo. Un cambio di passo radicale rispetto ai processi produttivi tradizionali. Nel <strong>2001<\/strong>, dall\u2019intesa tra\u00a0Pirelli\u00a0e l\u2019Universit\u00e0 di Milano-Bicocca, nasce il <strong>CORIMAV<\/strong> (Consorzio per le Ricerche sui Materiali Avanzati), con l\u2019obiettivo di sviluppare tecnologie all\u2019avanguardia nel campo dei materiali, supportare attivit\u00e0 di ricerca, promuovere la formazione di giovani.<\/p>\n<p>Le attivit\u00e0 di formazione, ricerca e sviluppo costituiscono tutt\u2019oggi per Pirelli un asset strategico: sono oltre 2.000 le risorse impegnate nel settore R&amp;D tra la sede di Milano ed i suoi <strong>12 centri tecnologici<\/strong> dislocati nel mondo, e proseguono le collaborazioni del Gruppo con fornitori, universit\u00e0 e gli stessi produttori di veicoli, al fine di anticipare le innovazioni tecnologiche del settore. L\u2019obiettivo a lungo termine della Pirelli \u00e8 sostituire il 100% delle materie prime di origine fossile e minerale con<strong> componenti bio-based, rinnovabili e riciclati<\/strong>; inoltre, l\u201980% dei pneumatici per il mercato del ricambio viene sviluppato tramite modelli virtuali e simulazioni, riducendo tempi e costi di progettazione e produzione. La trasformazione verso un\u2019industria sempre pi\u00f9 sostenibile richiede tempo, ma la direzione \u00e8 chiara: ci\u00f2 che oggi \u00e8 ricerca, domani sar\u00e0 realt\u00e0.<\/p>\n<p>Questa costante tensione all\u2019indagare, allo stare \u201cdentro le cose\u201d \u00e8 il significato profondo del grande mosaico <strong><em>La ricerca scientifica<\/em><\/strong>, realizzato nel <strong>1961<\/strong> su disegno di <strong>Renato Guttuso<\/strong> e oggi conservato, non a caso, nella sala studio della Fondazione Pirelli.\u00a0Gli scienziati immaginati dal pittore sono impegnati, tra microscopi e calcolatori, a osservare la Luna. Un obiettivo poi raggiunto, oltre il quale guardare per raggiungere quello che c\u2019\u00e8 dopo e ancora non si vede, ma che lo studio, la ricerca, l\u2019intelligenza degli uomini e delle macchine, possono sempre svelare.<\/p><p><a href=\"https:\/\/www.fondazionepirelli.org\/it\/mostra\/lo-straordinario-viaggio-della-ricerca\/\">Vai alla pagina principale<\/a><\/p>","protected":false},"excerpt":{"rendered":"<p>Negli anni Ottanta le fasi di progettazione si avvalgono in Pirelli di nuovi strumenti, grazie allo sviluppo delle tecnologie in ambito informatico. Il decennio successivo vede concretizzarsi un\u2019importante collaborazione in ambito accademico attraverso la costituzione del CoreCom (Consorzio ricerche elaborazione commutazione ottica Milano) con il Politecnico di Milano. Il Consorzio diventa presto un punto di [&hellip;]<\/p>\n","protected":false},"author":1,"featured_media":105872,"comment_status":"open","ping_status":"open","sticky":false,"template":"","format":"standard","meta":{"footnotes":""},"categories":[60,77],"tags":[],"class_list":["post-105804","post","type-post","status-publish","format-standard","has-post-thumbnail","hentry","category-iniziative","category-le-mostre"],"acf":[],"yoast_head":"<!-- This site is optimized with the Yoast SEO plugin v25.0 - https:\/\/yoast.com\/wordpress\/plugins\/seo\/ -->\n<title>Sulla Luna e oltre, verso il futuro - Fondazione Pirelli<\/title>\n<meta name=\"robots\" content=\"index, follow, max-snippet:-1, max-image-preview:large, max-video-preview:-1\" \/>\n<link rel=\"canonical\" href=\"https:\/\/www.fondazionepirelli.org\/it\/iniziative\/sulla-luna-e-oltre-verso-il-futuro\/\" \/>\n<meta property=\"og:locale\" content=\"it_IT\" \/>\n<meta property=\"og:type\" content=\"article\" \/>\n<meta property=\"og:title\" content=\"Sulla Luna e oltre, verso il futuro - Fondazione Pirelli\" \/>\n<meta property=\"og:description\" content=\"Negli anni Ottanta le fasi di progettazione si avvalgono in Pirelli di nuovi strumenti, grazie allo sviluppo delle tecnologie in ambito informatico. Il decennio successivo vede concretizzarsi un\u2019importante collaborazione in ambito accademico attraverso la costituzione del CoreCom (Consorzio ricerche elaborazione commutazione ottica Milano) con il Politecnico di Milano. Il Consorzio diventa presto un punto di [&hellip;]\" \/>\n<meta property=\"og:url\" content=\"https:\/\/www.fondazionepirelli.org\/it\/iniziative\/sulla-luna-e-oltre-verso-il-futuro\/\" \/>\n<meta property=\"og:site_name\" content=\"Fondazione Pirelli\" \/>\n<meta property=\"article:published_time\" content=\"2025-11-24T10:20:39+00:00\" \/>\n<meta property=\"article:modified_time\" content=\"2025-11-24T10:36:21+00:00\" \/>\n<meta property=\"og:image\" content=\"https:\/\/wpsite-assets.fondazionepirelli.org\/wp-content\/uploads\/2025\/11\/24095236\/2021_PIR_RD_MICRO_8490-1.jpg\" \/>\n\t<meta property=\"og:image:width\" content=\"1200\" \/>\n\t<meta property=\"og:image:height\" content=\"800\" \/>\n\t<meta property=\"og:image:type\" content=\"image\/jpeg\" \/>\n<meta name=\"author\" content=\"fondadmin\" \/>\n<meta name=\"twitter:card\" content=\"summary_large_image\" \/>\n<meta name=\"twitter:label1\" content=\"Scritto da\" \/>\n\t<meta name=\"twitter:data1\" content=\"fondadmin\" \/>\n\t<meta name=\"twitter:label2\" content=\"Tempo di lettura stimato\" \/>\n\t<meta name=\"twitter:data2\" content=\"3 minuti\" \/>\n<script type=\"application\/ld+json\" class=\"yoast-schema-graph\">{\"@context\":\"https:\/\/schema.org\",\"@graph\":[{\"@type\":\"WebPage\",\"@id\":\"https:\/\/www.fondazionepirelli.org\/it\/iniziative\/sulla-luna-e-oltre-verso-il-futuro\/\",\"url\":\"https:\/\/www.fondazionepirelli.org\/it\/iniziative\/sulla-luna-e-oltre-verso-il-futuro\/\",\"name\":\"Sulla Luna e oltre, verso il futuro - Fondazione Pirelli\",\"isPartOf\":{\"@id\":\"https:\/\/www.fondazionepirelli.org\/it\/#website\"},\"primaryImageOfPage\":{\"@id\":\"https:\/\/www.fondazionepirelli.org\/it\/iniziative\/sulla-luna-e-oltre-verso-il-futuro\/#primaryimage\"},\"image\":{\"@id\":\"https:\/\/www.fondazionepirelli.org\/it\/iniziative\/sulla-luna-e-oltre-verso-il-futuro\/#primaryimage\"},\"thumbnailUrl\":\"https:\/\/wpsite-assets.fondazionepirelli.org\/wp-content\/uploads\/2025\/11\/24095236\/2021_PIR_RD_MICRO_8490-1.jpg\",\"datePublished\":\"2025-11-24T10:20:39+00:00\",\"dateModified\":\"2025-11-24T10:36:21+00:00\",\"author\":{\"@id\":\"https:\/\/www.fondazionepirelli.org\/it\/#\/schema\/person\/f47d097000832c4a6e54538c791fdf25\"},\"breadcrumb\":{\"@id\":\"https:\/\/www.fondazionepirelli.org\/it\/iniziative\/sulla-luna-e-oltre-verso-il-futuro\/#breadcrumb\"},\"inLanguage\":\"it-IT\",\"potentialAction\":[{\"@type\":\"ReadAction\",\"target\":[\"https:\/\/www.fondazionepirelli.org\/it\/iniziative\/sulla-luna-e-oltre-verso-il-futuro\/\"]}]},{\"@type\":\"ImageObject\",\"inLanguage\":\"it-IT\",\"@id\":\"https:\/\/www.fondazionepirelli.org\/it\/iniziative\/sulla-luna-e-oltre-verso-il-futuro\/#primaryimage\",\"url\":\"https:\/\/wpsite-assets.fondazionepirelli.org\/wp-content\/uploads\/2025\/11\/24095236\/2021_PIR_RD_MICRO_8490-1.jpg\",\"contentUrl\":\"https:\/\/wpsite-assets.fondazionepirelli.org\/wp-content\/uploads\/2025\/11\/24095236\/2021_PIR_RD_MICRO_8490-1.jpg\",\"width\":1200,\"height\":800},{\"@type\":\"BreadcrumbList\",\"@id\":\"https:\/\/www.fondazionepirelli.org\/it\/iniziative\/sulla-luna-e-oltre-verso-il-futuro\/#breadcrumb\",\"itemListElement\":[{\"@type\":\"ListItem\",\"position\":1,\"name\":\"Home\",\"item\":\"https:\/\/www.fondazionepirelli.org\/it\/\"},{\"@type\":\"ListItem\",\"position\":2,\"name\":\"Sulla Luna e oltre, verso il futuro\"}]},{\"@type\":\"WebSite\",\"@id\":\"https:\/\/www.fondazionepirelli.org\/it\/#website\",\"url\":\"https:\/\/www.fondazionepirelli.org\/it\/\",\"name\":\"Fondazione Pirelli\",\"description\":\"\",\"potentialAction\":[{\"@type\":\"SearchAction\",\"target\":{\"@type\":\"EntryPoint\",\"urlTemplate\":\"https:\/\/www.fondazionepirelli.org\/it\/?s={search_term_string}\"},\"query-input\":{\"@type\":\"PropertyValueSpecification\",\"valueRequired\":true,\"valueName\":\"search_term_string\"}}],\"inLanguage\":\"it-IT\"},{\"@type\":\"Person\",\"@id\":\"https:\/\/www.fondazionepirelli.org\/it\/#\/schema\/person\/f47d097000832c4a6e54538c791fdf25\",\"name\":\"fondadmin\",\"image\":{\"@type\":\"ImageObject\",\"inLanguage\":\"it-IT\",\"@id\":\"https:\/\/www.fondazionepirelli.org\/it\/#\/schema\/person\/image\/\",\"url\":\"https:\/\/secure.gravatar.com\/avatar\/e69498a9175ca244966e51e53c88712c024fcebe41f9a05f75657f1bb25e489b?s=96&d=mm&r=g\",\"contentUrl\":\"https:\/\/secure.gravatar.com\/avatar\/e69498a9175ca244966e51e53c88712c024fcebe41f9a05f75657f1bb25e489b?s=96&d=mm&r=g\",\"caption\":\"fondadmin\"},\"url\":\"https:\/\/www.fondazionepirelli.org\/it\/author\/fondadmin\/\"}]}<\/script>\n<!-- \/ Yoast SEO plugin. -->","yoast_head_json":{"title":"Sulla Luna e oltre, verso il futuro - Fondazione Pirelli","robots":{"index":"index","follow":"follow","max-snippet":"max-snippet:-1","max-image-preview":"max-image-preview:large","max-video-preview":"max-video-preview:-1"},"canonical":"https:\/\/www.fondazionepirelli.org\/it\/iniziative\/sulla-luna-e-oltre-verso-il-futuro\/","og_locale":"it_IT","og_type":"article","og_title":"Sulla Luna e oltre, verso il futuro - Fondazione Pirelli","og_description":"Negli anni Ottanta le fasi di progettazione si avvalgono in Pirelli di nuovi strumenti, grazie allo sviluppo delle tecnologie in ambito informatico. Il decennio successivo vede concretizzarsi un\u2019importante collaborazione in ambito accademico attraverso la costituzione del CoreCom (Consorzio ricerche elaborazione commutazione ottica Milano) con il Politecnico di Milano. Il Consorzio diventa presto un punto di [&hellip;]","og_url":"https:\/\/www.fondazionepirelli.org\/it\/iniziative\/sulla-luna-e-oltre-verso-il-futuro\/","og_site_name":"Fondazione Pirelli","article_published_time":"2025-11-24T10:20:39+00:00","article_modified_time":"2025-11-24T10:36:21+00:00","og_image":[{"width":1200,"height":800,"url":"https:\/\/wpsite-assets.fondazionepirelli.org\/wp-content\/uploads\/2025\/11\/24095236\/2021_PIR_RD_MICRO_8490-1.jpg","type":"image\/jpeg"}],"author":"fondadmin","twitter_card":"summary_large_image","twitter_misc":{"Scritto da":"fondadmin","Tempo di lettura stimato":"3 minuti"},"schema":{"@context":"https:\/\/schema.org","@graph":[{"@type":"WebPage","@id":"https:\/\/www.fondazionepirelli.org\/it\/iniziative\/sulla-luna-e-oltre-verso-il-futuro\/","url":"https:\/\/www.fondazionepirelli.org\/it\/iniziative\/sulla-luna-e-oltre-verso-il-futuro\/","name":"Sulla Luna e oltre, verso il futuro - Fondazione Pirelli","isPartOf":{"@id":"https:\/\/www.fondazionepirelli.org\/it\/#website"},"primaryImageOfPage":{"@id":"https:\/\/www.fondazionepirelli.org\/it\/iniziative\/sulla-luna-e-oltre-verso-il-futuro\/#primaryimage"},"image":{"@id":"https:\/\/www.fondazionepirelli.org\/it\/iniziative\/sulla-luna-e-oltre-verso-il-futuro\/#primaryimage"},"thumbnailUrl":"https:\/\/wpsite-assets.fondazionepirelli.org\/wp-content\/uploads\/2025\/11\/24095236\/2021_PIR_RD_MICRO_8490-1.jpg","datePublished":"2025-11-24T10:20:39+00:00","dateModified":"2025-11-24T10:36:21+00:00","author":{"@id":"https:\/\/www.fondazionepirelli.org\/it\/#\/schema\/person\/f47d097000832c4a6e54538c791fdf25"},"breadcrumb":{"@id":"https:\/\/www.fondazionepirelli.org\/it\/iniziative\/sulla-luna-e-oltre-verso-il-futuro\/#breadcrumb"},"inLanguage":"it-IT","potentialAction":[{"@type":"ReadAction","target":["https:\/\/www.fondazionepirelli.org\/it\/iniziative\/sulla-luna-e-oltre-verso-il-futuro\/"]}]},{"@type":"ImageObject","inLanguage":"it-IT","@id":"https:\/\/www.fondazionepirelli.org\/it\/iniziative\/sulla-luna-e-oltre-verso-il-futuro\/#primaryimage","url":"https:\/\/wpsite-assets.fondazionepirelli.org\/wp-content\/uploads\/2025\/11\/24095236\/2021_PIR_RD_MICRO_8490-1.jpg","contentUrl":"https:\/\/wpsite-assets.fondazionepirelli.org\/wp-content\/uploads\/2025\/11\/24095236\/2021_PIR_RD_MICRO_8490-1.jpg","width":1200,"height":800},{"@type":"BreadcrumbList","@id":"https:\/\/www.fondazionepirelli.org\/it\/iniziative\/sulla-luna-e-oltre-verso-il-futuro\/#breadcrumb","itemListElement":[{"@type":"ListItem","position":1,"name":"Home","item":"https:\/\/www.fondazionepirelli.org\/it\/"},{"@type":"ListItem","position":2,"name":"Sulla Luna e oltre, verso il futuro"}]},{"@type":"WebSite","@id":"https:\/\/www.fondazionepirelli.org\/it\/#website","url":"https:\/\/www.fondazionepirelli.org\/it\/","name":"Fondazione Pirelli","description":"","potentialAction":[{"@type":"SearchAction","target":{"@type":"EntryPoint","urlTemplate":"https:\/\/www.fondazionepirelli.org\/it\/?s={search_term_string}"},"query-input":{"@type":"PropertyValueSpecification","valueRequired":true,"valueName":"search_term_string"}}],"inLanguage":"it-IT"},{"@type":"Person","@id":"https:\/\/www.fondazionepirelli.org\/it\/#\/schema\/person\/f47d097000832c4a6e54538c791fdf25","name":"fondadmin","image":{"@type":"ImageObject","inLanguage":"it-IT","@id":"https:\/\/www.fondazionepirelli.org\/it\/#\/schema\/person\/image\/","url":"https:\/\/secure.gravatar.com\/avatar\/e69498a9175ca244966e51e53c88712c024fcebe41f9a05f75657f1bb25e489b?s=96&d=mm&r=g","contentUrl":"https:\/\/secure.gravatar.com\/avatar\/e69498a9175ca244966e51e53c88712c024fcebe41f9a05f75657f1bb25e489b?s=96&d=mm&r=g","caption":"fondadmin"},"url":"https:\/\/www.fondazionepirelli.org\/it\/author\/fondadmin\/"}]}},"_links":{"self":[{"href":"https:\/\/www.fondazionepirelli.org\/it\/wp-json\/wp\/v2\/posts\/105804\/"}],"collection":[{"href":"https:\/\/www.fondazionepirelli.org\/it\/wp-json\/wp\/v2\/posts\/"}],"about":[{"href":"https:\/\/www.fondazionepirelli.org\/it\/wp-json\/wp\/v2\/types\/post\/"}],"author":[{"embeddable":true,"href":"https:\/\/www.fondazionepirelli.org\/it\/wp-json\/wp\/v2\/users\/1\/"}],"replies":[{"embeddable":true,"href":"https:\/\/www.fondazionepirelli.org\/it\/wp-json\/wp\/v2\/comments\/?post=105804"}],"version-history":[{"count":4,"href":"https:\/\/www.fondazionepirelli.org\/it\/wp-json\/wp\/v2\/posts\/105804\/revisions\/"}],"predecessor-version":[{"id":105913,"href":"https:\/\/www.fondazionepirelli.org\/it\/wp-json\/wp\/v2\/posts\/105804\/revisions\/105913\/"}],"wp:featuredmedia":[{"embeddable":true,"href":"https:\/\/www.fondazionepirelli.org\/it\/wp-json\/wp\/v2\/media\/105872\/"}],"wp:attachment":[{"href":"https:\/\/www.fondazionepirelli.org\/it\/wp-json\/wp\/v2\/media\/?parent=105804"}],"wp:term":[{"taxonomy":"category","embeddable":true,"href":"https:\/\/www.fondazionepirelli.org\/it\/wp-json\/wp\/v2\/categories\/?post=105804"},{"taxonomy":"post_tag","embeddable":true,"href":"https:\/\/www.fondazionepirelli.org\/it\/wp-json\/wp\/v2\/tags\/?post=105804"}],"curies":[{"name":"wp","href":"https:\/\/api.w.org\/{rel}","templated":true}]}}