{"id":105887,"date":"2025-11-25T11:51:43","date_gmt":"2025-11-25T10:51:43","guid":{"rendered":"https:\/\/www.fondazionepirelli.org\/?p=105887"},"modified":"2025-11-25T17:14:41","modified_gmt":"2025-11-25T16:14:41","slug":"per-non-essere-macchine-celibi","status":"publish","type":"post","link":"https:\/\/www.fondazionepirelli.org\/it\/cultura-dimpresa\/per-non-essere-macchine-celibi\/","title":{"rendered":"Per non essere \u201cmacchine celibi\u201d"},"content":{"rendered":"<p><em>Le relazioni tra tecnologie digitali, sviluppo e umanit\u00e0<\/em><\/p><p>Il modello di sviluppo che ha dominato il passaggio di secolo \u00e8 ormai tramontato. Come tenere insieme, allora, una societ\u00e0 sempre pi\u00f9 grande e frammentata, che si sbarazza dell\u2019ordine morale tradizionale in nome della libert\u00e0 personale? Si tratta di una domanda molto importante, alla quale bene o male tutti sono chiamati a rispondere con una intensit\u00e0 che cresce sulla base delle singole responsabilit\u00e0 all\u2019interno dei sistemi sociali. A questa domanda cerca di rispondere \u2013 riuscendoci \u2013 \u201cMacchine celibi. Meccanizzare l&#8217;umano o umanizzare il mondo?\u201d libro scritto a quattro mani da Chiara Giaccardi (sociologa e antropologa dei media) e Mauro Magatti (sociologo).<\/p>\n<p>Come fare dunque? La soluzione parrebbe essere riposta nelle tecnologie digitali che si propongono come antidoto alle spinte disgregatrici della nostra epoca, ma che allo stesso tempo si dimostrano essere un potente catalizzatore di nuovi problemi. Il risultato, osservano i due, \u00a0\u00e8 paradossale perch\u00e9 si ottengono con il digitale la massima efficienza e il massimo caos comunicativo. E mentre le macchine intelligenti diventano sempre pi\u00f9 simili all\u2019uomo, l\u2019uomo rischia di regredire a \u201cmacchina celibe\u201d, cio\u00e8 ad un \u201cIo\u201d isolato, performante, capace di grandi prestazioni, ma privo di legami e incapace di riconoscere l\u2019altro. Detto in altro modo, e con le parole di Giaccardi e Magatti, \u201cper andare avanti \u00e8 necessario pensare la digitalizzazione non per uniformare e controllare, bens\u00ec per nutrire l\u2019intelligenza vitale di persone e gruppi. La tecnologia non pu\u00f2 guidarci da sola: serve un pensiero nuovo, che superi i limiti della ragione moderna\u201d. Gi\u00e0, un \u201cpensiero nuovo\u201d che riporti per\u00f2 ad alcuni principi fondamentali dell\u2019essere e della convivenza umana, a partire dalla riscoperta di una \u201cpolitica dello spirito\u201d capace di restituire senso, legami e futuro alle nostre societ\u00e0. La via d\u2019uscita sta cos\u00ec nel recuperare ci\u00f2 che la modernit\u00e0 ha emarginato: il dialogo, il pensiero, lo spirito. Perch\u00e9 la felicit\u00e0 non \u00e8 celibe (e nemmeno la libert\u00e0).<\/p>\n<p>Chi legge viene quindi accompagnato lungo una strada con alcune\u00a0 tappe e un arrivo: prima viene chiarita quella che \u00e8 la \u201crazionalizzazione digitale\u201d, poi si passa ad approfondire i molti aspetti che questa razionalizzazione determina (dal narcisismo all\u2019aggressivit\u00e0) per arrivare quindi a delineare la via d\u2019uscita fatta di pensiero, complessit\u00e0, pluralit\u00e0 e dialogo.<\/p>\n<p>Chiara Giaccardi e Mauro Magatti sottolineano il nostro stare come davanti ad un bivio: sta a noi scegliere la direzione per evitare di finire come Luigi Pirandello ha indicato acutamente in una frase ricordata dagli stessi autori: \u201cSi va diventando tutti come macchine, senza pi\u00f9 bisogno d\u2019anima\u201d.<\/p><p><strong>Macchine celibi. Meccanizzare l&#8217;umano o umanizzare il mondo?<\/strong><\/p>\n<p>Chiara Giaccardi, Mauro Magatti<\/p>\n<p>il Mulino, 2025<\/p>\n","protected":false},"excerpt":{"rendered":"<p>Le relazioni tra tecnologie digitali, sviluppo e umanit\u00e0Il modello di sviluppo che ha dominato il passaggio di secolo \u00e8 ormai tramontato. Come tenere insieme, allora, una societ\u00e0 sempre pi\u00f9 grande e frammentata, che si sbarazza dell\u2019ordine morale tradizionale in nome della libert\u00e0 personale? Si tratta di una domanda molto importante, alla quale bene o male [&hellip;]<\/p>\n","protected":false},"author":1,"featured_media":105924,"comment_status":"open","ping_status":"open","sticky":false,"template":"","format":"standard","meta":{"footnotes":""},"categories":[52,58],"tags":[],"class_list":["post-105887","post","type-post","status-publish","format-standard","has-post-thumbnail","hentry","category-cultura-dimpresa","category-recensioni-libri"],"acf":[],"yoast_head":"<!-- This site is optimized with the Yoast SEO plugin v25.0 - https:\/\/yoast.com\/wordpress\/plugins\/seo\/ -->\n<title>Per non essere \u201cmacchine celibi\u201d - Fondazione Pirelli<\/title>\n<meta name=\"robots\" content=\"index, follow, max-snippet:-1, max-image-preview:large, max-video-preview:-1\" \/>\n<link rel=\"canonical\" href=\"https:\/\/www.fondazionepirelli.org\/it\/cultura-dimpresa\/per-non-essere-macchine-celibi\/\" \/>\n<meta property=\"og:locale\" content=\"it_IT\" \/>\n<meta property=\"og:type\" content=\"article\" \/>\n<meta property=\"og:title\" content=\"Per non essere \u201cmacchine celibi\u201d - Fondazione Pirelli\" \/>\n<meta property=\"og:description\" content=\"Le relazioni tra tecnologie digitali, sviluppo e umanit\u00e0Il modello di sviluppo che ha dominato il passaggio di secolo \u00e8 ormai tramontato. Come tenere insieme, allora, una societ\u00e0 sempre pi\u00f9 grande e frammentata, che si sbarazza dell\u2019ordine morale tradizionale in nome della libert\u00e0 personale? Si tratta di una domanda molto importante, alla quale bene o male [&hellip;]\" \/>\n<meta property=\"og:url\" content=\"https:\/\/www.fondazionepirelli.org\/it\/cultura-dimpresa\/per-non-essere-macchine-celibi\/\" \/>\n<meta property=\"og:site_name\" content=\"Fondazione Pirelli\" \/>\n<meta property=\"article:published_time\" content=\"2025-11-25T10:51:43+00:00\" \/>\n<meta property=\"article:modified_time\" content=\"2025-11-25T16:14:41+00:00\" \/>\n<meta property=\"og:image\" content=\"https:\/\/wpsite-assets.fondazionepirelli.org\/wp-content\/uploads\/2025\/11\/25171427\/17e3256cover39291.png\" \/>\n\t<meta property=\"og:image:width\" content=\"400\" \/>\n\t<meta property=\"og:image:height\" content=\"616\" \/>\n\t<meta property=\"og:image:type\" content=\"image\/png\" \/>\n<meta name=\"author\" content=\"fondadmin\" \/>\n<meta name=\"twitter:card\" content=\"summary_large_image\" \/>\n<meta name=\"twitter:label1\" content=\"Scritto da\" \/>\n\t<meta name=\"twitter:data1\" content=\"fondadmin\" \/>\n\t<meta name=\"twitter:label2\" content=\"Tempo di lettura stimato\" \/>\n\t<meta name=\"twitter:data2\" content=\"3 minuti\" \/>\n<script type=\"application\/ld+json\" class=\"yoast-schema-graph\">{\"@context\":\"https:\/\/schema.org\",\"@graph\":[{\"@type\":\"WebPage\",\"@id\":\"https:\/\/www.fondazionepirelli.org\/it\/cultura-dimpresa\/per-non-essere-macchine-celibi\/\",\"url\":\"https:\/\/www.fondazionepirelli.org\/it\/cultura-dimpresa\/per-non-essere-macchine-celibi\/\",\"name\":\"Per non essere \u201cmacchine celibi\u201d - Fondazione Pirelli\",\"isPartOf\":{\"@id\":\"https:\/\/www.fondazionepirelli.org\/it\/#website\"},\"primaryImageOfPage\":{\"@id\":\"https:\/\/www.fondazionepirelli.org\/it\/cultura-dimpresa\/per-non-essere-macchine-celibi\/#primaryimage\"},\"image\":{\"@id\":\"https:\/\/www.fondazionepirelli.org\/it\/cultura-dimpresa\/per-non-essere-macchine-celibi\/#primaryimage\"},\"thumbnailUrl\":\"https:\/\/wpsite-assets.fondazionepirelli.org\/wp-content\/uploads\/2025\/11\/25171427\/17e3256cover39291.png\",\"datePublished\":\"2025-11-25T10:51:43+00:00\",\"dateModified\":\"2025-11-25T16:14:41+00:00\",\"author\":{\"@id\":\"https:\/\/www.fondazionepirelli.org\/it\/#\/schema\/person\/f47d097000832c4a6e54538c791fdf25\"},\"breadcrumb\":{\"@id\":\"https:\/\/www.fondazionepirelli.org\/it\/cultura-dimpresa\/per-non-essere-macchine-celibi\/#breadcrumb\"},\"inLanguage\":\"it-IT\",\"potentialAction\":[{\"@type\":\"ReadAction\",\"target\":[\"https:\/\/www.fondazionepirelli.org\/it\/cultura-dimpresa\/per-non-essere-macchine-celibi\/\"]}]},{\"@type\":\"ImageObject\",\"inLanguage\":\"it-IT\",\"@id\":\"https:\/\/www.fondazionepirelli.org\/it\/cultura-dimpresa\/per-non-essere-macchine-celibi\/#primaryimage\",\"url\":\"https:\/\/wpsite-assets.fondazionepirelli.org\/wp-content\/uploads\/2025\/11\/25171427\/17e3256cover39291.png\",\"contentUrl\":\"https:\/\/wpsite-assets.fondazionepirelli.org\/wp-content\/uploads\/2025\/11\/25171427\/17e3256cover39291.png\",\"width\":400,\"height\":616},{\"@type\":\"BreadcrumbList\",\"@id\":\"https:\/\/www.fondazionepirelli.org\/it\/cultura-dimpresa\/per-non-essere-macchine-celibi\/#breadcrumb\",\"itemListElement\":[{\"@type\":\"ListItem\",\"position\":1,\"name\":\"Home\",\"item\":\"https:\/\/www.fondazionepirelli.org\/it\/\"},{\"@type\":\"ListItem\",\"position\":2,\"name\":\"Per non essere \u201cmacchine celibi\u201d\"}]},{\"@type\":\"WebSite\",\"@id\":\"https:\/\/www.fondazionepirelli.org\/it\/#website\",\"url\":\"https:\/\/www.fondazionepirelli.org\/it\/\",\"name\":\"Fondazione Pirelli\",\"description\":\"\",\"potentialAction\":[{\"@type\":\"SearchAction\",\"target\":{\"@type\":\"EntryPoint\",\"urlTemplate\":\"https:\/\/www.fondazionepirelli.org\/it\/?s={search_term_string}\"},\"query-input\":{\"@type\":\"PropertyValueSpecification\",\"valueRequired\":true,\"valueName\":\"search_term_string\"}}],\"inLanguage\":\"it-IT\"},{\"@type\":\"Person\",\"@id\":\"https:\/\/www.fondazionepirelli.org\/it\/#\/schema\/person\/f47d097000832c4a6e54538c791fdf25\",\"name\":\"fondadmin\",\"image\":{\"@type\":\"ImageObject\",\"inLanguage\":\"it-IT\",\"@id\":\"https:\/\/www.fondazionepirelli.org\/it\/#\/schema\/person\/image\/\",\"url\":\"https:\/\/secure.gravatar.com\/avatar\/e69498a9175ca244966e51e53c88712c024fcebe41f9a05f75657f1bb25e489b?s=96&d=mm&r=g\",\"contentUrl\":\"https:\/\/secure.gravatar.com\/avatar\/e69498a9175ca244966e51e53c88712c024fcebe41f9a05f75657f1bb25e489b?s=96&d=mm&r=g\",\"caption\":\"fondadmin\"},\"url\":\"https:\/\/www.fondazionepirelli.org\/it\/author\/fondadmin\/\"}]}<\/script>\n<!-- \/ Yoast SEO plugin. -->","yoast_head_json":{"title":"Per non essere \u201cmacchine celibi\u201d - Fondazione Pirelli","robots":{"index":"index","follow":"follow","max-snippet":"max-snippet:-1","max-image-preview":"max-image-preview:large","max-video-preview":"max-video-preview:-1"},"canonical":"https:\/\/www.fondazionepirelli.org\/it\/cultura-dimpresa\/per-non-essere-macchine-celibi\/","og_locale":"it_IT","og_type":"article","og_title":"Per non essere \u201cmacchine celibi\u201d - Fondazione Pirelli","og_description":"Le relazioni tra tecnologie digitali, sviluppo e umanit\u00e0Il modello di sviluppo che ha dominato il passaggio di secolo \u00e8 ormai tramontato. Come tenere insieme, allora, una societ\u00e0 sempre pi\u00f9 grande e frammentata, che si sbarazza dell\u2019ordine morale tradizionale in nome della libert\u00e0 personale? Si tratta di una domanda molto importante, alla quale bene o male [&hellip;]","og_url":"https:\/\/www.fondazionepirelli.org\/it\/cultura-dimpresa\/per-non-essere-macchine-celibi\/","og_site_name":"Fondazione Pirelli","article_published_time":"2025-11-25T10:51:43+00:00","article_modified_time":"2025-11-25T16:14:41+00:00","og_image":[{"width":400,"height":616,"url":"https:\/\/wpsite-assets.fondazionepirelli.org\/wp-content\/uploads\/2025\/11\/25171427\/17e3256cover39291.png","type":"image\/png"}],"author":"fondadmin","twitter_card":"summary_large_image","twitter_misc":{"Scritto da":"fondadmin","Tempo di lettura stimato":"3 minuti"},"schema":{"@context":"https:\/\/schema.org","@graph":[{"@type":"WebPage","@id":"https:\/\/www.fondazionepirelli.org\/it\/cultura-dimpresa\/per-non-essere-macchine-celibi\/","url":"https:\/\/www.fondazionepirelli.org\/it\/cultura-dimpresa\/per-non-essere-macchine-celibi\/","name":"Per non essere \u201cmacchine celibi\u201d - Fondazione Pirelli","isPartOf":{"@id":"https:\/\/www.fondazionepirelli.org\/it\/#website"},"primaryImageOfPage":{"@id":"https:\/\/www.fondazionepirelli.org\/it\/cultura-dimpresa\/per-non-essere-macchine-celibi\/#primaryimage"},"image":{"@id":"https:\/\/www.fondazionepirelli.org\/it\/cultura-dimpresa\/per-non-essere-macchine-celibi\/#primaryimage"},"thumbnailUrl":"https:\/\/wpsite-assets.fondazionepirelli.org\/wp-content\/uploads\/2025\/11\/25171427\/17e3256cover39291.png","datePublished":"2025-11-25T10:51:43+00:00","dateModified":"2025-11-25T16:14:41+00:00","author":{"@id":"https:\/\/www.fondazionepirelli.org\/it\/#\/schema\/person\/f47d097000832c4a6e54538c791fdf25"},"breadcrumb":{"@id":"https:\/\/www.fondazionepirelli.org\/it\/cultura-dimpresa\/per-non-essere-macchine-celibi\/#breadcrumb"},"inLanguage":"it-IT","potentialAction":[{"@type":"ReadAction","target":["https:\/\/www.fondazionepirelli.org\/it\/cultura-dimpresa\/per-non-essere-macchine-celibi\/"]}]},{"@type":"ImageObject","inLanguage":"it-IT","@id":"https:\/\/www.fondazionepirelli.org\/it\/cultura-dimpresa\/per-non-essere-macchine-celibi\/#primaryimage","url":"https:\/\/wpsite-assets.fondazionepirelli.org\/wp-content\/uploads\/2025\/11\/25171427\/17e3256cover39291.png","contentUrl":"https:\/\/wpsite-assets.fondazionepirelli.org\/wp-content\/uploads\/2025\/11\/25171427\/17e3256cover39291.png","width":400,"height":616},{"@type":"BreadcrumbList","@id":"https:\/\/www.fondazionepirelli.org\/it\/cultura-dimpresa\/per-non-essere-macchine-celibi\/#breadcrumb","itemListElement":[{"@type":"ListItem","position":1,"name":"Home","item":"https:\/\/www.fondazionepirelli.org\/it\/"},{"@type":"ListItem","position":2,"name":"Per non essere \u201cmacchine celibi\u201d"}]},{"@type":"WebSite","@id":"https:\/\/www.fondazionepirelli.org\/it\/#website","url":"https:\/\/www.fondazionepirelli.org\/it\/","name":"Fondazione Pirelli","description":"","potentialAction":[{"@type":"SearchAction","target":{"@type":"EntryPoint","urlTemplate":"https:\/\/www.fondazionepirelli.org\/it\/?s={search_term_string}"},"query-input":{"@type":"PropertyValueSpecification","valueRequired":true,"valueName":"search_term_string"}}],"inLanguage":"it-IT"},{"@type":"Person","@id":"https:\/\/www.fondazionepirelli.org\/it\/#\/schema\/person\/f47d097000832c4a6e54538c791fdf25","name":"fondadmin","image":{"@type":"ImageObject","inLanguage":"it-IT","@id":"https:\/\/www.fondazionepirelli.org\/it\/#\/schema\/person\/image\/","url":"https:\/\/secure.gravatar.com\/avatar\/e69498a9175ca244966e51e53c88712c024fcebe41f9a05f75657f1bb25e489b?s=96&d=mm&r=g","contentUrl":"https:\/\/secure.gravatar.com\/avatar\/e69498a9175ca244966e51e53c88712c024fcebe41f9a05f75657f1bb25e489b?s=96&d=mm&r=g","caption":"fondadmin"},"url":"https:\/\/www.fondazionepirelli.org\/it\/author\/fondadmin\/"}]}},"_links":{"self":[{"href":"https:\/\/www.fondazionepirelli.org\/it\/wp-json\/wp\/v2\/posts\/105887\/"}],"collection":[{"href":"https:\/\/www.fondazionepirelli.org\/it\/wp-json\/wp\/v2\/posts\/"}],"about":[{"href":"https:\/\/www.fondazionepirelli.org\/it\/wp-json\/wp\/v2\/types\/post\/"}],"author":[{"embeddable":true,"href":"https:\/\/www.fondazionepirelli.org\/it\/wp-json\/wp\/v2\/users\/1\/"}],"replies":[{"embeddable":true,"href":"https:\/\/www.fondazionepirelli.org\/it\/wp-json\/wp\/v2\/comments\/?post=105887"}],"version-history":[{"count":1,"href":"https:\/\/www.fondazionepirelli.org\/it\/wp-json\/wp\/v2\/posts\/105887\/revisions\/"}],"predecessor-version":[{"id":105888,"href":"https:\/\/www.fondazionepirelli.org\/it\/wp-json\/wp\/v2\/posts\/105887\/revisions\/105888\/"}],"wp:featuredmedia":[{"embeddable":true,"href":"https:\/\/www.fondazionepirelli.org\/it\/wp-json\/wp\/v2\/media\/105924\/"}],"wp:attachment":[{"href":"https:\/\/www.fondazionepirelli.org\/it\/wp-json\/wp\/v2\/media\/?parent=105887"}],"wp:term":[{"taxonomy":"category","embeddable":true,"href":"https:\/\/www.fondazionepirelli.org\/it\/wp-json\/wp\/v2\/categories\/?post=105887"},{"taxonomy":"post_tag","embeddable":true,"href":"https:\/\/www.fondazionepirelli.org\/it\/wp-json\/wp\/v2\/tags\/?post=105887"}],"curies":[{"name":"wp","href":"https:\/\/api.w.org\/{rel}","templated":true}]}}