{"id":105889,"date":"2025-11-25T11:50:23","date_gmt":"2025-11-25T10:50:23","guid":{"rendered":"https:\/\/www.fondazionepirelli.org\/?p=105889"},"modified":"2025-11-25T11:50:23","modified_gmt":"2025-11-25T10:50:23","slug":"milano-discute-il-suo-destino-di-citta-intraprendente-e-solidale","status":"publish","type":"post","link":"https:\/\/www.fondazionepirelli.org\/it\/cultura-dimpresa\/blog\/milano-discute-il-suo-destino-di-citta-intraprendente-e-solidale\/","title":{"rendered":"Milano discute il suo destino di citt\u00e0 intraprendente e solidale"},"content":{"rendered":"<p>Di che citt\u00e0 parliamo, quando diciamo Milano? D\u2019una citt\u00e0 da 1 milione e mezzo di abitanti, in cui per\u00f2 ogni giorno entrano almeno un altro milione di persone per lavorare e studiare. O d\u2019una metropoli costituita da 133 comuni con oltre tre milioni di abitanti. Oppure della pi\u00f9 grande citt\u00e0 universitaria italiana, con 230mila studenti in dieci prestigiosi atenei, ben reputati anche all\u2019estero. Volendo, potremmo anche raccontare un territorio che produce l\u2019<strong>11% del Pil nazionale<\/strong> ed \u00e8 sede del <strong>34% delle multinazionali estere presenti in Italia<\/strong>, secondo i dati di <strong>Assolombarda<\/strong> (la maggiore organizzazione territoriale di Confindustria, che riunisce quasi 8mila imprese di Milano, Monza e Brianza, Lodi e Pavia, \u201cil cuore produttivo e innovativo del Paese\u201d). O, ancora, indicare il baricentro metropolitano d\u2019una vasta area, tra le pi\u00f9 industriali e dinamiche d\u2019Europa, un rettangolo da Torino e Genova al Veneto e Trieste, dalle Alpi alla via Emilia. Milano dunque<strong> \u201ccitt\u00e0 infinita\u201d<\/strong>, per ripetere una celebre, pertinente definizione di <strong>Aldo Bonomi<\/strong>.<\/p>\n<p>Milano da governare. Come? Proprio la dimensione della trasformazioni in corso e la radicalit\u00e0 dei processi di cambiamento (tra crescita economica e questioni sociali) svela come Milano sia una metropoli di mercato ma non possa essere ridotta soltanto alle logiche del mercato e della produttivit\u00e0. E come l\u2019attrattivit\u00e0 per persone, capitali, idee, imprese abbia bisogno di fondamenta pi\u00f9 solide dei pur essenziali parametri della competitivit\u00e0. Servono <strong>virt\u00f9 civiche<\/strong> e <strong>valori sociali<\/strong>. Elaborazioni culturali di respiro internazionale. E soprattutto buona politica, con un\u2019efficace pubblica amministrazione.<\/p>\n<p>Proprio un dato citato all\u2019inizio ci rivela come le questioni non possano essere governate soltanto su scala municipale: un milione e mezzo di abitanti, un altro milione che arriva al mattino e va via la sera. Milano raddoppia o quasi, quotidianamente, le sue presenze. Con tutti i problemi (trasporti, pulizia, servizi, sicurezza, ristorazione, rifiuti, etc) che tutto ci\u00f2 comporta.<\/p>\n<p>La scala, dunque, non pu\u00f2 non essere almeno la <strong>citt\u00e0 metropolitana<\/strong>, applicando meglio le norme che la riguardano (la legge istitutiva \u00e8 del 1990, l\u2019iscrizione nella Costituzione \u00e8 del 2001, l\u2019attuazione del 2014 l\u2019operativit\u00e0 formale, al posto delle vecchie Province, \u00e8 del 2015: un quarto di secolo, un tempo assai lungo). E dotandola di risorse finanziarie e professionali.<\/p>\n<p>Il guaio, per\u00f2, \u00e8 che la citt\u00e0 metropolitana non ha mai funzionato bene. \u201cFantasma Grande Milano\u201d, scrive il <strong>Corriere della Sera<\/strong> (28 ottobre) e \u201cGigante imbrigliato ma strategico\u201d (29 ottobre). Il sindaco della citt\u00e0 metropolitana \u00e8 lo stesso del capoluogo, Beppe Sala. Ma la percezione del ruolo e dei poteri relativi \u00e8 sempre stata marginale. Con conseguenze negative su tutti i territori interessati.<\/p>\n<p>Serve allora, per Milano, una <strong>\u201clegge speciale\u201d<\/strong>, come quella in vigore per Roma? Forse. A patto che ci siano stanziamenti adeguati, per servizi pubblici e stimoli fiscali per gli investimenti privati da accompagnare alle risorse pubbliche. E che la dimensione di riferimento delle norme sia metropolitana.<\/p>\n<p>Bisogna per\u00f2 fare un altro passo avanti. Il tema vero, sui servizi, \u00e8 pensarli non solo su base amministrativa, ma seguendo gli andamenti dei flussi di persone, prodotti, lavori. E dunque costruendo ipotesi di unioni, consorzi dei comuni, societ\u00e0 miste pubblico-private a seconda delle esigenze dei servizi da erogare. Un\u2019inedita geografia politica, economica e amministrativa. Ma da sperimentare, tenendo conto anche del buon esempio fiscale di altre realt\u00e0 europee. <strong>Piero Borghini<\/strong>, sindaco di Milano nei primi anni Novanta, fa riferimento all\u2019esperienza di Manchester, che usa sul territorio le risorse fiscali prodotte e costruisce una <em>governance<\/em> dei servizi \u201cdal basso\u201d e non \u201cdall\u2019alto\u201d dei vertici amministrativi. Idee nuove, nel dinamismo d\u2019una societ\u00e0 in movimento (Corriere della Sera, 31 ottobre).<\/p>\n<p>Milano \u00e8 molteplice, in ogni caso, <strong>\u201cvicina all\u2019Europa\u201d<\/strong>, per usare i versi di <strong>Lucio Dalla<\/strong>. E tutt\u2019altro che <strong>\u201clivida e sprofondata per sua stessa mano\u201d<\/strong>, come scriveva <strong>Ivano Fossati<\/strong> sui <strong>\u201ctreni a vapore\u201d<\/strong>(ma era il 1992, l\u2019anno d\u2019inizio di Tangentopoli). <strong>Milano policentrica<\/strong>. Milano irriducibile agli stereotipi d\u2019una citt\u00e0 frenetica e ricca, \u201cmille luci\u201d di moda, design e vite di lusso. Ma anche poco leggibile solo con gli stilemi che derivano dalle cronache d\u2019una corruzione diffusa nella pubblica amministrazione (le inchieste giudiziarie sulle presunte irregolarit\u00e0 urbanistiche del Comune, per\u00f2, non hanno trovato riscontri solidi) e d\u2019una violenza crescente nelle aree della \u201cmovida\u201d, con una microcriminalit\u00e0 avvertita come emergenza.<\/p>\n<p>Ci sono ombre, comunque, su un\u2019anima che si dice stia smarrendo la capacit\u00e0 di mischiare lavoro e cultura, produttivit\u00e0 e solidariet\u00e0. E ha ragione Bonomi quando scrive d\u2019una metropoli nel cuore di una <strong>\u201cmetamorfosi interrotta, a rischio per la coesione sociale\u201d<\/strong> (IlSole24Ore, 29 ottobre), anche a causa di una crescente incapacit\u00e0 (o, perch\u00e9 no? di mancanza di volont\u00e0) di <strong>\u201cconiugare la dimensione dei bisogni con quella dei diritti\u201d<\/strong>. Ma basta entrare nel cuore dei flussi economici e sociali della citt\u00e0 per leggere, pure nei quartieri pi\u00f9 difficili, storie di solidariet\u00e0 e impegno sociale fatte vivere da enti, istituzioni e gruppi di volontariato del \u201cterzo settore\u201d (la Caritas ambrosiana ne \u00e8 testimonianza esemplare, ma tutt\u2019altro che unica).<\/p>\n<p>Ha senso, dunque, prima che la citt\u00e0 precipiti nelle retoriche della propaganda elettorale per l\u2019elezione, nel 2027, del nuovo sindaco e del consiglio comunale, discutere in profondit\u00e0 sulle trasformazioni in corso e sugli strumenti, politici e culturali, per affrontare i problemi accentuati proprio dalla condizione stessa di Milano come l\u2019area d\u2019Italia pi\u00f9 investita da stravolgenti fenomeni economici (il passaggio dall\u2019industria al post-industriale alla fine del Novecento e adesso le mutazioni legate alla \u201ceconomia della conoscenza\u201d e alla pervasivit\u00e0 dell\u2019Intelligenza Artificiale).<\/p>\n<p>Si discute molto di \u201ccrisi del modello Milano\u201d. Ma Milano non \u00e8 affatto un modello. Un territorio in movimento, semmai. Un motore economico. Una \u201cfabbrica del futuro\u201d (espressione cara ad Assolombarda). Un magnete di attrattivit\u00e0 di intelligenze e capitali. Ma anche un polo culturale e sociale capace di indagare a fondo su di s\u00e9 con un\u2019attitudine critica e autocritica rara in un\u2019Italia \u201cstrapaese\u201d animata da orgogliosi campanilismi.<\/p>\n<p>Milano da leggere e raccontare meglio, dunque. Da criticare severamente. E per\u00f2 pure da progettare. Amare. E fare vivere.<\/p>\n<p>Un buon esempio di questa attitudine \u00e8 la discussione organizzata dal <strong>Centro Studi Grande Milano<\/strong>, presieduto da <strong>Daniela Mainini<\/strong> e diretto da <strong>Roberto Poli<\/strong>, mercoled\u00ec 26, al Museo della Scienza e della Tecnica, con un titolo che contiene gi\u00e0 un programma. \u201cMilano \u00e8 il suo destino: idee e progetti per la citt\u00e0 che sar\u00e0\u201d (ne parleranno, oltre a chi scrive, <strong>Cristina Messa, Agnese Pini, Venanzio Postiglione e Gianmario Verona<\/strong>). Un destino che dunque nasce dalla storia e dal carattere della <em>civitas<\/em>, che sa di \u201cintraprendenza dialogante\u201d ma anche di <strong>cultura e solidariet\u00e0<\/strong>, di innovazione e consapevolezza delle qualit\u00e0 del riformismo, di illuminismo, <strong>cultura politecnica e sentimenti civili<\/strong>, di istruzione e scienza.<\/p>\n<p>Una Milano, appunto, che deve imparare a tenere in maggior conto il giudizio delle altre citt\u00e0 d\u2019Italia e d\u2019Europa. E non pu\u00f2 rinunciare alle caratteristiche economiche e sociali che ne animano le attivit\u00e0 e, nel corso del tempo, hanno consentito a milioni di persone di <strong>\u201cdiventare milanesi\u201d<\/strong>. <strong>Cittadini intraprendenti e solidali<\/strong>, appunto.<\/p><p><em>(foto Getty Images)\u00a0<\/em><\/p>","protected":false},"excerpt":{"rendered":"<p>Di che citt\u00e0 parliamo, quando diciamo Milano? D\u2019una citt\u00e0 da 1 milione e mezzo di abitanti, in cui per\u00f2 ogni giorno entrano almeno un altro milione di persone per lavorare e studiare. O d\u2019una metropoli costituita da 133 comuni con oltre tre milioni di abitanti. Oppure della pi\u00f9 grande citt\u00e0 universitaria italiana, con 230mila studenti [&hellip;]<\/p>\n","protected":false},"author":1,"featured_media":105920,"comment_status":"open","ping_status":"open","sticky":false,"template":"","format":"standard","meta":{"footnotes":""},"categories":[53,52],"tags":[],"class_list":["post-105889","post","type-post","status-publish","format-standard","has-post-thumbnail","hentry","category-blog","category-cultura-dimpresa"],"acf":[],"yoast_head":"<!-- This site is optimized with the Yoast SEO plugin v25.0 - https:\/\/yoast.com\/wordpress\/plugins\/seo\/ -->\n<title>Milano discute il suo destino di citt\u00e0 intraprendente e solidale - Fondazione Pirelli<\/title>\n<meta name=\"robots\" content=\"index, follow, max-snippet:-1, max-image-preview:large, max-video-preview:-1\" \/>\n<link rel=\"canonical\" href=\"https:\/\/www.fondazionepirelli.org\/it\/cultura-dimpresa\/blog\/milano-discute-il-suo-destino-di-citta-intraprendente-e-solidale\/\" \/>\n<meta property=\"og:locale\" content=\"it_IT\" \/>\n<meta property=\"og:type\" content=\"article\" \/>\n<meta property=\"og:title\" content=\"Milano discute il suo destino di citt\u00e0 intraprendente e solidale - Fondazione Pirelli\" \/>\n<meta property=\"og:description\" content=\"Di che citt\u00e0 parliamo, quando diciamo Milano? D\u2019una citt\u00e0 da 1 milione e mezzo di abitanti, in cui per\u00f2 ogni giorno entrano almeno un altro milione di persone per lavorare e studiare. O d\u2019una metropoli costituita da 133 comuni con oltre tre milioni di abitanti. Oppure della pi\u00f9 grande citt\u00e0 universitaria italiana, con 230mila studenti [&hellip;]\" \/>\n<meta property=\"og:url\" content=\"https:\/\/www.fondazionepirelli.org\/it\/cultura-dimpresa\/blog\/milano-discute-il-suo-destino-di-citta-intraprendente-e-solidale\/\" \/>\n<meta property=\"og:site_name\" content=\"Fondazione Pirelli\" \/>\n<meta property=\"article:published_time\" content=\"2025-11-25T10:50:23+00:00\" \/>\n<meta property=\"og:image\" content=\"https:\/\/wpsite-assets.fondazionepirelli.org\/wp-content\/uploads\/2025\/11\/25114949\/GettyImages-1803908283-1-scaled.jpg\" \/>\n\t<meta property=\"og:image:width\" content=\"2560\" \/>\n\t<meta property=\"og:image:height\" content=\"1707\" \/>\n\t<meta property=\"og:image:type\" content=\"image\/jpeg\" \/>\n<meta name=\"author\" content=\"fondadmin\" \/>\n<meta name=\"twitter:card\" content=\"summary_large_image\" \/>\n<meta name=\"twitter:label1\" content=\"Scritto da\" \/>\n\t<meta name=\"twitter:data1\" content=\"fondadmin\" \/>\n\t<meta name=\"twitter:label2\" content=\"Tempo di lettura stimato\" \/>\n\t<meta name=\"twitter:data2\" content=\"7 minuti\" \/>\n<script type=\"application\/ld+json\" class=\"yoast-schema-graph\">{\"@context\":\"https:\/\/schema.org\",\"@graph\":[{\"@type\":\"WebPage\",\"@id\":\"https:\/\/www.fondazionepirelli.org\/it\/cultura-dimpresa\/blog\/milano-discute-il-suo-destino-di-citta-intraprendente-e-solidale\/\",\"url\":\"https:\/\/www.fondazionepirelli.org\/it\/cultura-dimpresa\/blog\/milano-discute-il-suo-destino-di-citta-intraprendente-e-solidale\/\",\"name\":\"Milano discute il suo destino di citt\u00e0 intraprendente e solidale - Fondazione Pirelli\",\"isPartOf\":{\"@id\":\"https:\/\/www.fondazionepirelli.org\/it\/#website\"},\"primaryImageOfPage\":{\"@id\":\"https:\/\/www.fondazionepirelli.org\/it\/cultura-dimpresa\/blog\/milano-discute-il-suo-destino-di-citta-intraprendente-e-solidale\/#primaryimage\"},\"image\":{\"@id\":\"https:\/\/www.fondazionepirelli.org\/it\/cultura-dimpresa\/blog\/milano-discute-il-suo-destino-di-citta-intraprendente-e-solidale\/#primaryimage\"},\"thumbnailUrl\":\"https:\/\/wpsite-assets.fondazionepirelli.org\/wp-content\/uploads\/2025\/11\/25114949\/GettyImages-1803908283-1-scaled.jpg\",\"datePublished\":\"2025-11-25T10:50:23+00:00\",\"author\":{\"@id\":\"https:\/\/www.fondazionepirelli.org\/it\/#\/schema\/person\/f47d097000832c4a6e54538c791fdf25\"},\"breadcrumb\":{\"@id\":\"https:\/\/www.fondazionepirelli.org\/it\/cultura-dimpresa\/blog\/milano-discute-il-suo-destino-di-citta-intraprendente-e-solidale\/#breadcrumb\"},\"inLanguage\":\"it-IT\",\"potentialAction\":[{\"@type\":\"ReadAction\",\"target\":[\"https:\/\/www.fondazionepirelli.org\/it\/cultura-dimpresa\/blog\/milano-discute-il-suo-destino-di-citta-intraprendente-e-solidale\/\"]}]},{\"@type\":\"ImageObject\",\"inLanguage\":\"it-IT\",\"@id\":\"https:\/\/www.fondazionepirelli.org\/it\/cultura-dimpresa\/blog\/milano-discute-il-suo-destino-di-citta-intraprendente-e-solidale\/#primaryimage\",\"url\":\"https:\/\/wpsite-assets.fondazionepirelli.org\/wp-content\/uploads\/2025\/11\/25114949\/GettyImages-1803908283-1-scaled.jpg\",\"contentUrl\":\"https:\/\/wpsite-assets.fondazionepirelli.org\/wp-content\/uploads\/2025\/11\/25114949\/GettyImages-1803908283-1-scaled.jpg\",\"width\":2560,\"height\":1707,\"caption\":\"Milan, Italy cityscape of the Porta Nuova financial district at dawn.\"},{\"@type\":\"BreadcrumbList\",\"@id\":\"https:\/\/www.fondazionepirelli.org\/it\/cultura-dimpresa\/blog\/milano-discute-il-suo-destino-di-citta-intraprendente-e-solidale\/#breadcrumb\",\"itemListElement\":[{\"@type\":\"ListItem\",\"position\":1,\"name\":\"Home\",\"item\":\"https:\/\/www.fondazionepirelli.org\/it\/\"},{\"@type\":\"ListItem\",\"position\":2,\"name\":\"Milano discute il suo destino di citt\u00e0 intraprendente e solidale\"}]},{\"@type\":\"WebSite\",\"@id\":\"https:\/\/www.fondazionepirelli.org\/it\/#website\",\"url\":\"https:\/\/www.fondazionepirelli.org\/it\/\",\"name\":\"Fondazione Pirelli\",\"description\":\"\",\"potentialAction\":[{\"@type\":\"SearchAction\",\"target\":{\"@type\":\"EntryPoint\",\"urlTemplate\":\"https:\/\/www.fondazionepirelli.org\/it\/?s={search_term_string}\"},\"query-input\":{\"@type\":\"PropertyValueSpecification\",\"valueRequired\":true,\"valueName\":\"search_term_string\"}}],\"inLanguage\":\"it-IT\"},{\"@type\":\"Person\",\"@id\":\"https:\/\/www.fondazionepirelli.org\/it\/#\/schema\/person\/f47d097000832c4a6e54538c791fdf25\",\"name\":\"fondadmin\",\"image\":{\"@type\":\"ImageObject\",\"inLanguage\":\"it-IT\",\"@id\":\"https:\/\/www.fondazionepirelli.org\/it\/#\/schema\/person\/image\/\",\"url\":\"https:\/\/secure.gravatar.com\/avatar\/e69498a9175ca244966e51e53c88712c024fcebe41f9a05f75657f1bb25e489b?s=96&d=mm&r=g\",\"contentUrl\":\"https:\/\/secure.gravatar.com\/avatar\/e69498a9175ca244966e51e53c88712c024fcebe41f9a05f75657f1bb25e489b?s=96&d=mm&r=g\",\"caption\":\"fondadmin\"},\"url\":\"https:\/\/www.fondazionepirelli.org\/it\/author\/fondadmin\/\"}]}<\/script>\n<!-- \/ Yoast SEO plugin. -->","yoast_head_json":{"title":"Milano discute il suo destino di citt\u00e0 intraprendente e solidale - Fondazione Pirelli","robots":{"index":"index","follow":"follow","max-snippet":"max-snippet:-1","max-image-preview":"max-image-preview:large","max-video-preview":"max-video-preview:-1"},"canonical":"https:\/\/www.fondazionepirelli.org\/it\/cultura-dimpresa\/blog\/milano-discute-il-suo-destino-di-citta-intraprendente-e-solidale\/","og_locale":"it_IT","og_type":"article","og_title":"Milano discute il suo destino di citt\u00e0 intraprendente e solidale - Fondazione Pirelli","og_description":"Di che citt\u00e0 parliamo, quando diciamo Milano? D\u2019una citt\u00e0 da 1 milione e mezzo di abitanti, in cui per\u00f2 ogni giorno entrano almeno un altro milione di persone per lavorare e studiare. O d\u2019una metropoli costituita da 133 comuni con oltre tre milioni di abitanti. Oppure della pi\u00f9 grande citt\u00e0 universitaria italiana, con 230mila studenti [&hellip;]","og_url":"https:\/\/www.fondazionepirelli.org\/it\/cultura-dimpresa\/blog\/milano-discute-il-suo-destino-di-citta-intraprendente-e-solidale\/","og_site_name":"Fondazione Pirelli","article_published_time":"2025-11-25T10:50:23+00:00","og_image":[{"width":2560,"height":1707,"url":"https:\/\/wpsite-assets.fondazionepirelli.org\/wp-content\/uploads\/2025\/11\/25114949\/GettyImages-1803908283-1-scaled.jpg","type":"image\/jpeg"}],"author":"fondadmin","twitter_card":"summary_large_image","twitter_misc":{"Scritto da":"fondadmin","Tempo di lettura stimato":"7 minuti"},"schema":{"@context":"https:\/\/schema.org","@graph":[{"@type":"WebPage","@id":"https:\/\/www.fondazionepirelli.org\/it\/cultura-dimpresa\/blog\/milano-discute-il-suo-destino-di-citta-intraprendente-e-solidale\/","url":"https:\/\/www.fondazionepirelli.org\/it\/cultura-dimpresa\/blog\/milano-discute-il-suo-destino-di-citta-intraprendente-e-solidale\/","name":"Milano discute il suo destino di citt\u00e0 intraprendente e solidale - Fondazione Pirelli","isPartOf":{"@id":"https:\/\/www.fondazionepirelli.org\/it\/#website"},"primaryImageOfPage":{"@id":"https:\/\/www.fondazionepirelli.org\/it\/cultura-dimpresa\/blog\/milano-discute-il-suo-destino-di-citta-intraprendente-e-solidale\/#primaryimage"},"image":{"@id":"https:\/\/www.fondazionepirelli.org\/it\/cultura-dimpresa\/blog\/milano-discute-il-suo-destino-di-citta-intraprendente-e-solidale\/#primaryimage"},"thumbnailUrl":"https:\/\/wpsite-assets.fondazionepirelli.org\/wp-content\/uploads\/2025\/11\/25114949\/GettyImages-1803908283-1-scaled.jpg","datePublished":"2025-11-25T10:50:23+00:00","author":{"@id":"https:\/\/www.fondazionepirelli.org\/it\/#\/schema\/person\/f47d097000832c4a6e54538c791fdf25"},"breadcrumb":{"@id":"https:\/\/www.fondazionepirelli.org\/it\/cultura-dimpresa\/blog\/milano-discute-il-suo-destino-di-citta-intraprendente-e-solidale\/#breadcrumb"},"inLanguage":"it-IT","potentialAction":[{"@type":"ReadAction","target":["https:\/\/www.fondazionepirelli.org\/it\/cultura-dimpresa\/blog\/milano-discute-il-suo-destino-di-citta-intraprendente-e-solidale\/"]}]},{"@type":"ImageObject","inLanguage":"it-IT","@id":"https:\/\/www.fondazionepirelli.org\/it\/cultura-dimpresa\/blog\/milano-discute-il-suo-destino-di-citta-intraprendente-e-solidale\/#primaryimage","url":"https:\/\/wpsite-assets.fondazionepirelli.org\/wp-content\/uploads\/2025\/11\/25114949\/GettyImages-1803908283-1-scaled.jpg","contentUrl":"https:\/\/wpsite-assets.fondazionepirelli.org\/wp-content\/uploads\/2025\/11\/25114949\/GettyImages-1803908283-1-scaled.jpg","width":2560,"height":1707,"caption":"Milan, Italy cityscape of the Porta Nuova financial district at dawn."},{"@type":"BreadcrumbList","@id":"https:\/\/www.fondazionepirelli.org\/it\/cultura-dimpresa\/blog\/milano-discute-il-suo-destino-di-citta-intraprendente-e-solidale\/#breadcrumb","itemListElement":[{"@type":"ListItem","position":1,"name":"Home","item":"https:\/\/www.fondazionepirelli.org\/it\/"},{"@type":"ListItem","position":2,"name":"Milano discute il suo destino di citt\u00e0 intraprendente e solidale"}]},{"@type":"WebSite","@id":"https:\/\/www.fondazionepirelli.org\/it\/#website","url":"https:\/\/www.fondazionepirelli.org\/it\/","name":"Fondazione Pirelli","description":"","potentialAction":[{"@type":"SearchAction","target":{"@type":"EntryPoint","urlTemplate":"https:\/\/www.fondazionepirelli.org\/it\/?s={search_term_string}"},"query-input":{"@type":"PropertyValueSpecification","valueRequired":true,"valueName":"search_term_string"}}],"inLanguage":"it-IT"},{"@type":"Person","@id":"https:\/\/www.fondazionepirelli.org\/it\/#\/schema\/person\/f47d097000832c4a6e54538c791fdf25","name":"fondadmin","image":{"@type":"ImageObject","inLanguage":"it-IT","@id":"https:\/\/www.fondazionepirelli.org\/it\/#\/schema\/person\/image\/","url":"https:\/\/secure.gravatar.com\/avatar\/e69498a9175ca244966e51e53c88712c024fcebe41f9a05f75657f1bb25e489b?s=96&d=mm&r=g","contentUrl":"https:\/\/secure.gravatar.com\/avatar\/e69498a9175ca244966e51e53c88712c024fcebe41f9a05f75657f1bb25e489b?s=96&d=mm&r=g","caption":"fondadmin"},"url":"https:\/\/www.fondazionepirelli.org\/it\/author\/fondadmin\/"}]}},"_links":{"self":[{"href":"https:\/\/www.fondazionepirelli.org\/it\/wp-json\/wp\/v2\/posts\/105889\/"}],"collection":[{"href":"https:\/\/www.fondazionepirelli.org\/it\/wp-json\/wp\/v2\/posts\/"}],"about":[{"href":"https:\/\/www.fondazionepirelli.org\/it\/wp-json\/wp\/v2\/types\/post\/"}],"author":[{"embeddable":true,"href":"https:\/\/www.fondazionepirelli.org\/it\/wp-json\/wp\/v2\/users\/1\/"}],"replies":[{"embeddable":true,"href":"https:\/\/www.fondazionepirelli.org\/it\/wp-json\/wp\/v2\/comments\/?post=105889"}],"version-history":[{"count":2,"href":"https:\/\/www.fondazionepirelli.org\/it\/wp-json\/wp\/v2\/posts\/105889\/revisions\/"}],"predecessor-version":[{"id":105922,"href":"https:\/\/www.fondazionepirelli.org\/it\/wp-json\/wp\/v2\/posts\/105889\/revisions\/105922\/"}],"wp:featuredmedia":[{"embeddable":true,"href":"https:\/\/www.fondazionepirelli.org\/it\/wp-json\/wp\/v2\/media\/105920\/"}],"wp:attachment":[{"href":"https:\/\/www.fondazionepirelli.org\/it\/wp-json\/wp\/v2\/media\/?parent=105889"}],"wp:term":[{"taxonomy":"category","embeddable":true,"href":"https:\/\/www.fondazionepirelli.org\/it\/wp-json\/wp\/v2\/categories\/?post=105889"},{"taxonomy":"post_tag","embeddable":true,"href":"https:\/\/www.fondazionepirelli.org\/it\/wp-json\/wp\/v2\/tags\/?post=105889"}],"curies":[{"name":"wp","href":"https:\/\/api.w.org\/{rel}","templated":true}]}}