{"id":105996,"date":"2025-12-02T13:55:26","date_gmt":"2025-12-02T12:55:26","guid":{"rendered":"https:\/\/www.fondazionepirelli.org\/?p=105996"},"modified":"2025-12-02T13:55:26","modified_gmt":"2025-12-02T12:55:26","slug":"capire-la-democrazia-per-realizzarla-meglio","status":"publish","type":"post","link":"https:\/\/www.fondazionepirelli.org\/it\/cultura-dimpresa\/capire-la-democrazia-per-realizzarla-meglio\/","title":{"rendered":"Capire la democrazia per realizzarla meglio"},"content":{"rendered":"<p><em>Ripubblicato un libro fondamentale per comprendere di pi\u00f9 l\u2019agire sociale ed economico<\/em><\/p><p>Comprendere i concetti dietro ai vocaboli. Operazione necessaria \u2013 sempre \u2013 ancora pi\u00f9 quando ne va dei sistemi sociali ed economici in cui ci si muove. Tornando anche ai classici di tutte le materie, come lo \u00e8 \u201cDemocrazia e definizioni\u201d di Giovanni Sartori, pubblicato nel 1957 e poi pi\u00f9 volte fino ad oggi.<\/p>\n<p>L\u2019autore, poco pi\u00f9 che trentenne, nel libro affronta con rigore logico i problemi di fondo, i temi essenziali e perenni della democrazia, ad iniziare \u2013 appunto &#8211; dall\u2019esigenza di definire con precisione il significato dei termini linguistici usati.<\/p>\n<p>Proseguendo nella lettura, tuttavia, ci si addentra in un esame della democrazia la cui dimensione descrittiva e quella normativa arrivano ad essere strettamente intrecciate. Di fatto, tutto il libro viene sintetizzato nelle prime righe della prima prefazione (correttamente riportata nell\u2019edizione appena pubblicata). Scrive l\u2019autore: il \u201clibro non vuol essere tecnico, e perci\u00f2 non vi si parla di \u00abdefinizioni \u00bb nel senso tecnico del concetto. Per <em>definire <\/em>intendo semplicemente l\u2019esigenza di stabilire con una certa chiarezza e precisione qual \u00e8, o quali sono, i significati di un termine linguistico: nel nostro caso quello di democrazia\u201d. Ma perch\u00e9? La risposta arriva immediatamente: le definizioni\u00a0 sono \u201cimportanti perch\u00e9 i nostri giudizi e i nostri correlativi comportamenti dipendono dalle definizioni cui fanno capo: si \u00e8 anti-democratici, democratici o iper-democratici in funzione della idea di democrazia che abbiamo in mente\u201d. Ed \u00e8 qui il passaggio dalla definizione ai comportamenti e quindi alle regole. \u201cAll\u2019interno di un esperimento democratico si vuole una certa democrazia e se ne respinge un\u2019altra, commisurando la realt\u00e0 ad un metro che \u00e8 costituito appunto dalle definizioni\u201d, precisa Sartori. Sono questi i capisaldi dai quali Sartori muove nello scrivere e che chi legge incontra partendo, come ovvio, dal \u201cdefinire la democrazia\u201d (nella prima parte del libro) per arrivare alla storia della democrazia (nella seconda parte) attraverso l\u2019analisi di diverse modalit\u00e0 (e quindi regole) con le quali nel tempo questo concetto \u00e8 stato messo in pratica.<\/p>\n<p>Pur tenendo conto di quanto scrive l\u2019autore &#8211; \u201cuna indagine sulla democrazia finisce per essere democratica: voglio dire che non viene fatto di destinarla ad una cerchia specializzata di lettori\u201d &#8211; libro di Giovanni Sartori \u00e8 certamente denso e da affrontare con grande attenzione non perch\u00e9 sia ostico ai pi\u00f9, ma perch\u00e9 deve essere per chi legge strumento di conoscenza e di cultura. Uno strumento da usare in numerosi ambiti dell\u2019agire sociale ed economico.<\/p>\n<p><strong>\u00a0<\/strong><\/p>\n<p><strong>Democrazia e definizioni<\/strong><\/p>\n<p>Giovanni Sartori<\/p>\n<p>il Mulino, 2025<\/p>\n","protected":false},"excerpt":{"rendered":"<p>Ripubblicato un libro fondamentale per comprendere di pi\u00f9 l\u2019agire sociale ed economicoComprendere i concetti dietro ai vocaboli. Operazione necessaria \u2013 sempre \u2013 ancora pi\u00f9 quando ne va dei sistemi sociali ed economici in cui ci si muove. Tornando anche ai classici di tutte le materie, come lo \u00e8 \u201cDemocrazia e definizioni\u201d di Giovanni Sartori, pubblicato [&hellip;]<\/p>\n","protected":false},"author":1,"featured_media":105998,"comment_status":"open","ping_status":"open","sticky":false,"template":"","format":"standard","meta":{"footnotes":""},"categories":[52,58],"tags":[],"class_list":["post-105996","post","type-post","status-publish","format-standard","has-post-thumbnail","hentry","category-cultura-dimpresa","category-recensioni-libri"],"acf":[],"yoast_head":"<!-- This site is optimized with the Yoast SEO plugin v25.0 - https:\/\/yoast.com\/wordpress\/plugins\/seo\/ -->\n<title>Capire la democrazia per realizzarla meglio - Fondazione Pirelli<\/title>\n<meta name=\"robots\" content=\"index, follow, max-snippet:-1, max-image-preview:large, max-video-preview:-1\" \/>\n<link rel=\"canonical\" href=\"https:\/\/www.fondazionepirelli.org\/it\/cultura-dimpresa\/capire-la-democrazia-per-realizzarla-meglio\/\" \/>\n<meta property=\"og:locale\" content=\"it_IT\" \/>\n<meta property=\"og:type\" content=\"article\" \/>\n<meta property=\"og:title\" content=\"Capire la democrazia per realizzarla meglio - Fondazione Pirelli\" \/>\n<meta property=\"og:description\" content=\"Ripubblicato un libro fondamentale per comprendere di pi\u00f9 l\u2019agire sociale ed economicoComprendere i concetti dietro ai vocaboli. Operazione necessaria \u2013 sempre \u2013 ancora pi\u00f9 quando ne va dei sistemi sociali ed economici in cui ci si muove. Tornando anche ai classici di tutte le materie, come lo \u00e8 \u201cDemocrazia e definizioni\u201d di Giovanni Sartori, pubblicato [&hellip;]\" \/>\n<meta property=\"og:url\" content=\"https:\/\/www.fondazionepirelli.org\/it\/cultura-dimpresa\/capire-la-democrazia-per-realizzarla-meglio\/\" \/>\n<meta property=\"og:site_name\" content=\"Fondazione Pirelli\" \/>\n<meta property=\"article:published_time\" content=\"2025-12-02T12:55:26+00:00\" \/>\n<meta property=\"og:image\" content=\"https:\/\/wpsite-assets.fondazionepirelli.org\/wp-content\/uploads\/2025\/12\/02103053\/71lj-HuFBQL._SL1500_.jpg\" \/>\n\t<meta property=\"og:image:width\" content=\"951\" \/>\n\t<meta property=\"og:image:height\" content=\"1500\" \/>\n\t<meta property=\"og:image:type\" content=\"image\/jpeg\" \/>\n<meta name=\"author\" content=\"fondadmin\" \/>\n<meta name=\"twitter:card\" content=\"summary_large_image\" \/>\n<meta name=\"twitter:label1\" content=\"Scritto da\" \/>\n\t<meta name=\"twitter:data1\" content=\"fondadmin\" \/>\n\t<meta name=\"twitter:label2\" content=\"Tempo di lettura stimato\" \/>\n\t<meta name=\"twitter:data2\" content=\"3 minuti\" \/>\n<script type=\"application\/ld+json\" class=\"yoast-schema-graph\">{\"@context\":\"https:\/\/schema.org\",\"@graph\":[{\"@type\":\"WebPage\",\"@id\":\"https:\/\/www.fondazionepirelli.org\/it\/cultura-dimpresa\/capire-la-democrazia-per-realizzarla-meglio\/\",\"url\":\"https:\/\/www.fondazionepirelli.org\/it\/cultura-dimpresa\/capire-la-democrazia-per-realizzarla-meglio\/\",\"name\":\"Capire la democrazia per realizzarla meglio - Fondazione Pirelli\",\"isPartOf\":{\"@id\":\"https:\/\/www.fondazionepirelli.org\/it\/#website\"},\"primaryImageOfPage\":{\"@id\":\"https:\/\/www.fondazionepirelli.org\/it\/cultura-dimpresa\/capire-la-democrazia-per-realizzarla-meglio\/#primaryimage\"},\"image\":{\"@id\":\"https:\/\/www.fondazionepirelli.org\/it\/cultura-dimpresa\/capire-la-democrazia-per-realizzarla-meglio\/#primaryimage\"},\"thumbnailUrl\":\"https:\/\/wpsite-assets.fondazionepirelli.org\/wp-content\/uploads\/2025\/12\/02103053\/71lj-HuFBQL._SL1500_.jpg\",\"datePublished\":\"2025-12-02T12:55:26+00:00\",\"author\":{\"@id\":\"https:\/\/www.fondazionepirelli.org\/it\/#\/schema\/person\/f47d097000832c4a6e54538c791fdf25\"},\"breadcrumb\":{\"@id\":\"https:\/\/www.fondazionepirelli.org\/it\/cultura-dimpresa\/capire-la-democrazia-per-realizzarla-meglio\/#breadcrumb\"},\"inLanguage\":\"it-IT\",\"potentialAction\":[{\"@type\":\"ReadAction\",\"target\":[\"https:\/\/www.fondazionepirelli.org\/it\/cultura-dimpresa\/capire-la-democrazia-per-realizzarla-meglio\/\"]}]},{\"@type\":\"ImageObject\",\"inLanguage\":\"it-IT\",\"@id\":\"https:\/\/www.fondazionepirelli.org\/it\/cultura-dimpresa\/capire-la-democrazia-per-realizzarla-meglio\/#primaryimage\",\"url\":\"https:\/\/wpsite-assets.fondazionepirelli.org\/wp-content\/uploads\/2025\/12\/02103053\/71lj-HuFBQL._SL1500_.jpg\",\"contentUrl\":\"https:\/\/wpsite-assets.fondazionepirelli.org\/wp-content\/uploads\/2025\/12\/02103053\/71lj-HuFBQL._SL1500_.jpg\",\"width\":951,\"height\":1500},{\"@type\":\"BreadcrumbList\",\"@id\":\"https:\/\/www.fondazionepirelli.org\/it\/cultura-dimpresa\/capire-la-democrazia-per-realizzarla-meglio\/#breadcrumb\",\"itemListElement\":[{\"@type\":\"ListItem\",\"position\":1,\"name\":\"Home\",\"item\":\"https:\/\/www.fondazionepirelli.org\/it\/\"},{\"@type\":\"ListItem\",\"position\":2,\"name\":\"Capire la democrazia per realizzarla meglio\"}]},{\"@type\":\"WebSite\",\"@id\":\"https:\/\/www.fondazionepirelli.org\/it\/#website\",\"url\":\"https:\/\/www.fondazionepirelli.org\/it\/\",\"name\":\"Fondazione Pirelli\",\"description\":\"\",\"potentialAction\":[{\"@type\":\"SearchAction\",\"target\":{\"@type\":\"EntryPoint\",\"urlTemplate\":\"https:\/\/www.fondazionepirelli.org\/it\/?s={search_term_string}\"},\"query-input\":{\"@type\":\"PropertyValueSpecification\",\"valueRequired\":true,\"valueName\":\"search_term_string\"}}],\"inLanguage\":\"it-IT\"},{\"@type\":\"Person\",\"@id\":\"https:\/\/www.fondazionepirelli.org\/it\/#\/schema\/person\/f47d097000832c4a6e54538c791fdf25\",\"name\":\"fondadmin\",\"image\":{\"@type\":\"ImageObject\",\"inLanguage\":\"it-IT\",\"@id\":\"https:\/\/www.fondazionepirelli.org\/it\/#\/schema\/person\/image\/\",\"url\":\"https:\/\/secure.gravatar.com\/avatar\/e69498a9175ca244966e51e53c88712c024fcebe41f9a05f75657f1bb25e489b?s=96&d=mm&r=g\",\"contentUrl\":\"https:\/\/secure.gravatar.com\/avatar\/e69498a9175ca244966e51e53c88712c024fcebe41f9a05f75657f1bb25e489b?s=96&d=mm&r=g\",\"caption\":\"fondadmin\"},\"url\":\"https:\/\/www.fondazionepirelli.org\/it\/author\/fondadmin\/\"}]}<\/script>\n<!-- \/ Yoast SEO plugin. -->","yoast_head_json":{"title":"Capire la democrazia per realizzarla meglio - Fondazione Pirelli","robots":{"index":"index","follow":"follow","max-snippet":"max-snippet:-1","max-image-preview":"max-image-preview:large","max-video-preview":"max-video-preview:-1"},"canonical":"https:\/\/www.fondazionepirelli.org\/it\/cultura-dimpresa\/capire-la-democrazia-per-realizzarla-meglio\/","og_locale":"it_IT","og_type":"article","og_title":"Capire la democrazia per realizzarla meglio - Fondazione Pirelli","og_description":"Ripubblicato un libro fondamentale per comprendere di pi\u00f9 l\u2019agire sociale ed economicoComprendere i concetti dietro ai vocaboli. Operazione necessaria \u2013 sempre \u2013 ancora pi\u00f9 quando ne va dei sistemi sociali ed economici in cui ci si muove. Tornando anche ai classici di tutte le materie, come lo \u00e8 \u201cDemocrazia e definizioni\u201d di Giovanni Sartori, pubblicato [&hellip;]","og_url":"https:\/\/www.fondazionepirelli.org\/it\/cultura-dimpresa\/capire-la-democrazia-per-realizzarla-meglio\/","og_site_name":"Fondazione Pirelli","article_published_time":"2025-12-02T12:55:26+00:00","og_image":[{"width":951,"height":1500,"url":"https:\/\/wpsite-assets.fondazionepirelli.org\/wp-content\/uploads\/2025\/12\/02103053\/71lj-HuFBQL._SL1500_.jpg","type":"image\/jpeg"}],"author":"fondadmin","twitter_card":"summary_large_image","twitter_misc":{"Scritto da":"fondadmin","Tempo di lettura stimato":"3 minuti"},"schema":{"@context":"https:\/\/schema.org","@graph":[{"@type":"WebPage","@id":"https:\/\/www.fondazionepirelli.org\/it\/cultura-dimpresa\/capire-la-democrazia-per-realizzarla-meglio\/","url":"https:\/\/www.fondazionepirelli.org\/it\/cultura-dimpresa\/capire-la-democrazia-per-realizzarla-meglio\/","name":"Capire la democrazia per realizzarla meglio - Fondazione Pirelli","isPartOf":{"@id":"https:\/\/www.fondazionepirelli.org\/it\/#website"},"primaryImageOfPage":{"@id":"https:\/\/www.fondazionepirelli.org\/it\/cultura-dimpresa\/capire-la-democrazia-per-realizzarla-meglio\/#primaryimage"},"image":{"@id":"https:\/\/www.fondazionepirelli.org\/it\/cultura-dimpresa\/capire-la-democrazia-per-realizzarla-meglio\/#primaryimage"},"thumbnailUrl":"https:\/\/wpsite-assets.fondazionepirelli.org\/wp-content\/uploads\/2025\/12\/02103053\/71lj-HuFBQL._SL1500_.jpg","datePublished":"2025-12-02T12:55:26+00:00","author":{"@id":"https:\/\/www.fondazionepirelli.org\/it\/#\/schema\/person\/f47d097000832c4a6e54538c791fdf25"},"breadcrumb":{"@id":"https:\/\/www.fondazionepirelli.org\/it\/cultura-dimpresa\/capire-la-democrazia-per-realizzarla-meglio\/#breadcrumb"},"inLanguage":"it-IT","potentialAction":[{"@type":"ReadAction","target":["https:\/\/www.fondazionepirelli.org\/it\/cultura-dimpresa\/capire-la-democrazia-per-realizzarla-meglio\/"]}]},{"@type":"ImageObject","inLanguage":"it-IT","@id":"https:\/\/www.fondazionepirelli.org\/it\/cultura-dimpresa\/capire-la-democrazia-per-realizzarla-meglio\/#primaryimage","url":"https:\/\/wpsite-assets.fondazionepirelli.org\/wp-content\/uploads\/2025\/12\/02103053\/71lj-HuFBQL._SL1500_.jpg","contentUrl":"https:\/\/wpsite-assets.fondazionepirelli.org\/wp-content\/uploads\/2025\/12\/02103053\/71lj-HuFBQL._SL1500_.jpg","width":951,"height":1500},{"@type":"BreadcrumbList","@id":"https:\/\/www.fondazionepirelli.org\/it\/cultura-dimpresa\/capire-la-democrazia-per-realizzarla-meglio\/#breadcrumb","itemListElement":[{"@type":"ListItem","position":1,"name":"Home","item":"https:\/\/www.fondazionepirelli.org\/it\/"},{"@type":"ListItem","position":2,"name":"Capire la democrazia per realizzarla meglio"}]},{"@type":"WebSite","@id":"https:\/\/www.fondazionepirelli.org\/it\/#website","url":"https:\/\/www.fondazionepirelli.org\/it\/","name":"Fondazione Pirelli","description":"","potentialAction":[{"@type":"SearchAction","target":{"@type":"EntryPoint","urlTemplate":"https:\/\/www.fondazionepirelli.org\/it\/?s={search_term_string}"},"query-input":{"@type":"PropertyValueSpecification","valueRequired":true,"valueName":"search_term_string"}}],"inLanguage":"it-IT"},{"@type":"Person","@id":"https:\/\/www.fondazionepirelli.org\/it\/#\/schema\/person\/f47d097000832c4a6e54538c791fdf25","name":"fondadmin","image":{"@type":"ImageObject","inLanguage":"it-IT","@id":"https:\/\/www.fondazionepirelli.org\/it\/#\/schema\/person\/image\/","url":"https:\/\/secure.gravatar.com\/avatar\/e69498a9175ca244966e51e53c88712c024fcebe41f9a05f75657f1bb25e489b?s=96&d=mm&r=g","contentUrl":"https:\/\/secure.gravatar.com\/avatar\/e69498a9175ca244966e51e53c88712c024fcebe41f9a05f75657f1bb25e489b?s=96&d=mm&r=g","caption":"fondadmin"},"url":"https:\/\/www.fondazionepirelli.org\/it\/author\/fondadmin\/"}]}},"_links":{"self":[{"href":"https:\/\/www.fondazionepirelli.org\/it\/wp-json\/wp\/v2\/posts\/105996\/"}],"collection":[{"href":"https:\/\/www.fondazionepirelli.org\/it\/wp-json\/wp\/v2\/posts\/"}],"about":[{"href":"https:\/\/www.fondazionepirelli.org\/it\/wp-json\/wp\/v2\/types\/post\/"}],"author":[{"embeddable":true,"href":"https:\/\/www.fondazionepirelli.org\/it\/wp-json\/wp\/v2\/users\/1\/"}],"replies":[{"embeddable":true,"href":"https:\/\/www.fondazionepirelli.org\/it\/wp-json\/wp\/v2\/comments\/?post=105996"}],"version-history":[{"count":2,"href":"https:\/\/www.fondazionepirelli.org\/it\/wp-json\/wp\/v2\/posts\/105996\/revisions\/"}],"predecessor-version":[{"id":106000,"href":"https:\/\/www.fondazionepirelli.org\/it\/wp-json\/wp\/v2\/posts\/105996\/revisions\/106000\/"}],"wp:featuredmedia":[{"embeddable":true,"href":"https:\/\/www.fondazionepirelli.org\/it\/wp-json\/wp\/v2\/media\/105998\/"}],"wp:attachment":[{"href":"https:\/\/www.fondazionepirelli.org\/it\/wp-json\/wp\/v2\/media\/?parent=105996"}],"wp:term":[{"taxonomy":"category","embeddable":true,"href":"https:\/\/www.fondazionepirelli.org\/it\/wp-json\/wp\/v2\/categories\/?post=105996"},{"taxonomy":"post_tag","embeddable":true,"href":"https:\/\/www.fondazionepirelli.org\/it\/wp-json\/wp\/v2\/tags\/?post=105996"}],"curies":[{"name":"wp","href":"https:\/\/api.w.org\/{rel}","templated":true}]}}