{"id":106027,"date":"2025-12-04T12:30:58","date_gmt":"2025-12-04T11:30:58","guid":{"rendered":"https:\/\/www.fondazionepirelli.org\/?p=106027"},"modified":"2026-03-02T15:52:45","modified_gmt":"2026-03-02T14:52:45","slug":"ecco-le-terne-finaliste-della-quinta-edizione-del-campiello-junior","status":"publish","type":"post","link":"https:\/\/www.fondazionepirelli.org\/it\/biblioteche\/ecco-le-terne-finaliste-della-quinta-edizione-del-campiello-junior\/","title":{"rendered":"Ecco le Terne Finaliste della quinta edizione del Campiello Junior 2026"},"content":{"rendered":"<p>Il 4 dicembre 2025, nell\u2019Headquarters Pirelli di Milano Bicocca, sono state selezionate le due Terne Finaliste della quinta edizione del Campiello Junior, il premio letterario frutto della sinergia tra Fondazione Il Campiello, Fondazione Pirelli e Pirelli, dedicato a opere di narrativa e poesia italiana che si rivolgono a bambine e bambini dai 7 ai 10 anni e a ragazze e ragazzi dagli 11 ai 14 anni.<\/p>\n<p>La selezione dei titoli finalisti \u00e8 stata affidata a una giuria qualificata, presieduta da Pino Boero, gi\u00e0 professore ordinario di Letteratura per l\u2019infanzia e Pedagogia della lettura, e composta da Chiara Lagani, attrice e drammaturga, Michela Possamai, docente presso l\u2019Universit\u00e0 IUSVE di Venezia, gi\u00e0 membro del Comitato Tecnico del Campiello Giovani, Emma Beseghi, gi\u00e0 professore ordinario di Letteratura per l&#8217;infanzia presso l&#8217;Universit\u00e0 di Bologna e Lea Martina Forti Grazzini, autrice e sceneggiatrice di programmi radio e tv Rai.<\/p>\n<p>Dopo un\u2019attenta valutazione di quasi cento opere partecipanti, per la fascia 7-10 anni sono stati scelti come finalisti: \u201cAlbum per pensare e non pensare\u201d di Mariangela Gualtieri (Bompiani), \u201cIl seminatore di storie e altri strani mestieri\u201d di Michela Guidi (Giangiacomo Feltrinelli editore) e \u201cUn fratellino. Storia di Nanni e Mario\u201d di Rosella Postorino (Adriano Salani editore).<\/p>\n<p>Per la categoria 11-14 anni si contenderanno il premio: \u201cIl talento della rondine\u201d di Matteo Bussola (Adriano Salani editore), \u201cSegui la tigre\u201d di Luisa Mattia (Piemme) e \u201cAdelmo che voleva essere Settimo\u201d di Daniele Mencarelli (Mondadori).<\/p>\n<p>Durante l\u2019evento, presentato da Giancarlo Leone, sono intervenuti anche Antonio Calabr\u00f2, Direttore della Fondazione Pirelli e Stefania Zuccolotto, membro del Comitato di gestione del Premio Campiello.<\/p>\n<p>Sono ora i 240 giovani lettori della Giuria popolare a prendere il testimone: avranno la possibilit\u00e0 di leggere i libri selezionati e votare quello che preferiscono, contribuendo cos\u00ec alla scelta dei vincitori, che saranno proclamati presso il Teatro Comunale di Vicenza gioved\u00ec 16 aprile 2026. L&#8217;evento sar\u00e0 presentato da Armando Traverso di Rai Radio Kids, con la regia di Davide Stefanato, per partecipare clicca <a href=\"https:\/\/www.premiocampiello.org\/confindustria\/siav\/modulo.nsf\/($moduloenabled)\/52DF51C863A24BEDC1258D530046AA08?opendocument\">qui<\/a>.<\/p>\n<p>Grazie alla partnership tra il Campiello Junior e il Salone del Libro di Torino, durante l\u2019edizione 2026 del Salone i ragazzi potranno conoscere i due vincitori.<\/p>\n<p>Per restare aggiornati su tutte le attivit\u00e0 legate al Campiello Junior \u00e8 possibile consultare il sito <a href=\"https:\/\/www.fondazionepirelli.org\">www.fondazionepirelli.org<\/a> oppure seguire i canali social di Fondazione Pirelli e del Premio Campiello.<\/p>\n","protected":false},"excerpt":{"rendered":"<p>Il 4 dicembre 2025, nell\u2019Headquarters Pirelli di Milano Bicocca, sono state selezionate le due Terne Finaliste della quinta edizione del Campiello Junior, il premio letterario frutto della sinergia tra Fondazione Il Campiello, Fondazione Pirelli e Pirelli, dedicato a opere di narrativa e poesia italiana che si rivolgono a bambine e bambini dai 7 ai 10 [&hellip;]<\/p>\n","protected":false},"author":9,"featured_media":106652,"comment_status":"open","ping_status":"open","sticky":false,"template":"","format":"standard","meta":{"footnotes":""},"categories":[61],"tags":[],"class_list":["post-106027","post","type-post","status-publish","format-standard","has-post-thumbnail","hentry","category-biblioteche"],"acf":[],"yoast_head":"<!-- This site is optimized with the Yoast SEO plugin v25.0 - https:\/\/yoast.com\/wordpress\/plugins\/seo\/ -->\n<title>Ecco le Terne Finaliste della quinta edizione del Campiello Junior 2026 - Fondazione Pirelli<\/title>\n<meta name=\"robots\" content=\"index, follow, max-snippet:-1, max-image-preview:large, max-video-preview:-1\" \/>\n<link rel=\"canonical\" href=\"https:\/\/www.fondazionepirelli.org\/it\/biblioteche\/ecco-le-terne-finaliste-della-quinta-edizione-del-campiello-junior\/\" \/>\n<meta property=\"og:locale\" content=\"it_IT\" \/>\n<meta property=\"og:type\" content=\"article\" \/>\n<meta property=\"og:title\" content=\"Ecco le Terne Finaliste della quinta edizione del Campiello Junior 2026 - Fondazione Pirelli\" \/>\n<meta property=\"og:description\" content=\"Il 4 dicembre 2025, nell\u2019Headquarters Pirelli di Milano Bicocca, sono state selezionate le due Terne Finaliste della quinta edizione del Campiello Junior, il premio letterario frutto della sinergia tra Fondazione Il Campiello, Fondazione Pirelli e Pirelli, dedicato a opere di narrativa e poesia italiana che si rivolgono a bambine e bambini dai 7 ai 10 [&hellip;]\" \/>\n<meta property=\"og:url\" content=\"https:\/\/www.fondazionepirelli.org\/it\/biblioteche\/ecco-le-terne-finaliste-della-quinta-edizione-del-campiello-junior\/\" \/>\n<meta property=\"og:site_name\" content=\"Fondazione Pirelli\" \/>\n<meta property=\"article:published_time\" content=\"2025-12-04T11:30:58+00:00\" \/>\n<meta property=\"article:modified_time\" content=\"2026-03-02T14:52:45+00:00\" \/>\n<meta property=\"og:image\" content=\"https:\/\/wpsite-assets.fondazionepirelli.org\/wp-content\/uploads\/2025\/12\/20153226\/Campiello_-1157-_DSC7846-2-scaled.jpg\" \/>\n\t<meta property=\"og:image:width\" content=\"2560\" \/>\n\t<meta property=\"og:image:height\" content=\"1707\" \/>\n\t<meta property=\"og:image:type\" content=\"image\/jpeg\" \/>\n<meta name=\"author\" content=\"fondazionepirelli\" \/>\n<meta name=\"twitter:card\" content=\"summary_large_image\" \/>\n<meta name=\"twitter:label1\" content=\"Scritto da\" \/>\n\t<meta name=\"twitter:data1\" content=\"fondazionepirelli\" \/>\n\t<meta name=\"twitter:label2\" content=\"Tempo di lettura stimato\" \/>\n\t<meta name=\"twitter:data2\" content=\"3 minuti\" \/>\n<script type=\"application\/ld+json\" class=\"yoast-schema-graph\">{\"@context\":\"https:\/\/schema.org\",\"@graph\":[{\"@type\":\"WebPage\",\"@id\":\"https:\/\/www.fondazionepirelli.org\/it\/biblioteche\/ecco-le-terne-finaliste-della-quinta-edizione-del-campiello-junior\/\",\"url\":\"https:\/\/www.fondazionepirelli.org\/it\/biblioteche\/ecco-le-terne-finaliste-della-quinta-edizione-del-campiello-junior\/\",\"name\":\"Ecco le Terne Finaliste della quinta edizione del Campiello Junior 2026 - Fondazione Pirelli\",\"isPartOf\":{\"@id\":\"https:\/\/www.fondazionepirelli.org\/it\/#website\"},\"primaryImageOfPage\":{\"@id\":\"https:\/\/www.fondazionepirelli.org\/it\/biblioteche\/ecco-le-terne-finaliste-della-quinta-edizione-del-campiello-junior\/#primaryimage\"},\"image\":{\"@id\":\"https:\/\/www.fondazionepirelli.org\/it\/biblioteche\/ecco-le-terne-finaliste-della-quinta-edizione-del-campiello-junior\/#primaryimage\"},\"thumbnailUrl\":\"https:\/\/wpsite-assets.fondazionepirelli.org\/wp-content\/uploads\/2025\/12\/20153226\/Campiello_-1157-_DSC7846-2-scaled.jpg\",\"datePublished\":\"2025-12-04T11:30:58+00:00\",\"dateModified\":\"2026-03-02T14:52:45+00:00\",\"author\":{\"@id\":\"https:\/\/www.fondazionepirelli.org\/it\/#\/schema\/person\/c31fcf5937a0e6afa45497f3f8b6d7a0\"},\"breadcrumb\":{\"@id\":\"https:\/\/www.fondazionepirelli.org\/it\/biblioteche\/ecco-le-terne-finaliste-della-quinta-edizione-del-campiello-junior\/#breadcrumb\"},\"inLanguage\":\"it-IT\",\"potentialAction\":[{\"@type\":\"ReadAction\",\"target\":[\"https:\/\/www.fondazionepirelli.org\/it\/biblioteche\/ecco-le-terne-finaliste-della-quinta-edizione-del-campiello-junior\/\"]}]},{\"@type\":\"ImageObject\",\"inLanguage\":\"it-IT\",\"@id\":\"https:\/\/www.fondazionepirelli.org\/it\/biblioteche\/ecco-le-terne-finaliste-della-quinta-edizione-del-campiello-junior\/#primaryimage\",\"url\":\"https:\/\/wpsite-assets.fondazionepirelli.org\/wp-content\/uploads\/2025\/12\/20153226\/Campiello_-1157-_DSC7846-2-scaled.jpg\",\"contentUrl\":\"https:\/\/wpsite-assets.fondazionepirelli.org\/wp-content\/uploads\/2025\/12\/20153226\/Campiello_-1157-_DSC7846-2-scaled.jpg\",\"width\":2560,\"height\":1707},{\"@type\":\"BreadcrumbList\",\"@id\":\"https:\/\/www.fondazionepirelli.org\/it\/biblioteche\/ecco-le-terne-finaliste-della-quinta-edizione-del-campiello-junior\/#breadcrumb\",\"itemListElement\":[{\"@type\":\"ListItem\",\"position\":1,\"name\":\"Home\",\"item\":\"https:\/\/www.fondazionepirelli.org\/it\/\"},{\"@type\":\"ListItem\",\"position\":2,\"name\":\"Ecco le Terne Finaliste della quinta edizione del Campiello Junior 2026\"}]},{\"@type\":\"WebSite\",\"@id\":\"https:\/\/www.fondazionepirelli.org\/it\/#website\",\"url\":\"https:\/\/www.fondazionepirelli.org\/it\/\",\"name\":\"Fondazione Pirelli\",\"description\":\"\",\"potentialAction\":[{\"@type\":\"SearchAction\",\"target\":{\"@type\":\"EntryPoint\",\"urlTemplate\":\"https:\/\/www.fondazionepirelli.org\/it\/?s={search_term_string}\"},\"query-input\":{\"@type\":\"PropertyValueSpecification\",\"valueRequired\":true,\"valueName\":\"search_term_string\"}}],\"inLanguage\":\"it-IT\"},{\"@type\":\"Person\",\"@id\":\"https:\/\/www.fondazionepirelli.org\/it\/#\/schema\/person\/c31fcf5937a0e6afa45497f3f8b6d7a0\",\"name\":\"fondazionepirelli\",\"image\":{\"@type\":\"ImageObject\",\"inLanguage\":\"it-IT\",\"@id\":\"https:\/\/www.fondazionepirelli.org\/it\/#\/schema\/person\/image\/\",\"url\":\"https:\/\/secure.gravatar.com\/avatar\/9cb486421ce1d6eddbf6c4fb66841b4325b786695f7aedf1dde2222428218696?s=96&d=mm&r=g\",\"contentUrl\":\"https:\/\/secure.gravatar.com\/avatar\/9cb486421ce1d6eddbf6c4fb66841b4325b786695f7aedf1dde2222428218696?s=96&d=mm&r=g\",\"caption\":\"fondazionepirelli\"},\"url\":\"https:\/\/www.fondazionepirelli.org\/it\/author\/fondazionepirelli\/\"}]}<\/script>\n<!-- \/ Yoast SEO plugin. -->","yoast_head_json":{"title":"Ecco le Terne Finaliste della quinta edizione del Campiello Junior 2026 - Fondazione Pirelli","robots":{"index":"index","follow":"follow","max-snippet":"max-snippet:-1","max-image-preview":"max-image-preview:large","max-video-preview":"max-video-preview:-1"},"canonical":"https:\/\/www.fondazionepirelli.org\/it\/biblioteche\/ecco-le-terne-finaliste-della-quinta-edizione-del-campiello-junior\/","og_locale":"it_IT","og_type":"article","og_title":"Ecco le Terne Finaliste della quinta edizione del Campiello Junior 2026 - Fondazione Pirelli","og_description":"Il 4 dicembre 2025, nell\u2019Headquarters Pirelli di Milano Bicocca, sono state selezionate le due Terne Finaliste della quinta edizione del Campiello Junior, il premio letterario frutto della sinergia tra Fondazione Il Campiello, Fondazione Pirelli e Pirelli, dedicato a opere di narrativa e poesia italiana che si rivolgono a bambine e bambini dai 7 ai 10 [&hellip;]","og_url":"https:\/\/www.fondazionepirelli.org\/it\/biblioteche\/ecco-le-terne-finaliste-della-quinta-edizione-del-campiello-junior\/","og_site_name":"Fondazione Pirelli","article_published_time":"2025-12-04T11:30:58+00:00","article_modified_time":"2026-03-02T14:52:45+00:00","og_image":[{"width":2560,"height":1707,"url":"https:\/\/wpsite-assets.fondazionepirelli.org\/wp-content\/uploads\/2025\/12\/20153226\/Campiello_-1157-_DSC7846-2-scaled.jpg","type":"image\/jpeg"}],"author":"fondazionepirelli","twitter_card":"summary_large_image","twitter_misc":{"Scritto da":"fondazionepirelli","Tempo di lettura stimato":"3 minuti"},"schema":{"@context":"https:\/\/schema.org","@graph":[{"@type":"WebPage","@id":"https:\/\/www.fondazionepirelli.org\/it\/biblioteche\/ecco-le-terne-finaliste-della-quinta-edizione-del-campiello-junior\/","url":"https:\/\/www.fondazionepirelli.org\/it\/biblioteche\/ecco-le-terne-finaliste-della-quinta-edizione-del-campiello-junior\/","name":"Ecco le Terne Finaliste della quinta edizione del Campiello Junior 2026 - Fondazione Pirelli","isPartOf":{"@id":"https:\/\/www.fondazionepirelli.org\/it\/#website"},"primaryImageOfPage":{"@id":"https:\/\/www.fondazionepirelli.org\/it\/biblioteche\/ecco-le-terne-finaliste-della-quinta-edizione-del-campiello-junior\/#primaryimage"},"image":{"@id":"https:\/\/www.fondazionepirelli.org\/it\/biblioteche\/ecco-le-terne-finaliste-della-quinta-edizione-del-campiello-junior\/#primaryimage"},"thumbnailUrl":"https:\/\/wpsite-assets.fondazionepirelli.org\/wp-content\/uploads\/2025\/12\/20153226\/Campiello_-1157-_DSC7846-2-scaled.jpg","datePublished":"2025-12-04T11:30:58+00:00","dateModified":"2026-03-02T14:52:45+00:00","author":{"@id":"https:\/\/www.fondazionepirelli.org\/it\/#\/schema\/person\/c31fcf5937a0e6afa45497f3f8b6d7a0"},"breadcrumb":{"@id":"https:\/\/www.fondazionepirelli.org\/it\/biblioteche\/ecco-le-terne-finaliste-della-quinta-edizione-del-campiello-junior\/#breadcrumb"},"inLanguage":"it-IT","potentialAction":[{"@type":"ReadAction","target":["https:\/\/www.fondazionepirelli.org\/it\/biblioteche\/ecco-le-terne-finaliste-della-quinta-edizione-del-campiello-junior\/"]}]},{"@type":"ImageObject","inLanguage":"it-IT","@id":"https:\/\/www.fondazionepirelli.org\/it\/biblioteche\/ecco-le-terne-finaliste-della-quinta-edizione-del-campiello-junior\/#primaryimage","url":"https:\/\/wpsite-assets.fondazionepirelli.org\/wp-content\/uploads\/2025\/12\/20153226\/Campiello_-1157-_DSC7846-2-scaled.jpg","contentUrl":"https:\/\/wpsite-assets.fondazionepirelli.org\/wp-content\/uploads\/2025\/12\/20153226\/Campiello_-1157-_DSC7846-2-scaled.jpg","width":2560,"height":1707},{"@type":"BreadcrumbList","@id":"https:\/\/www.fondazionepirelli.org\/it\/biblioteche\/ecco-le-terne-finaliste-della-quinta-edizione-del-campiello-junior\/#breadcrumb","itemListElement":[{"@type":"ListItem","position":1,"name":"Home","item":"https:\/\/www.fondazionepirelli.org\/it\/"},{"@type":"ListItem","position":2,"name":"Ecco le Terne Finaliste della quinta edizione del Campiello Junior 2026"}]},{"@type":"WebSite","@id":"https:\/\/www.fondazionepirelli.org\/it\/#website","url":"https:\/\/www.fondazionepirelli.org\/it\/","name":"Fondazione Pirelli","description":"","potentialAction":[{"@type":"SearchAction","target":{"@type":"EntryPoint","urlTemplate":"https:\/\/www.fondazionepirelli.org\/it\/?s={search_term_string}"},"query-input":{"@type":"PropertyValueSpecification","valueRequired":true,"valueName":"search_term_string"}}],"inLanguage":"it-IT"},{"@type":"Person","@id":"https:\/\/www.fondazionepirelli.org\/it\/#\/schema\/person\/c31fcf5937a0e6afa45497f3f8b6d7a0","name":"fondazionepirelli","image":{"@type":"ImageObject","inLanguage":"it-IT","@id":"https:\/\/www.fondazionepirelli.org\/it\/#\/schema\/person\/image\/","url":"https:\/\/secure.gravatar.com\/avatar\/9cb486421ce1d6eddbf6c4fb66841b4325b786695f7aedf1dde2222428218696?s=96&d=mm&r=g","contentUrl":"https:\/\/secure.gravatar.com\/avatar\/9cb486421ce1d6eddbf6c4fb66841b4325b786695f7aedf1dde2222428218696?s=96&d=mm&r=g","caption":"fondazionepirelli"},"url":"https:\/\/www.fondazionepirelli.org\/it\/author\/fondazionepirelli\/"}]}},"_links":{"self":[{"href":"https:\/\/www.fondazionepirelli.org\/it\/wp-json\/wp\/v2\/posts\/106027\/"}],"collection":[{"href":"https:\/\/www.fondazionepirelli.org\/it\/wp-json\/wp\/v2\/posts\/"}],"about":[{"href":"https:\/\/www.fondazionepirelli.org\/it\/wp-json\/wp\/v2\/types\/post\/"}],"author":[{"embeddable":true,"href":"https:\/\/www.fondazionepirelli.org\/it\/wp-json\/wp\/v2\/users\/9\/"}],"replies":[{"embeddable":true,"href":"https:\/\/www.fondazionepirelli.org\/it\/wp-json\/wp\/v2\/comments\/?post=106027"}],"version-history":[{"count":9,"href":"https:\/\/www.fondazionepirelli.org\/it\/wp-json\/wp\/v2\/posts\/106027\/revisions\/"}],"predecessor-version":[{"id":106809,"href":"https:\/\/www.fondazionepirelli.org\/it\/wp-json\/wp\/v2\/posts\/106027\/revisions\/106809\/"}],"wp:featuredmedia":[{"embeddable":true,"href":"https:\/\/www.fondazionepirelli.org\/it\/wp-json\/wp\/v2\/media\/106652\/"}],"wp:attachment":[{"href":"https:\/\/www.fondazionepirelli.org\/it\/wp-json\/wp\/v2\/media\/?parent=106027"}],"wp:term":[{"taxonomy":"category","embeddable":true,"href":"https:\/\/www.fondazionepirelli.org\/it\/wp-json\/wp\/v2\/categories\/?post=106027"},{"taxonomy":"post_tag","embeddable":true,"href":"https:\/\/www.fondazionepirelli.org\/it\/wp-json\/wp\/v2\/tags\/?post=106027"}],"curies":[{"name":"wp","href":"https:\/\/api.w.org\/{rel}","templated":true}]}}