{"id":106067,"date":"2025-12-09T13:15:59","date_gmt":"2025-12-09T12:15:59","guid":{"rendered":"https:\/\/www.fondazionepirelli.org\/?p=106067"},"modified":"2025-12-12T14:27:37","modified_gmt":"2025-12-12T13:27:37","slug":"la-cultura-della-diversita-che-crea-sviluppo","status":"publish","type":"post","link":"https:\/\/www.fondazionepirelli.org\/it\/cultura-dimpresa\/approfondimenti\/la-cultura-della-diversita-che-crea-sviluppo\/","title":{"rendered":"La cultura della diversit\u00e0 che crea sviluppo"},"content":{"rendered":"<p><em>Una ricerca discussa presso l\u2019Universit\u00e0 di Padova mette a fuoco regole, strumenti e percorsi per l\u2019inserimento nelle imprese delle persone immigrate<\/em><\/p><p><em>Diversity management<\/em>, ovvero gestione della diversit\u00e0. Per crescere mettendo a frutto culture diverse, arricchendosi condividendo e non separando. Nella societ\u00e0 come nell\u2019economia. Teoricamente l\u2019approccio \u00e8 giusto e facile, la realt\u00e0 \u2013 spesso \u2013 indica tutt\u2019altra cosa. Victoria Chitoroaga indaga uno degli aspetti forse pi\u00f9 controversi del tema e ne sintetizza i risultati in un lavoro che ha preso forma di tesi discussa presso l\u2019Universit\u00e0 di Padova.<\/p>\n<p>\u201cGestione interculturale delle risorse umane: inserimento e sviluppo del personale straniero in Italia\u201d, questo il titolo dato al lavoro, affronta, viene spiegato nelle prime righe, \u201cil tema della gestione interculturale delle risorse umane in Italia, focalizzandosi in particolare sulle strategie di inserimento e sviluppo del personale immigrato\u201d. Tema di discussione pi\u00f9 che importante perch\u00e9 si inserisce \u201cin un dibattito attuale che coinvolge sfera aziendale, istituzioni, societ\u00e0 civile e sistema formativo\u201d e che offre spunti per riflettere sulle relazioni che si creano nei sistemi sociali e produttivi alle prese con le persone immigrate.<\/p>\n<p>Chitoroaga, tuttavia, aggiunge un altro elemento nel suo ragionamento, e cio\u00e8 la \u201crilevanza strategica della diversit\u00e0 in una societ\u00e0 sempre pi\u00f9 interconnessa\u201d e quindi l\u2019importanza delle risorse multiculturali come elementi per affrontare meglio i problemi e le opportunit\u00e0 del momento.<\/p>\n<p>Obiettivo principale del lavoro \u00e8 identificare e analizzare le strategie pi\u00f9 efficaci per l\u2019inserimento e la valorizzazione del personale immigrato nelle organizzazioni italiane. Un traguardo che Chitoroaga cerca di raggiungere individuando le pratiche in grado di promuovere realmente inclusione e sviluppo professionale nel lungo periodo.<\/p>\n<p>Il lavoro inizia quindi con un quadro delle regole sull\u2019immigrazione in Italia e passa subito dopo al tema centrale: la gestione interculturale delle risorse umane e quindi ai metodi di inserimento lavorativo deli immigrati e alle leve per favorire un loro sviluppo professionale. \u00a0Un\u2019attenzione specifica \u00e8 rivolta all\u2019analisi delle barriere esistenti: dai pregiudizi culturali alle difficolt\u00e0 linguistiche e ai limiti nel riconoscimento delle competenze e alla ricerca di soluzioni per il loro superamento.<\/p>\n<p><strong>\u00a0<\/strong><\/p>\n<p><strong>\u00a0<\/strong><\/p>\n<p><a href=\"https:\/\/wpsite-assets.fondazionepirelli.org\/wp-content\/uploads\/2025\/12\/12142648\/ChitoroagaV_Tesi_mtr.2103349-1.pdf\"><strong>Gestione interculturale delle risorse umane: inserimento e sviluppo del personale straniero in Italia<\/strong><\/a><\/p>\n<p>Victoria Chitoroaga<\/p>\n<p>Tesi, Universit\u00e0 degli Studi di Padova Dipartimento di Scienze Politiche, Giuridiche e Studi Internazionali Corso di Laurea Magistrale in Scienze del Governo e Politiche Pubbliche, 2025<\/p>","protected":false},"excerpt":{"rendered":"<p>Una ricerca discussa presso l\u2019Universit\u00e0 di Padova mette a fuoco regole, strumenti e percorsi per l\u2019inserimento nelle imprese delle persone immigrateDiversity management, ovvero gestione della diversit\u00e0. Per crescere mettendo a frutto culture diverse, arricchendosi condividendo e non separando. Nella societ\u00e0 come nell\u2019economia. Teoricamente l\u2019approccio \u00e8 giusto e facile, la realt\u00e0 \u2013 spesso \u2013 indica tutt\u2019altra [&hellip;]<\/p>\n","protected":false},"author":1,"featured_media":0,"comment_status":"open","ping_status":"open","sticky":false,"template":"","format":"standard","meta":{"footnotes":""},"categories":[54,52],"tags":[],"class_list":["post-106067","post","type-post","status-publish","format-standard","hentry","category-approfondimenti","category-cultura-dimpresa"],"acf":[],"yoast_head":"<!-- This site is optimized with the Yoast SEO plugin v25.0 - https:\/\/yoast.com\/wordpress\/plugins\/seo\/ -->\n<title>La cultura della diversit\u00e0 che crea sviluppo - Fondazione Pirelli<\/title>\n<meta name=\"robots\" content=\"index, follow, max-snippet:-1, max-image-preview:large, max-video-preview:-1\" \/>\n<link rel=\"canonical\" href=\"https:\/\/www.fondazionepirelli.org\/it\/cultura-dimpresa\/approfondimenti\/la-cultura-della-diversita-che-crea-sviluppo\/\" \/>\n<meta property=\"og:locale\" content=\"it_IT\" \/>\n<meta property=\"og:type\" content=\"article\" \/>\n<meta property=\"og:title\" content=\"La cultura della diversit\u00e0 che crea sviluppo - Fondazione Pirelli\" \/>\n<meta property=\"og:description\" content=\"Una ricerca discussa presso l\u2019Universit\u00e0 di Padova mette a fuoco regole, strumenti e percorsi per l\u2019inserimento nelle imprese delle persone immigrateDiversity management, ovvero gestione della diversit\u00e0. Per crescere mettendo a frutto culture diverse, arricchendosi condividendo e non separando. Nella societ\u00e0 come nell\u2019economia. Teoricamente l\u2019approccio \u00e8 giusto e facile, la realt\u00e0 \u2013 spesso \u2013 indica tutt\u2019altra [&hellip;]\" \/>\n<meta property=\"og:url\" content=\"https:\/\/www.fondazionepirelli.org\/it\/cultura-dimpresa\/approfondimenti\/la-cultura-della-diversita-che-crea-sviluppo\/\" \/>\n<meta property=\"og:site_name\" content=\"Fondazione Pirelli\" \/>\n<meta property=\"article:published_time\" content=\"2025-12-09T12:15:59+00:00\" \/>\n<meta property=\"article:modified_time\" content=\"2025-12-12T13:27:37+00:00\" \/>\n<meta name=\"author\" content=\"fondadmin\" \/>\n<meta name=\"twitter:card\" content=\"summary_large_image\" \/>\n<meta name=\"twitter:label1\" content=\"Scritto da\" \/>\n\t<meta name=\"twitter:data1\" content=\"fondadmin\" \/>\n\t<meta name=\"twitter:label2\" content=\"Tempo di lettura stimato\" \/>\n\t<meta name=\"twitter:data2\" content=\"2 minuti\" \/>\n<script type=\"application\/ld+json\" class=\"yoast-schema-graph\">{\"@context\":\"https:\/\/schema.org\",\"@graph\":[{\"@type\":\"WebPage\",\"@id\":\"https:\/\/www.fondazionepirelli.org\/it\/cultura-dimpresa\/approfondimenti\/la-cultura-della-diversita-che-crea-sviluppo\/\",\"url\":\"https:\/\/www.fondazionepirelli.org\/it\/cultura-dimpresa\/approfondimenti\/la-cultura-della-diversita-che-crea-sviluppo\/\",\"name\":\"La cultura della diversit\u00e0 che crea sviluppo - Fondazione Pirelli\",\"isPartOf\":{\"@id\":\"https:\/\/www.fondazionepirelli.org\/it\/#website\"},\"datePublished\":\"2025-12-09T12:15:59+00:00\",\"dateModified\":\"2025-12-12T13:27:37+00:00\",\"author\":{\"@id\":\"https:\/\/www.fondazionepirelli.org\/it\/#\/schema\/person\/f47d097000832c4a6e54538c791fdf25\"},\"breadcrumb\":{\"@id\":\"https:\/\/www.fondazionepirelli.org\/it\/cultura-dimpresa\/approfondimenti\/la-cultura-della-diversita-che-crea-sviluppo\/#breadcrumb\"},\"inLanguage\":\"it-IT\",\"potentialAction\":[{\"@type\":\"ReadAction\",\"target\":[\"https:\/\/www.fondazionepirelli.org\/it\/cultura-dimpresa\/approfondimenti\/la-cultura-della-diversita-che-crea-sviluppo\/\"]}]},{\"@type\":\"BreadcrumbList\",\"@id\":\"https:\/\/www.fondazionepirelli.org\/it\/cultura-dimpresa\/approfondimenti\/la-cultura-della-diversita-che-crea-sviluppo\/#breadcrumb\",\"itemListElement\":[{\"@type\":\"ListItem\",\"position\":1,\"name\":\"Home\",\"item\":\"https:\/\/www.fondazionepirelli.org\/it\/\"},{\"@type\":\"ListItem\",\"position\":2,\"name\":\"La cultura della diversit\u00e0 che crea sviluppo\"}]},{\"@type\":\"WebSite\",\"@id\":\"https:\/\/www.fondazionepirelli.org\/it\/#website\",\"url\":\"https:\/\/www.fondazionepirelli.org\/it\/\",\"name\":\"Fondazione Pirelli\",\"description\":\"\",\"potentialAction\":[{\"@type\":\"SearchAction\",\"target\":{\"@type\":\"EntryPoint\",\"urlTemplate\":\"https:\/\/www.fondazionepirelli.org\/it\/?s={search_term_string}\"},\"query-input\":{\"@type\":\"PropertyValueSpecification\",\"valueRequired\":true,\"valueName\":\"search_term_string\"}}],\"inLanguage\":\"it-IT\"},{\"@type\":\"Person\",\"@id\":\"https:\/\/www.fondazionepirelli.org\/it\/#\/schema\/person\/f47d097000832c4a6e54538c791fdf25\",\"name\":\"fondadmin\",\"image\":{\"@type\":\"ImageObject\",\"inLanguage\":\"it-IT\",\"@id\":\"https:\/\/www.fondazionepirelli.org\/it\/#\/schema\/person\/image\/\",\"url\":\"https:\/\/secure.gravatar.com\/avatar\/e69498a9175ca244966e51e53c88712c024fcebe41f9a05f75657f1bb25e489b?s=96&d=mm&r=g\",\"contentUrl\":\"https:\/\/secure.gravatar.com\/avatar\/e69498a9175ca244966e51e53c88712c024fcebe41f9a05f75657f1bb25e489b?s=96&d=mm&r=g\",\"caption\":\"fondadmin\"},\"url\":\"https:\/\/www.fondazionepirelli.org\/it\/author\/fondadmin\/\"}]}<\/script>\n<!-- \/ Yoast SEO plugin. -->","yoast_head_json":{"title":"La cultura della diversit\u00e0 che crea sviluppo - Fondazione Pirelli","robots":{"index":"index","follow":"follow","max-snippet":"max-snippet:-1","max-image-preview":"max-image-preview:large","max-video-preview":"max-video-preview:-1"},"canonical":"https:\/\/www.fondazionepirelli.org\/it\/cultura-dimpresa\/approfondimenti\/la-cultura-della-diversita-che-crea-sviluppo\/","og_locale":"it_IT","og_type":"article","og_title":"La cultura della diversit\u00e0 che crea sviluppo - Fondazione Pirelli","og_description":"Una ricerca discussa presso l\u2019Universit\u00e0 di Padova mette a fuoco regole, strumenti e percorsi per l\u2019inserimento nelle imprese delle persone immigrateDiversity management, ovvero gestione della diversit\u00e0. Per crescere mettendo a frutto culture diverse, arricchendosi condividendo e non separando. Nella societ\u00e0 come nell\u2019economia. Teoricamente l\u2019approccio \u00e8 giusto e facile, la realt\u00e0 \u2013 spesso \u2013 indica tutt\u2019altra [&hellip;]","og_url":"https:\/\/www.fondazionepirelli.org\/it\/cultura-dimpresa\/approfondimenti\/la-cultura-della-diversita-che-crea-sviluppo\/","og_site_name":"Fondazione Pirelli","article_published_time":"2025-12-09T12:15:59+00:00","article_modified_time":"2025-12-12T13:27:37+00:00","author":"fondadmin","twitter_card":"summary_large_image","twitter_misc":{"Scritto da":"fondadmin","Tempo di lettura stimato":"2 minuti"},"schema":{"@context":"https:\/\/schema.org","@graph":[{"@type":"WebPage","@id":"https:\/\/www.fondazionepirelli.org\/it\/cultura-dimpresa\/approfondimenti\/la-cultura-della-diversita-che-crea-sviluppo\/","url":"https:\/\/www.fondazionepirelli.org\/it\/cultura-dimpresa\/approfondimenti\/la-cultura-della-diversita-che-crea-sviluppo\/","name":"La cultura della diversit\u00e0 che crea sviluppo - Fondazione Pirelli","isPartOf":{"@id":"https:\/\/www.fondazionepirelli.org\/it\/#website"},"datePublished":"2025-12-09T12:15:59+00:00","dateModified":"2025-12-12T13:27:37+00:00","author":{"@id":"https:\/\/www.fondazionepirelli.org\/it\/#\/schema\/person\/f47d097000832c4a6e54538c791fdf25"},"breadcrumb":{"@id":"https:\/\/www.fondazionepirelli.org\/it\/cultura-dimpresa\/approfondimenti\/la-cultura-della-diversita-che-crea-sviluppo\/#breadcrumb"},"inLanguage":"it-IT","potentialAction":[{"@type":"ReadAction","target":["https:\/\/www.fondazionepirelli.org\/it\/cultura-dimpresa\/approfondimenti\/la-cultura-della-diversita-che-crea-sviluppo\/"]}]},{"@type":"BreadcrumbList","@id":"https:\/\/www.fondazionepirelli.org\/it\/cultura-dimpresa\/approfondimenti\/la-cultura-della-diversita-che-crea-sviluppo\/#breadcrumb","itemListElement":[{"@type":"ListItem","position":1,"name":"Home","item":"https:\/\/www.fondazionepirelli.org\/it\/"},{"@type":"ListItem","position":2,"name":"La cultura della diversit\u00e0 che crea sviluppo"}]},{"@type":"WebSite","@id":"https:\/\/www.fondazionepirelli.org\/it\/#website","url":"https:\/\/www.fondazionepirelli.org\/it\/","name":"Fondazione Pirelli","description":"","potentialAction":[{"@type":"SearchAction","target":{"@type":"EntryPoint","urlTemplate":"https:\/\/www.fondazionepirelli.org\/it\/?s={search_term_string}"},"query-input":{"@type":"PropertyValueSpecification","valueRequired":true,"valueName":"search_term_string"}}],"inLanguage":"it-IT"},{"@type":"Person","@id":"https:\/\/www.fondazionepirelli.org\/it\/#\/schema\/person\/f47d097000832c4a6e54538c791fdf25","name":"fondadmin","image":{"@type":"ImageObject","inLanguage":"it-IT","@id":"https:\/\/www.fondazionepirelli.org\/it\/#\/schema\/person\/image\/","url":"https:\/\/secure.gravatar.com\/avatar\/e69498a9175ca244966e51e53c88712c024fcebe41f9a05f75657f1bb25e489b?s=96&d=mm&r=g","contentUrl":"https:\/\/secure.gravatar.com\/avatar\/e69498a9175ca244966e51e53c88712c024fcebe41f9a05f75657f1bb25e489b?s=96&d=mm&r=g","caption":"fondadmin"},"url":"https:\/\/www.fondazionepirelli.org\/it\/author\/fondadmin\/"}]}},"_links":{"self":[{"href":"https:\/\/www.fondazionepirelli.org\/it\/wp-json\/wp\/v2\/posts\/106067\/"}],"collection":[{"href":"https:\/\/www.fondazionepirelli.org\/it\/wp-json\/wp\/v2\/posts\/"}],"about":[{"href":"https:\/\/www.fondazionepirelli.org\/it\/wp-json\/wp\/v2\/types\/post\/"}],"author":[{"embeddable":true,"href":"https:\/\/www.fondazionepirelli.org\/it\/wp-json\/wp\/v2\/users\/1\/"}],"replies":[{"embeddable":true,"href":"https:\/\/www.fondazionepirelli.org\/it\/wp-json\/wp\/v2\/comments\/?post=106067"}],"version-history":[{"count":2,"href":"https:\/\/www.fondazionepirelli.org\/it\/wp-json\/wp\/v2\/posts\/106067\/revisions\/"}],"predecessor-version":[{"id":106093,"href":"https:\/\/www.fondazionepirelli.org\/it\/wp-json\/wp\/v2\/posts\/106067\/revisions\/106093\/"}],"wp:attachment":[{"href":"https:\/\/www.fondazionepirelli.org\/it\/wp-json\/wp\/v2\/media\/?parent=106067"}],"wp:term":[{"taxonomy":"category","embeddable":true,"href":"https:\/\/www.fondazionepirelli.org\/it\/wp-json\/wp\/v2\/categories\/?post=106067"},{"taxonomy":"post_tag","embeddable":true,"href":"https:\/\/www.fondazionepirelli.org\/it\/wp-json\/wp\/v2\/tags\/?post=106067"}],"curies":[{"name":"wp","href":"https:\/\/api.w.org\/{rel}","templated":true}]}}