{"id":106348,"date":"2026-01-20T11:55:45","date_gmt":"2026-01-20T10:55:45","guid":{"rendered":"https:\/\/www.fondazionepirelli.org\/?p=106348"},"modified":"2026-01-20T11:55:45","modified_gmt":"2026-01-20T10:55:45","slug":"il-ruolo-delleuropa-attrarre-talenti-da-tutto-il-mondo-per-ricerca-innovazione-tecnologie-e-formazione","status":"publish","type":"post","link":"https:\/\/www.fondazionepirelli.org\/it\/cultura-dimpresa\/blog\/il-ruolo-delleuropa-attrarre-talenti-da-tutto-il-mondo-per-ricerca-innovazione-tecnologie-e-formazione\/","title":{"rendered":"Il ruolo dell\u2019Europa: attrarre talenti da tutto il mondo per ricerca, innovazione, tecnologie e formazione"},"content":{"rendered":"<p>Andare alla ricerca del senso e del ruolo dell\u2019Europa, nella stagione della sua radicale, drammatica crisi, quando persino i suoi ex tradizionali amici si impegnano, con sarcasmo e talvolta con disprezzo, a ribadirne l\u2019irrilevanza. E non rassegnarsi alla previsione pessimista del <strong>\u201cFinancial Times\u201d<\/strong> che la vede ridotta a un Grand Hotel, per vacanze lussuose dei nuovi ricchi e potenti del mondo.<\/p>\n<p><strong>Mario Draghi<\/strong>, commentando il <strong>Premio Carlo Magno<\/strong>, appena ricevuto per il suo impegno per l\u2019unit\u00e0 europea, \u00e8 costretto a commentare: \u201cL\u2019Europa ha molti nemici, forse pi\u00f9 che mai, sia interni che esterni. E dobbiamo diventare pi\u00f9 forti: militarmente, economicamente, politicamente\u201d. Una nuova scossa, perch\u00e9 l\u2019Europa si rimetta orgogliosamente ed efficacemente in piedi, come l\u2019attore politico che ancora non \u00e8 ma che \u00e8 indispensabile diventi rapidamente.<\/p>\n<p>Dunque, innanzitutto, serve individuare, pur nella crisi, i punti di forza, resistenza e ripresa e cio\u00e8 \u201ccercare e saper riconoscere chi e cosa, in mezzo all\u2019inferno, non \u00e8 inferno, e farlo durare e dargli spazio\u201d, seguendo la lezione di Italo Calvino ne \u201cLe citt\u00e0 invisibili\u201d.<\/p>\n<p>Cosa non \u00e8 inferno? Leggere la storia dal punto di vista delle \u201cmadri dell\u2019Europa\u201d, per esempio, valorizzando il <em>soft power <\/em>femminile, quella <strong>cultura delle relazioni <\/strong>e del governo della complessit\u00e0 tutta all\u2019opposto dell\u2019esibizione della potenza e prepotenza \u201cmaschile\u201d oggi tanto di moda (ne abbiamo parlato nel blog della scorsa settimana). Un radicale cambio di cultura politica, un \u201cnuovo senso del dovere\u201d e del futuro da perseguire.<\/p>\n<p>Oppure seguire \u201cil filo infinito\u201d &#8211; un filo culturale e spirituale, un percorso di idee e valori &#8211; che porta <strong>Paolo Rumiz<\/strong>, nel viaggio tra le abbazie benedettine (proprio quelle in cui, seguendo la regola di San Benedetto dell\u2019<em>ora et labora<\/em>, sono nate le radici dell\u2019Europa) a cercare di capire come muoversi nel tempo del \u201cdisfacimento\u201d e dell\u2019attacco \u201call\u2019Europa dei diritti\u201d, verificando pure come costruire \u201cun argine alla sua dissoluzione\u201d, una ragione spirituale, culturale, civile e dunque anche politica. E trovandone un\u2019ipotesi: \u201cNel mio vagabondare ho scoperto di pensare cristiano, ma cristiano in quanto greco, appartenente alla civilt\u00e0 della parola libera, dell\u2019ascolto paziente, della perpetua ricerca del vero e della supremazia del <em>dia logos<\/em> sulle tentazioni veterotestamentarie della spada e della vendetta\u201d, \u201cil cristianesimo sinodale e democratico delle origini\u201d (de \u201cIl filo infinito\u201d \u00e8 appena uscita una nuova edizione Feltrinelli, da leggere con appassionata attenzione). Una radicale rilettura di metodi e culture dello stare insieme, una \u201cspiritualit\u00e0\u201d cui informare scelte e relazioni, una dimensione di valori civili (la <em>polis<\/em>, la <em>civitas\u2026<\/em>) che non potranno non ispirare una nuova buona politica e una religiosit\u00e0 dialogante, i cui valori non siano ispirati al <em>Gott mit uns <\/em>dei nuovi e vecchi oltranzisti della fede e tengano invece conto della lezione ancora viva di <strong>Papa Francesco<\/strong> sul bisogno di costruire ponti e non muri.<\/p>\n<p>C\u2019\u00e8 anche una terza direzione verso cui muoversi, ben sapendo che le strade dense di ipotesi di buon futuro finiscono per convergere (anche questa \u00e8 una lezione benedettina, sul dove fare sorgere le abbazie): quella del maggiore e migliore <strong>coinvolgimento delle nuove generazioni<\/strong>.<\/p>\n<p>La sfida per l\u2019Europa \u00e8 chiara: investire massicciamente per diventare un polo attrattivo non solo per i suoi giovani, che sono cresciuti come <strong>\u201cgenerazione Erasmus\u201d<\/strong> e dunque abituati a muoversi per lavorare nei vari paesi europei considerati come un \u201cunico mercato\u201d (un obiettivo che sta da tempo nelle indicazioni del Rapporto curato da Enrico Letta per la Commissione Ue, accanto agli altri \u201cmercati unici\u201d di beni, capitali e servizi) ma anche per le ragazze e i ragazzi che guardano all\u2019Europa, alla vastit\u00e0 e variet\u00e0 della sua cultura, alle sue libert\u00e0 e alle tante opportunit\u00e0, partendo dal grande bacino del Mediterraneo, dai paesi del Golfo Arabo, dall\u2019Africa ma adesso anche dagli stessi Usa, man mano che le scelte politiche della Casa Bianca limitano le libert\u00e0 di ricerca, di sperimentazione e di studio in quelli che sono sempre stati i principali attrattori universitari e scientifici internazionali (da Harvard alla Columbia, da Stanford a Berkeley).<\/p>\n<p>Servono scelte politiche Ue, per andare in questa direzione. Contro i protezionismi. E sulla ricerca scientifica e sulla formazione, innanzitutto. Investire risorse consistenti sui laboratori e le imprese high tech. E favorire le riforme sulla mobilit\u00e0 del mercato del lavoro. Ma anche fare crescere i salari, in Italia in particolare troppo bassi rispetto al resto dell\u2019Europa (un laureato tedesco guadagna l\u201980% in pi\u00f9 di un laureato italiano a parit\u00e0 di livelli formativi e professionali).<\/p>\n<p>Eccola, la sfida: <strong>un grande piano Ue<\/strong>, analogo al Next Generation Eu, per fare dell\u2019Europa una straordinaria piattaforma economica, scientifica e tecnologica in cui convivono, in modo originale, manifattura d\u2019avanguardia, sofisticati processi di conoscenza e strumenti dell\u2019Artificial Intelligence ben diversi da quelli dominanti finora negli Usa (un grande mercato con poche regole e grandi capitali) e in Cina (un dirigismo statuale e politico con massicci supporti pubblici). L\u2019Europa, insomma, ha a disposizione uno straordinario capitale sociale e culturale. Deve saperne fare rapidamente un elemento di forza economica e politica nel confronto sia con i grandi Stati che con la stesse Big Tech.<\/p>\n<p>\u201cTra i colossi di Cina e Usa la via italiana all\u2019intelligenza artificiale\u201d, ha documentato, con una lunga inchiesta, <strong>Stefano Cingolani<\/strong> su \u201cIl Foglio\u201d (17 gennaio), scrivendo su \u201ccome umanizzare l\u2019algoritmo\u201d e notando che \u201cil modello europeo si fa strada e l\u2019Italia ha un posto tutto suo. Tra universit\u00e0, laboratori e imprese c\u2019\u00e8 un brulicare di nuove idee e menti brillanti\u201d e facendo esempi concreti di aziende, anche piccole ma molto innovative, in cui i nuovi prodotti di una sofisticata robotica si legano a un uso accorto dell\u2019AI nel processare dati e costruire algoritmi utilissimi per la ricerca, il controllo dei processi produttivi, la manutenzione predittiva, la sicurezza (anche rispetto al cybercrime), la logistica, etc.<\/p>\n<p>Analogo il racconto che fa La Stampa nella lunga inchiesta a puntate su <strong>\u201cIl bosco del futuro\u201d<\/strong>. Una testimonianza tra tante, \u00e8 quella di <strong>Andrea Bellini<\/strong>, professore al Max Plank Institute di Berlino: \u201cLavoriamo per creare le cellule del futuro. Artificiali ma intelligenti\u201d (18 gennaio).<\/p>\n<p>L\u2019Europa, da questo punto di vista, \u00e8 in movimento, tra scienza, tecnologia e impresa. Frenata da una tendenza regolatrice burocratica e inefficiente (come molti processi del mondo Ue). Ma anche forte di una straordinaria diversit\u00e0 di culture, da una forza manifatturiera ancora rilevante e dalla consapevolezza della necessit\u00e0 di costruire rapidamente un suo ruolo autonomo, nel contesto dell\u2019alleanza privilegiata con gli Usa, ma pure con altre dinamiche aree del mondo (l\u2019accordo con il <strong>Mercosur<\/strong>, appena firmato, ne \u00e8 conferma: abbattere barriere commerciali, costruire ponti per scambi migliori).<\/p>\n<p>Se questo \u00e8 il contesto, l\u2019<strong>Italia<\/strong> ha molto da fare per stare al passo con il resto della Ue. E deve sapere ascoltatore con grande attenzione le indicazioni che pochi giorni fa proprio il <strong>Governatore della Banca d\u2019Italia<\/strong>, <strong>Fabio Panetta<\/strong>, ha dato con grande chiarezza nel discorso di inaugurazione dell\u2019Anno Accademico all\u2019Universit\u00e0 di Messina (con un omaggio a un insegnante d\u2019eccezione di quell\u2019Ateneo, Gaetano Salvemini): spendere di pi\u00f9 in istruzione e fare crescere la produttivit\u00e0 delle nostre imprese e soprattutto del Sistema Italia nel suo complesso, a cominciare dalla Pubblica amministrazione e dai servizi pubblici, in modo da poter fare crescere anche salari e stipendi, attualmente tra i peggiori d\u2019Europa (d\u2019altronde in Italia la produttivit\u00e0 \u00e8 ferma da un quarto di secolo).<\/p>\n<p>Eccola, allora la strada dell\u2019Europa e quella dell\u2019Italia nel contesto europeo: <strong>investire sulla conoscenza<\/strong>. E di questo fare leva per l\u2019attrattivit\u00e0 dei nostri ragazzi e delle nostre ragazze (fermare la \u201cfuga dei cervelli e favorirne il ritorno) ma anche per arruolare nuovi talenti internazionali e allargare e stimolare il mercato del lavoro, l\u2019innovazione, la crescita economica.<\/p>\n<p>Sfida difficile, naturalmente. Ma tutt\u2019altro che persa. C\u2019\u00e8 bisogno, semmai, di chiarezza e lungimiranza politica: meno soldi per pensioni e sussidi di favore a categorie elettoralmente rilevanti, maggiori risorse su istruzione, formazione, innovazione.<\/p>\n<p>\u201cAdesso che abbiamo i conti pubblici a posto, dobbiamo investire sui giovani\u201d, sostiene <strong>Elsa Fornero<\/strong>, economista, ex ministro del Lavoro nel governo Monti (La Stampa, 17 gennaio). Ha proprio ragione.<\/p><p><em>(foto Getty Images)<\/em><\/p>\n","protected":false},"excerpt":{"rendered":"<p>Andare alla ricerca del senso e del ruolo dell\u2019Europa, nella stagione della sua radicale, drammatica crisi, quando persino i suoi ex tradizionali amici si impegnano, con sarcasmo e talvolta con disprezzo, a ribadirne l\u2019irrilevanza. E non rassegnarsi alla previsione pessimista del \u201cFinancial Times\u201d che la vede ridotta a un Grand Hotel, per vacanze lussuose dei [&hellip;]<\/p>\n","protected":false},"author":1,"featured_media":106352,"comment_status":"open","ping_status":"open","sticky":false,"template":"","format":"standard","meta":{"footnotes":""},"categories":[53,52],"tags":[],"class_list":["post-106348","post","type-post","status-publish","format-standard","has-post-thumbnail","hentry","category-blog","category-cultura-dimpresa"],"acf":[],"yoast_head":"<!-- This site is optimized with the Yoast SEO plugin v25.0 - https:\/\/yoast.com\/wordpress\/plugins\/seo\/ -->\n<title>Il ruolo dell\u2019Europa: attrarre talenti da tutto il mondo per ricerca, innovazione, tecnologie e formazione - Fondazione Pirelli<\/title>\n<meta name=\"robots\" content=\"index, follow, max-snippet:-1, max-image-preview:large, max-video-preview:-1\" \/>\n<link rel=\"canonical\" href=\"https:\/\/www.fondazionepirelli.org\/it\/cultura-dimpresa\/blog\/il-ruolo-delleuropa-attrarre-talenti-da-tutto-il-mondo-per-ricerca-innovazione-tecnologie-e-formazione\/\" \/>\n<meta property=\"og:locale\" content=\"it_IT\" \/>\n<meta property=\"og:type\" content=\"article\" \/>\n<meta property=\"og:title\" content=\"Il ruolo dell\u2019Europa: attrarre talenti da tutto il mondo per ricerca, innovazione, tecnologie e formazione - Fondazione Pirelli\" \/>\n<meta property=\"og:description\" content=\"Andare alla ricerca del senso e del ruolo dell\u2019Europa, nella stagione della sua radicale, drammatica crisi, quando persino i suoi ex tradizionali amici si impegnano, con sarcasmo e talvolta con disprezzo, a ribadirne l\u2019irrilevanza. E non rassegnarsi alla previsione pessimista del \u201cFinancial Times\u201d che la vede ridotta a un Grand Hotel, per vacanze lussuose dei [&hellip;]\" \/>\n<meta property=\"og:url\" content=\"https:\/\/www.fondazionepirelli.org\/it\/cultura-dimpresa\/blog\/il-ruolo-delleuropa-attrarre-talenti-da-tutto-il-mondo-per-ricerca-innovazione-tecnologie-e-formazione\/\" \/>\n<meta property=\"og:site_name\" content=\"Fondazione Pirelli\" \/>\n<meta property=\"article:published_time\" content=\"2026-01-20T10:55:45+00:00\" \/>\n<meta property=\"og:image\" content=\"https:\/\/wpsite-assets.fondazionepirelli.org\/wp-content\/uploads\/2026\/01\/20112450\/GettyImages-1455946567-red.jpg\" \/>\n\t<meta property=\"og:image:width\" content=\"2560\" \/>\n\t<meta property=\"og:image:height\" content=\"1707\" \/>\n\t<meta property=\"og:image:type\" content=\"image\/jpeg\" \/>\n<meta name=\"author\" content=\"fondadmin\" \/>\n<meta name=\"twitter:card\" content=\"summary_large_image\" \/>\n<meta name=\"twitter:label1\" content=\"Scritto da\" \/>\n\t<meta name=\"twitter:data1\" content=\"fondadmin\" \/>\n\t<meta name=\"twitter:label2\" content=\"Tempo di lettura stimato\" \/>\n\t<meta name=\"twitter:data2\" content=\"8 minuti\" \/>\n<script type=\"application\/ld+json\" class=\"yoast-schema-graph\">{\"@context\":\"https:\/\/schema.org\",\"@graph\":[{\"@type\":\"WebPage\",\"@id\":\"https:\/\/www.fondazionepirelli.org\/it\/cultura-dimpresa\/blog\/il-ruolo-delleuropa-attrarre-talenti-da-tutto-il-mondo-per-ricerca-innovazione-tecnologie-e-formazione\/\",\"url\":\"https:\/\/www.fondazionepirelli.org\/it\/cultura-dimpresa\/blog\/il-ruolo-delleuropa-attrarre-talenti-da-tutto-il-mondo-per-ricerca-innovazione-tecnologie-e-formazione\/\",\"name\":\"Il ruolo dell\u2019Europa: attrarre talenti da tutto il mondo per ricerca, innovazione, tecnologie e formazione - Fondazione Pirelli\",\"isPartOf\":{\"@id\":\"https:\/\/www.fondazionepirelli.org\/it\/#website\"},\"primaryImageOfPage\":{\"@id\":\"https:\/\/www.fondazionepirelli.org\/it\/cultura-dimpresa\/blog\/il-ruolo-delleuropa-attrarre-talenti-da-tutto-il-mondo-per-ricerca-innovazione-tecnologie-e-formazione\/#primaryimage\"},\"image\":{\"@id\":\"https:\/\/www.fondazionepirelli.org\/it\/cultura-dimpresa\/blog\/il-ruolo-delleuropa-attrarre-talenti-da-tutto-il-mondo-per-ricerca-innovazione-tecnologie-e-formazione\/#primaryimage\"},\"thumbnailUrl\":\"https:\/\/wpsite-assets.fondazionepirelli.org\/wp-content\/uploads\/2026\/01\/20112450\/GettyImages-1455946567-red.jpg\",\"datePublished\":\"2026-01-20T10:55:45+00:00\",\"author\":{\"@id\":\"https:\/\/www.fondazionepirelli.org\/it\/#\/schema\/person\/f47d097000832c4a6e54538c791fdf25\"},\"breadcrumb\":{\"@id\":\"https:\/\/www.fondazionepirelli.org\/it\/cultura-dimpresa\/blog\/il-ruolo-delleuropa-attrarre-talenti-da-tutto-il-mondo-per-ricerca-innovazione-tecnologie-e-formazione\/#breadcrumb\"},\"inLanguage\":\"it-IT\",\"potentialAction\":[{\"@type\":\"ReadAction\",\"target\":[\"https:\/\/www.fondazionepirelli.org\/it\/cultura-dimpresa\/blog\/il-ruolo-delleuropa-attrarre-talenti-da-tutto-il-mondo-per-ricerca-innovazione-tecnologie-e-formazione\/\"]}]},{\"@type\":\"ImageObject\",\"inLanguage\":\"it-IT\",\"@id\":\"https:\/\/www.fondazionepirelli.org\/it\/cultura-dimpresa\/blog\/il-ruolo-delleuropa-attrarre-talenti-da-tutto-il-mondo-per-ricerca-innovazione-tecnologie-e-formazione\/#primaryimage\",\"url\":\"https:\/\/wpsite-assets.fondazionepirelli.org\/wp-content\/uploads\/2026\/01\/20112450\/GettyImages-1455946567-red.jpg\",\"contentUrl\":\"https:\/\/wpsite-assets.fondazionepirelli.org\/wp-content\/uploads\/2026\/01\/20112450\/GettyImages-1455946567-red.jpg\",\"width\":2560,\"height\":1707},{\"@type\":\"BreadcrumbList\",\"@id\":\"https:\/\/www.fondazionepirelli.org\/it\/cultura-dimpresa\/blog\/il-ruolo-delleuropa-attrarre-talenti-da-tutto-il-mondo-per-ricerca-innovazione-tecnologie-e-formazione\/#breadcrumb\",\"itemListElement\":[{\"@type\":\"ListItem\",\"position\":1,\"name\":\"Home\",\"item\":\"https:\/\/www.fondazionepirelli.org\/it\/\"},{\"@type\":\"ListItem\",\"position\":2,\"name\":\"Il ruolo dell\u2019Europa: attrarre talenti da tutto il mondo per ricerca, innovazione, tecnologie e formazione\"}]},{\"@type\":\"WebSite\",\"@id\":\"https:\/\/www.fondazionepirelli.org\/it\/#website\",\"url\":\"https:\/\/www.fondazionepirelli.org\/it\/\",\"name\":\"Fondazione Pirelli\",\"description\":\"\",\"potentialAction\":[{\"@type\":\"SearchAction\",\"target\":{\"@type\":\"EntryPoint\",\"urlTemplate\":\"https:\/\/www.fondazionepirelli.org\/it\/?s={search_term_string}\"},\"query-input\":{\"@type\":\"PropertyValueSpecification\",\"valueRequired\":true,\"valueName\":\"search_term_string\"}}],\"inLanguage\":\"it-IT\"},{\"@type\":\"Person\",\"@id\":\"https:\/\/www.fondazionepirelli.org\/it\/#\/schema\/person\/f47d097000832c4a6e54538c791fdf25\",\"name\":\"fondadmin\",\"image\":{\"@type\":\"ImageObject\",\"inLanguage\":\"it-IT\",\"@id\":\"https:\/\/www.fondazionepirelli.org\/it\/#\/schema\/person\/image\/\",\"url\":\"https:\/\/secure.gravatar.com\/avatar\/e69498a9175ca244966e51e53c88712c024fcebe41f9a05f75657f1bb25e489b?s=96&d=mm&r=g\",\"contentUrl\":\"https:\/\/secure.gravatar.com\/avatar\/e69498a9175ca244966e51e53c88712c024fcebe41f9a05f75657f1bb25e489b?s=96&d=mm&r=g\",\"caption\":\"fondadmin\"},\"url\":\"https:\/\/www.fondazionepirelli.org\/it\/author\/fondadmin\/\"}]}<\/script>\n<!-- \/ Yoast SEO plugin. -->","yoast_head_json":{"title":"Il ruolo dell\u2019Europa: attrarre talenti da tutto il mondo per ricerca, innovazione, tecnologie e formazione - Fondazione Pirelli","robots":{"index":"index","follow":"follow","max-snippet":"max-snippet:-1","max-image-preview":"max-image-preview:large","max-video-preview":"max-video-preview:-1"},"canonical":"https:\/\/www.fondazionepirelli.org\/it\/cultura-dimpresa\/blog\/il-ruolo-delleuropa-attrarre-talenti-da-tutto-il-mondo-per-ricerca-innovazione-tecnologie-e-formazione\/","og_locale":"it_IT","og_type":"article","og_title":"Il ruolo dell\u2019Europa: attrarre talenti da tutto il mondo per ricerca, innovazione, tecnologie e formazione - Fondazione Pirelli","og_description":"Andare alla ricerca del senso e del ruolo dell\u2019Europa, nella stagione della sua radicale, drammatica crisi, quando persino i suoi ex tradizionali amici si impegnano, con sarcasmo e talvolta con disprezzo, a ribadirne l\u2019irrilevanza. E non rassegnarsi alla previsione pessimista del \u201cFinancial Times\u201d che la vede ridotta a un Grand Hotel, per vacanze lussuose dei [&hellip;]","og_url":"https:\/\/www.fondazionepirelli.org\/it\/cultura-dimpresa\/blog\/il-ruolo-delleuropa-attrarre-talenti-da-tutto-il-mondo-per-ricerca-innovazione-tecnologie-e-formazione\/","og_site_name":"Fondazione Pirelli","article_published_time":"2026-01-20T10:55:45+00:00","og_image":[{"width":2560,"height":1707,"url":"https:\/\/wpsite-assets.fondazionepirelli.org\/wp-content\/uploads\/2026\/01\/20112450\/GettyImages-1455946567-red.jpg","type":"image\/jpeg"}],"author":"fondadmin","twitter_card":"summary_large_image","twitter_misc":{"Scritto da":"fondadmin","Tempo di lettura stimato":"8 minuti"},"schema":{"@context":"https:\/\/schema.org","@graph":[{"@type":"WebPage","@id":"https:\/\/www.fondazionepirelli.org\/it\/cultura-dimpresa\/blog\/il-ruolo-delleuropa-attrarre-talenti-da-tutto-il-mondo-per-ricerca-innovazione-tecnologie-e-formazione\/","url":"https:\/\/www.fondazionepirelli.org\/it\/cultura-dimpresa\/blog\/il-ruolo-delleuropa-attrarre-talenti-da-tutto-il-mondo-per-ricerca-innovazione-tecnologie-e-formazione\/","name":"Il ruolo dell\u2019Europa: attrarre talenti da tutto il mondo per ricerca, innovazione, tecnologie e formazione - Fondazione Pirelli","isPartOf":{"@id":"https:\/\/www.fondazionepirelli.org\/it\/#website"},"primaryImageOfPage":{"@id":"https:\/\/www.fondazionepirelli.org\/it\/cultura-dimpresa\/blog\/il-ruolo-delleuropa-attrarre-talenti-da-tutto-il-mondo-per-ricerca-innovazione-tecnologie-e-formazione\/#primaryimage"},"image":{"@id":"https:\/\/www.fondazionepirelli.org\/it\/cultura-dimpresa\/blog\/il-ruolo-delleuropa-attrarre-talenti-da-tutto-il-mondo-per-ricerca-innovazione-tecnologie-e-formazione\/#primaryimage"},"thumbnailUrl":"https:\/\/wpsite-assets.fondazionepirelli.org\/wp-content\/uploads\/2026\/01\/20112450\/GettyImages-1455946567-red.jpg","datePublished":"2026-01-20T10:55:45+00:00","author":{"@id":"https:\/\/www.fondazionepirelli.org\/it\/#\/schema\/person\/f47d097000832c4a6e54538c791fdf25"},"breadcrumb":{"@id":"https:\/\/www.fondazionepirelli.org\/it\/cultura-dimpresa\/blog\/il-ruolo-delleuropa-attrarre-talenti-da-tutto-il-mondo-per-ricerca-innovazione-tecnologie-e-formazione\/#breadcrumb"},"inLanguage":"it-IT","potentialAction":[{"@type":"ReadAction","target":["https:\/\/www.fondazionepirelli.org\/it\/cultura-dimpresa\/blog\/il-ruolo-delleuropa-attrarre-talenti-da-tutto-il-mondo-per-ricerca-innovazione-tecnologie-e-formazione\/"]}]},{"@type":"ImageObject","inLanguage":"it-IT","@id":"https:\/\/www.fondazionepirelli.org\/it\/cultura-dimpresa\/blog\/il-ruolo-delleuropa-attrarre-talenti-da-tutto-il-mondo-per-ricerca-innovazione-tecnologie-e-formazione\/#primaryimage","url":"https:\/\/wpsite-assets.fondazionepirelli.org\/wp-content\/uploads\/2026\/01\/20112450\/GettyImages-1455946567-red.jpg","contentUrl":"https:\/\/wpsite-assets.fondazionepirelli.org\/wp-content\/uploads\/2026\/01\/20112450\/GettyImages-1455946567-red.jpg","width":2560,"height":1707},{"@type":"BreadcrumbList","@id":"https:\/\/www.fondazionepirelli.org\/it\/cultura-dimpresa\/blog\/il-ruolo-delleuropa-attrarre-talenti-da-tutto-il-mondo-per-ricerca-innovazione-tecnologie-e-formazione\/#breadcrumb","itemListElement":[{"@type":"ListItem","position":1,"name":"Home","item":"https:\/\/www.fondazionepirelli.org\/it\/"},{"@type":"ListItem","position":2,"name":"Il ruolo dell\u2019Europa: attrarre talenti da tutto il mondo per ricerca, innovazione, tecnologie e formazione"}]},{"@type":"WebSite","@id":"https:\/\/www.fondazionepirelli.org\/it\/#website","url":"https:\/\/www.fondazionepirelli.org\/it\/","name":"Fondazione Pirelli","description":"","potentialAction":[{"@type":"SearchAction","target":{"@type":"EntryPoint","urlTemplate":"https:\/\/www.fondazionepirelli.org\/it\/?s={search_term_string}"},"query-input":{"@type":"PropertyValueSpecification","valueRequired":true,"valueName":"search_term_string"}}],"inLanguage":"it-IT"},{"@type":"Person","@id":"https:\/\/www.fondazionepirelli.org\/it\/#\/schema\/person\/f47d097000832c4a6e54538c791fdf25","name":"fondadmin","image":{"@type":"ImageObject","inLanguage":"it-IT","@id":"https:\/\/www.fondazionepirelli.org\/it\/#\/schema\/person\/image\/","url":"https:\/\/secure.gravatar.com\/avatar\/e69498a9175ca244966e51e53c88712c024fcebe41f9a05f75657f1bb25e489b?s=96&d=mm&r=g","contentUrl":"https:\/\/secure.gravatar.com\/avatar\/e69498a9175ca244966e51e53c88712c024fcebe41f9a05f75657f1bb25e489b?s=96&d=mm&r=g","caption":"fondadmin"},"url":"https:\/\/www.fondazionepirelli.org\/it\/author\/fondadmin\/"}]}},"_links":{"self":[{"href":"https:\/\/www.fondazionepirelli.org\/it\/wp-json\/wp\/v2\/posts\/106348\/"}],"collection":[{"href":"https:\/\/www.fondazionepirelli.org\/it\/wp-json\/wp\/v2\/posts\/"}],"about":[{"href":"https:\/\/www.fondazionepirelli.org\/it\/wp-json\/wp\/v2\/types\/post\/"}],"author":[{"embeddable":true,"href":"https:\/\/www.fondazionepirelli.org\/it\/wp-json\/wp\/v2\/users\/1\/"}],"replies":[{"embeddable":true,"href":"https:\/\/www.fondazionepirelli.org\/it\/wp-json\/wp\/v2\/comments\/?post=106348"}],"version-history":[{"count":3,"href":"https:\/\/www.fondazionepirelli.org\/it\/wp-json\/wp\/v2\/posts\/106348\/revisions\/"}],"predecessor-version":[{"id":106351,"href":"https:\/\/www.fondazionepirelli.org\/it\/wp-json\/wp\/v2\/posts\/106348\/revisions\/106351\/"}],"wp:featuredmedia":[{"embeddable":true,"href":"https:\/\/www.fondazionepirelli.org\/it\/wp-json\/wp\/v2\/media\/106352\/"}],"wp:attachment":[{"href":"https:\/\/www.fondazionepirelli.org\/it\/wp-json\/wp\/v2\/media\/?parent=106348"}],"wp:term":[{"taxonomy":"category","embeddable":true,"href":"https:\/\/www.fondazionepirelli.org\/it\/wp-json\/wp\/v2\/categories\/?post=106348"},{"taxonomy":"post_tag","embeddable":true,"href":"https:\/\/www.fondazionepirelli.org\/it\/wp-json\/wp\/v2\/tags\/?post=106348"}],"curies":[{"name":"wp","href":"https:\/\/api.w.org\/{rel}","templated":true}]}}