{"id":106359,"date":"2026-01-20T11:54:18","date_gmt":"2026-01-20T10:54:18","guid":{"rendered":"https:\/\/www.fondazionepirelli.org\/?p=106359"},"modified":"2026-01-20T11:54:18","modified_gmt":"2026-01-20T10:54:18","slug":"archivi-dimpresa-vivi-in-relazione-con-le-persone-e-i-territori","status":"publish","type":"post","link":"https:\/\/www.fondazionepirelli.org\/it\/cultura-dimpresa\/approfondimenti\/archivi-dimpresa-vivi-in-relazione-con-le-persone-e-i-territori\/","title":{"rendered":"Archivi d\u2019impresa vivi in relazione con le persone e i territori"},"content":{"rendered":"<p><em>Una ricerca delinea il percorso per unire passato e presente attraverso l\u2019applicazione delle nuove tecnologie alla memoria del produrre<\/em><\/p><p>Memoria che si fa realt\u00e0 presente. Attualit\u00e0 del passato. E premessa per un futuro fatto di riuso e rilancio di luoghi altrimenti dimenticati o comunque non utilizzati per le loro potenzialit\u00e0. Tema complesso, quello del collegamento tra gli archivi d\u2019impresa (e le memorie d\u2019impresa) e la complessit\u00e0 attuale.<\/p>\n<p>\u00c8\u00a0attorno a questo nodo di questioni (e di suggestioni) che hanno ragionato Daniela Anna Calabi, Benedetta Bellucci, Mario Bisson e Stefania Palmieri con il loro intervento \u201cMemorie d\u2019impresa, luoghi e culture: interfacce generative e dispositivi estesi per risignificare il made in Italy\u201d contenuto in una ampia raccolta di indagini sul \u201cripensare il made in Italy\u201d.<\/p>\n<p>Lo studio, viene spiegato all\u2019inizio dell\u2019indagine, parte di una raccolta pi\u00f9 ampia di ricerche sul made in Italy, cerca di proporre un \u201cparadigma di riconnessione fra memorie industriali e luoghi effettivi, rendendo percepibili le atmosfere dei territori e le loro trasformazioni attraverso\u201d pi\u00f9 narrazioni contemporanee aiutate dalle nuove tecnologie. Lo sforzo \u00e8 quello di integrare memorie orali e scritte, documenti, artefatti materiali e immateriali in reti di \u201carchivi relazionali\u201d, cio\u00e8 raccolte che siano capaci di comunicare a chi le frequenta e le usa indicazioni concrete sull\u2019attivit\u00e0 industriale e d\u2019impresa del passato e l\u2019attualit\u00e0 della produzione e della vita sociale del territorio. Un modo diverso e pi\u00f9 completo di raccontare quello che sinteticamente viene indicato come made in Italy.<\/p>\n<p>Contemporaneit\u00e0 di fonti, quindi, che forniscono notizie a pi\u00f9 livelli. E possono essere adoperate secondo molteplici modalit\u00e0. Con una forte relazione con il territorio che, scrivono gli autori, \u201cnon \u00e8 la piattaforma sulla quale poggia l\u2019archivio ma contenuto e contenitore di memorie; l\u2019archivio \u00e8 quindi il dispositivo guida capace di rileggere territori e filiere. Il territorio si offre nella sua complessit\u00e0 produttiva, paesaggistica e culturale, che acquista senso quando \u00e8 attraversata, annotata e comunicata\u201d.<\/p>\n<p>Archivi d\u2019impresa, dunque, che prendono vita attraverso le nuove tecnologie, che riescono a raccontare il loro contenuto collegandosi per davvero con i luoghi che hanno ospitato le attivit\u00e0 di cui conservano memoria. Ancora gli autori precisano: \u201cPrendendo le distanze dallo stereotipo che standardizza memorie e radici, l\u2019archivio diventa narratore attivo e processo aperto\u201d. Come dire, base per la costruzione e la trasmissione di una cultura (anche del produrre) che riesce ad essere comprensibile ed inclusiva.<\/p>\n<p>La ricerca di Calabi, Bellucci, Bisson e Palmieri delinea \u2013 seppur non sempre con facilit\u00e0 di comprensione &#8211; un modo diverso di vedere i legami tra passato e presente di imprese e territori.<\/p>\n<p><strong>\u00a0<\/strong><\/p>\n<p><strong>\u00a0<\/strong><\/p>\n<p><a href=\"https:\/\/wpsite-assets.fondazionepirelli.org\/wp-content\/uploads\/2026\/01\/20115132\/Memoriedimpresaluoghieculturepostprint.pdf\"><strong>Memorie d\u2019impresa, luoghi e culture: interfacce generative e dispositivi estesi per risignificare il made in Italy <\/strong><\/a><\/p>\n<p>Daniela Anna Calabi, Benedetta Bellucci, Mario Bisson, Stefania Palmieri<\/p>\n<p>in <strong>Ripensare il Made in Italy Esperienze, questioni e progetti di una cultura circolare e sostenibile <\/strong><\/p>\n<p>a cura di Andreas Sicklinger, Francesco Spampinato, Ines Tolic, Bologna University Press, 2025<\/p>\n","protected":false},"excerpt":{"rendered":"<p>Una ricerca delinea il percorso per unire passato e presente attraverso l\u2019applicazione delle nuove tecnologie alla memoria del produrreMemoria che si fa realt\u00e0 presente. Attualit\u00e0 del passato. E premessa per un futuro fatto di riuso e rilancio di luoghi altrimenti dimenticati o comunque non utilizzati per le loro potenzialit\u00e0. Tema complesso, quello del collegamento tra [&hellip;]<\/p>\n","protected":false},"author":1,"featured_media":0,"comment_status":"open","ping_status":"open","sticky":false,"template":"","format":"standard","meta":{"footnotes":""},"categories":[54,52],"tags":[],"class_list":["post-106359","post","type-post","status-publish","format-standard","hentry","category-approfondimenti","category-cultura-dimpresa"],"acf":[],"yoast_head":"<!-- This site is optimized with the Yoast SEO plugin v25.0 - https:\/\/yoast.com\/wordpress\/plugins\/seo\/ -->\n<title>Archivi d\u2019impresa vivi in relazione con le persone e i territori - Fondazione Pirelli<\/title>\n<meta name=\"robots\" content=\"index, follow, max-snippet:-1, max-image-preview:large, max-video-preview:-1\" \/>\n<link rel=\"canonical\" href=\"https:\/\/www.fondazionepirelli.org\/it\/cultura-dimpresa\/approfondimenti\/archivi-dimpresa-vivi-in-relazione-con-le-persone-e-i-territori\/\" \/>\n<meta property=\"og:locale\" content=\"it_IT\" \/>\n<meta property=\"og:type\" content=\"article\" \/>\n<meta property=\"og:title\" content=\"Archivi d\u2019impresa vivi in relazione con le persone e i territori - Fondazione Pirelli\" \/>\n<meta property=\"og:description\" content=\"Una ricerca delinea il percorso per unire passato e presente attraverso l\u2019applicazione delle nuove tecnologie alla memoria del produrreMemoria che si fa realt\u00e0 presente. Attualit\u00e0 del passato. E premessa per un futuro fatto di riuso e rilancio di luoghi altrimenti dimenticati o comunque non utilizzati per le loro potenzialit\u00e0. Tema complesso, quello del collegamento tra [&hellip;]\" \/>\n<meta property=\"og:url\" content=\"https:\/\/www.fondazionepirelli.org\/it\/cultura-dimpresa\/approfondimenti\/archivi-dimpresa-vivi-in-relazione-con-le-persone-e-i-territori\/\" \/>\n<meta property=\"og:site_name\" content=\"Fondazione Pirelli\" \/>\n<meta property=\"article:published_time\" content=\"2026-01-20T10:54:18+00:00\" \/>\n<meta name=\"author\" content=\"fondadmin\" \/>\n<meta name=\"twitter:card\" content=\"summary_large_image\" \/>\n<meta name=\"twitter:label1\" content=\"Scritto da\" \/>\n\t<meta name=\"twitter:data1\" content=\"fondadmin\" \/>\n\t<meta name=\"twitter:label2\" content=\"Tempo di lettura stimato\" \/>\n\t<meta name=\"twitter:data2\" content=\"3 minuti\" \/>\n<script type=\"application\/ld+json\" class=\"yoast-schema-graph\">{\"@context\":\"https:\/\/schema.org\",\"@graph\":[{\"@type\":\"WebPage\",\"@id\":\"https:\/\/www.fondazionepirelli.org\/it\/cultura-dimpresa\/approfondimenti\/archivi-dimpresa-vivi-in-relazione-con-le-persone-e-i-territori\/\",\"url\":\"https:\/\/www.fondazionepirelli.org\/it\/cultura-dimpresa\/approfondimenti\/archivi-dimpresa-vivi-in-relazione-con-le-persone-e-i-territori\/\",\"name\":\"Archivi d\u2019impresa vivi in relazione con le persone e i territori - Fondazione Pirelli\",\"isPartOf\":{\"@id\":\"https:\/\/www.fondazionepirelli.org\/it\/#website\"},\"datePublished\":\"2026-01-20T10:54:18+00:00\",\"author\":{\"@id\":\"https:\/\/www.fondazionepirelli.org\/it\/#\/schema\/person\/f47d097000832c4a6e54538c791fdf25\"},\"breadcrumb\":{\"@id\":\"https:\/\/www.fondazionepirelli.org\/it\/cultura-dimpresa\/approfondimenti\/archivi-dimpresa-vivi-in-relazione-con-le-persone-e-i-territori\/#breadcrumb\"},\"inLanguage\":\"it-IT\",\"potentialAction\":[{\"@type\":\"ReadAction\",\"target\":[\"https:\/\/www.fondazionepirelli.org\/it\/cultura-dimpresa\/approfondimenti\/archivi-dimpresa-vivi-in-relazione-con-le-persone-e-i-territori\/\"]}]},{\"@type\":\"BreadcrumbList\",\"@id\":\"https:\/\/www.fondazionepirelli.org\/it\/cultura-dimpresa\/approfondimenti\/archivi-dimpresa-vivi-in-relazione-con-le-persone-e-i-territori\/#breadcrumb\",\"itemListElement\":[{\"@type\":\"ListItem\",\"position\":1,\"name\":\"Home\",\"item\":\"https:\/\/www.fondazionepirelli.org\/it\/\"},{\"@type\":\"ListItem\",\"position\":2,\"name\":\"Archivi d\u2019impresa vivi in relazione con le persone e i territori\"}]},{\"@type\":\"WebSite\",\"@id\":\"https:\/\/www.fondazionepirelli.org\/it\/#website\",\"url\":\"https:\/\/www.fondazionepirelli.org\/it\/\",\"name\":\"Fondazione Pirelli\",\"description\":\"\",\"potentialAction\":[{\"@type\":\"SearchAction\",\"target\":{\"@type\":\"EntryPoint\",\"urlTemplate\":\"https:\/\/www.fondazionepirelli.org\/it\/?s={search_term_string}\"},\"query-input\":{\"@type\":\"PropertyValueSpecification\",\"valueRequired\":true,\"valueName\":\"search_term_string\"}}],\"inLanguage\":\"it-IT\"},{\"@type\":\"Person\",\"@id\":\"https:\/\/www.fondazionepirelli.org\/it\/#\/schema\/person\/f47d097000832c4a6e54538c791fdf25\",\"name\":\"fondadmin\",\"image\":{\"@type\":\"ImageObject\",\"inLanguage\":\"it-IT\",\"@id\":\"https:\/\/www.fondazionepirelli.org\/it\/#\/schema\/person\/image\/\",\"url\":\"https:\/\/secure.gravatar.com\/avatar\/e69498a9175ca244966e51e53c88712c024fcebe41f9a05f75657f1bb25e489b?s=96&d=mm&r=g\",\"contentUrl\":\"https:\/\/secure.gravatar.com\/avatar\/e69498a9175ca244966e51e53c88712c024fcebe41f9a05f75657f1bb25e489b?s=96&d=mm&r=g\",\"caption\":\"fondadmin\"},\"url\":\"https:\/\/www.fondazionepirelli.org\/it\/author\/fondadmin\/\"}]}<\/script>\n<!-- \/ Yoast SEO plugin. -->","yoast_head_json":{"title":"Archivi d\u2019impresa vivi in relazione con le persone e i territori - Fondazione Pirelli","robots":{"index":"index","follow":"follow","max-snippet":"max-snippet:-1","max-image-preview":"max-image-preview:large","max-video-preview":"max-video-preview:-1"},"canonical":"https:\/\/www.fondazionepirelli.org\/it\/cultura-dimpresa\/approfondimenti\/archivi-dimpresa-vivi-in-relazione-con-le-persone-e-i-territori\/","og_locale":"it_IT","og_type":"article","og_title":"Archivi d\u2019impresa vivi in relazione con le persone e i territori - Fondazione Pirelli","og_description":"Una ricerca delinea il percorso per unire passato e presente attraverso l\u2019applicazione delle nuove tecnologie alla memoria del produrreMemoria che si fa realt\u00e0 presente. Attualit\u00e0 del passato. E premessa per un futuro fatto di riuso e rilancio di luoghi altrimenti dimenticati o comunque non utilizzati per le loro potenzialit\u00e0. Tema complesso, quello del collegamento tra [&hellip;]","og_url":"https:\/\/www.fondazionepirelli.org\/it\/cultura-dimpresa\/approfondimenti\/archivi-dimpresa-vivi-in-relazione-con-le-persone-e-i-territori\/","og_site_name":"Fondazione Pirelli","article_published_time":"2026-01-20T10:54:18+00:00","author":"fondadmin","twitter_card":"summary_large_image","twitter_misc":{"Scritto da":"fondadmin","Tempo di lettura stimato":"3 minuti"},"schema":{"@context":"https:\/\/schema.org","@graph":[{"@type":"WebPage","@id":"https:\/\/www.fondazionepirelli.org\/it\/cultura-dimpresa\/approfondimenti\/archivi-dimpresa-vivi-in-relazione-con-le-persone-e-i-territori\/","url":"https:\/\/www.fondazionepirelli.org\/it\/cultura-dimpresa\/approfondimenti\/archivi-dimpresa-vivi-in-relazione-con-le-persone-e-i-territori\/","name":"Archivi d\u2019impresa vivi in relazione con le persone e i territori - Fondazione Pirelli","isPartOf":{"@id":"https:\/\/www.fondazionepirelli.org\/it\/#website"},"datePublished":"2026-01-20T10:54:18+00:00","author":{"@id":"https:\/\/www.fondazionepirelli.org\/it\/#\/schema\/person\/f47d097000832c4a6e54538c791fdf25"},"breadcrumb":{"@id":"https:\/\/www.fondazionepirelli.org\/it\/cultura-dimpresa\/approfondimenti\/archivi-dimpresa-vivi-in-relazione-con-le-persone-e-i-territori\/#breadcrumb"},"inLanguage":"it-IT","potentialAction":[{"@type":"ReadAction","target":["https:\/\/www.fondazionepirelli.org\/it\/cultura-dimpresa\/approfondimenti\/archivi-dimpresa-vivi-in-relazione-con-le-persone-e-i-territori\/"]}]},{"@type":"BreadcrumbList","@id":"https:\/\/www.fondazionepirelli.org\/it\/cultura-dimpresa\/approfondimenti\/archivi-dimpresa-vivi-in-relazione-con-le-persone-e-i-territori\/#breadcrumb","itemListElement":[{"@type":"ListItem","position":1,"name":"Home","item":"https:\/\/www.fondazionepirelli.org\/it\/"},{"@type":"ListItem","position":2,"name":"Archivi d\u2019impresa vivi in relazione con le persone e i territori"}]},{"@type":"WebSite","@id":"https:\/\/www.fondazionepirelli.org\/it\/#website","url":"https:\/\/www.fondazionepirelli.org\/it\/","name":"Fondazione Pirelli","description":"","potentialAction":[{"@type":"SearchAction","target":{"@type":"EntryPoint","urlTemplate":"https:\/\/www.fondazionepirelli.org\/it\/?s={search_term_string}"},"query-input":{"@type":"PropertyValueSpecification","valueRequired":true,"valueName":"search_term_string"}}],"inLanguage":"it-IT"},{"@type":"Person","@id":"https:\/\/www.fondazionepirelli.org\/it\/#\/schema\/person\/f47d097000832c4a6e54538c791fdf25","name":"fondadmin","image":{"@type":"ImageObject","inLanguage":"it-IT","@id":"https:\/\/www.fondazionepirelli.org\/it\/#\/schema\/person\/image\/","url":"https:\/\/secure.gravatar.com\/avatar\/e69498a9175ca244966e51e53c88712c024fcebe41f9a05f75657f1bb25e489b?s=96&d=mm&r=g","contentUrl":"https:\/\/secure.gravatar.com\/avatar\/e69498a9175ca244966e51e53c88712c024fcebe41f9a05f75657f1bb25e489b?s=96&d=mm&r=g","caption":"fondadmin"},"url":"https:\/\/www.fondazionepirelli.org\/it\/author\/fondadmin\/"}]}},"_links":{"self":[{"href":"https:\/\/www.fondazionepirelli.org\/it\/wp-json\/wp\/v2\/posts\/106359\/"}],"collection":[{"href":"https:\/\/www.fondazionepirelli.org\/it\/wp-json\/wp\/v2\/posts\/"}],"about":[{"href":"https:\/\/www.fondazionepirelli.org\/it\/wp-json\/wp\/v2\/types\/post\/"}],"author":[{"embeddable":true,"href":"https:\/\/www.fondazionepirelli.org\/it\/wp-json\/wp\/v2\/users\/1\/"}],"replies":[{"embeddable":true,"href":"https:\/\/www.fondazionepirelli.org\/it\/wp-json\/wp\/v2\/comments\/?post=106359"}],"version-history":[{"count":1,"href":"https:\/\/www.fondazionepirelli.org\/it\/wp-json\/wp\/v2\/posts\/106359\/revisions\/"}],"predecessor-version":[{"id":106362,"href":"https:\/\/www.fondazionepirelli.org\/it\/wp-json\/wp\/v2\/posts\/106359\/revisions\/106362\/"}],"wp:attachment":[{"href":"https:\/\/www.fondazionepirelli.org\/it\/wp-json\/wp\/v2\/media\/?parent=106359"}],"wp:term":[{"taxonomy":"category","embeddable":true,"href":"https:\/\/www.fondazionepirelli.org\/it\/wp-json\/wp\/v2\/categories\/?post=106359"},{"taxonomy":"post_tag","embeddable":true,"href":"https:\/\/www.fondazionepirelli.org\/it\/wp-json\/wp\/v2\/tags\/?post=106359"}],"curies":[{"name":"wp","href":"https:\/\/api.w.org\/{rel}","templated":true}]}}