{"id":106364,"date":"2026-01-20T14:21:32","date_gmt":"2026-01-20T13:21:32","guid":{"rendered":"https:\/\/www.fondazionepirelli.org\/?p=106364"},"modified":"2026-01-30T14:31:41","modified_gmt":"2026-01-30T13:31:41","slug":"la-voce-delle-donne-nella-storia-ditalia-per-cinema-storia-2026","status":"publish","type":"post","link":"https:\/\/www.fondazionepirelli.org\/it\/education\/la-voce-delle-donne-nella-storia-ditalia-per-cinema-storia-2026\/","title":{"rendered":"La voce delle donne nella storia d\u2019Italia per Cinema &#038; Storia 2026"},"content":{"rendered":"<p>Anche nel 2026 <strong>Fondazione ISEC<\/strong> e <strong>Fondazione Pirelli<\/strong> promuovono il corso di formazione e aggiornamento per i docenti delle scuole secondarie <strong>Cinema &amp; Storia<\/strong>, giunto alla <strong>XIV edizione<\/strong> e realizzato in collaborazione con la <strong>Cineteca di Bologna<\/strong>. Se la cittadinanza \u00e8 il fitto intreccio di diritti e doveri che lega ciascuno\/a alla propria comunit\u00e0, \u201c<strong>Cittadine<\/strong>!\u201d non affronter\u00e0 solo alcuni temi di storia delle donne, ma racconter\u00e0, a partire da specifici angoli visuali, la storia di tutto il popolo italiano.<\/p>\n<p>In occasione dell\u2019<strong>ottantesimo anniversario del referendum istituzionale e dell\u2019elezione dell\u2019Assemblea Costituente<\/strong>, data nella quale tutte le italiane per la prima volta hanno potuto esercitare i diritti elettorali, il corso di quest\u2019anno intende riflettere su temi che continuano ad avere caratteri di grande attualit\u00e0. Con quale peso e con quale riconoscimento le donne hanno contribuito alla ri\/definizione delle istituzioni del Paese? Con quale ruolo e visibilit\u00e0 hanno condotto attivit\u00e0 nel mondo imprenditoriale? Con quali linguaggi e quali accenti hanno fatto risuonare la loro voce nello sviluppo dell\u2019editoria italiana? E ancora, dialogheremo su come la trasformazione del lavoro domestico abbia aperto spazi di rielaborazione dell\u2019identit\u00e0 femminile e su come anche la guerra, pur con il suo immenso portato di dolore, abbia rappresentato un\u2019occasione di presa di coscienza e protagonismo.<\/p>\n<p>Il corso si articoler\u00e0 in <strong>sei appuntamenti online e una visita in presenza presso la Fondazione Pirelli<\/strong>. Alle cinque lezioni storiche si affiancher\u00e0 un incontro tenuto dalla Cineteca di Bologna e una selezione di film da loro curata.<br \/>\nLe lezioni si terranno dalle <strong>ore 16 alle ore 18<\/strong>, nelle seguenti date:<\/p>\n<p><strong>Luned\u00ec 23 febbraio<\/strong> \u2013 1\u00b0 lezione online<br \/>\n<strong>Luned\u00ec 2 marzo<\/strong> \u2013 2\u00b0 lezione online<br \/>\n<strong>Gioved\u00ec 12 marzo<\/strong> \u2013 3\u00b0 lezione online<br \/>\n<strong>Luned\u00ec 16 marzo<\/strong> \u2013 4\u00b0 lezione online<br \/>\n<strong>Luned\u00ec 23 marzo<\/strong> \u2013 5\u00b0 lezione online<br \/>\n<strong>Gioved\u00ec 26 marzo<\/strong> &#8211; Visita presso la Fondazione Pirelli<br \/>\n<strong>Luned\u00ec 30 marzo<\/strong> \u2013 6\u00b0 lezione online<\/p>\n<p>Clicca <a href=\"https:\/\/wpsite-assets.fondazionepirelli.org\/wp-content\/uploads\/2026\/01\/20143043\/FP_EDU_2026_programma_breve_3.pdf\"><b>qui<\/b><\/a>\u00a0scopri il programma.<br \/>\nL\u2019iscrizione al corso \u00e8 gratuita ma obbligatoria, scrivendo a didattica2@fondazioneisec.it entro luned\u00ec 16 febbraio 2026. Il corso \u00e8 a numero chiuso e le iscrizioni saranno accettate in ordine di arrivo.<br \/>\nGli incontri si terranno in diretta sulla piattaforma Microsoft Teams.<\/p>\n<p>Appuntamento al <strong>23 febbraio ore 16!<\/strong><\/p>\n","protected":false},"excerpt":{"rendered":"<p>Anche nel 2026 Fondazione ISEC e Fondazione Pirelli promuovono il corso di formazione e aggiornamento per i docenti delle scuole secondarie Cinema &amp; Storia, giunto alla XIV edizione e realizzato in collaborazione con la Cineteca di Bologna. Se la cittadinanza \u00e8 il fitto intreccio di diritti e doveri che lega ciascuno\/a alla propria comunit\u00e0, \u201cCittadine!\u201d [&hellip;]<\/p>\n","protected":false},"author":9,"featured_media":106365,"comment_status":"open","ping_status":"open","sticky":false,"template":"","format":"standard","meta":{"footnotes":""},"categories":[59,121],"tags":[],"class_list":["post-106364","post","type-post","status-publish","format-standard","has-post-thumbnail","hentry","category-education","category-per-gli-insegnanti"],"acf":[],"yoast_head":"<!-- This site is optimized with the Yoast SEO plugin v25.0 - https:\/\/yoast.com\/wordpress\/plugins\/seo\/ -->\n<title>La voce delle donne nella storia d\u2019Italia per Cinema &amp; Storia 2026 - Fondazione Pirelli<\/title>\n<meta name=\"robots\" content=\"index, follow, max-snippet:-1, max-image-preview:large, max-video-preview:-1\" \/>\n<link rel=\"canonical\" href=\"https:\/\/www.fondazionepirelli.org\/it\/education\/la-voce-delle-donne-nella-storia-ditalia-per-cinema-storia-2026\/\" \/>\n<meta property=\"og:locale\" content=\"it_IT\" \/>\n<meta property=\"og:type\" content=\"article\" \/>\n<meta property=\"og:title\" content=\"La voce delle donne nella storia d\u2019Italia per Cinema &amp; Storia 2026 - Fondazione Pirelli\" \/>\n<meta property=\"og:description\" content=\"Anche nel 2026 Fondazione ISEC e Fondazione Pirelli promuovono il corso di formazione e aggiornamento per i docenti delle scuole secondarie Cinema &amp; Storia, giunto alla XIV edizione e realizzato in collaborazione con la Cineteca di Bologna. Se la cittadinanza \u00e8 il fitto intreccio di diritti e doveri che lega ciascuno\/a alla propria comunit\u00e0, \u201cCittadine!\u201d [&hellip;]\" \/>\n<meta property=\"og:url\" content=\"https:\/\/www.fondazionepirelli.org\/it\/education\/la-voce-delle-donne-nella-storia-ditalia-per-cinema-storia-2026\/\" \/>\n<meta property=\"og:site_name\" content=\"Fondazione Pirelli\" \/>\n<meta property=\"article:published_time\" content=\"2026-01-20T13:21:32+00:00\" \/>\n<meta property=\"article:modified_time\" content=\"2026-01-30T13:31:41+00:00\" \/>\n<meta property=\"og:image\" content=\"https:\/\/wpsite-assets.fondazionepirelli.org\/wp-content\/uploads\/2026\/01\/20141907\/FP_EDU_programma-scaled.jpg\" \/>\n\t<meta property=\"og:image:width\" content=\"1810\" \/>\n\t<meta property=\"og:image:height\" content=\"2560\" \/>\n\t<meta property=\"og:image:type\" content=\"image\/jpeg\" \/>\n<meta name=\"author\" content=\"fondazionepirelli\" \/>\n<meta name=\"twitter:card\" content=\"summary_large_image\" \/>\n<meta name=\"twitter:label1\" content=\"Scritto da\" \/>\n\t<meta name=\"twitter:data1\" content=\"fondazionepirelli\" \/>\n\t<meta name=\"twitter:label2\" content=\"Tempo di lettura stimato\" \/>\n\t<meta name=\"twitter:data2\" content=\"3 minuti\" \/>\n<script type=\"application\/ld+json\" class=\"yoast-schema-graph\">{\"@context\":\"https:\/\/schema.org\",\"@graph\":[{\"@type\":\"WebPage\",\"@id\":\"https:\/\/www.fondazionepirelli.org\/it\/education\/la-voce-delle-donne-nella-storia-ditalia-per-cinema-storia-2026\/\",\"url\":\"https:\/\/www.fondazionepirelli.org\/it\/education\/la-voce-delle-donne-nella-storia-ditalia-per-cinema-storia-2026\/\",\"name\":\"La voce delle donne nella storia d\u2019Italia per Cinema & Storia 2026 - Fondazione Pirelli\",\"isPartOf\":{\"@id\":\"https:\/\/www.fondazionepirelli.org\/it\/#website\"},\"primaryImageOfPage\":{\"@id\":\"https:\/\/www.fondazionepirelli.org\/it\/education\/la-voce-delle-donne-nella-storia-ditalia-per-cinema-storia-2026\/#primaryimage\"},\"image\":{\"@id\":\"https:\/\/www.fondazionepirelli.org\/it\/education\/la-voce-delle-donne-nella-storia-ditalia-per-cinema-storia-2026\/#primaryimage\"},\"thumbnailUrl\":\"https:\/\/wpsite-assets.fondazionepirelli.org\/wp-content\/uploads\/2026\/01\/20141907\/FP_EDU_programma-scaled.jpg\",\"datePublished\":\"2026-01-20T13:21:32+00:00\",\"dateModified\":\"2026-01-30T13:31:41+00:00\",\"author\":{\"@id\":\"https:\/\/www.fondazionepirelli.org\/it\/#\/schema\/person\/c31fcf5937a0e6afa45497f3f8b6d7a0\"},\"breadcrumb\":{\"@id\":\"https:\/\/www.fondazionepirelli.org\/it\/education\/la-voce-delle-donne-nella-storia-ditalia-per-cinema-storia-2026\/#breadcrumb\"},\"inLanguage\":\"it-IT\",\"potentialAction\":[{\"@type\":\"ReadAction\",\"target\":[\"https:\/\/www.fondazionepirelli.org\/it\/education\/la-voce-delle-donne-nella-storia-ditalia-per-cinema-storia-2026\/\"]}]},{\"@type\":\"ImageObject\",\"inLanguage\":\"it-IT\",\"@id\":\"https:\/\/www.fondazionepirelli.org\/it\/education\/la-voce-delle-donne-nella-storia-ditalia-per-cinema-storia-2026\/#primaryimage\",\"url\":\"https:\/\/wpsite-assets.fondazionepirelli.org\/wp-content\/uploads\/2026\/01\/20141907\/FP_EDU_programma-scaled.jpg\",\"contentUrl\":\"https:\/\/wpsite-assets.fondazionepirelli.org\/wp-content\/uploads\/2026\/01\/20141907\/FP_EDU_programma-scaled.jpg\",\"width\":1810,\"height\":2560},{\"@type\":\"BreadcrumbList\",\"@id\":\"https:\/\/www.fondazionepirelli.org\/it\/education\/la-voce-delle-donne-nella-storia-ditalia-per-cinema-storia-2026\/#breadcrumb\",\"itemListElement\":[{\"@type\":\"ListItem\",\"position\":1,\"name\":\"Home\",\"item\":\"https:\/\/www.fondazionepirelli.org\/it\/\"},{\"@type\":\"ListItem\",\"position\":2,\"name\":\"La voce delle donne nella storia d\u2019Italia per Cinema &#038; Storia 2026\"}]},{\"@type\":\"WebSite\",\"@id\":\"https:\/\/www.fondazionepirelli.org\/it\/#website\",\"url\":\"https:\/\/www.fondazionepirelli.org\/it\/\",\"name\":\"Fondazione Pirelli\",\"description\":\"\",\"potentialAction\":[{\"@type\":\"SearchAction\",\"target\":{\"@type\":\"EntryPoint\",\"urlTemplate\":\"https:\/\/www.fondazionepirelli.org\/it\/?s={search_term_string}\"},\"query-input\":{\"@type\":\"PropertyValueSpecification\",\"valueRequired\":true,\"valueName\":\"search_term_string\"}}],\"inLanguage\":\"it-IT\"},{\"@type\":\"Person\",\"@id\":\"https:\/\/www.fondazionepirelli.org\/it\/#\/schema\/person\/c31fcf5937a0e6afa45497f3f8b6d7a0\",\"name\":\"fondazionepirelli\",\"image\":{\"@type\":\"ImageObject\",\"inLanguage\":\"it-IT\",\"@id\":\"https:\/\/www.fondazionepirelli.org\/it\/#\/schema\/person\/image\/\",\"url\":\"https:\/\/secure.gravatar.com\/avatar\/9cb486421ce1d6eddbf6c4fb66841b4325b786695f7aedf1dde2222428218696?s=96&d=mm&r=g\",\"contentUrl\":\"https:\/\/secure.gravatar.com\/avatar\/9cb486421ce1d6eddbf6c4fb66841b4325b786695f7aedf1dde2222428218696?s=96&d=mm&r=g\",\"caption\":\"fondazionepirelli\"},\"url\":\"https:\/\/www.fondazionepirelli.org\/it\/author\/fondazionepirelli\/\"}]}<\/script>\n<!-- \/ Yoast SEO plugin. -->","yoast_head_json":{"title":"La voce delle donne nella storia d\u2019Italia per Cinema & Storia 2026 - Fondazione Pirelli","robots":{"index":"index","follow":"follow","max-snippet":"max-snippet:-1","max-image-preview":"max-image-preview:large","max-video-preview":"max-video-preview:-1"},"canonical":"https:\/\/www.fondazionepirelli.org\/it\/education\/la-voce-delle-donne-nella-storia-ditalia-per-cinema-storia-2026\/","og_locale":"it_IT","og_type":"article","og_title":"La voce delle donne nella storia d\u2019Italia per Cinema & Storia 2026 - Fondazione Pirelli","og_description":"Anche nel 2026 Fondazione ISEC e Fondazione Pirelli promuovono il corso di formazione e aggiornamento per i docenti delle scuole secondarie Cinema &amp; Storia, giunto alla XIV edizione e realizzato in collaborazione con la Cineteca di Bologna. Se la cittadinanza \u00e8 il fitto intreccio di diritti e doveri che lega ciascuno\/a alla propria comunit\u00e0, \u201cCittadine!\u201d [&hellip;]","og_url":"https:\/\/www.fondazionepirelli.org\/it\/education\/la-voce-delle-donne-nella-storia-ditalia-per-cinema-storia-2026\/","og_site_name":"Fondazione Pirelli","article_published_time":"2026-01-20T13:21:32+00:00","article_modified_time":"2026-01-30T13:31:41+00:00","og_image":[{"width":1810,"height":2560,"url":"https:\/\/wpsite-assets.fondazionepirelli.org\/wp-content\/uploads\/2026\/01\/20141907\/FP_EDU_programma-scaled.jpg","type":"image\/jpeg"}],"author":"fondazionepirelli","twitter_card":"summary_large_image","twitter_misc":{"Scritto da":"fondazionepirelli","Tempo di lettura stimato":"3 minuti"},"schema":{"@context":"https:\/\/schema.org","@graph":[{"@type":"WebPage","@id":"https:\/\/www.fondazionepirelli.org\/it\/education\/la-voce-delle-donne-nella-storia-ditalia-per-cinema-storia-2026\/","url":"https:\/\/www.fondazionepirelli.org\/it\/education\/la-voce-delle-donne-nella-storia-ditalia-per-cinema-storia-2026\/","name":"La voce delle donne nella storia d\u2019Italia per Cinema & Storia 2026 - Fondazione Pirelli","isPartOf":{"@id":"https:\/\/www.fondazionepirelli.org\/it\/#website"},"primaryImageOfPage":{"@id":"https:\/\/www.fondazionepirelli.org\/it\/education\/la-voce-delle-donne-nella-storia-ditalia-per-cinema-storia-2026\/#primaryimage"},"image":{"@id":"https:\/\/www.fondazionepirelli.org\/it\/education\/la-voce-delle-donne-nella-storia-ditalia-per-cinema-storia-2026\/#primaryimage"},"thumbnailUrl":"https:\/\/wpsite-assets.fondazionepirelli.org\/wp-content\/uploads\/2026\/01\/20141907\/FP_EDU_programma-scaled.jpg","datePublished":"2026-01-20T13:21:32+00:00","dateModified":"2026-01-30T13:31:41+00:00","author":{"@id":"https:\/\/www.fondazionepirelli.org\/it\/#\/schema\/person\/c31fcf5937a0e6afa45497f3f8b6d7a0"},"breadcrumb":{"@id":"https:\/\/www.fondazionepirelli.org\/it\/education\/la-voce-delle-donne-nella-storia-ditalia-per-cinema-storia-2026\/#breadcrumb"},"inLanguage":"it-IT","potentialAction":[{"@type":"ReadAction","target":["https:\/\/www.fondazionepirelli.org\/it\/education\/la-voce-delle-donne-nella-storia-ditalia-per-cinema-storia-2026\/"]}]},{"@type":"ImageObject","inLanguage":"it-IT","@id":"https:\/\/www.fondazionepirelli.org\/it\/education\/la-voce-delle-donne-nella-storia-ditalia-per-cinema-storia-2026\/#primaryimage","url":"https:\/\/wpsite-assets.fondazionepirelli.org\/wp-content\/uploads\/2026\/01\/20141907\/FP_EDU_programma-scaled.jpg","contentUrl":"https:\/\/wpsite-assets.fondazionepirelli.org\/wp-content\/uploads\/2026\/01\/20141907\/FP_EDU_programma-scaled.jpg","width":1810,"height":2560},{"@type":"BreadcrumbList","@id":"https:\/\/www.fondazionepirelli.org\/it\/education\/la-voce-delle-donne-nella-storia-ditalia-per-cinema-storia-2026\/#breadcrumb","itemListElement":[{"@type":"ListItem","position":1,"name":"Home","item":"https:\/\/www.fondazionepirelli.org\/it\/"},{"@type":"ListItem","position":2,"name":"La voce delle donne nella storia d\u2019Italia per Cinema &#038; Storia 2026"}]},{"@type":"WebSite","@id":"https:\/\/www.fondazionepirelli.org\/it\/#website","url":"https:\/\/www.fondazionepirelli.org\/it\/","name":"Fondazione Pirelli","description":"","potentialAction":[{"@type":"SearchAction","target":{"@type":"EntryPoint","urlTemplate":"https:\/\/www.fondazionepirelli.org\/it\/?s={search_term_string}"},"query-input":{"@type":"PropertyValueSpecification","valueRequired":true,"valueName":"search_term_string"}}],"inLanguage":"it-IT"},{"@type":"Person","@id":"https:\/\/www.fondazionepirelli.org\/it\/#\/schema\/person\/c31fcf5937a0e6afa45497f3f8b6d7a0","name":"fondazionepirelli","image":{"@type":"ImageObject","inLanguage":"it-IT","@id":"https:\/\/www.fondazionepirelli.org\/it\/#\/schema\/person\/image\/","url":"https:\/\/secure.gravatar.com\/avatar\/9cb486421ce1d6eddbf6c4fb66841b4325b786695f7aedf1dde2222428218696?s=96&d=mm&r=g","contentUrl":"https:\/\/secure.gravatar.com\/avatar\/9cb486421ce1d6eddbf6c4fb66841b4325b786695f7aedf1dde2222428218696?s=96&d=mm&r=g","caption":"fondazionepirelli"},"url":"https:\/\/www.fondazionepirelli.org\/it\/author\/fondazionepirelli\/"}]}},"_links":{"self":[{"href":"https:\/\/www.fondazionepirelli.org\/it\/wp-json\/wp\/v2\/posts\/106364\/"}],"collection":[{"href":"https:\/\/www.fondazionepirelli.org\/it\/wp-json\/wp\/v2\/posts\/"}],"about":[{"href":"https:\/\/www.fondazionepirelli.org\/it\/wp-json\/wp\/v2\/types\/post\/"}],"author":[{"embeddable":true,"href":"https:\/\/www.fondazionepirelli.org\/it\/wp-json\/wp\/v2\/users\/9\/"}],"replies":[{"embeddable":true,"href":"https:\/\/www.fondazionepirelli.org\/it\/wp-json\/wp\/v2\/comments\/?post=106364"}],"version-history":[{"count":6,"href":"https:\/\/www.fondazionepirelli.org\/it\/wp-json\/wp\/v2\/posts\/106364\/revisions\/"}],"predecessor-version":[{"id":106510,"href":"https:\/\/www.fondazionepirelli.org\/it\/wp-json\/wp\/v2\/posts\/106364\/revisions\/106510\/"}],"wp:featuredmedia":[{"embeddable":true,"href":"https:\/\/www.fondazionepirelli.org\/it\/wp-json\/wp\/v2\/media\/106365\/"}],"wp:attachment":[{"href":"https:\/\/www.fondazionepirelli.org\/it\/wp-json\/wp\/v2\/media\/?parent=106364"}],"wp:term":[{"taxonomy":"category","embeddable":true,"href":"https:\/\/www.fondazionepirelli.org\/it\/wp-json\/wp\/v2\/categories\/?post=106364"},{"taxonomy":"post_tag","embeddable":true,"href":"https:\/\/www.fondazionepirelli.org\/it\/wp-json\/wp\/v2\/tags\/?post=106364"}],"curies":[{"name":"wp","href":"https:\/\/api.w.org\/{rel}","templated":true}]}}