{"id":106411,"date":"2026-01-27T12:46:13","date_gmt":"2026-01-27T11:46:13","guid":{"rendered":"https:\/\/www.fondazionepirelli.org\/?p=106411"},"modified":"2026-01-27T12:46:13","modified_gmt":"2026-01-27T11:46:13","slug":"leuropa-ha-un-potere-da-usare-meglio-verso-usa-e-cina-la-forza-della-liberta-e-della-cultura-umanistica-e-scientifica","status":"publish","type":"post","link":"https:\/\/www.fondazionepirelli.org\/it\/cultura-dimpresa\/blog\/leuropa-ha-un-potere-da-usare-meglio-verso-usa-e-cina-la-forza-della-liberta-e-della-cultura-umanistica-e-scientifica\/","title":{"rendered":"L\u2019Europa ha un potere da usare meglio verso Usa e Cina: la forza della libert\u00e0 e della cultura umanistica e scientifica"},"content":{"rendered":"<p>\u201cDi tutto restano tre cose:\/ la certezza\/ che stiamo sempre iniziando,\/ la certezza\/ che abbiamo bisogno di continuare,\/ la certezza\/ che saremo interrotti prima di finire.\/ Pertanto dobbiamo fare\/ dell\u2019interruzione,\/ un nuovo cammino\/ della caduta,\/ un passo di danza\/ della paura,\/ una scala\/ del sogno,\/ un ponte\/ del bisogno,\/ un incontro\u201d.<\/p>\n<p>Diciotto versi, essenziali. Attribuiti comunemente, per errore, a Fernando Pessoa. E invece scritti da <strong>Fernando Sabino<\/strong>, poeta brasiliano, una vena malinconica (eccolo, forse, l\u2019equivoco con Pessoa) e una solida reputazione nel mondo novecentesco delle lettere di Rio de Janeiro.<\/p>\n<p>Sono versi utili da rileggere, in questi tempi cos\u00ec incerti e controversi, per non smarrirsi tra dichiarazioni prepotenti e contraddittorie, minacce arroganti, false notizie e veri e propri atti di violenza. E rivalutare invece l\u2019importanza del lavoro intellettuale di dubbio e ricerca, del \u201cfare della caduta, un passo di danza\u201d, \u201cdell\u2019interruzione, un nuovo cammino\u201d e soprattutto seguire l\u2019idea che \u201cil corso delle cose \u00e8 sinuoso\u201d (questa \u00e8 di <strong>Maurice Merleau-Ponty<\/strong>) e che dunque la storia possa avere dei repentini cambi di indirizzo, uno scarto, una mossa del cavallo, rivelare perfino un\u2019eterogenesi dei fini, in grado di ridare un ordine diverso e spesso migliore alle cose.<\/p>\n<p>Siamo, noi europei anziani, persone cresciute secondo i valori del <strong>primato delle idee<\/strong> (della legge, delle regole, delle Costituzioni e della Ragione, della filosofia e della letteratura, dunque) e adesso profondamente a disagio di fronte alla prepotente affermazione del <strong>primato della forza<\/strong>. In tanti, convinti della bont\u00e0 della democrazia, abbiamo scelto il <strong>\u201cprimato della norma impersonale e astratta\u201d<\/strong> (dunque non soggetta ai capricci del Principe) teorizzata dal giurista liberale <strong>Hans Kelsen<\/strong>, detestato dai nazisti. E abbiamo invece rifiutato il principio che <strong>\u201cSovrano \u00e8 chi decide in Stato di eccezione\u201d<\/strong> teorizzato da <strong>Carl Schmitt<\/strong>, che al pensiero autoritario nazista piaceva moltissimo.<\/p>\n<p>Adesso gli anni che ci restano corriamo il rischio di non viverli \u201ccon l\u2019anima aperta, il cuore in pace\u2026 e un abbraccio con amore per quelli che ci restano da vivere\u201d, come saggiamente si augurava e ci augurava il vecchio <strong>Pablo Neruda<\/strong> (da rileggere, comunque, ogni giorno, come un breviario gioioso e sapiente). Ma di subirli con l\u2019angoscia di abitare in un mondo violento e prepotente, dominato dal bullismo macho che scrive regole e comportamenti come conviene al pi\u00f9 forte e da tecno-feudatari sottratti a ogni controllo e incuranti delle conseguenze di algoritmi manipolatori e privi di responsabilit\u00e0 sulla sostenibilit\u00e0 della vita per milioni di persone (leggere due romanzi profetici e densi di verit\u00e0 come \u201cQuello che possiamo sapere\u201d di <strong>Ian McEwan<\/strong>, Einaudi e \u201cIl mondo senza inverno\u201d di <strong>Bruno Arpaia<\/strong>, Guanda, per averne un\u2019idea).<\/p>\n<p>L\u2019Europa \u00e8 dunque perduta, marginale, in declino, come si affrettano quasi quotidianamente a spiegarci i potenti di Washington e Pechino e gli azionisti delle Big Tech, americani o cinesi che siano?<\/p>\n<p>Probabilmente no. A condizione che quest\u2019Europa vilipesa e intimidita non rinunci a mettere sul tavolo del confronto, geopolitico e geoeconomico, le carte di tutti i suoi punti di forza, compresi quei valori irrisi come irrilevanti perch\u00e9 non accompagnati dalla forza militare e <em>high tech <\/em>(\u00e8 ci\u00f2 che proviamo a scrivere, testardamente, negli ultimi blog, \u201cfare della paura una scala, del sogno un ponte\u201d, per ripetere il falso Pessoa vero Sabino).<\/p>\n<p>Azzardiamo a giocare, allora, con un mazzo di carte diverse da quelle del Risiko, illustrate da carri armati, soldati e cannoni. E proviamo a misurare la forza dell\u2019Europa in un altro modo. Per esempio, mettendo sul tavolo <strong>la forza della nostra cultura<\/strong>.<\/p>\n<p>Il grande dipinto di <strong>Raffaello<\/strong> sulla <strong>Scuola di Atene<\/strong>, per esempio, ospitato ai <strong>Musei Vaticani<\/strong> (il cartone preparatorio \u00e8 alla <strong>Pinacoteca Ambrosiana di Milano<\/strong> e merita di essere guardato attentamente): ci sono i grandi filosofi, guidati da Platone e Aristotele, ma anche i matematici e gli astronomi, gli artisti (Raffaello stesso, pensoso, in un angolo) e persino un ragazzetto, l\u2019unico i cui capelli sono scompigliati da un vento impetuoso, probabilmente il soffio forte dell\u2019innovazione che anima quel dipinto altrimenti cos\u00ec ieratico e composto.<\/p>\n<p>In quella \u201cScuola di Atene\u201d c\u2019\u00e8 tutta <strong>la forza dell\u2019Europa<\/strong>: la conoscenza e le idee in movimento, la <strong>\u201ccultura politecnica\u201d<\/strong> dei filosofi e dei matematici (proprio quella cultura che oggi \u00e8 indispensabile a progettare, dare senso, controllare e guidare l\u2019Artificial Intelligence), la bellezza dell\u2019arte ma anche l\u2019equilibrio della scienza.<\/p>\n<p>Eccola, la forza dell\u2019Europa che noi abbiamo e altre parti del mondo no o almeno non nella stessa equilibrata misura: <strong>la profondit\u00e0 critica della conoscenza<\/strong>, che si traduce in operativit\u00e0 di scienza, ricerca, tecnologia, impresa, produttivit\u00e0, lavoro e convivenza civile: un prezioso <strong>capitale sociale e civile<\/strong>, una ricchezza molto pi\u00f9 solida e duratura di quella della pura tecnica militare. Un capitale sociale che rigidit\u00e0 burocratiche e schematismi ideologici della Ue possono indebolire, ma non certo bloccare. Un capitale da saper investire, con sapienza politica e robusto orgoglio da \u201cpatriottismo dolce\u201d europeo.<\/p>\n<p>Ecco allora la libert\u00e0 affermata contro ogni costrizione da <strong>Baruch Spinoza<\/strong> e i pensieri spirituali di <strong>Pascal<\/strong> e <strong>Montaigne<\/strong>, il testardo spirito scientifico di <strong>Galileo<\/strong> e <strong>Newton<\/strong>, l\u2019ingegno del Codice Atlantico di <strong>Leonardo Da Vinci<\/strong> che raffigura oggetti tecnici che ancora non esistono e la misura architettonica di <strong>Leon Battista Alberti<\/strong>. E ancora la profonda conoscenza delle dinamiche infernali del potere e della <em>hybris <\/em>di <strong>Shakespeare<\/strong> (da studiare in tutte le buone scuole di management, oltre che da godere a teatro), il senso del divino di <strong>Bach<\/strong>, l\u2019intelligenza critica di <strong>Voltaire<\/strong> e il senso filosofico ed etico di <strong>Kant<\/strong>. E, ancora, la sapienza economica di <strong>Antonio Genovesi<\/strong> e <strong>Adam Smith<\/strong> (senza dimenticare <strong>John M. Keynes<\/strong>), l\u2019acutezza scientifica e morale di <strong>Hans Bohr<\/strong> e <strong>Marie Curie<\/strong> e la lucida capacit\u00e0 critica e narrativa di <strong>Alessandro Manzoni<\/strong> e <strong>Thomas Mann<\/strong>. E, guardando a tempi pi\u00f9 vicini a noi, il senso della creazione alchemica come antidoto artistico alle violenze del mondo, storiche e attuali, di <strong>Anselm Kiefer<\/strong>, quel sapiente <strong>Primo Levi<\/strong> di \u201cSe questo \u00e8 un uomo\u201d e quella\u00a0 straordinaria <strong>Hannah Arendt<\/strong> che ci mette ancora in guardia contro la presunta \u201cbanalit\u00e0 del male\u201d proprio quando quella orrenda e violenta \u201cbanalit\u00e0\u201d ce la ritroviamo ancora nei giorni scorsi nelle immagini dei bambini usati a Minneapolis per \u201cstanare\u201d i genitori forse illegalmente immigrati (ma cosa sono mai un uomo o una donna, animali da \u201cstanare\u201d? Per capire, leggere le cronache e l\u2019editoriale del Quotidiano Nazionale\/Il Giorno, La Nazione, Il Resto del Carlino del 28 gennaio). E cos\u00ec via continuando di pagina in pagina, di intellettuale in intellettuale (bella parola, \u201cintellettuale\u201d, come ci ha insegnato <strong>Tullio De Mauro<\/strong>), sino a finire di sfogliare la monumentale <strong>Enciclopedia Treccani<\/strong> ma anche la Britannica, con tutti i loro volumi di aggiornamento.<\/p>\n<p>I nostri valori di cultura, democrazia, libert\u00e0, tolleranza, <strong>i valori dell\u2019Occidente democratico e liberale<\/strong> sono gli stessi che oggi scuotono gli Usa, da Minneapolis a New York e a tante altre citt\u00e0 americane, nel timore che vengano compromessi, limitati, aboliti.<\/p>\n<p>Abbiamo la conoscenza e la <strong>\u201ccivilt\u00e0 della conversazione\u201d<\/strong> da cui \u00e8 nato l\u2019Illuminismo, caposaldo della civilt\u00e0 contemporanea e argine anche rispetto ai nostri contemporanei eversori, la capacit\u00e0 del pensiero critico che, applicato alla scienza, ha segnato tutto il Novecento e l\u2019intelligenza pragmatica di aver definito meccanismi e valori della democrazia liberale che sa far convivere libert\u00e0, intraprendenza, mercato e welfare come in nessun altro posto del mondo.<\/p>\n<p>I libri valgono un esercito? Le idee battono i missili e i mitra delle milizie mercenarie o fanatiche? La sfida \u00e8 aperta. Quanto meno nel medio periodo. L\u2019Iran, proprio in queste settimane, ci offre esemplari testimonianze della forza dirompente delle idee contro le armi dei pasdaran: <strong>\u201cLeggere Lolita a Teheran\u201d<\/strong> da decenni \u00e8 uno strumento potente di libert\u00e0 e civilt\u00e0.<\/p>\n<p>Proprio a un grande libro europeo, d\u2019altronde, ha fatto ricorso il leader canadese, Mark Karney, per rafforzare il suo ragionamento che metteva limiti alle pretese di Donald Trump sulla Groenlandia: a quel <strong>\u201cPotere dei senza poteri\u201d<\/strong> con cui <strong>Vaclav Havel<\/strong> contrastava l\u2019autoritarismo comunista sovietico prima che la storia cambiasse verso e quel padre intellettuale dell\u2019Europa libera diventasse presidente della Repubblica Ceca.<\/p>\n<p>\u201cIl potere dei senza poteri\u201d, per prendere finalmente atto che le idee hanno un grande potere che va fatto valere, anche davanti alle armi e ai pi\u00f9 arditi congegni <em>high tech (<\/em>che peraltro, senza idee, non funzionano). Per la cronaca, nello scontro tra <strong>Carney e Trump<\/strong>, nei giorni scorsi, ha avuto la meglio Carney e Trump ha, almeno momentaneamente, rinunciato a comprare o a esercitare la forza militare per prendersi la Groenlandia.<\/p>\n<p>Serve, naturalmente, il realismo politico, per non ritrovarsi tra le pagine di don Miguel de Cervantes. Ma senza abdicare alla forza dei valori e dei principi, a quel \u201ctirare a campare per non tirare le cuoia\u201d cos\u00ec caro al cinismo di Giulio Andreotti (e oggi, comunque, tutt\u2019altro che sicuramente vincente nel confronto tra i valori sostenuti da progetti, come i piani di <strong>Draghi<\/strong> e <strong>Letta<\/strong> per l\u2019Europa, per esempio e le prepotenze sostenute da avidit\u00e0 privatissima di spropositate ricchezze. Tra una \u201cdeterrenza credibile\u201d che l\u2019Europa deve mettere in piedi, con una \u201cindustria della guerra, anche economica e forte di \u201cleadership tecnologica\u201d che renda la guerra non conveniente\u201d e la minacciosit\u00e0 dei piani aggressivi di chi pretenda di ricondurre il mondo a due o tre imperio dominanti (i concetti sono contenuti in <strong>\u201cIl prezzo della guerra\u201d<\/strong> di <strong>Paolo Balduzzi e Andrea Bignami<\/strong>, Paesi Edizioni).<\/p>\n<p>Alla fine di tanti e tali ragionamenti, viene naturale dare pienamente ragione a chi, come la <strong>Magnifica Rettrice dell\u2019Universit\u00e0 Statale di Milano<\/strong>, <strong>Marina Brambilla<\/strong>, inaugurando pochi giorni fa l\u2019Anno Accademico, ha fatto un discorso di principio, in cui ha affermato che \u201cla libert\u00e0 accademica non \u00e8 negoziabile\u201d (Il Giorno, 20 gennaio), soprattutto in un contesto in cui \u201cl\u2019antiscientismo dilaga\u201d.<\/p>\n<p>Libert\u00e0 accademica come \u201clibert\u00e0 di ricerca e di insegnamento, come autonomia della scienza, come stimolo alla ricerca i cui effetti positivi ricadono poi sulle imprese, sul lavoro, sulla vita civile e sulla societ\u00e0\u201d. L\u2019autonomia della ricerca scientifica, d\u2019altronde, \u00e8 uno dei valori fondanti dell\u2019ordine liberale delle cose. Ribadirlo, in questi tempi cos\u00ec controversi, \u00e8 assolutamente indispensabile.<\/p>\n<p>Bene ha fatto, dunque, Marina Brambilla, a ricordare quanto i fondamenti della ricerca, in Italia, siano previsti e tutelati dalla Costituzione. E a chiedere, semmai, che chi governa sia pi\u00f9 sapiente nell\u2019orientare, verso la ricerca, risorse ben maggiori di quelle messe sino ad adesso a disposizione.<\/p>\n<p>Quella <strong>\u201clibert\u00e0 accademica non negoziabile\u201d<\/strong> \u00e8 d\u2019altronde, proprio oggi, quanto mai indispensabile anche perch\u00e9 l\u2019Europa possa fare valere le proprie capacit\u00e0 attrattive nei confronti di decine di migliaia di studenti, ricercatori, professori, seriamente in difficolt\u00e0 in quello che una volta era il paradiso della ricerca scientifica e cio\u00e8 gli Usa, con i principali atenei messi sotto stress dal taglio massiccio dei fondi federali perch\u00e9 poco rispettoso delle direttive politiche della Casa Bianca (ne abbiamo parlato nel blog della settimana scorsa).<\/p>\n<p>L\u2019Europa non potr\u00e0 mai, ragionevolmente, fare da alternativa globale agli Usa. Ma certo, ribadire la sua forza, la sua solidit\u00e0 e creativit\u00e0 scientifica e culturale pu\u00f2 essere un grande obiettivo europeo, anche per rafforzare alcuni valori e alcuni interessi Ue di grande portata: l\u2019autonomia, la sicurezza strategica ed energetica, la politica industriale, il rafforzamento di una voce autorevole al di l\u00e0 della potenza di Usa e Cina.<\/p>\n<p>Altre buone notizie, in questo senso, vengono proprio in questi giorni delle universit\u00e0 italiane. Come l\u2019accordo appena firmato dal Politecnico e dall\u2019Universit\u00e0 Bocconi di Milano per istituire \u201cla gigafactory delle start up&#8221; (Il Sole24Ore,\u00a0 21 gennaio): gli hub delle due universit\u00e0 Polihub e B4i vengono conferiti alla <strong>Fondazione Tef<\/strong> (presieduta da Ferruccio Resta), con l\u2019obiettivo di generare un migliaio di realt\u00e0 innovative all\u2019anno. Un importante passo avanti per la ricerca, l\u2019innovazione, le imprese pi\u00f9 dinamiche.<\/p>\n<p>L\u2019Europa, in cerca di forza e identit\u00e0, ringrazia.<\/p><p><em>(Foto Getty Images)<\/em><\/p>\n","protected":false},"excerpt":{"rendered":"<p>\u201cDi tutto restano tre cose:\/ la certezza\/ che stiamo sempre iniziando,\/ la certezza\/ che abbiamo bisogno di continuare,\/ la certezza\/ che saremo interrotti prima di finire.\/ Pertanto dobbiamo fare\/ dell\u2019interruzione,\/ un nuovo cammino\/ della caduta,\/ un passo di danza\/ della paura,\/ una scala\/ del sogno,\/ un ponte\/ del bisogno,\/ un incontro\u201d. Diciotto versi, essenziali. Attribuiti [&hellip;]<\/p>\n","protected":false},"author":1,"featured_media":106453,"comment_status":"open","ping_status":"open","sticky":false,"template":"","format":"standard","meta":{"footnotes":""},"categories":[53,52],"tags":[],"class_list":["post-106411","post","type-post","status-publish","format-standard","has-post-thumbnail","hentry","category-blog","category-cultura-dimpresa"],"acf":[],"yoast_head":"<!-- This site is optimized with the Yoast SEO plugin v25.0 - https:\/\/yoast.com\/wordpress\/plugins\/seo\/ -->\n<title>L\u2019Europa ha un potere da usare meglio verso Usa e Cina: la forza della libert\u00e0 e della cultura umanistica e scientifica - Fondazione Pirelli<\/title>\n<meta name=\"robots\" content=\"index, follow, max-snippet:-1, max-image-preview:large, max-video-preview:-1\" \/>\n<link rel=\"canonical\" href=\"https:\/\/www.fondazionepirelli.org\/it\/cultura-dimpresa\/blog\/leuropa-ha-un-potere-da-usare-meglio-verso-usa-e-cina-la-forza-della-liberta-e-della-cultura-umanistica-e-scientifica\/\" \/>\n<meta property=\"og:locale\" content=\"it_IT\" \/>\n<meta property=\"og:type\" content=\"article\" \/>\n<meta property=\"og:title\" content=\"L\u2019Europa ha un potere da usare meglio verso Usa e Cina: la forza della libert\u00e0 e della cultura umanistica e scientifica - Fondazione Pirelli\" \/>\n<meta property=\"og:description\" content=\"\u201cDi tutto restano tre cose:\/ la certezza\/ che stiamo sempre iniziando,\/ la certezza\/ che abbiamo bisogno di continuare,\/ la certezza\/ che saremo interrotti prima di finire.\/ Pertanto dobbiamo fare\/ dell\u2019interruzione,\/ un nuovo cammino\/ della caduta,\/ un passo di danza\/ della paura,\/ una scala\/ del sogno,\/ un ponte\/ del bisogno,\/ un incontro\u201d. Diciotto versi, essenziali. Attribuiti [&hellip;]\" \/>\n<meta property=\"og:url\" content=\"https:\/\/www.fondazionepirelli.org\/it\/cultura-dimpresa\/blog\/leuropa-ha-un-potere-da-usare-meglio-verso-usa-e-cina-la-forza-della-liberta-e-della-cultura-umanistica-e-scientifica\/\" \/>\n<meta property=\"og:site_name\" content=\"Fondazione Pirelli\" \/>\n<meta property=\"article:published_time\" content=\"2026-01-27T11:46:13+00:00\" \/>\n<meta property=\"og:image\" content=\"https:\/\/wpsite-assets.fondazionepirelli.org\/wp-content\/uploads\/2026\/01\/27124307\/GettyImages-1129916027-scaled.jpg\" \/>\n\t<meta property=\"og:image:width\" content=\"2560\" \/>\n\t<meta property=\"og:image:height\" content=\"1707\" \/>\n\t<meta property=\"og:image:type\" content=\"image\/jpeg\" \/>\n<meta name=\"author\" content=\"fondadmin\" \/>\n<meta name=\"twitter:card\" content=\"summary_large_image\" \/>\n<meta name=\"twitter:label1\" content=\"Scritto da\" \/>\n\t<meta name=\"twitter:data1\" content=\"fondadmin\" \/>\n\t<meta name=\"twitter:label2\" content=\"Tempo di lettura stimato\" \/>\n\t<meta name=\"twitter:data2\" content=\"11 minuti\" \/>\n<script type=\"application\/ld+json\" class=\"yoast-schema-graph\">{\"@context\":\"https:\/\/schema.org\",\"@graph\":[{\"@type\":\"WebPage\",\"@id\":\"https:\/\/www.fondazionepirelli.org\/it\/cultura-dimpresa\/blog\/leuropa-ha-un-potere-da-usare-meglio-verso-usa-e-cina-la-forza-della-liberta-e-della-cultura-umanistica-e-scientifica\/\",\"url\":\"https:\/\/www.fondazionepirelli.org\/it\/cultura-dimpresa\/blog\/leuropa-ha-un-potere-da-usare-meglio-verso-usa-e-cina-la-forza-della-liberta-e-della-cultura-umanistica-e-scientifica\/\",\"name\":\"L\u2019Europa ha un potere da usare meglio verso Usa e Cina: la forza della libert\u00e0 e della cultura umanistica e scientifica - Fondazione Pirelli\",\"isPartOf\":{\"@id\":\"https:\/\/www.fondazionepirelli.org\/it\/#website\"},\"primaryImageOfPage\":{\"@id\":\"https:\/\/www.fondazionepirelli.org\/it\/cultura-dimpresa\/blog\/leuropa-ha-un-potere-da-usare-meglio-verso-usa-e-cina-la-forza-della-liberta-e-della-cultura-umanistica-e-scientifica\/#primaryimage\"},\"image\":{\"@id\":\"https:\/\/www.fondazionepirelli.org\/it\/cultura-dimpresa\/blog\/leuropa-ha-un-potere-da-usare-meglio-verso-usa-e-cina-la-forza-della-liberta-e-della-cultura-umanistica-e-scientifica\/#primaryimage\"},\"thumbnailUrl\":\"https:\/\/wpsite-assets.fondazionepirelli.org\/wp-content\/uploads\/2026\/01\/27124307\/GettyImages-1129916027-scaled.jpg\",\"datePublished\":\"2026-01-27T11:46:13+00:00\",\"author\":{\"@id\":\"https:\/\/www.fondazionepirelli.org\/it\/#\/schema\/person\/f47d097000832c4a6e54538c791fdf25\"},\"breadcrumb\":{\"@id\":\"https:\/\/www.fondazionepirelli.org\/it\/cultura-dimpresa\/blog\/leuropa-ha-un-potere-da-usare-meglio-verso-usa-e-cina-la-forza-della-liberta-e-della-cultura-umanistica-e-scientifica\/#breadcrumb\"},\"inLanguage\":\"it-IT\",\"potentialAction\":[{\"@type\":\"ReadAction\",\"target\":[\"https:\/\/www.fondazionepirelli.org\/it\/cultura-dimpresa\/blog\/leuropa-ha-un-potere-da-usare-meglio-verso-usa-e-cina-la-forza-della-liberta-e-della-cultura-umanistica-e-scientifica\/\"]}]},{\"@type\":\"ImageObject\",\"inLanguage\":\"it-IT\",\"@id\":\"https:\/\/www.fondazionepirelli.org\/it\/cultura-dimpresa\/blog\/leuropa-ha-un-potere-da-usare-meglio-verso-usa-e-cina-la-forza-della-liberta-e-della-cultura-umanistica-e-scientifica\/#primaryimage\",\"url\":\"https:\/\/wpsite-assets.fondazionepirelli.org\/wp-content\/uploads\/2026\/01\/27124307\/GettyImages-1129916027-scaled.jpg\",\"contentUrl\":\"https:\/\/wpsite-assets.fondazionepirelli.org\/wp-content\/uploads\/2026\/01\/27124307\/GettyImages-1129916027-scaled.jpg\",\"width\":2560,\"height\":1707,\"caption\":\"Happy young woman with EU flag.\"},{\"@type\":\"BreadcrumbList\",\"@id\":\"https:\/\/www.fondazionepirelli.org\/it\/cultura-dimpresa\/blog\/leuropa-ha-un-potere-da-usare-meglio-verso-usa-e-cina-la-forza-della-liberta-e-della-cultura-umanistica-e-scientifica\/#breadcrumb\",\"itemListElement\":[{\"@type\":\"ListItem\",\"position\":1,\"name\":\"Home\",\"item\":\"https:\/\/www.fondazionepirelli.org\/it\/\"},{\"@type\":\"ListItem\",\"position\":2,\"name\":\"L\u2019Europa ha un potere da usare meglio verso Usa e Cina: la forza della libert\u00e0 e della cultura umanistica e scientifica\"}]},{\"@type\":\"WebSite\",\"@id\":\"https:\/\/www.fondazionepirelli.org\/it\/#website\",\"url\":\"https:\/\/www.fondazionepirelli.org\/it\/\",\"name\":\"Fondazione Pirelli\",\"description\":\"\",\"potentialAction\":[{\"@type\":\"SearchAction\",\"target\":{\"@type\":\"EntryPoint\",\"urlTemplate\":\"https:\/\/www.fondazionepirelli.org\/it\/?s={search_term_string}\"},\"query-input\":{\"@type\":\"PropertyValueSpecification\",\"valueRequired\":true,\"valueName\":\"search_term_string\"}}],\"inLanguage\":\"it-IT\"},{\"@type\":\"Person\",\"@id\":\"https:\/\/www.fondazionepirelli.org\/it\/#\/schema\/person\/f47d097000832c4a6e54538c791fdf25\",\"name\":\"fondadmin\",\"image\":{\"@type\":\"ImageObject\",\"inLanguage\":\"it-IT\",\"@id\":\"https:\/\/www.fondazionepirelli.org\/it\/#\/schema\/person\/image\/\",\"url\":\"https:\/\/secure.gravatar.com\/avatar\/e69498a9175ca244966e51e53c88712c024fcebe41f9a05f75657f1bb25e489b?s=96&d=mm&r=g\",\"contentUrl\":\"https:\/\/secure.gravatar.com\/avatar\/e69498a9175ca244966e51e53c88712c024fcebe41f9a05f75657f1bb25e489b?s=96&d=mm&r=g\",\"caption\":\"fondadmin\"},\"url\":\"https:\/\/www.fondazionepirelli.org\/it\/author\/fondadmin\/\"}]}<\/script>\n<!-- \/ Yoast SEO plugin. -->","yoast_head_json":{"title":"L\u2019Europa ha un potere da usare meglio verso Usa e Cina: la forza della libert\u00e0 e della cultura umanistica e scientifica - Fondazione Pirelli","robots":{"index":"index","follow":"follow","max-snippet":"max-snippet:-1","max-image-preview":"max-image-preview:large","max-video-preview":"max-video-preview:-1"},"canonical":"https:\/\/www.fondazionepirelli.org\/it\/cultura-dimpresa\/blog\/leuropa-ha-un-potere-da-usare-meglio-verso-usa-e-cina-la-forza-della-liberta-e-della-cultura-umanistica-e-scientifica\/","og_locale":"it_IT","og_type":"article","og_title":"L\u2019Europa ha un potere da usare meglio verso Usa e Cina: la forza della libert\u00e0 e della cultura umanistica e scientifica - Fondazione Pirelli","og_description":"\u201cDi tutto restano tre cose:\/ la certezza\/ che stiamo sempre iniziando,\/ la certezza\/ che abbiamo bisogno di continuare,\/ la certezza\/ che saremo interrotti prima di finire.\/ Pertanto dobbiamo fare\/ dell\u2019interruzione,\/ un nuovo cammino\/ della caduta,\/ un passo di danza\/ della paura,\/ una scala\/ del sogno,\/ un ponte\/ del bisogno,\/ un incontro\u201d. Diciotto versi, essenziali. Attribuiti [&hellip;]","og_url":"https:\/\/www.fondazionepirelli.org\/it\/cultura-dimpresa\/blog\/leuropa-ha-un-potere-da-usare-meglio-verso-usa-e-cina-la-forza-della-liberta-e-della-cultura-umanistica-e-scientifica\/","og_site_name":"Fondazione Pirelli","article_published_time":"2026-01-27T11:46:13+00:00","og_image":[{"width":2560,"height":1707,"url":"https:\/\/wpsite-assets.fondazionepirelli.org\/wp-content\/uploads\/2026\/01\/27124307\/GettyImages-1129916027-scaled.jpg","type":"image\/jpeg"}],"author":"fondadmin","twitter_card":"summary_large_image","twitter_misc":{"Scritto da":"fondadmin","Tempo di lettura stimato":"11 minuti"},"schema":{"@context":"https:\/\/schema.org","@graph":[{"@type":"WebPage","@id":"https:\/\/www.fondazionepirelli.org\/it\/cultura-dimpresa\/blog\/leuropa-ha-un-potere-da-usare-meglio-verso-usa-e-cina-la-forza-della-liberta-e-della-cultura-umanistica-e-scientifica\/","url":"https:\/\/www.fondazionepirelli.org\/it\/cultura-dimpresa\/blog\/leuropa-ha-un-potere-da-usare-meglio-verso-usa-e-cina-la-forza-della-liberta-e-della-cultura-umanistica-e-scientifica\/","name":"L\u2019Europa ha un potere da usare meglio verso Usa e Cina: la forza della libert\u00e0 e della cultura umanistica e scientifica - Fondazione Pirelli","isPartOf":{"@id":"https:\/\/www.fondazionepirelli.org\/it\/#website"},"primaryImageOfPage":{"@id":"https:\/\/www.fondazionepirelli.org\/it\/cultura-dimpresa\/blog\/leuropa-ha-un-potere-da-usare-meglio-verso-usa-e-cina-la-forza-della-liberta-e-della-cultura-umanistica-e-scientifica\/#primaryimage"},"image":{"@id":"https:\/\/www.fondazionepirelli.org\/it\/cultura-dimpresa\/blog\/leuropa-ha-un-potere-da-usare-meglio-verso-usa-e-cina-la-forza-della-liberta-e-della-cultura-umanistica-e-scientifica\/#primaryimage"},"thumbnailUrl":"https:\/\/wpsite-assets.fondazionepirelli.org\/wp-content\/uploads\/2026\/01\/27124307\/GettyImages-1129916027-scaled.jpg","datePublished":"2026-01-27T11:46:13+00:00","author":{"@id":"https:\/\/www.fondazionepirelli.org\/it\/#\/schema\/person\/f47d097000832c4a6e54538c791fdf25"},"breadcrumb":{"@id":"https:\/\/www.fondazionepirelli.org\/it\/cultura-dimpresa\/blog\/leuropa-ha-un-potere-da-usare-meglio-verso-usa-e-cina-la-forza-della-liberta-e-della-cultura-umanistica-e-scientifica\/#breadcrumb"},"inLanguage":"it-IT","potentialAction":[{"@type":"ReadAction","target":["https:\/\/www.fondazionepirelli.org\/it\/cultura-dimpresa\/blog\/leuropa-ha-un-potere-da-usare-meglio-verso-usa-e-cina-la-forza-della-liberta-e-della-cultura-umanistica-e-scientifica\/"]}]},{"@type":"ImageObject","inLanguage":"it-IT","@id":"https:\/\/www.fondazionepirelli.org\/it\/cultura-dimpresa\/blog\/leuropa-ha-un-potere-da-usare-meglio-verso-usa-e-cina-la-forza-della-liberta-e-della-cultura-umanistica-e-scientifica\/#primaryimage","url":"https:\/\/wpsite-assets.fondazionepirelli.org\/wp-content\/uploads\/2026\/01\/27124307\/GettyImages-1129916027-scaled.jpg","contentUrl":"https:\/\/wpsite-assets.fondazionepirelli.org\/wp-content\/uploads\/2026\/01\/27124307\/GettyImages-1129916027-scaled.jpg","width":2560,"height":1707,"caption":"Happy young woman with EU flag."},{"@type":"BreadcrumbList","@id":"https:\/\/www.fondazionepirelli.org\/it\/cultura-dimpresa\/blog\/leuropa-ha-un-potere-da-usare-meglio-verso-usa-e-cina-la-forza-della-liberta-e-della-cultura-umanistica-e-scientifica\/#breadcrumb","itemListElement":[{"@type":"ListItem","position":1,"name":"Home","item":"https:\/\/www.fondazionepirelli.org\/it\/"},{"@type":"ListItem","position":2,"name":"L\u2019Europa ha un potere da usare meglio verso Usa e Cina: la forza della libert\u00e0 e della cultura umanistica e scientifica"}]},{"@type":"WebSite","@id":"https:\/\/www.fondazionepirelli.org\/it\/#website","url":"https:\/\/www.fondazionepirelli.org\/it\/","name":"Fondazione Pirelli","description":"","potentialAction":[{"@type":"SearchAction","target":{"@type":"EntryPoint","urlTemplate":"https:\/\/www.fondazionepirelli.org\/it\/?s={search_term_string}"},"query-input":{"@type":"PropertyValueSpecification","valueRequired":true,"valueName":"search_term_string"}}],"inLanguage":"it-IT"},{"@type":"Person","@id":"https:\/\/www.fondazionepirelli.org\/it\/#\/schema\/person\/f47d097000832c4a6e54538c791fdf25","name":"fondadmin","image":{"@type":"ImageObject","inLanguage":"it-IT","@id":"https:\/\/www.fondazionepirelli.org\/it\/#\/schema\/person\/image\/","url":"https:\/\/secure.gravatar.com\/avatar\/e69498a9175ca244966e51e53c88712c024fcebe41f9a05f75657f1bb25e489b?s=96&d=mm&r=g","contentUrl":"https:\/\/secure.gravatar.com\/avatar\/e69498a9175ca244966e51e53c88712c024fcebe41f9a05f75657f1bb25e489b?s=96&d=mm&r=g","caption":"fondadmin"},"url":"https:\/\/www.fondazionepirelli.org\/it\/author\/fondadmin\/"}]}},"_links":{"self":[{"href":"https:\/\/www.fondazionepirelli.org\/it\/wp-json\/wp\/v2\/posts\/106411\/"}],"collection":[{"href":"https:\/\/www.fondazionepirelli.org\/it\/wp-json\/wp\/v2\/posts\/"}],"about":[{"href":"https:\/\/www.fondazionepirelli.org\/it\/wp-json\/wp\/v2\/types\/post\/"}],"author":[{"embeddable":true,"href":"https:\/\/www.fondazionepirelli.org\/it\/wp-json\/wp\/v2\/users\/1\/"}],"replies":[{"embeddable":true,"href":"https:\/\/www.fondazionepirelli.org\/it\/wp-json\/wp\/v2\/comments\/?post=106411"}],"version-history":[{"count":5,"href":"https:\/\/www.fondazionepirelli.org\/it\/wp-json\/wp\/v2\/posts\/106411\/revisions\/"}],"predecessor-version":[{"id":106457,"href":"https:\/\/www.fondazionepirelli.org\/it\/wp-json\/wp\/v2\/posts\/106411\/revisions\/106457\/"}],"wp:featuredmedia":[{"embeddable":true,"href":"https:\/\/www.fondazionepirelli.org\/it\/wp-json\/wp\/v2\/media\/106453\/"}],"wp:attachment":[{"href":"https:\/\/www.fondazionepirelli.org\/it\/wp-json\/wp\/v2\/media\/?parent=106411"}],"wp:term":[{"taxonomy":"category","embeddable":true,"href":"https:\/\/www.fondazionepirelli.org\/it\/wp-json\/wp\/v2\/categories\/?post=106411"},{"taxonomy":"post_tag","embeddable":true,"href":"https:\/\/www.fondazionepirelli.org\/it\/wp-json\/wp\/v2\/tags\/?post=106411"}],"curies":[{"name":"wp","href":"https:\/\/api.w.org\/{rel}","templated":true}]}}