{"id":106413,"date":"2026-01-27T12:46:49","date_gmt":"2026-01-27T11:46:49","guid":{"rendered":"https:\/\/www.fondazionepirelli.org\/?p=106413"},"modified":"2026-01-27T12:46:49","modified_gmt":"2026-01-27T11:46:49","slug":"lumanita-di-industria-5-0","status":"publish","type":"post","link":"https:\/\/www.fondazionepirelli.org\/it\/cultura-dimpresa\/recensioni-libri\/lumanita-di-industria-5-0\/","title":{"rendered":"L\u2019umanit\u00e0 di Industria 5.0"},"content":{"rendered":"<p><em>Pubblicato un libro a pi\u00f9 mani che racconta lo scenario attuale tra tecnologia e necessit\u00e0 di porre l\u2019uomo al centro<\/em><\/p><p>Non solo tecnologia. Anzi, di pi\u00f9: tecnologia affiancata obbligatoriamente da altri elementi innovativi complessi che vanno correttamente intesi per non rimanere sopraffatti. Condizione comune a tutti da quanto lo scenario di Industria 5.0 s\u2019\u00e8 fatto realt\u00e0 basandosi su un\u2019affermazione: superare il tecno-centrismo e porre al centro la persona, coniugando innovazione con sostenibilit\u00e0, resilienza e giustizia sociale. Ma cosa significa porre l\u2019uomo al \u201ccentro\u201d nell\u2019era digitale? Quale \u00e8 davvero il paradigma emergente dell\u2019Industria 5.0?<br \/>\nLeggere \u201cL\u2019Europa e le sfide dell\u2019industria 5.0. Per governare e non subire le rivoluzioni del nostro tempo\u201d, curato da Massimo Adinolfi, Pietro Maffettone e Massimiliano Scarpetta, pu\u00f2 essere un buon modo per capire di pi\u00f9.<\/p>\n<p>Il libro raccoglie una serie di contributi che offrono una lettura multidisciplinare \u2013 dalla filosofia al diritto, dall\u2019economia alla geografia \u2013 delle implicazioni etiche, politiche e culturali della trasformazione digitale, indagando l\u2019impatto dell\u2019automazione sul lavoro, sulla democrazia e sui diritti. Hanno partecipato alla composizione del volume oltre ai curatori anche Paolo Benanti, Roger Abravanel, Barbara Carfagna, Sabino Cassese, Danila De Stefano, Lorenzo Mariani, Raffaele Mauro, Stefano Quintarelli, Paola Severino e Laura Sposato: ognuno ha portato la sua personale visione e interpretazione di Industria 5.0 contribuendo a costruire un\u2019analisi multidisciplinare della stessa: quello che serve per capire meglio.<\/p>\n<p>Dopo aver raccontato come \u00e8 nato il progetto che ha condotto al libro, viene quindi affrontato il passaggio da Industria 4.0 a Industria 5.0e poi l\u2019evoluzione della politica industriale che ha accompagnato questo percorso. Il libro passa quindi ad approfondire alcuni aspetti fondamentali di Industria 5.0: l\u2019automazione e il mercato, la sua organizzazione spaziale e sociale, ma anche temi come le relazioni con il lavoro e la giustizia distributiva. Chiude il volume una serie di interviste ognuna delle quali porta una particolare visione del tema. Il testo sottolinea quindi la necessit\u00e0 di politiche pubbliche inclusive, capaci di governare l\u2019innovazione senza soffocarne il potenziale, sostenendo un modello di sviluppo europeo umano-centrico. Soprattutto, il libro di Adinolfi, Maffettone e Scarpetta invita ad un dialogo informato che permetta di governare, anzich\u00e9 subire, le rivoluzioni del nostro tempo.<\/p>\n<p><strong>\u00a0<\/strong><\/p>\n<p><strong>L\u2019Europa e le sfide dell\u2019industria 5.0. Per governare e non subire le rivoluzioni del nostro tempo<\/strong><\/p>\n<p>Massimo Adinolfi, Pietro Maffettone, Massimiliano Scarpetta<\/p>\n<p>Franco Angeli, 2026<\/p>\n","protected":false},"excerpt":{"rendered":"<p>Pubblicato un libro a pi\u00f9 mani che racconta lo scenario attuale tra tecnologia e necessit\u00e0 di porre l\u2019uomo al centroNon solo tecnologia. Anzi, di pi\u00f9: tecnologia affiancata obbligatoriamente da altri elementi innovativi complessi che vanno correttamente intesi per non rimanere sopraffatti. Condizione comune a tutti da quanto lo scenario di Industria 5.0 s\u2019\u00e8 fatto realt\u00e0 [&hellip;]<\/p>\n","protected":false},"author":1,"featured_media":106415,"comment_status":"open","ping_status":"open","sticky":false,"template":"","format":"standard","meta":{"footnotes":""},"categories":[52,58],"tags":[],"class_list":["post-106413","post","type-post","status-publish","format-standard","has-post-thumbnail","hentry","category-cultura-dimpresa","category-recensioni-libri"],"acf":[],"yoast_head":"<!-- This site is optimized with the Yoast SEO plugin v25.0 - https:\/\/yoast.com\/wordpress\/plugins\/seo\/ -->\n<title>L\u2019umanit\u00e0 di Industria 5.0 - Fondazione Pirelli<\/title>\n<meta name=\"robots\" content=\"index, follow, max-snippet:-1, max-image-preview:large, max-video-preview:-1\" \/>\n<link rel=\"canonical\" href=\"https:\/\/www.fondazionepirelli.org\/it\/cultura-dimpresa\/recensioni-libri\/lumanita-di-industria-5-0\/\" \/>\n<meta property=\"og:locale\" content=\"it_IT\" \/>\n<meta property=\"og:type\" content=\"article\" \/>\n<meta property=\"og:title\" content=\"L\u2019umanit\u00e0 di Industria 5.0 - Fondazione Pirelli\" \/>\n<meta property=\"og:description\" content=\"Pubblicato un libro a pi\u00f9 mani che racconta lo scenario attuale tra tecnologia e necessit\u00e0 di porre l\u2019uomo al centroNon solo tecnologia. Anzi, di pi\u00f9: tecnologia affiancata obbligatoriamente da altri elementi innovativi complessi che vanno correttamente intesi per non rimanere sopraffatti. Condizione comune a tutti da quanto lo scenario di Industria 5.0 s\u2019\u00e8 fatto realt\u00e0 [&hellip;]\" \/>\n<meta property=\"og:url\" content=\"https:\/\/www.fondazionepirelli.org\/it\/cultura-dimpresa\/recensioni-libri\/lumanita-di-industria-5-0\/\" \/>\n<meta property=\"og:site_name\" content=\"Fondazione Pirelli\" \/>\n<meta property=\"article:published_time\" content=\"2026-01-27T11:46:49+00:00\" \/>\n<meta property=\"og:image\" content=\"https:\/\/wpsite-assets.fondazionepirelli.org\/wp-content\/uploads\/2026\/01\/26102039\/1490_82.jpg\" \/>\n\t<meta property=\"og:image:width\" content=\"400\" \/>\n\t<meta property=\"og:image:height\" content=\"596\" \/>\n\t<meta property=\"og:image:type\" content=\"image\/jpeg\" \/>\n<meta name=\"author\" content=\"fondadmin\" \/>\n<meta name=\"twitter:card\" content=\"summary_large_image\" \/>\n<meta name=\"twitter:label1\" content=\"Scritto da\" \/>\n\t<meta name=\"twitter:data1\" content=\"fondadmin\" \/>\n\t<meta name=\"twitter:label2\" content=\"Tempo di lettura stimato\" \/>\n\t<meta name=\"twitter:data2\" content=\"3 minuti\" \/>\n<script type=\"application\/ld+json\" class=\"yoast-schema-graph\">{\"@context\":\"https:\/\/schema.org\",\"@graph\":[{\"@type\":\"WebPage\",\"@id\":\"https:\/\/www.fondazionepirelli.org\/it\/cultura-dimpresa\/recensioni-libri\/lumanita-di-industria-5-0\/\",\"url\":\"https:\/\/www.fondazionepirelli.org\/it\/cultura-dimpresa\/recensioni-libri\/lumanita-di-industria-5-0\/\",\"name\":\"L\u2019umanit\u00e0 di Industria 5.0 - Fondazione Pirelli\",\"isPartOf\":{\"@id\":\"https:\/\/www.fondazionepirelli.org\/it\/#website\"},\"primaryImageOfPage\":{\"@id\":\"https:\/\/www.fondazionepirelli.org\/it\/cultura-dimpresa\/recensioni-libri\/lumanita-di-industria-5-0\/#primaryimage\"},\"image\":{\"@id\":\"https:\/\/www.fondazionepirelli.org\/it\/cultura-dimpresa\/recensioni-libri\/lumanita-di-industria-5-0\/#primaryimage\"},\"thumbnailUrl\":\"https:\/\/wpsite-assets.fondazionepirelli.org\/wp-content\/uploads\/2026\/01\/26102039\/1490_82.jpg\",\"datePublished\":\"2026-01-27T11:46:49+00:00\",\"author\":{\"@id\":\"https:\/\/www.fondazionepirelli.org\/it\/#\/schema\/person\/f47d097000832c4a6e54538c791fdf25\"},\"breadcrumb\":{\"@id\":\"https:\/\/www.fondazionepirelli.org\/it\/cultura-dimpresa\/recensioni-libri\/lumanita-di-industria-5-0\/#breadcrumb\"},\"inLanguage\":\"it-IT\",\"potentialAction\":[{\"@type\":\"ReadAction\",\"target\":[\"https:\/\/www.fondazionepirelli.org\/it\/cultura-dimpresa\/recensioni-libri\/lumanita-di-industria-5-0\/\"]}]},{\"@type\":\"ImageObject\",\"inLanguage\":\"it-IT\",\"@id\":\"https:\/\/www.fondazionepirelli.org\/it\/cultura-dimpresa\/recensioni-libri\/lumanita-di-industria-5-0\/#primaryimage\",\"url\":\"https:\/\/wpsite-assets.fondazionepirelli.org\/wp-content\/uploads\/2026\/01\/26102039\/1490_82.jpg\",\"contentUrl\":\"https:\/\/wpsite-assets.fondazionepirelli.org\/wp-content\/uploads\/2026\/01\/26102039\/1490_82.jpg\",\"width\":400,\"height\":596},{\"@type\":\"BreadcrumbList\",\"@id\":\"https:\/\/www.fondazionepirelli.org\/it\/cultura-dimpresa\/recensioni-libri\/lumanita-di-industria-5-0\/#breadcrumb\",\"itemListElement\":[{\"@type\":\"ListItem\",\"position\":1,\"name\":\"Home\",\"item\":\"https:\/\/www.fondazionepirelli.org\/it\/\"},{\"@type\":\"ListItem\",\"position\":2,\"name\":\"L\u2019umanit\u00e0 di Industria 5.0\"}]},{\"@type\":\"WebSite\",\"@id\":\"https:\/\/www.fondazionepirelli.org\/it\/#website\",\"url\":\"https:\/\/www.fondazionepirelli.org\/it\/\",\"name\":\"Fondazione Pirelli\",\"description\":\"\",\"potentialAction\":[{\"@type\":\"SearchAction\",\"target\":{\"@type\":\"EntryPoint\",\"urlTemplate\":\"https:\/\/www.fondazionepirelli.org\/it\/?s={search_term_string}\"},\"query-input\":{\"@type\":\"PropertyValueSpecification\",\"valueRequired\":true,\"valueName\":\"search_term_string\"}}],\"inLanguage\":\"it-IT\"},{\"@type\":\"Person\",\"@id\":\"https:\/\/www.fondazionepirelli.org\/it\/#\/schema\/person\/f47d097000832c4a6e54538c791fdf25\",\"name\":\"fondadmin\",\"image\":{\"@type\":\"ImageObject\",\"inLanguage\":\"it-IT\",\"@id\":\"https:\/\/www.fondazionepirelli.org\/it\/#\/schema\/person\/image\/\",\"url\":\"https:\/\/secure.gravatar.com\/avatar\/e69498a9175ca244966e51e53c88712c024fcebe41f9a05f75657f1bb25e489b?s=96&d=mm&r=g\",\"contentUrl\":\"https:\/\/secure.gravatar.com\/avatar\/e69498a9175ca244966e51e53c88712c024fcebe41f9a05f75657f1bb25e489b?s=96&d=mm&r=g\",\"caption\":\"fondadmin\"},\"url\":\"https:\/\/www.fondazionepirelli.org\/it\/author\/fondadmin\/\"}]}<\/script>\n<!-- \/ Yoast SEO plugin. -->","yoast_head_json":{"title":"L\u2019umanit\u00e0 di Industria 5.0 - Fondazione Pirelli","robots":{"index":"index","follow":"follow","max-snippet":"max-snippet:-1","max-image-preview":"max-image-preview:large","max-video-preview":"max-video-preview:-1"},"canonical":"https:\/\/www.fondazionepirelli.org\/it\/cultura-dimpresa\/recensioni-libri\/lumanita-di-industria-5-0\/","og_locale":"it_IT","og_type":"article","og_title":"L\u2019umanit\u00e0 di Industria 5.0 - Fondazione Pirelli","og_description":"Pubblicato un libro a pi\u00f9 mani che racconta lo scenario attuale tra tecnologia e necessit\u00e0 di porre l\u2019uomo al centroNon solo tecnologia. Anzi, di pi\u00f9: tecnologia affiancata obbligatoriamente da altri elementi innovativi complessi che vanno correttamente intesi per non rimanere sopraffatti. Condizione comune a tutti da quanto lo scenario di Industria 5.0 s\u2019\u00e8 fatto realt\u00e0 [&hellip;]","og_url":"https:\/\/www.fondazionepirelli.org\/it\/cultura-dimpresa\/recensioni-libri\/lumanita-di-industria-5-0\/","og_site_name":"Fondazione Pirelli","article_published_time":"2026-01-27T11:46:49+00:00","og_image":[{"width":400,"height":596,"url":"https:\/\/wpsite-assets.fondazionepirelli.org\/wp-content\/uploads\/2026\/01\/26102039\/1490_82.jpg","type":"image\/jpeg"}],"author":"fondadmin","twitter_card":"summary_large_image","twitter_misc":{"Scritto da":"fondadmin","Tempo di lettura stimato":"3 minuti"},"schema":{"@context":"https:\/\/schema.org","@graph":[{"@type":"WebPage","@id":"https:\/\/www.fondazionepirelli.org\/it\/cultura-dimpresa\/recensioni-libri\/lumanita-di-industria-5-0\/","url":"https:\/\/www.fondazionepirelli.org\/it\/cultura-dimpresa\/recensioni-libri\/lumanita-di-industria-5-0\/","name":"L\u2019umanit\u00e0 di Industria 5.0 - Fondazione Pirelli","isPartOf":{"@id":"https:\/\/www.fondazionepirelli.org\/it\/#website"},"primaryImageOfPage":{"@id":"https:\/\/www.fondazionepirelli.org\/it\/cultura-dimpresa\/recensioni-libri\/lumanita-di-industria-5-0\/#primaryimage"},"image":{"@id":"https:\/\/www.fondazionepirelli.org\/it\/cultura-dimpresa\/recensioni-libri\/lumanita-di-industria-5-0\/#primaryimage"},"thumbnailUrl":"https:\/\/wpsite-assets.fondazionepirelli.org\/wp-content\/uploads\/2026\/01\/26102039\/1490_82.jpg","datePublished":"2026-01-27T11:46:49+00:00","author":{"@id":"https:\/\/www.fondazionepirelli.org\/it\/#\/schema\/person\/f47d097000832c4a6e54538c791fdf25"},"breadcrumb":{"@id":"https:\/\/www.fondazionepirelli.org\/it\/cultura-dimpresa\/recensioni-libri\/lumanita-di-industria-5-0\/#breadcrumb"},"inLanguage":"it-IT","potentialAction":[{"@type":"ReadAction","target":["https:\/\/www.fondazionepirelli.org\/it\/cultura-dimpresa\/recensioni-libri\/lumanita-di-industria-5-0\/"]}]},{"@type":"ImageObject","inLanguage":"it-IT","@id":"https:\/\/www.fondazionepirelli.org\/it\/cultura-dimpresa\/recensioni-libri\/lumanita-di-industria-5-0\/#primaryimage","url":"https:\/\/wpsite-assets.fondazionepirelli.org\/wp-content\/uploads\/2026\/01\/26102039\/1490_82.jpg","contentUrl":"https:\/\/wpsite-assets.fondazionepirelli.org\/wp-content\/uploads\/2026\/01\/26102039\/1490_82.jpg","width":400,"height":596},{"@type":"BreadcrumbList","@id":"https:\/\/www.fondazionepirelli.org\/it\/cultura-dimpresa\/recensioni-libri\/lumanita-di-industria-5-0\/#breadcrumb","itemListElement":[{"@type":"ListItem","position":1,"name":"Home","item":"https:\/\/www.fondazionepirelli.org\/it\/"},{"@type":"ListItem","position":2,"name":"L\u2019umanit\u00e0 di Industria 5.0"}]},{"@type":"WebSite","@id":"https:\/\/www.fondazionepirelli.org\/it\/#website","url":"https:\/\/www.fondazionepirelli.org\/it\/","name":"Fondazione Pirelli","description":"","potentialAction":[{"@type":"SearchAction","target":{"@type":"EntryPoint","urlTemplate":"https:\/\/www.fondazionepirelli.org\/it\/?s={search_term_string}"},"query-input":{"@type":"PropertyValueSpecification","valueRequired":true,"valueName":"search_term_string"}}],"inLanguage":"it-IT"},{"@type":"Person","@id":"https:\/\/www.fondazionepirelli.org\/it\/#\/schema\/person\/f47d097000832c4a6e54538c791fdf25","name":"fondadmin","image":{"@type":"ImageObject","inLanguage":"it-IT","@id":"https:\/\/www.fondazionepirelli.org\/it\/#\/schema\/person\/image\/","url":"https:\/\/secure.gravatar.com\/avatar\/e69498a9175ca244966e51e53c88712c024fcebe41f9a05f75657f1bb25e489b?s=96&d=mm&r=g","contentUrl":"https:\/\/secure.gravatar.com\/avatar\/e69498a9175ca244966e51e53c88712c024fcebe41f9a05f75657f1bb25e489b?s=96&d=mm&r=g","caption":"fondadmin"},"url":"https:\/\/www.fondazionepirelli.org\/it\/author\/fondadmin\/"}]}},"_links":{"self":[{"href":"https:\/\/www.fondazionepirelli.org\/it\/wp-json\/wp\/v2\/posts\/106413\/"}],"collection":[{"href":"https:\/\/www.fondazionepirelli.org\/it\/wp-json\/wp\/v2\/posts\/"}],"about":[{"href":"https:\/\/www.fondazionepirelli.org\/it\/wp-json\/wp\/v2\/types\/post\/"}],"author":[{"embeddable":true,"href":"https:\/\/www.fondazionepirelli.org\/it\/wp-json\/wp\/v2\/users\/1\/"}],"replies":[{"embeddable":true,"href":"https:\/\/www.fondazionepirelli.org\/it\/wp-json\/wp\/v2\/comments\/?post=106413"}],"version-history":[{"count":1,"href":"https:\/\/www.fondazionepirelli.org\/it\/wp-json\/wp\/v2\/posts\/106413\/revisions\/"}],"predecessor-version":[{"id":106414,"href":"https:\/\/www.fondazionepirelli.org\/it\/wp-json\/wp\/v2\/posts\/106413\/revisions\/106414\/"}],"wp:featuredmedia":[{"embeddable":true,"href":"https:\/\/www.fondazionepirelli.org\/it\/wp-json\/wp\/v2\/media\/106415\/"}],"wp:attachment":[{"href":"https:\/\/www.fondazionepirelli.org\/it\/wp-json\/wp\/v2\/media\/?parent=106413"}],"wp:term":[{"taxonomy":"category","embeddable":true,"href":"https:\/\/www.fondazionepirelli.org\/it\/wp-json\/wp\/v2\/categories\/?post=106413"},{"taxonomy":"post_tag","embeddable":true,"href":"https:\/\/www.fondazionepirelli.org\/it\/wp-json\/wp\/v2\/tags\/?post=106413"}],"curies":[{"name":"wp","href":"https:\/\/api.w.org\/{rel}","templated":true}]}}