{"id":106417,"date":"2026-01-27T12:46:30","date_gmt":"2026-01-27T11:46:30","guid":{"rendered":"https:\/\/www.fondazionepirelli.org\/?p=106417"},"modified":"2026-01-27T12:46:30","modified_gmt":"2026-01-27T11:46:30","slug":"limpresa-a-tutto-tondo-2","status":"publish","type":"post","link":"https:\/\/www.fondazionepirelli.org\/it\/cultura-dimpresa\/approfondimenti\/limpresa-a-tutto-tondo-2\/","title":{"rendered":"L\u2019impresa a tutto tondo"},"content":{"rendered":"<p><em>Pubblicata una ricerca che ha l\u2019obiettivo di raccontare le organizzazioni della produzione in modo pi\u00f9 completo ed esaustivo partendo dal design<\/em><\/p><p>Contenuto e immagine, manifattura e intangibilit\u00e0 d\u2019impresa, concretezza del fabbricare e immaginazione che si fa progetto e poi prodotto. La cultura del produrre non passa mai solo da un manufatto, ma da molto altro. Per questo comprendere relazioni e storia complessa delle imprese che insistono su un territorio \u00e8 qualcosa che comporta pi\u00f9 contributi. Come quanto portato da Alberto Bassi, Giulia Ciliberto, Maria Cristina Addis, Jacopo William De Denaro e Marco Scotti con \u201cIl patrimonio intangibile d\u2019impresa. Una mappatura design-driven\u201d contributo di ricerca contenuto in una raccolta pi\u00f9 ampia dedicata al \u201cDesign Plurale. Casi e modelli alternativi per l\u2019innovazione\u201d.<\/p>\n<p>La ricerca ha l\u2019obiettivo di dare forma ad una metodologia che possa aiutare a creare una mappa pi\u00f9 completa degli ecosistemi imprenditoriali partendo dal caso studio del Nord-Est. Traguardo finale: individuare il corpus di conoscenze intangibili espresse dalle imprese locali nelle loro interazioni con la cultura del design, cio\u00e8, di fatto, con quegli aspetti immateriali che contribuiscono a raccontare l\u2019impresa con strumenti diversi da quelli consueti pi\u00f9 strettamente collegati alla produzione.<\/p>\n<p>Gli studi sugli asset intangibili \u2013 spiegano gli autori &#8211; tendono spesso a concentrarsi sui valori da cui l\u2019azienda trae un beneficio economico diretto, mentre le culture e le pratiche del design sono raramente studiate in quanto tali e nelle loro connessioni pi\u00f9 ampie con la societ\u00e0 e la cultura. La \u201cmappa\u201d che si cerca di costruire \u00e8 quindi composta con pi\u00f9 contributi che possono arrivare da diversi ambiti disciplinari: dalla teoria e storia del design agli studi territoriali, all\u2019economia, alla semiotica, ai beni culturali.<\/p>\n<p>Il risultato di questo metodo \u2013 applicato appunto al Nord-Est \u2013 \u00e8 un quadro di riferimento delle imprese alternativo a quelli della contabilit\u00e0 e del reporting finanziario tradizionale. Qualcosa che pi\u00f9 si avvicina a delineare l\u2019impresa nel suo complesso, come espressione di una cultura produttiva che non \u00e8 solo tecnica oppure economica, ma anche umana e sociale.<\/p><p><a href=\"https:\/\/air.iuav.it\/handle\/11578\/371269?mode=complete\"><strong>Il patrimonio intangibile d\u2019impresa. Una mappatura design-driven<\/strong><\/a><\/p>\n<p>Alberto Bassi, Giulia Ciliberto, Maria Cristina Addis, Jacopo William De Denaro, Marco Scotti<\/p>\n<p>in <strong>Design Plurale. casi e modelli alternativi per l\u2019innovazione \/ Plural Design. <\/strong><strong>Cases and Alternative Models for Innovation<\/strong><em>, <\/em>Federico II University Press, 2025<\/p>","protected":false},"excerpt":{"rendered":"<p>Pubblicata una ricerca che ha l\u2019obiettivo di raccontare le organizzazioni della produzione in modo pi\u00f9 completo ed esaustivo partendo dal designContenuto e immagine, manifattura e intangibilit\u00e0 d\u2019impresa, concretezza del fabbricare e immaginazione che si fa progetto e poi prodotto. La cultura del produrre non passa mai solo da un manufatto, ma da molto altro. Per [&hellip;]<\/p>\n","protected":false},"author":1,"featured_media":0,"comment_status":"open","ping_status":"open","sticky":false,"template":"","format":"standard","meta":{"footnotes":""},"categories":[54,52],"tags":[],"class_list":["post-106417","post","type-post","status-publish","format-standard","hentry","category-approfondimenti","category-cultura-dimpresa"],"acf":[],"yoast_head":"<!-- This site is optimized with the Yoast SEO plugin v25.0 - https:\/\/yoast.com\/wordpress\/plugins\/seo\/ -->\n<title>L\u2019impresa a tutto tondo - Fondazione Pirelli<\/title>\n<meta name=\"robots\" content=\"index, follow, max-snippet:-1, max-image-preview:large, max-video-preview:-1\" \/>\n<link rel=\"canonical\" href=\"https:\/\/www.fondazionepirelli.org\/it\/cultura-dimpresa\/approfondimenti\/limpresa-a-tutto-tondo-2\/\" \/>\n<meta property=\"og:locale\" content=\"it_IT\" \/>\n<meta property=\"og:type\" content=\"article\" \/>\n<meta property=\"og:title\" content=\"L\u2019impresa a tutto tondo - Fondazione Pirelli\" \/>\n<meta property=\"og:description\" content=\"Pubblicata una ricerca che ha l\u2019obiettivo di raccontare le organizzazioni della produzione in modo pi\u00f9 completo ed esaustivo partendo dal designContenuto e immagine, manifattura e intangibilit\u00e0 d\u2019impresa, concretezza del fabbricare e immaginazione che si fa progetto e poi prodotto. La cultura del produrre non passa mai solo da un manufatto, ma da molto altro. Per [&hellip;]\" \/>\n<meta property=\"og:url\" content=\"https:\/\/www.fondazionepirelli.org\/it\/cultura-dimpresa\/approfondimenti\/limpresa-a-tutto-tondo-2\/\" \/>\n<meta property=\"og:site_name\" content=\"Fondazione Pirelli\" \/>\n<meta property=\"article:published_time\" content=\"2026-01-27T11:46:30+00:00\" \/>\n<meta name=\"author\" content=\"fondadmin\" \/>\n<meta name=\"twitter:card\" content=\"summary_large_image\" \/>\n<meta name=\"twitter:label1\" content=\"Scritto da\" \/>\n\t<meta name=\"twitter:data1\" content=\"fondadmin\" \/>\n\t<meta name=\"twitter:label2\" content=\"Tempo di lettura stimato\" \/>\n\t<meta name=\"twitter:data2\" content=\"2 minuti\" \/>\n<script type=\"application\/ld+json\" class=\"yoast-schema-graph\">{\"@context\":\"https:\/\/schema.org\",\"@graph\":[{\"@type\":\"WebPage\",\"@id\":\"https:\/\/www.fondazionepirelli.org\/it\/cultura-dimpresa\/approfondimenti\/limpresa-a-tutto-tondo-2\/\",\"url\":\"https:\/\/www.fondazionepirelli.org\/it\/cultura-dimpresa\/approfondimenti\/limpresa-a-tutto-tondo-2\/\",\"name\":\"L\u2019impresa a tutto tondo - Fondazione Pirelli\",\"isPartOf\":{\"@id\":\"https:\/\/www.fondazionepirelli.org\/it\/#website\"},\"datePublished\":\"2026-01-27T11:46:30+00:00\",\"author\":{\"@id\":\"https:\/\/www.fondazionepirelli.org\/it\/#\/schema\/person\/f47d097000832c4a6e54538c791fdf25\"},\"breadcrumb\":{\"@id\":\"https:\/\/www.fondazionepirelli.org\/it\/cultura-dimpresa\/approfondimenti\/limpresa-a-tutto-tondo-2\/#breadcrumb\"},\"inLanguage\":\"it-IT\",\"potentialAction\":[{\"@type\":\"ReadAction\",\"target\":[\"https:\/\/www.fondazionepirelli.org\/it\/cultura-dimpresa\/approfondimenti\/limpresa-a-tutto-tondo-2\/\"]}]},{\"@type\":\"BreadcrumbList\",\"@id\":\"https:\/\/www.fondazionepirelli.org\/it\/cultura-dimpresa\/approfondimenti\/limpresa-a-tutto-tondo-2\/#breadcrumb\",\"itemListElement\":[{\"@type\":\"ListItem\",\"position\":1,\"name\":\"Home\",\"item\":\"https:\/\/www.fondazionepirelli.org\/it\/\"},{\"@type\":\"ListItem\",\"position\":2,\"name\":\"L\u2019impresa a tutto tondo\"}]},{\"@type\":\"WebSite\",\"@id\":\"https:\/\/www.fondazionepirelli.org\/it\/#website\",\"url\":\"https:\/\/www.fondazionepirelli.org\/it\/\",\"name\":\"Fondazione Pirelli\",\"description\":\"\",\"potentialAction\":[{\"@type\":\"SearchAction\",\"target\":{\"@type\":\"EntryPoint\",\"urlTemplate\":\"https:\/\/www.fondazionepirelli.org\/it\/?s={search_term_string}\"},\"query-input\":{\"@type\":\"PropertyValueSpecification\",\"valueRequired\":true,\"valueName\":\"search_term_string\"}}],\"inLanguage\":\"it-IT\"},{\"@type\":\"Person\",\"@id\":\"https:\/\/www.fondazionepirelli.org\/it\/#\/schema\/person\/f47d097000832c4a6e54538c791fdf25\",\"name\":\"fondadmin\",\"image\":{\"@type\":\"ImageObject\",\"inLanguage\":\"it-IT\",\"@id\":\"https:\/\/www.fondazionepirelli.org\/it\/#\/schema\/person\/image\/\",\"url\":\"https:\/\/secure.gravatar.com\/avatar\/e69498a9175ca244966e51e53c88712c024fcebe41f9a05f75657f1bb25e489b?s=96&d=mm&r=g\",\"contentUrl\":\"https:\/\/secure.gravatar.com\/avatar\/e69498a9175ca244966e51e53c88712c024fcebe41f9a05f75657f1bb25e489b?s=96&d=mm&r=g\",\"caption\":\"fondadmin\"},\"url\":\"https:\/\/www.fondazionepirelli.org\/it\/author\/fondadmin\/\"}]}<\/script>\n<!-- \/ Yoast SEO plugin. -->","yoast_head_json":{"title":"L\u2019impresa a tutto tondo - Fondazione Pirelli","robots":{"index":"index","follow":"follow","max-snippet":"max-snippet:-1","max-image-preview":"max-image-preview:large","max-video-preview":"max-video-preview:-1"},"canonical":"https:\/\/www.fondazionepirelli.org\/it\/cultura-dimpresa\/approfondimenti\/limpresa-a-tutto-tondo-2\/","og_locale":"it_IT","og_type":"article","og_title":"L\u2019impresa a tutto tondo - Fondazione Pirelli","og_description":"Pubblicata una ricerca che ha l\u2019obiettivo di raccontare le organizzazioni della produzione in modo pi\u00f9 completo ed esaustivo partendo dal designContenuto e immagine, manifattura e intangibilit\u00e0 d\u2019impresa, concretezza del fabbricare e immaginazione che si fa progetto e poi prodotto. La cultura del produrre non passa mai solo da un manufatto, ma da molto altro. Per [&hellip;]","og_url":"https:\/\/www.fondazionepirelli.org\/it\/cultura-dimpresa\/approfondimenti\/limpresa-a-tutto-tondo-2\/","og_site_name":"Fondazione Pirelli","article_published_time":"2026-01-27T11:46:30+00:00","author":"fondadmin","twitter_card":"summary_large_image","twitter_misc":{"Scritto da":"fondadmin","Tempo di lettura stimato":"2 minuti"},"schema":{"@context":"https:\/\/schema.org","@graph":[{"@type":"WebPage","@id":"https:\/\/www.fondazionepirelli.org\/it\/cultura-dimpresa\/approfondimenti\/limpresa-a-tutto-tondo-2\/","url":"https:\/\/www.fondazionepirelli.org\/it\/cultura-dimpresa\/approfondimenti\/limpresa-a-tutto-tondo-2\/","name":"L\u2019impresa a tutto tondo - Fondazione Pirelli","isPartOf":{"@id":"https:\/\/www.fondazionepirelli.org\/it\/#website"},"datePublished":"2026-01-27T11:46:30+00:00","author":{"@id":"https:\/\/www.fondazionepirelli.org\/it\/#\/schema\/person\/f47d097000832c4a6e54538c791fdf25"},"breadcrumb":{"@id":"https:\/\/www.fondazionepirelli.org\/it\/cultura-dimpresa\/approfondimenti\/limpresa-a-tutto-tondo-2\/#breadcrumb"},"inLanguage":"it-IT","potentialAction":[{"@type":"ReadAction","target":["https:\/\/www.fondazionepirelli.org\/it\/cultura-dimpresa\/approfondimenti\/limpresa-a-tutto-tondo-2\/"]}]},{"@type":"BreadcrumbList","@id":"https:\/\/www.fondazionepirelli.org\/it\/cultura-dimpresa\/approfondimenti\/limpresa-a-tutto-tondo-2\/#breadcrumb","itemListElement":[{"@type":"ListItem","position":1,"name":"Home","item":"https:\/\/www.fondazionepirelli.org\/it\/"},{"@type":"ListItem","position":2,"name":"L\u2019impresa a tutto tondo"}]},{"@type":"WebSite","@id":"https:\/\/www.fondazionepirelli.org\/it\/#website","url":"https:\/\/www.fondazionepirelli.org\/it\/","name":"Fondazione Pirelli","description":"","potentialAction":[{"@type":"SearchAction","target":{"@type":"EntryPoint","urlTemplate":"https:\/\/www.fondazionepirelli.org\/it\/?s={search_term_string}"},"query-input":{"@type":"PropertyValueSpecification","valueRequired":true,"valueName":"search_term_string"}}],"inLanguage":"it-IT"},{"@type":"Person","@id":"https:\/\/www.fondazionepirelli.org\/it\/#\/schema\/person\/f47d097000832c4a6e54538c791fdf25","name":"fondadmin","image":{"@type":"ImageObject","inLanguage":"it-IT","@id":"https:\/\/www.fondazionepirelli.org\/it\/#\/schema\/person\/image\/","url":"https:\/\/secure.gravatar.com\/avatar\/e69498a9175ca244966e51e53c88712c024fcebe41f9a05f75657f1bb25e489b?s=96&d=mm&r=g","contentUrl":"https:\/\/secure.gravatar.com\/avatar\/e69498a9175ca244966e51e53c88712c024fcebe41f9a05f75657f1bb25e489b?s=96&d=mm&r=g","caption":"fondadmin"},"url":"https:\/\/www.fondazionepirelli.org\/it\/author\/fondadmin\/"}]}},"_links":{"self":[{"href":"https:\/\/www.fondazionepirelli.org\/it\/wp-json\/wp\/v2\/posts\/106417\/"}],"collection":[{"href":"https:\/\/www.fondazionepirelli.org\/it\/wp-json\/wp\/v2\/posts\/"}],"about":[{"href":"https:\/\/www.fondazionepirelli.org\/it\/wp-json\/wp\/v2\/types\/post\/"}],"author":[{"embeddable":true,"href":"https:\/\/www.fondazionepirelli.org\/it\/wp-json\/wp\/v2\/users\/1\/"}],"replies":[{"embeddable":true,"href":"https:\/\/www.fondazionepirelli.org\/it\/wp-json\/wp\/v2\/comments\/?post=106417"}],"version-history":[{"count":1,"href":"https:\/\/www.fondazionepirelli.org\/it\/wp-json\/wp\/v2\/posts\/106417\/revisions\/"}],"predecessor-version":[{"id":106418,"href":"https:\/\/www.fondazionepirelli.org\/it\/wp-json\/wp\/v2\/posts\/106417\/revisions\/106418\/"}],"wp:attachment":[{"href":"https:\/\/www.fondazionepirelli.org\/it\/wp-json\/wp\/v2\/media\/?parent=106417"}],"wp:term":[{"taxonomy":"category","embeddable":true,"href":"https:\/\/www.fondazionepirelli.org\/it\/wp-json\/wp\/v2\/categories\/?post=106417"},{"taxonomy":"post_tag","embeddable":true,"href":"https:\/\/www.fondazionepirelli.org\/it\/wp-json\/wp\/v2\/tags\/?post=106417"}],"curies":[{"name":"wp","href":"https:\/\/api.w.org\/{rel}","templated":true}]}}