{"id":106806,"date":"2026-03-05T09:03:11","date_gmt":"2026-03-05T08:03:11","guid":{"rendered":"https:\/\/www.fondazionepirelli.org\/?p=106806"},"modified":"2026-04-01T14:44:14","modified_gmt":"2026-04-01T13:44:14","slug":"la-chiusura-duna-libreria-e-una-ferita-aperta-ma-limportante-e-fondarne-di-nuove-in-condomini-scuole-quartieri-fabbriche","status":"publish","type":"post","link":"https:\/\/www.fondazionepirelli.org\/it\/cultura-dimpresa\/blog\/la-chiusura-duna-libreria-e-una-ferita-aperta-ma-limportante-e-fondarne-di-nuove-in-condomini-scuole-quartieri-fabbriche\/","title":{"rendered":"La chiusura d\u2019una libreria \u00e8 una ferita aperta, ma l\u2019importante \u00e8 fondarne di nuove in condomini, scuole, quartieri, fabbriche"},"content":{"rendered":"<p>La chiusura di una libreria, soprattutto di un\u2019antica libreria, \u00e8 una ferita nel corpo civile di una citt\u00e0. Mancheranno luoghi in cui prendere confidenza con un libro. Avviare una sorprendente conversazione a proposito d\u2019un bel titolo (\u201cFontamara\u201d, per esempio o \u201cLe citt\u00e0 invisibili\u201d o, perch\u00e9 no?, \u201cLa vita indocile\u201d) o d\u2019una copertina ben disegnata. Intessere amicizie o anche intavolare leggeri corteggiamenti letterari (magari chiedendosi entrambi, con l\u2019aria un po\u2019 stranita alla Bruce Chatwin, \u201cChe ci faccio io qui?). E non ci saranno pi\u00f9 quegli scaffali in cui essere sicuri che anche una sola sorprendente pagina, o entusiasmante, o anche semplicemente carica di curiosit\u00e0 ti avrebbe fatto compagnia per giorni, per un buon paio di settimane.<\/p>\n<p>I libri custodiscono parole che hanno sangue e carne. Svelano passioni, nutrono dolori o anche solo dolcissime malinconie, alimentano ricordi di cui avresti volentieri fatto a meno o che racconsolano rispetto al tempo passato. E quelle parole, in fin dei conti, sono come un buon sentimento, una tenera speranza affidata a una canzone di Ornella Vanoni: come l\u2019amore, senza fine.<\/p>\n<p>Mi girano per la mente tutti questi pensieri mentre leggo, sulle pagine di cronaca dei quotidiani milanesi, che la <strong>Libreria Hoepli<\/strong> molto probabilmente chiuder\u00e0. Era stata fondata, come casa editrice nel dicembre del 1870, capitali svizzeri, famiglia di grande cultura. Pochi anni dopo, nel marzo del 1876, sarebbe stato fondato il Corriere della Sera. E Milano era in tempi di gran fermento: <strong>le prime grandi industrie<\/strong> (a cominciare dalla <strong>Pirelli<\/strong>), <strong>le banche<\/strong> (la Banca Commerciale Italiana, innanzitutto, con capitali tedeschi), <strong>le case editrici<\/strong>, gli studi dei principali movimenti artistici. <strong>Milano<\/strong> era \u201cla citt\u00e0 che sale\u201d, che proclamava il titolo di uno dei pi\u00f9 bei quadri di Umberto Boccioni.<\/p>\n<p>Le citt\u00e0 crescono, cambiano, sono organismi viventi, quartieri che si allargano, aree che diventano marginali. Gente che va, gente che viene. Eppure, in tante trasformazioni, restano alcuni elementi, che acquisiscono una grande forza simbolica, un valore identitario. La libreria Hoepli era una di questi elementi.<\/p>\n<p>I banconi delle novit\u00e0 (comprese quelle internazionali), i libri tecnici di ingegneria e architettura, i reparti di storia e attualit\u00e0, un\u2019ottima raccolta d\u2019arte e di fotografia. E un fornitissimo reparto su Milano. <strong>500mila titoli in catalogo<\/strong>, un assortimento raro. Librai e libraie preparate, persone gentili. E su tutto, soprastava l\u2019ombra da gigante buono e colto dell\u2019ultimo degli <strong>Ulrico Hoepli<\/strong>, un gentiluomo elegante e severo.<\/p>\n<p>Era tra i miei punti di riferimento preferiti, la Hoepli, insieme alla Feltrinelli di Piazza Piemonte o una piccola libreria non di catena in corso Garibaldi. Ed era proprio raro che non varcassi il portone dell\u2019omonima via, attratto dalle vetrine e non ne uscissi con un nuovo libro sotto il braccio.<\/p>\n<p>Ora, di librerie, Milano \u00e8 piena. Le grandi catene, le librerie indipendenti che attraggono lettori con specializzazioni particolari e iniziative culturali. E i festival come BookCity, in novembre, migliaia di eventi affollatissimi, presentazioni di libri, incontri con scrittori, letture in pubblico, dibattiti (lo guida con mano capace Piergaetano Marchetti).<\/p>\n<p>Eppure, sappiamo fin d\u2019ora che se Hoepli chiuder\u00e0, lascer\u00e0 un vuoto profondo, una ferita, una cicatrice.<\/p>\n<p>Le <strong>librerie<\/strong>, \u00e8 vero, sono imprese, esercizi commerciali, legati al gioco della domanda e dell\u2019offerta. E capita che i proprietari, specie se di diversi rami familiari, non abbiano lo stesso progetto: mantenere in piedi, magari arrivando alla stretta quadratura del bilancio o addirittura perdendo, pur di rispettare una storia, una tradizione, un servizio culturale o valorizzare un grande asset immobiliare come per esempio il palazzo della Hoepli in pieno centro di Milano. Non c\u2019\u00e8 moralismo che tenga, gli affari sono affari. Anche se sono sensati e fondati gli appelli \u201ca salvare la Hoepli di Milano e la civilt\u00e0 della libreria\u201d (Aldo Cazzullo, Corriere della Sera, 21 febbraio).<\/p>\n<p>Il problema, per\u00f2, non si chiude in un buon appello. Semmai, fatti salvi tutti i diritti dei dipendenti, \u00e8 necessario fare in modo che per una Hoepli o comunque una buona libreria che si chiuda, con comune dispiacere di noi bibliofili e accaniti lettori, altre se ne aprano. E semmai il Comune abbia una politica di agevolazione per gli affitti a vantaggio delle piccole imprese e stimoli la nascita e lo sviluppo di librerie di quartiere, scolastiche, di condominio, nelle carceri o, perch\u00e9 no? anche aziendali (le hanno gi\u00e0, e molto efficienti, per i dipendenti interni, la Pirelli, la Bracco, l\u2019Assolombarda e altri gruppi aziendali ancora: Museimpresa, in Italia, ne ha censiti una quarantina).<\/p>\n<p>Cos\u00ec, accanto al pericolo di una cattiva notizia, vale la pena, sfogliando i quotidiani milanesi (Corriere della Sera, 7 febbraio e Il Giorno, 25 febbraio) segnarsi che in viale Molise, al 47, \u00e8 stata aperta <strong>Baol<\/strong>, biblioteca \u201ca offerta libera\u201d, dove andare a leggere, prendere in prestito un libro, ascoltare scrittori amici che ne parlano, organizzare attorno al piacere della lettura una comunit\u00e0. Piccole iniziative, tenute in piedi dal volontariato di condomini appassionati ai libri, nel piccolo spazio (35 metri quadri), lasciato libero dalle attivit\u00e0 condominiali. Ma iniziative comunque interessanti, stimolanti. Cento fiori fioriranno?<\/p>\n<p>Milano \u00e8 pur sempre la citt\u00e0 che tra scrittura, politica e passione diede voce al talento di <strong>Elio Vittorini<\/strong> (La Repubblica, 20 gennaio) e anche grazie a quella voce ha visto crescere una <strong>cultura dell\u2019editoria moderna<\/strong> di cui ancora oggi godiamo i vantaggi. Milano \u00e8 ancora oggi, nonostante tutto, metropoli di parole ben scritte e libri che vale la pena leggere, per avere una <strong>\u201ceducazione milanese\u201d<\/strong> (ottimo titolo d\u2019un bel libro di <strong>Alberto Rollo<\/strong>).<\/p>\n<p>L\u2019obiettivo, per scelta dell\u2019assessorato alla Cultura del Comune, guidato da Tommaso Sacchi, \u00e8 di non fare disperdere nessuna della tante iniziative legate al libro. Semmai stimolarne (se ne discuter\u00e0 la prossima primavera, per rendere sempre pi\u00f9 efficiente e ben collegato il servizio bibliotecario comunale, forte di oltre 4 milioni di titoli, a disposizione della citt\u00e0).<\/p>\n<p>Ci mancher\u00e0 sempre, Hoepli, naturalmente. Cos\u00ec come ci mancano quelle che nel tempo sono state chiuse, per cedere il passo a pi\u00f9 remunerative attivit\u00e0 commerciali: vendere calze, mutande e oggetti d\u2019abbigliamento, aprire negozi in cui mangiare a ogni ora, inaugurare centri di cura per le unghie e per le mani\u2026 e cos\u00ec via peggiorando.<\/p>\n<p>Oppure trovare e stimolare imprenditori e imprenditrici che aprano centri di lettura e formazione per i bambini, centri di ascolto, spazi in cui andare in silenzio a leggere o ad ascoltare le scoperte dei <strong>\u201cgruppi di lettura\u201d<\/strong> e dei <strong>book toker<\/strong>, amati dal pubblico pi\u00f9 giovane. Chiss\u00e0.<\/p>\n<p>Da ragazzo, immaginavo di aprire una \u201clibrattoria\u201d, una trattoria-libreria, frequentata da studenti e da appassionati. Poi non se ne fece niente. Oggi si potrebbe leggere il commissario Montalbano mentre \u201csi sbafa\u201d una porzione abbondante di triglie fritte, un ottimo stufato con le patate come piaceva a Vittorini e una teglia di arancine di Adelina\u2026<\/p>\n","protected":false},"excerpt":{"rendered":"<p>La chiusura di una libreria, soprattutto di un\u2019antica libreria, \u00e8 una ferita nel corpo civile di una citt\u00e0. Mancheranno luoghi in cui prendere confidenza con un libro. Avviare una sorprendente conversazione a proposito d\u2019un bel titolo (\u201cFontamara\u201d, per esempio o \u201cLe citt\u00e0 invisibili\u201d o, perch\u00e9 no?, \u201cLa vita indocile\u201d) o d\u2019una copertina ben disegnata. Intessere [&hellip;]<\/p>\n","protected":false},"author":1,"featured_media":106811,"comment_status":"open","ping_status":"open","sticky":false,"template":"","format":"standard","meta":{"footnotes":""},"categories":[53,52],"tags":[],"class_list":["post-106806","post","type-post","status-publish","format-standard","has-post-thumbnail","hentry","category-blog","category-cultura-dimpresa"],"acf":[],"yoast_head":"<!-- This site is optimized with the Yoast SEO plugin v25.0 - https:\/\/yoast.com\/wordpress\/plugins\/seo\/ -->\n<title>La chiusura d\u2019una libreria \u00e8 una ferita aperta, ma l\u2019importante \u00e8 fondarne di nuove in condomini, scuole, quartieri, fabbriche - Fondazione Pirelli<\/title>\n<meta name=\"robots\" content=\"index, follow, max-snippet:-1, max-image-preview:large, max-video-preview:-1\" \/>\n<link rel=\"canonical\" href=\"https:\/\/www.fondazionepirelli.org\/it\/cultura-dimpresa\/blog\/la-chiusura-duna-libreria-e-una-ferita-aperta-ma-limportante-e-fondarne-di-nuove-in-condomini-scuole-quartieri-fabbriche\/\" \/>\n<meta property=\"og:locale\" content=\"it_IT\" \/>\n<meta property=\"og:type\" content=\"article\" \/>\n<meta property=\"og:title\" content=\"La chiusura d\u2019una libreria \u00e8 una ferita aperta, ma l\u2019importante \u00e8 fondarne di nuove in condomini, scuole, quartieri, fabbriche - Fondazione Pirelli\" \/>\n<meta property=\"og:description\" content=\"La chiusura di una libreria, soprattutto di un\u2019antica libreria, \u00e8 una ferita nel corpo civile di una citt\u00e0. Mancheranno luoghi in cui prendere confidenza con un libro. Avviare una sorprendente conversazione a proposito d\u2019un bel titolo (\u201cFontamara\u201d, per esempio o \u201cLe citt\u00e0 invisibili\u201d o, perch\u00e9 no?, \u201cLa vita indocile\u201d) o d\u2019una copertina ben disegnata. Intessere [&hellip;]\" \/>\n<meta property=\"og:url\" content=\"https:\/\/www.fondazionepirelli.org\/it\/cultura-dimpresa\/blog\/la-chiusura-duna-libreria-e-una-ferita-aperta-ma-limportante-e-fondarne-di-nuove-in-condomini-scuole-quartieri-fabbriche\/\" \/>\n<meta property=\"og:site_name\" content=\"Fondazione Pirelli\" \/>\n<meta property=\"article:published_time\" content=\"2026-03-05T08:03:11+00:00\" \/>\n<meta property=\"article:modified_time\" content=\"2026-04-01T13:44:14+00:00\" \/>\n<meta property=\"og:image\" content=\"https:\/\/wpsite-assets.fondazionepirelli.org\/wp-content\/uploads\/2026\/03\/03121658\/GettyImages-2162169941_low.jpg\" \/>\n\t<meta property=\"og:image:width\" content=\"2121\" \/>\n\t<meta property=\"og:image:height\" content=\"1414\" \/>\n\t<meta property=\"og:image:type\" content=\"image\/jpeg\" \/>\n<meta name=\"author\" content=\"fondadmin\" \/>\n<meta name=\"twitter:card\" content=\"summary_large_image\" \/>\n<meta name=\"twitter:label1\" content=\"Scritto da\" \/>\n\t<meta name=\"twitter:data1\" content=\"fondadmin\" \/>\n\t<meta name=\"twitter:label2\" content=\"Tempo di lettura stimato\" \/>\n\t<meta name=\"twitter:data2\" content=\"7 minuti\" \/>\n<script type=\"application\/ld+json\" class=\"yoast-schema-graph\">{\"@context\":\"https:\/\/schema.org\",\"@graph\":[{\"@type\":\"WebPage\",\"@id\":\"https:\/\/www.fondazionepirelli.org\/it\/cultura-dimpresa\/blog\/la-chiusura-duna-libreria-e-una-ferita-aperta-ma-limportante-e-fondarne-di-nuove-in-condomini-scuole-quartieri-fabbriche\/\",\"url\":\"https:\/\/www.fondazionepirelli.org\/it\/cultura-dimpresa\/blog\/la-chiusura-duna-libreria-e-una-ferita-aperta-ma-limportante-e-fondarne-di-nuove-in-condomini-scuole-quartieri-fabbriche\/\",\"name\":\"La chiusura d\u2019una libreria \u00e8 una ferita aperta, ma l\u2019importante \u00e8 fondarne di nuove in condomini, scuole, quartieri, fabbriche - Fondazione Pirelli\",\"isPartOf\":{\"@id\":\"https:\/\/www.fondazionepirelli.org\/it\/#website\"},\"primaryImageOfPage\":{\"@id\":\"https:\/\/www.fondazionepirelli.org\/it\/cultura-dimpresa\/blog\/la-chiusura-duna-libreria-e-una-ferita-aperta-ma-limportante-e-fondarne-di-nuove-in-condomini-scuole-quartieri-fabbriche\/#primaryimage\"},\"image\":{\"@id\":\"https:\/\/www.fondazionepirelli.org\/it\/cultura-dimpresa\/blog\/la-chiusura-duna-libreria-e-una-ferita-aperta-ma-limportante-e-fondarne-di-nuove-in-condomini-scuole-quartieri-fabbriche\/#primaryimage\"},\"thumbnailUrl\":\"https:\/\/wpsite-assets.fondazionepirelli.org\/wp-content\/uploads\/2026\/03\/03121658\/GettyImages-2162169941_low.jpg\",\"datePublished\":\"2026-03-05T08:03:11+00:00\",\"dateModified\":\"2026-04-01T13:44:14+00:00\",\"author\":{\"@id\":\"https:\/\/www.fondazionepirelli.org\/it\/#\/schema\/person\/f47d097000832c4a6e54538c791fdf25\"},\"breadcrumb\":{\"@id\":\"https:\/\/www.fondazionepirelli.org\/it\/cultura-dimpresa\/blog\/la-chiusura-duna-libreria-e-una-ferita-aperta-ma-limportante-e-fondarne-di-nuove-in-condomini-scuole-quartieri-fabbriche\/#breadcrumb\"},\"inLanguage\":\"it-IT\",\"potentialAction\":[{\"@type\":\"ReadAction\",\"target\":[\"https:\/\/www.fondazionepirelli.org\/it\/cultura-dimpresa\/blog\/la-chiusura-duna-libreria-e-una-ferita-aperta-ma-limportante-e-fondarne-di-nuove-in-condomini-scuole-quartieri-fabbriche\/\"]}]},{\"@type\":\"ImageObject\",\"inLanguage\":\"it-IT\",\"@id\":\"https:\/\/www.fondazionepirelli.org\/it\/cultura-dimpresa\/blog\/la-chiusura-duna-libreria-e-una-ferita-aperta-ma-limportante-e-fondarne-di-nuove-in-condomini-scuole-quartieri-fabbriche\/#primaryimage\",\"url\":\"https:\/\/wpsite-assets.fondazionepirelli.org\/wp-content\/uploads\/2026\/03\/03121658\/GettyImages-2162169941_low.jpg\",\"contentUrl\":\"https:\/\/wpsite-assets.fondazionepirelli.org\/wp-content\/uploads\/2026\/03\/03121658\/GettyImages-2162169941_low.jpg\",\"width\":2121,\"height\":1414,\"caption\":\"woman in the bookstore selecting books\"},{\"@type\":\"BreadcrumbList\",\"@id\":\"https:\/\/www.fondazionepirelli.org\/it\/cultura-dimpresa\/blog\/la-chiusura-duna-libreria-e-una-ferita-aperta-ma-limportante-e-fondarne-di-nuove-in-condomini-scuole-quartieri-fabbriche\/#breadcrumb\",\"itemListElement\":[{\"@type\":\"ListItem\",\"position\":1,\"name\":\"Home\",\"item\":\"https:\/\/www.fondazionepirelli.org\/it\/\"},{\"@type\":\"ListItem\",\"position\":2,\"name\":\"La chiusura d\u2019una libreria \u00e8 una ferita aperta, ma l\u2019importante \u00e8 fondarne di nuove in condomini, scuole, quartieri, fabbriche\"}]},{\"@type\":\"WebSite\",\"@id\":\"https:\/\/www.fondazionepirelli.org\/it\/#website\",\"url\":\"https:\/\/www.fondazionepirelli.org\/it\/\",\"name\":\"Fondazione Pirelli\",\"description\":\"\",\"potentialAction\":[{\"@type\":\"SearchAction\",\"target\":{\"@type\":\"EntryPoint\",\"urlTemplate\":\"https:\/\/www.fondazionepirelli.org\/it\/?s={search_term_string}\"},\"query-input\":{\"@type\":\"PropertyValueSpecification\",\"valueRequired\":true,\"valueName\":\"search_term_string\"}}],\"inLanguage\":\"it-IT\"},{\"@type\":\"Person\",\"@id\":\"https:\/\/www.fondazionepirelli.org\/it\/#\/schema\/person\/f47d097000832c4a6e54538c791fdf25\",\"name\":\"fondadmin\",\"image\":{\"@type\":\"ImageObject\",\"inLanguage\":\"it-IT\",\"@id\":\"https:\/\/www.fondazionepirelli.org\/it\/#\/schema\/person\/image\/\",\"url\":\"https:\/\/secure.gravatar.com\/avatar\/e69498a9175ca244966e51e53c88712c024fcebe41f9a05f75657f1bb25e489b?s=96&d=mm&r=g\",\"contentUrl\":\"https:\/\/secure.gravatar.com\/avatar\/e69498a9175ca244966e51e53c88712c024fcebe41f9a05f75657f1bb25e489b?s=96&d=mm&r=g\",\"caption\":\"fondadmin\"},\"url\":\"https:\/\/www.fondazionepirelli.org\/it\/author\/fondadmin\/\"}]}<\/script>\n<!-- \/ Yoast SEO plugin. -->","yoast_head_json":{"title":"La chiusura d\u2019una libreria \u00e8 una ferita aperta, ma l\u2019importante \u00e8 fondarne di nuove in condomini, scuole, quartieri, fabbriche - Fondazione Pirelli","robots":{"index":"index","follow":"follow","max-snippet":"max-snippet:-1","max-image-preview":"max-image-preview:large","max-video-preview":"max-video-preview:-1"},"canonical":"https:\/\/www.fondazionepirelli.org\/it\/cultura-dimpresa\/blog\/la-chiusura-duna-libreria-e-una-ferita-aperta-ma-limportante-e-fondarne-di-nuove-in-condomini-scuole-quartieri-fabbriche\/","og_locale":"it_IT","og_type":"article","og_title":"La chiusura d\u2019una libreria \u00e8 una ferita aperta, ma l\u2019importante \u00e8 fondarne di nuove in condomini, scuole, quartieri, fabbriche - Fondazione Pirelli","og_description":"La chiusura di una libreria, soprattutto di un\u2019antica libreria, \u00e8 una ferita nel corpo civile di una citt\u00e0. Mancheranno luoghi in cui prendere confidenza con un libro. Avviare una sorprendente conversazione a proposito d\u2019un bel titolo (\u201cFontamara\u201d, per esempio o \u201cLe citt\u00e0 invisibili\u201d o, perch\u00e9 no?, \u201cLa vita indocile\u201d) o d\u2019una copertina ben disegnata. Intessere [&hellip;]","og_url":"https:\/\/www.fondazionepirelli.org\/it\/cultura-dimpresa\/blog\/la-chiusura-duna-libreria-e-una-ferita-aperta-ma-limportante-e-fondarne-di-nuove-in-condomini-scuole-quartieri-fabbriche\/","og_site_name":"Fondazione Pirelli","article_published_time":"2026-03-05T08:03:11+00:00","article_modified_time":"2026-04-01T13:44:14+00:00","og_image":[{"width":2121,"height":1414,"url":"https:\/\/wpsite-assets.fondazionepirelli.org\/wp-content\/uploads\/2026\/03\/03121658\/GettyImages-2162169941_low.jpg","type":"image\/jpeg"}],"author":"fondadmin","twitter_card":"summary_large_image","twitter_misc":{"Scritto da":"fondadmin","Tempo di lettura stimato":"7 minuti"},"schema":{"@context":"https:\/\/schema.org","@graph":[{"@type":"WebPage","@id":"https:\/\/www.fondazionepirelli.org\/it\/cultura-dimpresa\/blog\/la-chiusura-duna-libreria-e-una-ferita-aperta-ma-limportante-e-fondarne-di-nuove-in-condomini-scuole-quartieri-fabbriche\/","url":"https:\/\/www.fondazionepirelli.org\/it\/cultura-dimpresa\/blog\/la-chiusura-duna-libreria-e-una-ferita-aperta-ma-limportante-e-fondarne-di-nuove-in-condomini-scuole-quartieri-fabbriche\/","name":"La chiusura d\u2019una libreria \u00e8 una ferita aperta, ma l\u2019importante \u00e8 fondarne di nuove in condomini, scuole, quartieri, fabbriche - Fondazione Pirelli","isPartOf":{"@id":"https:\/\/www.fondazionepirelli.org\/it\/#website"},"primaryImageOfPage":{"@id":"https:\/\/www.fondazionepirelli.org\/it\/cultura-dimpresa\/blog\/la-chiusura-duna-libreria-e-una-ferita-aperta-ma-limportante-e-fondarne-di-nuove-in-condomini-scuole-quartieri-fabbriche\/#primaryimage"},"image":{"@id":"https:\/\/www.fondazionepirelli.org\/it\/cultura-dimpresa\/blog\/la-chiusura-duna-libreria-e-una-ferita-aperta-ma-limportante-e-fondarne-di-nuove-in-condomini-scuole-quartieri-fabbriche\/#primaryimage"},"thumbnailUrl":"https:\/\/wpsite-assets.fondazionepirelli.org\/wp-content\/uploads\/2026\/03\/03121658\/GettyImages-2162169941_low.jpg","datePublished":"2026-03-05T08:03:11+00:00","dateModified":"2026-04-01T13:44:14+00:00","author":{"@id":"https:\/\/www.fondazionepirelli.org\/it\/#\/schema\/person\/f47d097000832c4a6e54538c791fdf25"},"breadcrumb":{"@id":"https:\/\/www.fondazionepirelli.org\/it\/cultura-dimpresa\/blog\/la-chiusura-duna-libreria-e-una-ferita-aperta-ma-limportante-e-fondarne-di-nuove-in-condomini-scuole-quartieri-fabbriche\/#breadcrumb"},"inLanguage":"it-IT","potentialAction":[{"@type":"ReadAction","target":["https:\/\/www.fondazionepirelli.org\/it\/cultura-dimpresa\/blog\/la-chiusura-duna-libreria-e-una-ferita-aperta-ma-limportante-e-fondarne-di-nuove-in-condomini-scuole-quartieri-fabbriche\/"]}]},{"@type":"ImageObject","inLanguage":"it-IT","@id":"https:\/\/www.fondazionepirelli.org\/it\/cultura-dimpresa\/blog\/la-chiusura-duna-libreria-e-una-ferita-aperta-ma-limportante-e-fondarne-di-nuove-in-condomini-scuole-quartieri-fabbriche\/#primaryimage","url":"https:\/\/wpsite-assets.fondazionepirelli.org\/wp-content\/uploads\/2026\/03\/03121658\/GettyImages-2162169941_low.jpg","contentUrl":"https:\/\/wpsite-assets.fondazionepirelli.org\/wp-content\/uploads\/2026\/03\/03121658\/GettyImages-2162169941_low.jpg","width":2121,"height":1414,"caption":"woman in the bookstore selecting books"},{"@type":"BreadcrumbList","@id":"https:\/\/www.fondazionepirelli.org\/it\/cultura-dimpresa\/blog\/la-chiusura-duna-libreria-e-una-ferita-aperta-ma-limportante-e-fondarne-di-nuove-in-condomini-scuole-quartieri-fabbriche\/#breadcrumb","itemListElement":[{"@type":"ListItem","position":1,"name":"Home","item":"https:\/\/www.fondazionepirelli.org\/it\/"},{"@type":"ListItem","position":2,"name":"La chiusura d\u2019una libreria \u00e8 una ferita aperta, ma l\u2019importante \u00e8 fondarne di nuove in condomini, scuole, quartieri, fabbriche"}]},{"@type":"WebSite","@id":"https:\/\/www.fondazionepirelli.org\/it\/#website","url":"https:\/\/www.fondazionepirelli.org\/it\/","name":"Fondazione Pirelli","description":"","potentialAction":[{"@type":"SearchAction","target":{"@type":"EntryPoint","urlTemplate":"https:\/\/www.fondazionepirelli.org\/it\/?s={search_term_string}"},"query-input":{"@type":"PropertyValueSpecification","valueRequired":true,"valueName":"search_term_string"}}],"inLanguage":"it-IT"},{"@type":"Person","@id":"https:\/\/www.fondazionepirelli.org\/it\/#\/schema\/person\/f47d097000832c4a6e54538c791fdf25","name":"fondadmin","image":{"@type":"ImageObject","inLanguage":"it-IT","@id":"https:\/\/www.fondazionepirelli.org\/it\/#\/schema\/person\/image\/","url":"https:\/\/secure.gravatar.com\/avatar\/e69498a9175ca244966e51e53c88712c024fcebe41f9a05f75657f1bb25e489b?s=96&d=mm&r=g","contentUrl":"https:\/\/secure.gravatar.com\/avatar\/e69498a9175ca244966e51e53c88712c024fcebe41f9a05f75657f1bb25e489b?s=96&d=mm&r=g","caption":"fondadmin"},"url":"https:\/\/www.fondazionepirelli.org\/it\/author\/fondadmin\/"}]}},"_links":{"self":[{"href":"https:\/\/www.fondazionepirelli.org\/it\/wp-json\/wp\/v2\/posts\/106806\/"}],"collection":[{"href":"https:\/\/www.fondazionepirelli.org\/it\/wp-json\/wp\/v2\/posts\/"}],"about":[{"href":"https:\/\/www.fondazionepirelli.org\/it\/wp-json\/wp\/v2\/types\/post\/"}],"author":[{"embeddable":true,"href":"https:\/\/www.fondazionepirelli.org\/it\/wp-json\/wp\/v2\/users\/1\/"}],"replies":[{"embeddable":true,"href":"https:\/\/www.fondazionepirelli.org\/it\/wp-json\/wp\/v2\/comments\/?post=106806"}],"version-history":[{"count":1,"href":"https:\/\/www.fondazionepirelli.org\/it\/wp-json\/wp\/v2\/posts\/106806\/revisions\/"}],"predecessor-version":[{"id":106807,"href":"https:\/\/www.fondazionepirelli.org\/it\/wp-json\/wp\/v2\/posts\/106806\/revisions\/106807\/"}],"wp:featuredmedia":[{"embeddable":true,"href":"https:\/\/www.fondazionepirelli.org\/it\/wp-json\/wp\/v2\/media\/106811\/"}],"wp:attachment":[{"href":"https:\/\/www.fondazionepirelli.org\/it\/wp-json\/wp\/v2\/media\/?parent=106806"}],"wp:term":[{"taxonomy":"category","embeddable":true,"href":"https:\/\/www.fondazionepirelli.org\/it\/wp-json\/wp\/v2\/categories\/?post=106806"},{"taxonomy":"post_tag","embeddable":true,"href":"https:\/\/www.fondazionepirelli.org\/it\/wp-json\/wp\/v2\/tags\/?post=106806"}],"curies":[{"name":"wp","href":"https:\/\/api.w.org\/{rel}","templated":true}]}}