{"id":106824,"date":"2026-03-06T16:38:49","date_gmt":"2026-03-06T15:38:49","guid":{"rendered":"https:\/\/www.fondazionepirelli.org\/?p=106824"},"modified":"2026-03-06T16:39:14","modified_gmt":"2026-03-06T15:39:14","slug":"la-cultura-materiale-dimpresa","status":"publish","type":"post","link":"https:\/\/www.fondazionepirelli.org\/it\/cultura-dimpresa\/approfondimenti\/la-cultura-materiale-dimpresa\/","title":{"rendered":"La cultura materiale d\u2019impresa"},"content":{"rendered":"<p><em>Pubblicata una corposa raccolta di ricerche e indagini sul patrimonio industriale<\/em><\/p><p>Segni dell\u2019ingegno e delle fatiche del lavoro. Testimonianze della voglia di fare impresa, del passaggio di generazioni di lavoratrici e lavoratori. Segni di sogni di progresso, spesso realizzati. Cultura del produrre e del fare impresa che si materializza in fabbriche e capannoni, uffici, archivi. \u00c8 un po\u2019 tutto questo il patrimonio industriale italiano, europeo e mondiale che \u2013 da qualche tempo \u2013 si cerca di valorizzare e tramandare. La raccolta \u2013 corposa \u2013 delle ricerche presentate nell\u2019ambito della terza edizione degli \u201cStati generali del patrimonio industriale\u201d che a inizio febbraio 2026 si \u00e8 svolta tra Bari, Matera e Lecce rappresenta un insieme prezioso di esempi da conoscere e di analisi sul tema da approfondire.<br \/>\nGli \u201cStati generali del patrimonio industriale\u201d del 2026 proseguono il percorso avviato a partire dal 2018 e hanno lo scopo di \u201crappresentare in modo organico le realt\u00e0 patrimoniali \u2013 tecniche, economiche, culturali e sociali \u2013 legate alla produzione e al lavoro sull\u2019intero territorio nazionale\u201d. E ci\u00f2 che emerge \u00e8 una sorta di \u201ccatalogo\u201d del patrimonio industriale che comprende le testimonianze materiali e immateriali della civilt\u00e0 del lavoro e che risponde a necessit\u00e0 di conoscenza e di rivalutazione non solo la ricerca accademica, ma anche le comunit\u00e0 e il mondo produttivo.<br \/>\nLa raccolta di indagini riflette l\u2019agenda dei lavori della tre giorni di studio promossa dalla Associazione Italiana per il Patrimonio Archeologico Industriale (AIPAI) insieme ad una corposa serie di istituzioni. Si parte quindi con una serie di ricerche sulle macchine e sui brevetti, si passa quindi alle relazioni tra citt\u00e0 e paesaggi industriali, si toccano le relazioni tra le diverse infrastrutture produttive sociali sul territorio, si arriva quindi alle ricerche che hanno approfondito la progettualit\u00e0 nelle costruzioni degli impianti e delle fabbriche. Successivamente, le ricerche raccolte toccano le relazioni tra storia, cultura e memoria industriale e quindi gli archivi e i musei d\u2019impresa. Si passa poi ad approfondire le possibilit\u00e0 fornite dalle nuove tecnologie e dalla Intelligenza Artificiale per arrivare al restauro e alla conservazione del patrimonio presente, alla rigenerazione urbana e ambientale delle fabbriche, per finire con la possibilit\u00e0 di conoscenza del patrimonio stesso tra turismo specializzato, immagine e cinematografia.<br \/>\nLa raccolta di indagini promossa da AIPAI \u00e8 di quelle non solo da conservare, ma da leggere e usare con attenzione.<\/p><p><strong>3\u00b0 Stati generali del patrimonio industriale<\/strong><br \/>\nAA.VV., 5-8 febbraio 2026, Bari, Matera, Lecce, Gangemi 2026.<\/p>\n","protected":false},"excerpt":{"rendered":"<p>Pubblicata una corposa raccolta di ricerche e indagini sul patrimonio industrialeSegni dell\u2019ingegno e delle fatiche del lavoro. Testimonianze della voglia di fare impresa, del passaggio di generazioni di lavoratrici e lavoratori. Segni di sogni di progresso, spesso realizzati. Cultura del produrre e del fare impresa che si materializza in fabbriche e capannoni, uffici, archivi. \u00c8 [&hellip;]<\/p>\n","protected":false},"author":1,"featured_media":0,"comment_status":"open","ping_status":"open","sticky":false,"template":"","format":"standard","meta":{"footnotes":""},"categories":[54,52],"tags":[],"class_list":["post-106824","post","type-post","status-publish","format-standard","hentry","category-approfondimenti","category-cultura-dimpresa"],"acf":[],"yoast_head":"<!-- This site is optimized with the Yoast SEO plugin v25.0 - https:\/\/yoast.com\/wordpress\/plugins\/seo\/ -->\n<title>La cultura materiale d\u2019impresa - Fondazione Pirelli<\/title>\n<meta name=\"robots\" content=\"index, follow, max-snippet:-1, max-image-preview:large, max-video-preview:-1\" \/>\n<link rel=\"canonical\" href=\"https:\/\/www.fondazionepirelli.org\/it\/cultura-dimpresa\/approfondimenti\/la-cultura-materiale-dimpresa\/\" \/>\n<meta property=\"og:locale\" content=\"it_IT\" \/>\n<meta property=\"og:type\" content=\"article\" \/>\n<meta property=\"og:title\" content=\"La cultura materiale d\u2019impresa - Fondazione Pirelli\" \/>\n<meta property=\"og:description\" content=\"Pubblicata una corposa raccolta di ricerche e indagini sul patrimonio industrialeSegni dell\u2019ingegno e delle fatiche del lavoro. Testimonianze della voglia di fare impresa, del passaggio di generazioni di lavoratrici e lavoratori. Segni di sogni di progresso, spesso realizzati. Cultura del produrre e del fare impresa che si materializza in fabbriche e capannoni, uffici, archivi. \u00c8 [&hellip;]\" \/>\n<meta property=\"og:url\" content=\"https:\/\/www.fondazionepirelli.org\/it\/cultura-dimpresa\/approfondimenti\/la-cultura-materiale-dimpresa\/\" \/>\n<meta property=\"og:site_name\" content=\"Fondazione Pirelli\" \/>\n<meta property=\"article:published_time\" content=\"2026-03-06T15:38:49+00:00\" \/>\n<meta property=\"article:modified_time\" content=\"2026-03-06T15:39:14+00:00\" \/>\n<meta name=\"author\" content=\"fondadmin\" \/>\n<meta name=\"twitter:card\" content=\"summary_large_image\" \/>\n<meta name=\"twitter:label1\" content=\"Scritto da\" \/>\n\t<meta name=\"twitter:data1\" content=\"fondadmin\" \/>\n\t<meta name=\"twitter:label2\" content=\"Tempo di lettura stimato\" \/>\n\t<meta name=\"twitter:data2\" content=\"3 minuti\" \/>\n<script type=\"application\/ld+json\" class=\"yoast-schema-graph\">{\"@context\":\"https:\/\/schema.org\",\"@graph\":[{\"@type\":\"WebPage\",\"@id\":\"https:\/\/www.fondazionepirelli.org\/it\/cultura-dimpresa\/approfondimenti\/la-cultura-materiale-dimpresa\/\",\"url\":\"https:\/\/www.fondazionepirelli.org\/it\/cultura-dimpresa\/approfondimenti\/la-cultura-materiale-dimpresa\/\",\"name\":\"La cultura materiale d\u2019impresa - Fondazione Pirelli\",\"isPartOf\":{\"@id\":\"https:\/\/www.fondazionepirelli.org\/it\/#website\"},\"datePublished\":\"2026-03-06T15:38:49+00:00\",\"dateModified\":\"2026-03-06T15:39:14+00:00\",\"author\":{\"@id\":\"https:\/\/www.fondazionepirelli.org\/it\/#\/schema\/person\/f47d097000832c4a6e54538c791fdf25\"},\"breadcrumb\":{\"@id\":\"https:\/\/www.fondazionepirelli.org\/it\/cultura-dimpresa\/approfondimenti\/la-cultura-materiale-dimpresa\/#breadcrumb\"},\"inLanguage\":\"it-IT\",\"potentialAction\":[{\"@type\":\"ReadAction\",\"target\":[\"https:\/\/www.fondazionepirelli.org\/it\/cultura-dimpresa\/approfondimenti\/la-cultura-materiale-dimpresa\/\"]}]},{\"@type\":\"BreadcrumbList\",\"@id\":\"https:\/\/www.fondazionepirelli.org\/it\/cultura-dimpresa\/approfondimenti\/la-cultura-materiale-dimpresa\/#breadcrumb\",\"itemListElement\":[{\"@type\":\"ListItem\",\"position\":1,\"name\":\"Home\",\"item\":\"https:\/\/www.fondazionepirelli.org\/it\/\"},{\"@type\":\"ListItem\",\"position\":2,\"name\":\"La cultura materiale d\u2019impresa\"}]},{\"@type\":\"WebSite\",\"@id\":\"https:\/\/www.fondazionepirelli.org\/it\/#website\",\"url\":\"https:\/\/www.fondazionepirelli.org\/it\/\",\"name\":\"Fondazione Pirelli\",\"description\":\"\",\"potentialAction\":[{\"@type\":\"SearchAction\",\"target\":{\"@type\":\"EntryPoint\",\"urlTemplate\":\"https:\/\/www.fondazionepirelli.org\/it\/?s={search_term_string}\"},\"query-input\":{\"@type\":\"PropertyValueSpecification\",\"valueRequired\":true,\"valueName\":\"search_term_string\"}}],\"inLanguage\":\"it-IT\"},{\"@type\":\"Person\",\"@id\":\"https:\/\/www.fondazionepirelli.org\/it\/#\/schema\/person\/f47d097000832c4a6e54538c791fdf25\",\"name\":\"fondadmin\",\"image\":{\"@type\":\"ImageObject\",\"inLanguage\":\"it-IT\",\"@id\":\"https:\/\/www.fondazionepirelli.org\/it\/#\/schema\/person\/image\/\",\"url\":\"https:\/\/secure.gravatar.com\/avatar\/e69498a9175ca244966e51e53c88712c024fcebe41f9a05f75657f1bb25e489b?s=96&d=mm&r=g\",\"contentUrl\":\"https:\/\/secure.gravatar.com\/avatar\/e69498a9175ca244966e51e53c88712c024fcebe41f9a05f75657f1bb25e489b?s=96&d=mm&r=g\",\"caption\":\"fondadmin\"},\"url\":\"https:\/\/www.fondazionepirelli.org\/it\/author\/fondadmin\/\"}]}<\/script>\n<!-- \/ Yoast SEO plugin. -->","yoast_head_json":{"title":"La cultura materiale d\u2019impresa - Fondazione Pirelli","robots":{"index":"index","follow":"follow","max-snippet":"max-snippet:-1","max-image-preview":"max-image-preview:large","max-video-preview":"max-video-preview:-1"},"canonical":"https:\/\/www.fondazionepirelli.org\/it\/cultura-dimpresa\/approfondimenti\/la-cultura-materiale-dimpresa\/","og_locale":"it_IT","og_type":"article","og_title":"La cultura materiale d\u2019impresa - Fondazione Pirelli","og_description":"Pubblicata una corposa raccolta di ricerche e indagini sul patrimonio industrialeSegni dell\u2019ingegno e delle fatiche del lavoro. Testimonianze della voglia di fare impresa, del passaggio di generazioni di lavoratrici e lavoratori. Segni di sogni di progresso, spesso realizzati. Cultura del produrre e del fare impresa che si materializza in fabbriche e capannoni, uffici, archivi. \u00c8 [&hellip;]","og_url":"https:\/\/www.fondazionepirelli.org\/it\/cultura-dimpresa\/approfondimenti\/la-cultura-materiale-dimpresa\/","og_site_name":"Fondazione Pirelli","article_published_time":"2026-03-06T15:38:49+00:00","article_modified_time":"2026-03-06T15:39:14+00:00","author":"fondadmin","twitter_card":"summary_large_image","twitter_misc":{"Scritto da":"fondadmin","Tempo di lettura stimato":"3 minuti"},"schema":{"@context":"https:\/\/schema.org","@graph":[{"@type":"WebPage","@id":"https:\/\/www.fondazionepirelli.org\/it\/cultura-dimpresa\/approfondimenti\/la-cultura-materiale-dimpresa\/","url":"https:\/\/www.fondazionepirelli.org\/it\/cultura-dimpresa\/approfondimenti\/la-cultura-materiale-dimpresa\/","name":"La cultura materiale d\u2019impresa - Fondazione Pirelli","isPartOf":{"@id":"https:\/\/www.fondazionepirelli.org\/it\/#website"},"datePublished":"2026-03-06T15:38:49+00:00","dateModified":"2026-03-06T15:39:14+00:00","author":{"@id":"https:\/\/www.fondazionepirelli.org\/it\/#\/schema\/person\/f47d097000832c4a6e54538c791fdf25"},"breadcrumb":{"@id":"https:\/\/www.fondazionepirelli.org\/it\/cultura-dimpresa\/approfondimenti\/la-cultura-materiale-dimpresa\/#breadcrumb"},"inLanguage":"it-IT","potentialAction":[{"@type":"ReadAction","target":["https:\/\/www.fondazionepirelli.org\/it\/cultura-dimpresa\/approfondimenti\/la-cultura-materiale-dimpresa\/"]}]},{"@type":"BreadcrumbList","@id":"https:\/\/www.fondazionepirelli.org\/it\/cultura-dimpresa\/approfondimenti\/la-cultura-materiale-dimpresa\/#breadcrumb","itemListElement":[{"@type":"ListItem","position":1,"name":"Home","item":"https:\/\/www.fondazionepirelli.org\/it\/"},{"@type":"ListItem","position":2,"name":"La cultura materiale d\u2019impresa"}]},{"@type":"WebSite","@id":"https:\/\/www.fondazionepirelli.org\/it\/#website","url":"https:\/\/www.fondazionepirelli.org\/it\/","name":"Fondazione Pirelli","description":"","potentialAction":[{"@type":"SearchAction","target":{"@type":"EntryPoint","urlTemplate":"https:\/\/www.fondazionepirelli.org\/it\/?s={search_term_string}"},"query-input":{"@type":"PropertyValueSpecification","valueRequired":true,"valueName":"search_term_string"}}],"inLanguage":"it-IT"},{"@type":"Person","@id":"https:\/\/www.fondazionepirelli.org\/it\/#\/schema\/person\/f47d097000832c4a6e54538c791fdf25","name":"fondadmin","image":{"@type":"ImageObject","inLanguage":"it-IT","@id":"https:\/\/www.fondazionepirelli.org\/it\/#\/schema\/person\/image\/","url":"https:\/\/secure.gravatar.com\/avatar\/e69498a9175ca244966e51e53c88712c024fcebe41f9a05f75657f1bb25e489b?s=96&d=mm&r=g","contentUrl":"https:\/\/secure.gravatar.com\/avatar\/e69498a9175ca244966e51e53c88712c024fcebe41f9a05f75657f1bb25e489b?s=96&d=mm&r=g","caption":"fondadmin"},"url":"https:\/\/www.fondazionepirelli.org\/it\/author\/fondadmin\/"}]}},"_links":{"self":[{"href":"https:\/\/www.fondazionepirelli.org\/it\/wp-json\/wp\/v2\/posts\/106824\/"}],"collection":[{"href":"https:\/\/www.fondazionepirelli.org\/it\/wp-json\/wp\/v2\/posts\/"}],"about":[{"href":"https:\/\/www.fondazionepirelli.org\/it\/wp-json\/wp\/v2\/types\/post\/"}],"author":[{"embeddable":true,"href":"https:\/\/www.fondazionepirelli.org\/it\/wp-json\/wp\/v2\/users\/1\/"}],"replies":[{"embeddable":true,"href":"https:\/\/www.fondazionepirelli.org\/it\/wp-json\/wp\/v2\/comments\/?post=106824"}],"version-history":[{"count":3,"href":"https:\/\/www.fondazionepirelli.org\/it\/wp-json\/wp\/v2\/posts\/106824\/revisions\/"}],"predecessor-version":[{"id":106834,"href":"https:\/\/www.fondazionepirelli.org\/it\/wp-json\/wp\/v2\/posts\/106824\/revisions\/106834\/"}],"wp:attachment":[{"href":"https:\/\/www.fondazionepirelli.org\/it\/wp-json\/wp\/v2\/media\/?parent=106824"}],"wp:term":[{"taxonomy":"category","embeddable":true,"href":"https:\/\/www.fondazionepirelli.org\/it\/wp-json\/wp\/v2\/categories\/?post=106824"},{"taxonomy":"post_tag","embeddable":true,"href":"https:\/\/www.fondazionepirelli.org\/it\/wp-json\/wp\/v2\/tags\/?post=106824"}],"curies":[{"name":"wp","href":"https:\/\/api.w.org\/{rel}","templated":true}]}}