{"id":106837,"date":"2026-03-10T14:41:43","date_gmt":"2026-03-10T13:41:43","guid":{"rendered":"https:\/\/www.fondazionepirelli.org\/?p=106837"},"modified":"2026-03-10T14:41:43","modified_gmt":"2026-03-10T13:41:43","slug":"e-adesso-arriva-il-tempo-dei-nonni-con-la-valigia-per-seguire-figli-e-nipoti-nelle-piu-comode-citta-del-nord","status":"publish","type":"post","link":"https:\/\/www.fondazionepirelli.org\/it\/cultura-dimpresa\/blog\/e-adesso-arriva-il-tempo-dei-nonni-con-la-valigia-per-seguire-figli-e-nipoti-nelle-piu-comode-citta-del-nord\/","title":{"rendered":"E adesso arriva il tempo dei \u201cnonni con la valigia\u201d,\u00a0per seguire figli e nipoti nelle pi\u00f9 comode citt\u00e0 del Nord"},"content":{"rendered":"<p>\u201cVotare con i piedi\u201d, si dice, quando si vuole indicare la scelta di un posto per lavorare meglio, pagare meno tasse, avere garanzie di migliori condizioni di vita e, perch\u00e9 no? di tempo libero. \u00c8 un\u2019espressione che usano spesso i ragazzi, quando devono decidere dove andare a studiare. Le popolazioni migranti, in cerca di un pi\u00f9 conveniente mercato del lavoro. Ma anche i detentori di grandi redditi, se vanno in cerca di comodi paradisi fiscali o pi\u00f9 semplicemente minori carichi su pensierini e redditi. Cambiare posto, insomma, per trovare pi\u00f9 agevoli condizioni di lavoro e di vita. \u00c8 una scelta molto politica, naturalmente, perch\u00e9 implica un giudizio sui servizi pubblici locali, la qualit\u00e0 dell\u2019amministrazione civile, le opportunit\u00e0 del mercato del lavoro, il rapporto tra sistema fiscale e servizi, ma anche le condizioni generali di qualit\u00e0 della vita civile, l\u2019accoglienza, le relazioni tra le persone. Negli Usa, \u00e8 una scelta frequente, magari ripetuta pi\u00f9 volte nel corso della vita.<\/p>\n<p>Adesso scopriamo, grazie a una acuta inchiesta su \u201cLa Stampa\u201d di Chiara Saraceno, che l\u2019abitudine si sta diffondendo non solo tra i giovani italiani (quella che oramai comunemente chiamiamo \u201cfuga dei cervelli\u201d) ma, perch\u00e9 no?\u00a0 pure tra le persone pi\u00f9 adulte.<\/p>\n<p>\u201cNonni con la valigia\u201d, titola La Stampa (18 febbraio), notando che nel corso degli ultimi vent\u2019anni pi\u00f9 di 184mila over 75 hanno lasciato i loro paesi di provincia, soprattutto nel meridione, per andare a vivere, senza cambiare ufficialmente residenza, nelle grandi e piccole citt\u00e0 del Nord d\u2019Italia. Erano poco meno di 100mila nel 2002. Sono raddoppiati in quasi vent\u2019anni.<\/p>\n<p>Perch\u00e9? Dalle cure sanitarie (nelle regioni del centro nord mediamente migliori) all\u2019aiuto ai figli, dal sostegno per fare fronte alle spese della casa, con i valori immobiliari tutti in crescita (uno studio Ocse documenta una vera e propria \u201cemergenza giovanile: l\u201980% degli under 30 vive in casa con i genitori e l\u2018Italia, tra i paesi europei, \u00e8 tra quelli messi peggio: \u00e8 la seconda per incidenza di ventenni che non possono o non vogliono vivere da soli: un impressionante depauperamento di capitale sociale ma anche di aspettative di futuro).<\/p>\n<p>Tutte queste pratiche di sostegno e di assistenza familiare (ai bambini piccoli ma anche ai grandi anziani delle famiglie) stanno ricomponendo un nuovo ritratto d\u2019Italia. Con un originale tipo di emigrazione all\u2019interno del Paese stesso (i dati dell\u2019ultimo rapporto Svimez non tengono conto, da questo punto di vista, dei grandi flussi migratori dall\u2019estero, che hanno comunque l\u2019effetto positivo di ripopolare vaste aree territoriali soprattutto nelle campagne meridionali).<\/p>\n<p>Qui vale la pena osservare l\u2019effetto di ricomposizione delle famiglie, per fare fronte, nelle citt\u00e0 del nord, alle grandi carenze dei servizi pubblici, sia per gli asili nido sia per assistenza agli anziani. E pongono alle autorit\u00e0 locali esigenze forti di investimento sui servizi sociali generali, spesso in carenza di risorse tagliate a livello di potere centrale.<\/p>\n<p>\u00c8 una migrazione che spesso non si rileva statisticamente, perch\u00e9 \u201ci nonni con la valigia\u201d non lasciano la loro residenza a Campobasso, Agrigento o Polignano, dove sperano prima o poi di tornare, per la fine della vecchiaia, dopo aver dato una mano a fare crescere figli e nipoti, ma ha comunque anche un effetto rilevante sull\u2019andamento delle strutture sociali pubbliche e sugli incroci e le ibridazioni dei costumi privati.<\/p>\n<p>Sostiene il Rapporto Svimez: c\u2019\u00e8 una forte polarizzazione territoriale tra un centro nord come area di attrazione e trattenimento del capitale umano e un Mezzogiorno che svolge, in misura rilevante rilevante una funzione di area di formazione per il sistema produttivo centro-settentrionale, con ulteriore e crescente degrado del Sud.<\/p>\n<p>In altre parole, che molti giovani meridionali oramai non vedano un futuro nelle regioni in cui sono nati e hanno i loro affetti \u00e8 segnalato dal fenomeno relativamente nuovo che il Rapporto chiama \u201cemigrazione anticipata\u201d, ovvero dallo spostamento al centro nord non pi\u00f9 una volta laureati, per cercare un\u2019occupazione adeguata, ma gi\u00e0 per studiare nelle Universit\u00e0, consapevoli che questo li faciliter\u00e0 nella ricerca del lavoro e a livello di migliore reputazione.<\/p>\n<p>I genitori anziani e i nonni seguiranno.<\/p>\n<p>Questo \u00e8 il segno di una minore attrattivit\u00e0 del sistema Paese, soprattutto per quel che riguarda il centro Sud. Con una conseguenza ampiamente rilevante: un crescente depauperamento di risorse attive, ma anche di pur minime spinte imprenditoriali.<\/p>\n<p>C\u2019\u00e8 in corso, insomma, al di l\u00e0 del ritratto stereotipato dal Paese, un movimento profondo, che rischia di alterare profondamente condizioni sociali, aspettative ma anche equilibri politici e sociali. Il costo di questo movimento \u00e8 tutt\u2019altro che irrilevante. Si rompono legami sociali e familiari, si alterano equilibri di comunit\u00e0, si modificano le stesse condizioni economiche di pur minima sussistenza. Le campagne continuano a svuotarsi, i centri storici deperiscono (o faranno, come a Niscemi).<\/p>\n<p>Chi guarda in profondit\u00e0 l\u2019andamento del sistema Pese nota anche anche altri fenomeni di segno diverso. Il permanere in certe aree del Mezzogiorno di ragazze e ragazzi delle nuove generazioni, attenti ai servizi turistici e culturali o a una stessa ripresa dell\u2019agricoltura di qualit\u00e0 legata al turismo di livello. Cos\u00ec come aumentano le offerte per tecnici competenti (ingegneri, informatici, matematici, che vengono assunti nelle citt\u00e0 del Mezzogiorno (Bari, Napoli, Palermo, Catania, ne offrono significative testimonianze) facendo leva su un nuovo livello di formazione universitaria e sui legami con le case-madre aziendali di Milano per poter fornire servizi high tech su vari mercati internazionali, legati magari alla diffusione dell\u2019Artificial Intelligence. Ma sono piccoli segnali, comunque da non trascurare.<\/p>\n<p>Vale la pena guardare intanto con pi\u00f9 attenzione ai \u201cnonni con la valigia\u201d e ai genitori che, appena raggiunto il livello di pensione, seguono in figli nelle grandi e medie citt\u00e0 del Centro Nord. Un\u2019ondata di neo-emigrazione che modificherebbe radicalmente culture, abitudini, servizi in ampie aree dell\u2019Italia. Una dimensione da non trascurare, soprattutto se si ricordano i numeri: 185 mila adesso, il doppio di dieci anni fa, con una curva in costante crescita.<\/p><p><em>(photo Getty Images)<\/em><\/p>\n","protected":false},"excerpt":{"rendered":"<p>\u201cVotare con i piedi\u201d, si dice, quando si vuole indicare la scelta di un posto per lavorare meglio, pagare meno tasse, avere garanzie di migliori condizioni di vita e, perch\u00e9 no? di tempo libero. \u00c8 un\u2019espressione che usano spesso i ragazzi, quando devono decidere dove andare a studiare. Le popolazioni migranti, in cerca di un [&hellip;]<\/p>\n","protected":false},"author":1,"featured_media":106846,"comment_status":"open","ping_status":"open","sticky":false,"template":"","format":"standard","meta":{"footnotes":""},"categories":[53,52],"tags":[],"class_list":["post-106837","post","type-post","status-publish","format-standard","has-post-thumbnail","hentry","category-blog","category-cultura-dimpresa"],"acf":[],"yoast_head":"<!-- This site is optimized with the Yoast SEO plugin v25.0 - https:\/\/yoast.com\/wordpress\/plugins\/seo\/ -->\n<title>E adesso arriva il tempo dei \u201cnonni con la valigia\u201d,\u00a0per seguire figli e nipoti nelle pi\u00f9 comode citt\u00e0 del Nord - Fondazione Pirelli<\/title>\n<meta name=\"robots\" content=\"index, follow, max-snippet:-1, max-image-preview:large, max-video-preview:-1\" \/>\n<link rel=\"canonical\" href=\"https:\/\/www.fondazionepirelli.org\/it\/cultura-dimpresa\/blog\/e-adesso-arriva-il-tempo-dei-nonni-con-la-valigia-per-seguire-figli-e-nipoti-nelle-piu-comode-citta-del-nord\/\" \/>\n<meta property=\"og:locale\" content=\"it_IT\" \/>\n<meta property=\"og:type\" content=\"article\" \/>\n<meta property=\"og:title\" content=\"E adesso arriva il tempo dei \u201cnonni con la valigia\u201d,\u00a0per seguire figli e nipoti nelle pi\u00f9 comode citt\u00e0 del Nord - Fondazione Pirelli\" \/>\n<meta property=\"og:description\" content=\"\u201cVotare con i piedi\u201d, si dice, quando si vuole indicare la scelta di un posto per lavorare meglio, pagare meno tasse, avere garanzie di migliori condizioni di vita e, perch\u00e9 no? di tempo libero. \u00c8 un\u2019espressione che usano spesso i ragazzi, quando devono decidere dove andare a studiare. Le popolazioni migranti, in cerca di un [&hellip;]\" \/>\n<meta property=\"og:url\" content=\"https:\/\/www.fondazionepirelli.org\/it\/cultura-dimpresa\/blog\/e-adesso-arriva-il-tempo-dei-nonni-con-la-valigia-per-seguire-figli-e-nipoti-nelle-piu-comode-citta-del-nord\/\" \/>\n<meta property=\"og:site_name\" content=\"Fondazione Pirelli\" \/>\n<meta property=\"article:published_time\" content=\"2026-03-10T13:41:43+00:00\" \/>\n<meta property=\"og:image\" content=\"https:\/\/wpsite-assets.fondazionepirelli.org\/wp-content\/uploads\/2026\/03\/10144129\/GettyImages-1060787492.jpg\" \/>\n\t<meta property=\"og:image:width\" content=\"2121\" \/>\n\t<meta property=\"og:image:height\" content=\"1414\" \/>\n\t<meta property=\"og:image:type\" content=\"image\/jpeg\" \/>\n<meta name=\"author\" content=\"fondadmin\" \/>\n<meta name=\"twitter:card\" content=\"summary_large_image\" \/>\n<meta name=\"twitter:label1\" content=\"Scritto da\" \/>\n\t<meta name=\"twitter:data1\" content=\"fondadmin\" \/>\n\t<meta name=\"twitter:label2\" content=\"Tempo di lettura stimato\" \/>\n\t<meta name=\"twitter:data2\" content=\"6 minuti\" \/>\n<script type=\"application\/ld+json\" class=\"yoast-schema-graph\">{\"@context\":\"https:\/\/schema.org\",\"@graph\":[{\"@type\":\"WebPage\",\"@id\":\"https:\/\/www.fondazionepirelli.org\/it\/cultura-dimpresa\/blog\/e-adesso-arriva-il-tempo-dei-nonni-con-la-valigia-per-seguire-figli-e-nipoti-nelle-piu-comode-citta-del-nord\/\",\"url\":\"https:\/\/www.fondazionepirelli.org\/it\/cultura-dimpresa\/blog\/e-adesso-arriva-il-tempo-dei-nonni-con-la-valigia-per-seguire-figli-e-nipoti-nelle-piu-comode-citta-del-nord\/\",\"name\":\"E adesso arriva il tempo dei \u201cnonni con la valigia\u201d,\u00a0per seguire figli e nipoti nelle pi\u00f9 comode citt\u00e0 del Nord - Fondazione Pirelli\",\"isPartOf\":{\"@id\":\"https:\/\/www.fondazionepirelli.org\/it\/#website\"},\"primaryImageOfPage\":{\"@id\":\"https:\/\/www.fondazionepirelli.org\/it\/cultura-dimpresa\/blog\/e-adesso-arriva-il-tempo-dei-nonni-con-la-valigia-per-seguire-figli-e-nipoti-nelle-piu-comode-citta-del-nord\/#primaryimage\"},\"image\":{\"@id\":\"https:\/\/www.fondazionepirelli.org\/it\/cultura-dimpresa\/blog\/e-adesso-arriva-il-tempo-dei-nonni-con-la-valigia-per-seguire-figli-e-nipoti-nelle-piu-comode-citta-del-nord\/#primaryimage\"},\"thumbnailUrl\":\"https:\/\/wpsite-assets.fondazionepirelli.org\/wp-content\/uploads\/2026\/03\/10144129\/GettyImages-1060787492.jpg\",\"datePublished\":\"2026-03-10T13:41:43+00:00\",\"author\":{\"@id\":\"https:\/\/www.fondazionepirelli.org\/it\/#\/schema\/person\/f47d097000832c4a6e54538c791fdf25\"},\"breadcrumb\":{\"@id\":\"https:\/\/www.fondazionepirelli.org\/it\/cultura-dimpresa\/blog\/e-adesso-arriva-il-tempo-dei-nonni-con-la-valigia-per-seguire-figli-e-nipoti-nelle-piu-comode-citta-del-nord\/#breadcrumb\"},\"inLanguage\":\"it-IT\",\"potentialAction\":[{\"@type\":\"ReadAction\",\"target\":[\"https:\/\/www.fondazionepirelli.org\/it\/cultura-dimpresa\/blog\/e-adesso-arriva-il-tempo-dei-nonni-con-la-valigia-per-seguire-figli-e-nipoti-nelle-piu-comode-citta-del-nord\/\"]}]},{\"@type\":\"ImageObject\",\"inLanguage\":\"it-IT\",\"@id\":\"https:\/\/www.fondazionepirelli.org\/it\/cultura-dimpresa\/blog\/e-adesso-arriva-il-tempo-dei-nonni-con-la-valigia-per-seguire-figli-e-nipoti-nelle-piu-comode-citta-del-nord\/#primaryimage\",\"url\":\"https:\/\/wpsite-assets.fondazionepirelli.org\/wp-content\/uploads\/2026\/03\/10144129\/GettyImages-1060787492.jpg\",\"contentUrl\":\"https:\/\/wpsite-assets.fondazionepirelli.org\/wp-content\/uploads\/2026\/03\/10144129\/GettyImages-1060787492.jpg\",\"width\":2121,\"height\":1414,\"caption\":\"elderly married couple holding hands on their way to the plane\"},{\"@type\":\"BreadcrumbList\",\"@id\":\"https:\/\/www.fondazionepirelli.org\/it\/cultura-dimpresa\/blog\/e-adesso-arriva-il-tempo-dei-nonni-con-la-valigia-per-seguire-figli-e-nipoti-nelle-piu-comode-citta-del-nord\/#breadcrumb\",\"itemListElement\":[{\"@type\":\"ListItem\",\"position\":1,\"name\":\"Home\",\"item\":\"https:\/\/www.fondazionepirelli.org\/it\/\"},{\"@type\":\"ListItem\",\"position\":2,\"name\":\"E adesso arriva il tempo dei \u201cnonni con la valigia\u201d,\u00a0per seguire figli e nipoti nelle pi\u00f9 comode citt\u00e0 del Nord\"}]},{\"@type\":\"WebSite\",\"@id\":\"https:\/\/www.fondazionepirelli.org\/it\/#website\",\"url\":\"https:\/\/www.fondazionepirelli.org\/it\/\",\"name\":\"Fondazione Pirelli\",\"description\":\"\",\"potentialAction\":[{\"@type\":\"SearchAction\",\"target\":{\"@type\":\"EntryPoint\",\"urlTemplate\":\"https:\/\/www.fondazionepirelli.org\/it\/?s={search_term_string}\"},\"query-input\":{\"@type\":\"PropertyValueSpecification\",\"valueRequired\":true,\"valueName\":\"search_term_string\"}}],\"inLanguage\":\"it-IT\"},{\"@type\":\"Person\",\"@id\":\"https:\/\/www.fondazionepirelli.org\/it\/#\/schema\/person\/f47d097000832c4a6e54538c791fdf25\",\"name\":\"fondadmin\",\"image\":{\"@type\":\"ImageObject\",\"inLanguage\":\"it-IT\",\"@id\":\"https:\/\/www.fondazionepirelli.org\/it\/#\/schema\/person\/image\/\",\"url\":\"https:\/\/secure.gravatar.com\/avatar\/e69498a9175ca244966e51e53c88712c024fcebe41f9a05f75657f1bb25e489b?s=96&d=mm&r=g\",\"contentUrl\":\"https:\/\/secure.gravatar.com\/avatar\/e69498a9175ca244966e51e53c88712c024fcebe41f9a05f75657f1bb25e489b?s=96&d=mm&r=g\",\"caption\":\"fondadmin\"},\"url\":\"https:\/\/www.fondazionepirelli.org\/it\/author\/fondadmin\/\"}]}<\/script>\n<!-- \/ Yoast SEO plugin. -->","yoast_head_json":{"title":"E adesso arriva il tempo dei \u201cnonni con la valigia\u201d,\u00a0per seguire figli e nipoti nelle pi\u00f9 comode citt\u00e0 del Nord - Fondazione Pirelli","robots":{"index":"index","follow":"follow","max-snippet":"max-snippet:-1","max-image-preview":"max-image-preview:large","max-video-preview":"max-video-preview:-1"},"canonical":"https:\/\/www.fondazionepirelli.org\/it\/cultura-dimpresa\/blog\/e-adesso-arriva-il-tempo-dei-nonni-con-la-valigia-per-seguire-figli-e-nipoti-nelle-piu-comode-citta-del-nord\/","og_locale":"it_IT","og_type":"article","og_title":"E adesso arriva il tempo dei \u201cnonni con la valigia\u201d,\u00a0per seguire figli e nipoti nelle pi\u00f9 comode citt\u00e0 del Nord - Fondazione Pirelli","og_description":"\u201cVotare con i piedi\u201d, si dice, quando si vuole indicare la scelta di un posto per lavorare meglio, pagare meno tasse, avere garanzie di migliori condizioni di vita e, perch\u00e9 no? di tempo libero. \u00c8 un\u2019espressione che usano spesso i ragazzi, quando devono decidere dove andare a studiare. Le popolazioni migranti, in cerca di un [&hellip;]","og_url":"https:\/\/www.fondazionepirelli.org\/it\/cultura-dimpresa\/blog\/e-adesso-arriva-il-tempo-dei-nonni-con-la-valigia-per-seguire-figli-e-nipoti-nelle-piu-comode-citta-del-nord\/","og_site_name":"Fondazione Pirelli","article_published_time":"2026-03-10T13:41:43+00:00","og_image":[{"width":2121,"height":1414,"url":"https:\/\/wpsite-assets.fondazionepirelli.org\/wp-content\/uploads\/2026\/03\/10144129\/GettyImages-1060787492.jpg","type":"image\/jpeg"}],"author":"fondadmin","twitter_card":"summary_large_image","twitter_misc":{"Scritto da":"fondadmin","Tempo di lettura stimato":"6 minuti"},"schema":{"@context":"https:\/\/schema.org","@graph":[{"@type":"WebPage","@id":"https:\/\/www.fondazionepirelli.org\/it\/cultura-dimpresa\/blog\/e-adesso-arriva-il-tempo-dei-nonni-con-la-valigia-per-seguire-figli-e-nipoti-nelle-piu-comode-citta-del-nord\/","url":"https:\/\/www.fondazionepirelli.org\/it\/cultura-dimpresa\/blog\/e-adesso-arriva-il-tempo-dei-nonni-con-la-valigia-per-seguire-figli-e-nipoti-nelle-piu-comode-citta-del-nord\/","name":"E adesso arriva il tempo dei \u201cnonni con la valigia\u201d,\u00a0per seguire figli e nipoti nelle pi\u00f9 comode citt\u00e0 del Nord - Fondazione Pirelli","isPartOf":{"@id":"https:\/\/www.fondazionepirelli.org\/it\/#website"},"primaryImageOfPage":{"@id":"https:\/\/www.fondazionepirelli.org\/it\/cultura-dimpresa\/blog\/e-adesso-arriva-il-tempo-dei-nonni-con-la-valigia-per-seguire-figli-e-nipoti-nelle-piu-comode-citta-del-nord\/#primaryimage"},"image":{"@id":"https:\/\/www.fondazionepirelli.org\/it\/cultura-dimpresa\/blog\/e-adesso-arriva-il-tempo-dei-nonni-con-la-valigia-per-seguire-figli-e-nipoti-nelle-piu-comode-citta-del-nord\/#primaryimage"},"thumbnailUrl":"https:\/\/wpsite-assets.fondazionepirelli.org\/wp-content\/uploads\/2026\/03\/10144129\/GettyImages-1060787492.jpg","datePublished":"2026-03-10T13:41:43+00:00","author":{"@id":"https:\/\/www.fondazionepirelli.org\/it\/#\/schema\/person\/f47d097000832c4a6e54538c791fdf25"},"breadcrumb":{"@id":"https:\/\/www.fondazionepirelli.org\/it\/cultura-dimpresa\/blog\/e-adesso-arriva-il-tempo-dei-nonni-con-la-valigia-per-seguire-figli-e-nipoti-nelle-piu-comode-citta-del-nord\/#breadcrumb"},"inLanguage":"it-IT","potentialAction":[{"@type":"ReadAction","target":["https:\/\/www.fondazionepirelli.org\/it\/cultura-dimpresa\/blog\/e-adesso-arriva-il-tempo-dei-nonni-con-la-valigia-per-seguire-figli-e-nipoti-nelle-piu-comode-citta-del-nord\/"]}]},{"@type":"ImageObject","inLanguage":"it-IT","@id":"https:\/\/www.fondazionepirelli.org\/it\/cultura-dimpresa\/blog\/e-adesso-arriva-il-tempo-dei-nonni-con-la-valigia-per-seguire-figli-e-nipoti-nelle-piu-comode-citta-del-nord\/#primaryimage","url":"https:\/\/wpsite-assets.fondazionepirelli.org\/wp-content\/uploads\/2026\/03\/10144129\/GettyImages-1060787492.jpg","contentUrl":"https:\/\/wpsite-assets.fondazionepirelli.org\/wp-content\/uploads\/2026\/03\/10144129\/GettyImages-1060787492.jpg","width":2121,"height":1414,"caption":"elderly married couple holding hands on their way to the plane"},{"@type":"BreadcrumbList","@id":"https:\/\/www.fondazionepirelli.org\/it\/cultura-dimpresa\/blog\/e-adesso-arriva-il-tempo-dei-nonni-con-la-valigia-per-seguire-figli-e-nipoti-nelle-piu-comode-citta-del-nord\/#breadcrumb","itemListElement":[{"@type":"ListItem","position":1,"name":"Home","item":"https:\/\/www.fondazionepirelli.org\/it\/"},{"@type":"ListItem","position":2,"name":"E adesso arriva il tempo dei \u201cnonni con la valigia\u201d,\u00a0per seguire figli e nipoti nelle pi\u00f9 comode citt\u00e0 del Nord"}]},{"@type":"WebSite","@id":"https:\/\/www.fondazionepirelli.org\/it\/#website","url":"https:\/\/www.fondazionepirelli.org\/it\/","name":"Fondazione Pirelli","description":"","potentialAction":[{"@type":"SearchAction","target":{"@type":"EntryPoint","urlTemplate":"https:\/\/www.fondazionepirelli.org\/it\/?s={search_term_string}"},"query-input":{"@type":"PropertyValueSpecification","valueRequired":true,"valueName":"search_term_string"}}],"inLanguage":"it-IT"},{"@type":"Person","@id":"https:\/\/www.fondazionepirelli.org\/it\/#\/schema\/person\/f47d097000832c4a6e54538c791fdf25","name":"fondadmin","image":{"@type":"ImageObject","inLanguage":"it-IT","@id":"https:\/\/www.fondazionepirelli.org\/it\/#\/schema\/person\/image\/","url":"https:\/\/secure.gravatar.com\/avatar\/e69498a9175ca244966e51e53c88712c024fcebe41f9a05f75657f1bb25e489b?s=96&d=mm&r=g","contentUrl":"https:\/\/secure.gravatar.com\/avatar\/e69498a9175ca244966e51e53c88712c024fcebe41f9a05f75657f1bb25e489b?s=96&d=mm&r=g","caption":"fondadmin"},"url":"https:\/\/www.fondazionepirelli.org\/it\/author\/fondadmin\/"}]}},"_links":{"self":[{"href":"https:\/\/www.fondazionepirelli.org\/it\/wp-json\/wp\/v2\/posts\/106837\/"}],"collection":[{"href":"https:\/\/www.fondazionepirelli.org\/it\/wp-json\/wp\/v2\/posts\/"}],"about":[{"href":"https:\/\/www.fondazionepirelli.org\/it\/wp-json\/wp\/v2\/types\/post\/"}],"author":[{"embeddable":true,"href":"https:\/\/www.fondazionepirelli.org\/it\/wp-json\/wp\/v2\/users\/1\/"}],"replies":[{"embeddable":true,"href":"https:\/\/www.fondazionepirelli.org\/it\/wp-json\/wp\/v2\/comments\/?post=106837"}],"version-history":[{"count":2,"href":"https:\/\/www.fondazionepirelli.org\/it\/wp-json\/wp\/v2\/posts\/106837\/revisions\/"}],"predecessor-version":[{"id":106845,"href":"https:\/\/www.fondazionepirelli.org\/it\/wp-json\/wp\/v2\/posts\/106837\/revisions\/106845\/"}],"wp:featuredmedia":[{"embeddable":true,"href":"https:\/\/www.fondazionepirelli.org\/it\/wp-json\/wp\/v2\/media\/106846\/"}],"wp:attachment":[{"href":"https:\/\/www.fondazionepirelli.org\/it\/wp-json\/wp\/v2\/media\/?parent=106837"}],"wp:term":[{"taxonomy":"category","embeddable":true,"href":"https:\/\/www.fondazionepirelli.org\/it\/wp-json\/wp\/v2\/categories\/?post=106837"},{"taxonomy":"post_tag","embeddable":true,"href":"https:\/\/www.fondazionepirelli.org\/it\/wp-json\/wp\/v2\/tags\/?post=106837"}],"curies":[{"name":"wp","href":"https:\/\/api.w.org\/{rel}","templated":true}]}}