{"id":106919,"date":"2026-03-17T11:38:25","date_gmt":"2026-03-17T10:38:25","guid":{"rendered":"https:\/\/www.fondazionepirelli.org\/?p=106919"},"modified":"2026-03-17T11:38:25","modified_gmt":"2026-03-17T10:38:25","slug":"le-citta-che-spengono-le-vetrine-sono-piu-povere-e-degradate-non-bastano-piu-le-mille-luci-del-lusso-per-renderle-piacevoli","status":"publish","type":"post","link":"https:\/\/www.fondazionepirelli.org\/it\/cultura-dimpresa\/blog\/le-citta-che-spengono-le-vetrine-sono-piu-povere-e-degradate-non-bastano-piu-le-mille-luci-del-lusso-per-renderle-piacevoli\/","title":{"rendered":"Le citt\u00e0 che spengono le vetrine sono pi\u00f9 povere e degradate. Non bastano pi\u00f9 le mille luci del lusso per renderle piacevoli"},"content":{"rendered":"<p>Altro che mille luci e scintillio di vetrine. Altro che allegria nei centri storici e nei nuovi quartieri delle citt\u00e0. La crisi economica in corso ha un altro aspetto molto vistoso, che incide profondamente sulla qualit\u00e0 della vita urbana ma anche sulla sicurezza. I dati della Confcommercio rivelano infatti che nel corso del 2025 sono stati chiusi 17mila negozi, 46 al giorno, aggravando un fenomeno gi\u00e0 molto vistoso: nell\u2019arco di una dozzina d\u2019anni, dal 2012 al 2025, sono stai chiusi 156mila esercizi commerciali, pi\u00f9 di un quarto del totale italiano.<\/p>\n<p>Citt\u00e0 pi\u00f9 deserte, la sera, citt\u00e0 meno ospitali, citt\u00e0 meno sicure, soprattutto nei quartieri pi\u00f9 poveri e abitati dalla popolazione anziana. \u201cDesertificazione\u201d, dice Carlo Sangalli, presidente della Confcommercio, preoccupato di un fenomeno che riguarda la sua categoria ma incide radicalmente sulla qualit\u00e0 della vita delle citt\u00e0. Non bastano le mille luci del lusso e dei grattacieli. Serve ripensare una migliore umanit\u00e0.<\/p>\n<p>Diminuisce il reddito delle famiglie, \u00e8 vero, e dunque la capacit\u00e0 di spesa. \u201cPotere d\u2019acquisto sotto i livelli del 2025\u201d, documenta Il Sole24Ore (16 marzo), anche come effetto degli aumenti dei prezzi (energie, innanzitutto) legati alla guerra in Ucraina e alle tensioni dei Paesi del Golfo, oltre che agli effetti dell\u2019aumento del corso delle materie prime che si riflettono sui beni intermedi e sui beni di largo consumo.<\/p>\n<p>Si vive peggio, insomma. E quelle vetrine che chiudono, con le loro luci spente, sono uno dei tanti segnali di degrado della qualit\u00e0 della vita in generale. Con effetti sulla sicurezza, appunto. Sia reale che percepita.<\/p>\n<p>Cambiano, le citt\u00e0, radicalmente. Il commercio di prossimit\u00e0 si sta rarefacendo, anche a causa del caro-affitto dei negozi. Le vendite on line hanno un vero e proprio boom (il loro valore nel \u201825 \u00e8 arrivato a 62,3 miliardi con un incremento del 187% sul 2015, dieci anni fa). E anche i grandi centri commerciali incidono profondamente sui meccanismi di vendita, sulle concentrazioni di persone, sui flussi di persone nelle strade.<\/p>\n<p>Gli unici esercizi che conoscono una forte espansione sono bar, ristoranti e punti di ristoro. Sempre vetrine illuminate, sono. Ma ben diverse da quelle dei negozi del commercio al dettaglio.<\/p>\n<p>Lamentarsene, cercando di pensare citt\u00e0 e paesi con una forma pi\u00f9 umana e vivibile? \u00c8 sicuramente utile (anni fa una nota catena di supermercati fece la scelta intelligente di aprire degli esercizi piccoli nei centri storici delle cittadine, con un certo successo).<\/p>\n<p>E vale la pena che, nel ripensare l\u2019urbanistica e \u201cla citt\u00e0 in un quarto d\u2019ora\u201d anche nei nuovi quartieri, si rifletta anche sulle disposizioni che disciplinano la vita quotidiana nel quartieri, oltre al verde indispensabile e agli spazi comuni (parchi, piazze, impianti da gioco per i bambini, da frequentare con tranquillit\u00e0 e sicurezza), si possa pensare anche a un serio piano commerciale che faccia il possibile per tenere in vita le piccole attivit\u00e0 commerciali, dai generi alimentari alle piccole librerie, ai fiorai, ai commercianti, alle piccole pasticcerie non di catene commerciali, alle tante attivit\u00e0 di servizio che connotano la vita quotidiana ed evitano che tutto diventi manicure cinesi e street food.<\/p>\n<p>\u00c8 la diversit\u00e0 dei quartieri che rende varia, bella, piacevole, abitabile una citt\u00e0. \u00c8 la diversit\u00e0, a essere una ricchezza della vita quotidiana.<\/p>\n<p>Le citt\u00e0 sono organismi viventi. Cambiano, crescono, mutano aspetti e abitudini. Sono i luoghi dei flussi e della mobilit\u00e0. Gli spazi urbani sono spazi di mercato. Le citt\u00e0 sono mercato. Ma non possono essere abbandonate solo alla loro natura di mercato. Vanno governate, pensate, gestite con intelligenza e capacit\u00e0 progettuale. Per rispondere, naturalmente, a logiche economiche. Ma anche a bisogni umani. \u00c8 la sfida che abbiamo di fronte. Citt\u00e0 a misura di persone. Senza che se ne spengano le mille vetrine.<\/p><p><em>(foto Getty Images)<\/em><\/p>\n","protected":false},"excerpt":{"rendered":"<p>Altro che mille luci e scintillio di vetrine. Altro che allegria nei centri storici e nei nuovi quartieri delle citt\u00e0. La crisi economica in corso ha un altro aspetto molto vistoso, che incide profondamente sulla qualit\u00e0 della vita urbana ma anche sulla sicurezza. I dati della Confcommercio rivelano infatti che nel corso del 2025 sono [&hellip;]<\/p>\n","protected":false},"author":1,"featured_media":106920,"comment_status":"open","ping_status":"open","sticky":false,"template":"","format":"standard","meta":{"footnotes":""},"categories":[53,52],"tags":[],"class_list":["post-106919","post","type-post","status-publish","format-standard","has-post-thumbnail","hentry","category-blog","category-cultura-dimpresa"],"acf":[],"yoast_head":"<!-- This site is optimized with the Yoast SEO plugin v25.0 - https:\/\/yoast.com\/wordpress\/plugins\/seo\/ -->\n<title>Le citt\u00e0 che spengono le vetrine sono pi\u00f9 povere e degradate. Non bastano pi\u00f9 le mille luci del lusso per renderle piacevoli - Fondazione Pirelli<\/title>\n<meta name=\"robots\" content=\"index, follow, max-snippet:-1, max-image-preview:large, max-video-preview:-1\" \/>\n<link rel=\"canonical\" href=\"https:\/\/www.fondazionepirelli.org\/it\/cultura-dimpresa\/blog\/le-citta-che-spengono-le-vetrine-sono-piu-povere-e-degradate-non-bastano-piu-le-mille-luci-del-lusso-per-renderle-piacevoli\/\" \/>\n<meta property=\"og:locale\" content=\"it_IT\" \/>\n<meta property=\"og:type\" content=\"article\" \/>\n<meta property=\"og:title\" content=\"Le citt\u00e0 che spengono le vetrine sono pi\u00f9 povere e degradate. Non bastano pi\u00f9 le mille luci del lusso per renderle piacevoli - Fondazione Pirelli\" \/>\n<meta property=\"og:description\" content=\"Altro che mille luci e scintillio di vetrine. Altro che allegria nei centri storici e nei nuovi quartieri delle citt\u00e0. La crisi economica in corso ha un altro aspetto molto vistoso, che incide profondamente sulla qualit\u00e0 della vita urbana ma anche sulla sicurezza. I dati della Confcommercio rivelano infatti che nel corso del 2025 sono [&hellip;]\" \/>\n<meta property=\"og:url\" content=\"https:\/\/www.fondazionepirelli.org\/it\/cultura-dimpresa\/blog\/le-citta-che-spengono-le-vetrine-sono-piu-povere-e-degradate-non-bastano-piu-le-mille-luci-del-lusso-per-renderle-piacevoli\/\" \/>\n<meta property=\"og:site_name\" content=\"Fondazione Pirelli\" \/>\n<meta property=\"article:published_time\" content=\"2026-03-17T10:38:25+00:00\" \/>\n<meta property=\"og:image\" content=\"https:\/\/wpsite-assets.fondazionepirelli.org\/wp-content\/uploads\/2026\/03\/17112051\/GettyImages-1286408482.jpg\" \/>\n\t<meta property=\"og:image:width\" content=\"2121\" \/>\n\t<meta property=\"og:image:height\" content=\"1414\" \/>\n\t<meta property=\"og:image:type\" content=\"image\/jpeg\" \/>\n<meta name=\"author\" content=\"fondadmin\" \/>\n<meta name=\"twitter:card\" content=\"summary_large_image\" \/>\n<meta name=\"twitter:label1\" content=\"Scritto da\" \/>\n\t<meta name=\"twitter:data1\" content=\"fondadmin\" \/>\n\t<meta name=\"twitter:label2\" content=\"Tempo di lettura stimato\" \/>\n\t<meta name=\"twitter:data2\" content=\"4 minuti\" \/>\n<script type=\"application\/ld+json\" class=\"yoast-schema-graph\">{\"@context\":\"https:\/\/schema.org\",\"@graph\":[{\"@type\":\"WebPage\",\"@id\":\"https:\/\/www.fondazionepirelli.org\/it\/cultura-dimpresa\/blog\/le-citta-che-spengono-le-vetrine-sono-piu-povere-e-degradate-non-bastano-piu-le-mille-luci-del-lusso-per-renderle-piacevoli\/\",\"url\":\"https:\/\/www.fondazionepirelli.org\/it\/cultura-dimpresa\/blog\/le-citta-che-spengono-le-vetrine-sono-piu-povere-e-degradate-non-bastano-piu-le-mille-luci-del-lusso-per-renderle-piacevoli\/\",\"name\":\"Le citt\u00e0 che spengono le vetrine sono pi\u00f9 povere e degradate. Non bastano pi\u00f9 le mille luci del lusso per renderle piacevoli - Fondazione Pirelli\",\"isPartOf\":{\"@id\":\"https:\/\/www.fondazionepirelli.org\/it\/#website\"},\"primaryImageOfPage\":{\"@id\":\"https:\/\/www.fondazionepirelli.org\/it\/cultura-dimpresa\/blog\/le-citta-che-spengono-le-vetrine-sono-piu-povere-e-degradate-non-bastano-piu-le-mille-luci-del-lusso-per-renderle-piacevoli\/#primaryimage\"},\"image\":{\"@id\":\"https:\/\/www.fondazionepirelli.org\/it\/cultura-dimpresa\/blog\/le-citta-che-spengono-le-vetrine-sono-piu-povere-e-degradate-non-bastano-piu-le-mille-luci-del-lusso-per-renderle-piacevoli\/#primaryimage\"},\"thumbnailUrl\":\"https:\/\/wpsite-assets.fondazionepirelli.org\/wp-content\/uploads\/2026\/03\/17112051\/GettyImages-1286408482.jpg\",\"datePublished\":\"2026-03-17T10:38:25+00:00\",\"author\":{\"@id\":\"https:\/\/www.fondazionepirelli.org\/it\/#\/schema\/person\/f47d097000832c4a6e54538c791fdf25\"},\"breadcrumb\":{\"@id\":\"https:\/\/www.fondazionepirelli.org\/it\/cultura-dimpresa\/blog\/le-citta-che-spengono-le-vetrine-sono-piu-povere-e-degradate-non-bastano-piu-le-mille-luci-del-lusso-per-renderle-piacevoli\/#breadcrumb\"},\"inLanguage\":\"it-IT\",\"potentialAction\":[{\"@type\":\"ReadAction\",\"target\":[\"https:\/\/www.fondazionepirelli.org\/it\/cultura-dimpresa\/blog\/le-citta-che-spengono-le-vetrine-sono-piu-povere-e-degradate-non-bastano-piu-le-mille-luci-del-lusso-per-renderle-piacevoli\/\"]}]},{\"@type\":\"ImageObject\",\"inLanguage\":\"it-IT\",\"@id\":\"https:\/\/www.fondazionepirelli.org\/it\/cultura-dimpresa\/blog\/le-citta-che-spengono-le-vetrine-sono-piu-povere-e-degradate-non-bastano-piu-le-mille-luci-del-lusso-per-renderle-piacevoli\/#primaryimage\",\"url\":\"https:\/\/wpsite-assets.fondazionepirelli.org\/wp-content\/uploads\/2026\/03\/17112051\/GettyImages-1286408482.jpg\",\"contentUrl\":\"https:\/\/wpsite-assets.fondazionepirelli.org\/wp-content\/uploads\/2026\/03\/17112051\/GettyImages-1286408482.jpg\",\"width\":2121,\"height\":1414,\"caption\":\"Chairs on the tables of a restaurant forced to close during lockdown to control COVID-19 pandemic, Cambridge, UK\"},{\"@type\":\"BreadcrumbList\",\"@id\":\"https:\/\/www.fondazionepirelli.org\/it\/cultura-dimpresa\/blog\/le-citta-che-spengono-le-vetrine-sono-piu-povere-e-degradate-non-bastano-piu-le-mille-luci-del-lusso-per-renderle-piacevoli\/#breadcrumb\",\"itemListElement\":[{\"@type\":\"ListItem\",\"position\":1,\"name\":\"Home\",\"item\":\"https:\/\/www.fondazionepirelli.org\/it\/\"},{\"@type\":\"ListItem\",\"position\":2,\"name\":\"Le citt\u00e0 che spengono le vetrine sono pi\u00f9 povere e degradate. Non bastano pi\u00f9 le mille luci del lusso per renderle piacevoli\"}]},{\"@type\":\"WebSite\",\"@id\":\"https:\/\/www.fondazionepirelli.org\/it\/#website\",\"url\":\"https:\/\/www.fondazionepirelli.org\/it\/\",\"name\":\"Fondazione Pirelli\",\"description\":\"\",\"potentialAction\":[{\"@type\":\"SearchAction\",\"target\":{\"@type\":\"EntryPoint\",\"urlTemplate\":\"https:\/\/www.fondazionepirelli.org\/it\/?s={search_term_string}\"},\"query-input\":{\"@type\":\"PropertyValueSpecification\",\"valueRequired\":true,\"valueName\":\"search_term_string\"}}],\"inLanguage\":\"it-IT\"},{\"@type\":\"Person\",\"@id\":\"https:\/\/www.fondazionepirelli.org\/it\/#\/schema\/person\/f47d097000832c4a6e54538c791fdf25\",\"name\":\"fondadmin\",\"image\":{\"@type\":\"ImageObject\",\"inLanguage\":\"it-IT\",\"@id\":\"https:\/\/www.fondazionepirelli.org\/it\/#\/schema\/person\/image\/\",\"url\":\"https:\/\/secure.gravatar.com\/avatar\/e69498a9175ca244966e51e53c88712c024fcebe41f9a05f75657f1bb25e489b?s=96&d=mm&r=g\",\"contentUrl\":\"https:\/\/secure.gravatar.com\/avatar\/e69498a9175ca244966e51e53c88712c024fcebe41f9a05f75657f1bb25e489b?s=96&d=mm&r=g\",\"caption\":\"fondadmin\"},\"url\":\"https:\/\/www.fondazionepirelli.org\/it\/author\/fondadmin\/\"}]}<\/script>\n<!-- \/ Yoast SEO plugin. -->","yoast_head_json":{"title":"Le citt\u00e0 che spengono le vetrine sono pi\u00f9 povere e degradate. Non bastano pi\u00f9 le mille luci del lusso per renderle piacevoli - Fondazione Pirelli","robots":{"index":"index","follow":"follow","max-snippet":"max-snippet:-1","max-image-preview":"max-image-preview:large","max-video-preview":"max-video-preview:-1"},"canonical":"https:\/\/www.fondazionepirelli.org\/it\/cultura-dimpresa\/blog\/le-citta-che-spengono-le-vetrine-sono-piu-povere-e-degradate-non-bastano-piu-le-mille-luci-del-lusso-per-renderle-piacevoli\/","og_locale":"it_IT","og_type":"article","og_title":"Le citt\u00e0 che spengono le vetrine sono pi\u00f9 povere e degradate. Non bastano pi\u00f9 le mille luci del lusso per renderle piacevoli - Fondazione Pirelli","og_description":"Altro che mille luci e scintillio di vetrine. Altro che allegria nei centri storici e nei nuovi quartieri delle citt\u00e0. La crisi economica in corso ha un altro aspetto molto vistoso, che incide profondamente sulla qualit\u00e0 della vita urbana ma anche sulla sicurezza. I dati della Confcommercio rivelano infatti che nel corso del 2025 sono [&hellip;]","og_url":"https:\/\/www.fondazionepirelli.org\/it\/cultura-dimpresa\/blog\/le-citta-che-spengono-le-vetrine-sono-piu-povere-e-degradate-non-bastano-piu-le-mille-luci-del-lusso-per-renderle-piacevoli\/","og_site_name":"Fondazione Pirelli","article_published_time":"2026-03-17T10:38:25+00:00","og_image":[{"width":2121,"height":1414,"url":"https:\/\/wpsite-assets.fondazionepirelli.org\/wp-content\/uploads\/2026\/03\/17112051\/GettyImages-1286408482.jpg","type":"image\/jpeg"}],"author":"fondadmin","twitter_card":"summary_large_image","twitter_misc":{"Scritto da":"fondadmin","Tempo di lettura stimato":"4 minuti"},"schema":{"@context":"https:\/\/schema.org","@graph":[{"@type":"WebPage","@id":"https:\/\/www.fondazionepirelli.org\/it\/cultura-dimpresa\/blog\/le-citta-che-spengono-le-vetrine-sono-piu-povere-e-degradate-non-bastano-piu-le-mille-luci-del-lusso-per-renderle-piacevoli\/","url":"https:\/\/www.fondazionepirelli.org\/it\/cultura-dimpresa\/blog\/le-citta-che-spengono-le-vetrine-sono-piu-povere-e-degradate-non-bastano-piu-le-mille-luci-del-lusso-per-renderle-piacevoli\/","name":"Le citt\u00e0 che spengono le vetrine sono pi\u00f9 povere e degradate. Non bastano pi\u00f9 le mille luci del lusso per renderle piacevoli - Fondazione Pirelli","isPartOf":{"@id":"https:\/\/www.fondazionepirelli.org\/it\/#website"},"primaryImageOfPage":{"@id":"https:\/\/www.fondazionepirelli.org\/it\/cultura-dimpresa\/blog\/le-citta-che-spengono-le-vetrine-sono-piu-povere-e-degradate-non-bastano-piu-le-mille-luci-del-lusso-per-renderle-piacevoli\/#primaryimage"},"image":{"@id":"https:\/\/www.fondazionepirelli.org\/it\/cultura-dimpresa\/blog\/le-citta-che-spengono-le-vetrine-sono-piu-povere-e-degradate-non-bastano-piu-le-mille-luci-del-lusso-per-renderle-piacevoli\/#primaryimage"},"thumbnailUrl":"https:\/\/wpsite-assets.fondazionepirelli.org\/wp-content\/uploads\/2026\/03\/17112051\/GettyImages-1286408482.jpg","datePublished":"2026-03-17T10:38:25+00:00","author":{"@id":"https:\/\/www.fondazionepirelli.org\/it\/#\/schema\/person\/f47d097000832c4a6e54538c791fdf25"},"breadcrumb":{"@id":"https:\/\/www.fondazionepirelli.org\/it\/cultura-dimpresa\/blog\/le-citta-che-spengono-le-vetrine-sono-piu-povere-e-degradate-non-bastano-piu-le-mille-luci-del-lusso-per-renderle-piacevoli\/#breadcrumb"},"inLanguage":"it-IT","potentialAction":[{"@type":"ReadAction","target":["https:\/\/www.fondazionepirelli.org\/it\/cultura-dimpresa\/blog\/le-citta-che-spengono-le-vetrine-sono-piu-povere-e-degradate-non-bastano-piu-le-mille-luci-del-lusso-per-renderle-piacevoli\/"]}]},{"@type":"ImageObject","inLanguage":"it-IT","@id":"https:\/\/www.fondazionepirelli.org\/it\/cultura-dimpresa\/blog\/le-citta-che-spengono-le-vetrine-sono-piu-povere-e-degradate-non-bastano-piu-le-mille-luci-del-lusso-per-renderle-piacevoli\/#primaryimage","url":"https:\/\/wpsite-assets.fondazionepirelli.org\/wp-content\/uploads\/2026\/03\/17112051\/GettyImages-1286408482.jpg","contentUrl":"https:\/\/wpsite-assets.fondazionepirelli.org\/wp-content\/uploads\/2026\/03\/17112051\/GettyImages-1286408482.jpg","width":2121,"height":1414,"caption":"Chairs on the tables of a restaurant forced to close during lockdown to control COVID-19 pandemic, Cambridge, UK"},{"@type":"BreadcrumbList","@id":"https:\/\/www.fondazionepirelli.org\/it\/cultura-dimpresa\/blog\/le-citta-che-spengono-le-vetrine-sono-piu-povere-e-degradate-non-bastano-piu-le-mille-luci-del-lusso-per-renderle-piacevoli\/#breadcrumb","itemListElement":[{"@type":"ListItem","position":1,"name":"Home","item":"https:\/\/www.fondazionepirelli.org\/it\/"},{"@type":"ListItem","position":2,"name":"Le citt\u00e0 che spengono le vetrine sono pi\u00f9 povere e degradate. Non bastano pi\u00f9 le mille luci del lusso per renderle piacevoli"}]},{"@type":"WebSite","@id":"https:\/\/www.fondazionepirelli.org\/it\/#website","url":"https:\/\/www.fondazionepirelli.org\/it\/","name":"Fondazione Pirelli","description":"","potentialAction":[{"@type":"SearchAction","target":{"@type":"EntryPoint","urlTemplate":"https:\/\/www.fondazionepirelli.org\/it\/?s={search_term_string}"},"query-input":{"@type":"PropertyValueSpecification","valueRequired":true,"valueName":"search_term_string"}}],"inLanguage":"it-IT"},{"@type":"Person","@id":"https:\/\/www.fondazionepirelli.org\/it\/#\/schema\/person\/f47d097000832c4a6e54538c791fdf25","name":"fondadmin","image":{"@type":"ImageObject","inLanguage":"it-IT","@id":"https:\/\/www.fondazionepirelli.org\/it\/#\/schema\/person\/image\/","url":"https:\/\/secure.gravatar.com\/avatar\/e69498a9175ca244966e51e53c88712c024fcebe41f9a05f75657f1bb25e489b?s=96&d=mm&r=g","contentUrl":"https:\/\/secure.gravatar.com\/avatar\/e69498a9175ca244966e51e53c88712c024fcebe41f9a05f75657f1bb25e489b?s=96&d=mm&r=g","caption":"fondadmin"},"url":"https:\/\/www.fondazionepirelli.org\/it\/author\/fondadmin\/"}]}},"_links":{"self":[{"href":"https:\/\/www.fondazionepirelli.org\/it\/wp-json\/wp\/v2\/posts\/106919\/"}],"collection":[{"href":"https:\/\/www.fondazionepirelli.org\/it\/wp-json\/wp\/v2\/posts\/"}],"about":[{"href":"https:\/\/www.fondazionepirelli.org\/it\/wp-json\/wp\/v2\/types\/post\/"}],"author":[{"embeddable":true,"href":"https:\/\/www.fondazionepirelli.org\/it\/wp-json\/wp\/v2\/users\/1\/"}],"replies":[{"embeddable":true,"href":"https:\/\/www.fondazionepirelli.org\/it\/wp-json\/wp\/v2\/comments\/?post=106919"}],"version-history":[{"count":1,"href":"https:\/\/www.fondazionepirelli.org\/it\/wp-json\/wp\/v2\/posts\/106919\/revisions\/"}],"predecessor-version":[{"id":106922,"href":"https:\/\/www.fondazionepirelli.org\/it\/wp-json\/wp\/v2\/posts\/106919\/revisions\/106922\/"}],"wp:featuredmedia":[{"embeddable":true,"href":"https:\/\/www.fondazionepirelli.org\/it\/wp-json\/wp\/v2\/media\/106920\/"}],"wp:attachment":[{"href":"https:\/\/www.fondazionepirelli.org\/it\/wp-json\/wp\/v2\/media\/?parent=106919"}],"wp:term":[{"taxonomy":"category","embeddable":true,"href":"https:\/\/www.fondazionepirelli.org\/it\/wp-json\/wp\/v2\/categories\/?post=106919"},{"taxonomy":"post_tag","embeddable":true,"href":"https:\/\/www.fondazionepirelli.org\/it\/wp-json\/wp\/v2\/tags\/?post=106919"}],"curies":[{"name":"wp","href":"https:\/\/api.w.org\/{rel}","templated":true}]}}