{"id":107986,"date":"2026-04-28T12:07:03","date_gmt":"2026-04-28T11:07:03","guid":{"rendered":"https:\/\/www.fondazionepirelli.org\/?p=107986"},"modified":"2026-04-28T12:07:03","modified_gmt":"2026-04-28T11:07:03","slug":"la-vitalita-di-milano-e-i-successi-del-design-e-torna-dattualita-la-lezione-di-gio-ponti","status":"publish","type":"post","link":"https:\/\/www.fondazionepirelli.org\/it\/cultura-dimpresa\/blog\/la-vitalita-di-milano-e-i-successi-del-design-e-torna-dattualita-la-lezione-di-gio-ponti\/","title":{"rendered":"La vitalit\u00e0 di Milano e i successi del design. E torna d\u2019attualit\u00e0 la lezione di Gio Ponti"},"content":{"rendered":"<p>\u201cNon \u00e8 il cemento, non \u00e8 il legno, non \u00e8 la pietra, non \u00e8 l\u2019acciaio, non \u00e8 il vetro l\u2019elemento pi\u00f9 resistente. Il materiale pi\u00f9 resistente nell\u2019edilizia \u00e8 l\u2019arte\u201d. La citazione \u00e8 di Gio Ponti. E individua, come cardine della vita di un edificio (e, per estensione, di un oggetto) non tanto e non soltanto la forza della materia, ma quell\u2019altra dimensione, di ben pi\u00f9 difficile definizione, che \u00e8 la bellezza, la qualit\u00e0 artistica di un edificio.<\/p>\n<p>Il <strong>Grattacielo Pirelli<\/strong>, a Milano (inizio di costruzione 1954, inaugurazione 1960, simbolo del boom economico italiano) continua a fare da speciale <em>landmark, <\/em>da punto di riferimento identitario, nonostante nel corso del tempo altri grattacieli, belli e famosi, abbiano straordinariamente arricchito la citt\u00e0 di Milano. Perch\u00e9 riesce a sfidare il tempo? Progettato appunto da Ponti, con le strutture disegnate da <strong>Pier Luigi Nervi<\/strong>, quel grattacielo \u00e8 diventata un\u2019icona, che con la sua speciale forma a ottagono, rappresenta nella lunga durata del tempo <strong>la modernit\u00e0<\/strong>. La storia ci dir\u00e0 quanti e quali altri edifici avranno le stesse caratteristiche. Ma intanto il \u201cPirellone \u201c sta l\u00ec. Ed \u00e8 impossibile evitare di guardarlo per chiunque arrivi a Milano, per la prima o la millesima volta.<\/p>\n<p>C\u2019\u00e8 un\u2019altra frase di Ponti, di cui fare buona memoria proprio in questi giorni dominati dai mille eventi del <strong>Salone del Mobile<\/strong>: \u201cIn Italia l\u2019arte si \u00e8 innamorata dell\u2019industria. Ecco perch\u00e9 l\u2019industria \u00e8 un fatto culturale\u201d.<\/p>\n<p>Impossibile, naturalmente, sapere quanti degli oltre <strong>300mila visitatori<\/strong> del Salone abbiano conoscenza o anche solo vaga memoria delle elaborazioni teoriche e delle intuizioni di Ponti. Resta il fatto che proprio nella sintesi tra forma e funzione, lavorazione della materia ed evoluzione delle tecniche costruttive, <strong>bellezza e funzione<\/strong> (e dunque grazie ai \u201cgrandi maestri del design\u201d, da Ponti a Enzo Mari, Achille Castiglioni, Gae Aulenti, Carlo Scarpa, Franco Albini&#8230; e a tutti gli altri che sono venuti dopo) il design italiano ha continuato ad avere una funzione di avanguardia nel mondo. Design industriale, Oggetti d\u2019uso. Prodotti che abitano il tempo della nostra vita e ne migliorano la qualit\u00e0. Non decorazione. Arte e industria, appunto.<\/p>\n<p>La conferma arriva anche quest\u2019anno dai numeri, nonostante i timori della vigilia (le guerre, i trasporti difficili, le tensioni internazionali\u2026). Oltre 300mila i visitatori, pi\u00f9 di <strong>1.900 espositori<\/strong> da <strong>32 paesi<\/strong>, un\u2019industria coinvolta (dal legno alla meccanica), capace di generare un fatturato alla produzione di quasi <strong>28 miliardi di euro<\/strong> e di confermarsi punto di riferimento del miglior <strong>Made in Italy<\/strong> (accanto a meccanica e meccatronica, robotica, <em>automotive<\/em>. cantieristica navale e aerospazio, gomma e plastica, chimica e farmaceutica, alimentare e arredamento, etc.).<\/p>\n<p><strong>Green economy<\/strong>, anche. Come conferma l\u2019ultima edizione del <strong>Rapporto Design Economy<\/strong> presentato da <strong>Symbola<\/strong>, <strong>Deloitte<\/strong>, <strong>PoliDesign<\/strong> e <strong>Adi<\/strong> (IlSole24Ore 16 aprile).<\/p>\n<p>Sostiene Realacci, presidente di Symbola: La leadership italiana nel design conferma il suo ruolo di infrastruttura immateriale del made in Italy ed \u00e8 protagonista della sfida alla sostenibilit\u00e0 internazionale.<\/p>\n<p>Anche grazie al Salone e agli altri eventi promossi dalla <strong>Fiera di Milano<\/strong> all\u2019estero, Milano continua ad avere solide caratteristiche di attrattivit\u00e0, per studenti, designer, imprenditori, artisti, personalit\u00e0 della comunicazione e della fotografia. E se lo stato di salute di una metropoli pu\u00f2 essere misurato in molti modi, proprio gli eventi come il Salone del Mobile (e le attivit\u00e0 internazionali dell\u2019ADI, l\u2019Associazione del design industriale, con i premi <strong>\u201cCompasso d\u2019Oro\u201d<\/strong>, sono termometro di una tensione dialogante tra <strong>industria e cultura<\/strong>, progetto e prodotto, creativit\u00e0 e sviluppo delle varie forme d\u2019arte).<\/p>\n<p><strong>Milano metropoli laboratorio<\/strong> (con tutti i suoi limiti e le sue ombre). Ma comunque citt\u00e0 da studiare, fare crescere, vivere, tra mercato e socialit\u00e0, produttivit\u00e0 culturale e formazione di alto livello.<\/p>\n<p>Milano lavori in corso. \u00c8 stata appena ristrutturata e risistemata una delle piazze pi\u00f9 esemplari, quel rettangolo tra via Pantano e via Festa del Perdono, proprio sotto Torre Velasca (un altro simbolo di Milano che torna a nuova vita).<\/p>\n<p>L\u00ec, di fronte a Torre Velasca, \u00e8 stato ristrutturato anche il palazzo di Assolombarda, l\u2019associazione degli imprenditori, acciaio e vetro e un giardino interno. L\u2019aveva disegnato alla fine degli anni Cinquanta proprio Gio Ponti.<\/p>\n<p>E torniamo cos\u00ec a Ponti. Nasce, entro la fine dell\u2019anno, uno spazio speciale dedicato alle sue opere, 700 metri quadri dedicati alla sua opera, grazie a un accordo tra la <strong>Regione Lombardia<\/strong> e il <strong>Museo dell\u2019Adi<\/strong>. Omaggio alla memoria. Ma anche suggerimento di scuola, per tutti coloro che vorranno continuare a venire a Milano a vedere come cambia e cresce una citt\u00e0, mai immemore della sua cultura, attenta semmai a conservare, nonostante tutto, la sua modernit\u00e0. In fin dei conti, aveva proprio ragione Boccioni: \u201cla citt\u00e0 che sale\u2026\u201d<\/p><p><em>(foto Getty Images)<\/em><\/p>\n","protected":false},"excerpt":{"rendered":"<p>\u201cNon \u00e8 il cemento, non \u00e8 il legno, non \u00e8 la pietra, non \u00e8 l\u2019acciaio, non \u00e8 il vetro l\u2019elemento pi\u00f9 resistente. Il materiale pi\u00f9 resistente nell\u2019edilizia \u00e8 l\u2019arte\u201d. La citazione \u00e8 di Gio Ponti. E individua, come cardine della vita di un edificio (e, per estensione, di un oggetto) non tanto e non soltanto [&hellip;]<\/p>\n","protected":false},"author":1,"featured_media":107992,"comment_status":"open","ping_status":"open","sticky":false,"template":"","format":"standard","meta":{"footnotes":""},"categories":[53,52],"tags":[],"class_list":["post-107986","post","type-post","status-publish","format-standard","has-post-thumbnail","hentry","category-blog","category-cultura-dimpresa"],"acf":[],"yoast_head":"<!-- This site is optimized with the Yoast SEO plugin v25.0 - https:\/\/yoast.com\/wordpress\/plugins\/seo\/ -->\n<title>La vitalit\u00e0 di Milano e i successi del design. E torna d\u2019attualit\u00e0 la lezione di Gio Ponti - Fondazione Pirelli<\/title>\n<meta name=\"robots\" content=\"index, follow, max-snippet:-1, max-image-preview:large, max-video-preview:-1\" \/>\n<link rel=\"canonical\" href=\"https:\/\/www.fondazionepirelli.org\/it\/cultura-dimpresa\/blog\/la-vitalita-di-milano-e-i-successi-del-design-e-torna-dattualita-la-lezione-di-gio-ponti\/\" \/>\n<meta property=\"og:locale\" content=\"it_IT\" \/>\n<meta property=\"og:type\" content=\"article\" \/>\n<meta property=\"og:title\" content=\"La vitalit\u00e0 di Milano e i successi del design. E torna d\u2019attualit\u00e0 la lezione di Gio Ponti - Fondazione Pirelli\" \/>\n<meta property=\"og:description\" content=\"\u201cNon \u00e8 il cemento, non \u00e8 il legno, non \u00e8 la pietra, non \u00e8 l\u2019acciaio, non \u00e8 il vetro l\u2019elemento pi\u00f9 resistente. Il materiale pi\u00f9 resistente nell\u2019edilizia \u00e8 l\u2019arte\u201d. La citazione \u00e8 di Gio Ponti. E individua, come cardine della vita di un edificio (e, per estensione, di un oggetto) non tanto e non soltanto [&hellip;]\" \/>\n<meta property=\"og:url\" content=\"https:\/\/www.fondazionepirelli.org\/it\/cultura-dimpresa\/blog\/la-vitalita-di-milano-e-i-successi-del-design-e-torna-dattualita-la-lezione-di-gio-ponti\/\" \/>\n<meta property=\"og:site_name\" content=\"Fondazione Pirelli\" \/>\n<meta property=\"article:published_time\" content=\"2026-04-28T11:07:03+00:00\" \/>\n<meta property=\"og:image\" content=\"https:\/\/wpsite-assets.fondazionepirelli.org\/wp-content\/uploads\/2026\/04\/28100734\/GettyImages-2272573540.jpg\" \/>\n\t<meta property=\"og:image:width\" content=\"1024\" \/>\n\t<meta property=\"og:image:height\" content=\"683\" \/>\n\t<meta property=\"og:image:type\" content=\"image\/jpeg\" \/>\n<meta name=\"author\" content=\"fondadmin\" \/>\n<meta name=\"twitter:card\" content=\"summary_large_image\" \/>\n<meta name=\"twitter:label1\" content=\"Scritto da\" \/>\n\t<meta name=\"twitter:data1\" content=\"fondadmin\" \/>\n\t<meta name=\"twitter:label2\" content=\"Tempo di lettura stimato\" \/>\n\t<meta name=\"twitter:data2\" content=\"5 minuti\" \/>\n<script type=\"application\/ld+json\" class=\"yoast-schema-graph\">{\"@context\":\"https:\/\/schema.org\",\"@graph\":[{\"@type\":\"WebPage\",\"@id\":\"https:\/\/www.fondazionepirelli.org\/it\/cultura-dimpresa\/blog\/la-vitalita-di-milano-e-i-successi-del-design-e-torna-dattualita-la-lezione-di-gio-ponti\/\",\"url\":\"https:\/\/www.fondazionepirelli.org\/it\/cultura-dimpresa\/blog\/la-vitalita-di-milano-e-i-successi-del-design-e-torna-dattualita-la-lezione-di-gio-ponti\/\",\"name\":\"La vitalit\u00e0 di Milano e i successi del design. E torna d\u2019attualit\u00e0 la lezione di Gio Ponti - Fondazione Pirelli\",\"isPartOf\":{\"@id\":\"https:\/\/www.fondazionepirelli.org\/it\/#website\"},\"primaryImageOfPage\":{\"@id\":\"https:\/\/www.fondazionepirelli.org\/it\/cultura-dimpresa\/blog\/la-vitalita-di-milano-e-i-successi-del-design-e-torna-dattualita-la-lezione-di-gio-ponti\/#primaryimage\"},\"image\":{\"@id\":\"https:\/\/www.fondazionepirelli.org\/it\/cultura-dimpresa\/blog\/la-vitalita-di-milano-e-i-successi-del-design-e-torna-dattualita-la-lezione-di-gio-ponti\/#primaryimage\"},\"thumbnailUrl\":\"https:\/\/wpsite-assets.fondazionepirelli.org\/wp-content\/uploads\/2026\/04\/28100734\/GettyImages-2272573540.jpg\",\"datePublished\":\"2026-04-28T11:07:03+00:00\",\"author\":{\"@id\":\"https:\/\/www.fondazionepirelli.org\/it\/#\/schema\/person\/f47d097000832c4a6e54538c791fdf25\"},\"breadcrumb\":{\"@id\":\"https:\/\/www.fondazionepirelli.org\/it\/cultura-dimpresa\/blog\/la-vitalita-di-milano-e-i-successi-del-design-e-torna-dattualita-la-lezione-di-gio-ponti\/#breadcrumb\"},\"inLanguage\":\"it-IT\",\"potentialAction\":[{\"@type\":\"ReadAction\",\"target\":[\"https:\/\/www.fondazionepirelli.org\/it\/cultura-dimpresa\/blog\/la-vitalita-di-milano-e-i-successi-del-design-e-torna-dattualita-la-lezione-di-gio-ponti\/\"]}]},{\"@type\":\"ImageObject\",\"inLanguage\":\"it-IT\",\"@id\":\"https:\/\/www.fondazionepirelli.org\/it\/cultura-dimpresa\/blog\/la-vitalita-di-milano-e-i-successi-del-design-e-torna-dattualita-la-lezione-di-gio-ponti\/#primaryimage\",\"url\":\"https:\/\/wpsite-assets.fondazionepirelli.org\/wp-content\/uploads\/2026\/04\/28100734\/GettyImages-2272573540.jpg\",\"contentUrl\":\"https:\/\/wpsite-assets.fondazionepirelli.org\/wp-content\/uploads\/2026\/04\/28100734\/GettyImages-2272573540.jpg\",\"width\":1024,\"height\":683,\"caption\":\"MILAN, ITALY - APRIL 22: A general view of \u201cSerotonin - the chemistry of happiness\u201d, an immersive installation by Italian artist Sara Ricciardi, during the Milan Design Week 2026 at Palazzo di Brera on April 22, 2026 in Milan, Italy. Every year, the Salone Internazionale del Mobile and Fuorisalone define the Milan Design Week, the world\u2019s largest annual furniture and design event. The theme \\\"Be the Project\\\" for Fuorisalone 2026 highlights the human role as a proactive agent of change and describes design as an evolving process that reshapes the connections between people, objects, and their environment. (Photo by Emanuele Cremaschi\/Getty Images)\"},{\"@type\":\"BreadcrumbList\",\"@id\":\"https:\/\/www.fondazionepirelli.org\/it\/cultura-dimpresa\/blog\/la-vitalita-di-milano-e-i-successi-del-design-e-torna-dattualita-la-lezione-di-gio-ponti\/#breadcrumb\",\"itemListElement\":[{\"@type\":\"ListItem\",\"position\":1,\"name\":\"Home\",\"item\":\"https:\/\/www.fondazionepirelli.org\/it\/\"},{\"@type\":\"ListItem\",\"position\":2,\"name\":\"La vitalit\u00e0 di Milano e i successi del design. E torna d\u2019attualit\u00e0 la lezione di Gio Ponti\"}]},{\"@type\":\"WebSite\",\"@id\":\"https:\/\/www.fondazionepirelli.org\/it\/#website\",\"url\":\"https:\/\/www.fondazionepirelli.org\/it\/\",\"name\":\"Fondazione Pirelli\",\"description\":\"\",\"potentialAction\":[{\"@type\":\"SearchAction\",\"target\":{\"@type\":\"EntryPoint\",\"urlTemplate\":\"https:\/\/www.fondazionepirelli.org\/it\/?s={search_term_string}\"},\"query-input\":{\"@type\":\"PropertyValueSpecification\",\"valueRequired\":true,\"valueName\":\"search_term_string\"}}],\"inLanguage\":\"it-IT\"},{\"@type\":\"Person\",\"@id\":\"https:\/\/www.fondazionepirelli.org\/it\/#\/schema\/person\/f47d097000832c4a6e54538c791fdf25\",\"name\":\"fondadmin\",\"image\":{\"@type\":\"ImageObject\",\"inLanguage\":\"it-IT\",\"@id\":\"https:\/\/www.fondazionepirelli.org\/it\/#\/schema\/person\/image\/\",\"url\":\"https:\/\/secure.gravatar.com\/avatar\/e69498a9175ca244966e51e53c88712c024fcebe41f9a05f75657f1bb25e489b?s=96&d=mm&r=g\",\"contentUrl\":\"https:\/\/secure.gravatar.com\/avatar\/e69498a9175ca244966e51e53c88712c024fcebe41f9a05f75657f1bb25e489b?s=96&d=mm&r=g\",\"caption\":\"fondadmin\"},\"url\":\"https:\/\/www.fondazionepirelli.org\/it\/author\/fondadmin\/\"}]}<\/script>\n<!-- \/ Yoast SEO plugin. -->","yoast_head_json":{"title":"La vitalit\u00e0 di Milano e i successi del design. E torna d\u2019attualit\u00e0 la lezione di Gio Ponti - Fondazione Pirelli","robots":{"index":"index","follow":"follow","max-snippet":"max-snippet:-1","max-image-preview":"max-image-preview:large","max-video-preview":"max-video-preview:-1"},"canonical":"https:\/\/www.fondazionepirelli.org\/it\/cultura-dimpresa\/blog\/la-vitalita-di-milano-e-i-successi-del-design-e-torna-dattualita-la-lezione-di-gio-ponti\/","og_locale":"it_IT","og_type":"article","og_title":"La vitalit\u00e0 di Milano e i successi del design. E torna d\u2019attualit\u00e0 la lezione di Gio Ponti - Fondazione Pirelli","og_description":"\u201cNon \u00e8 il cemento, non \u00e8 il legno, non \u00e8 la pietra, non \u00e8 l\u2019acciaio, non \u00e8 il vetro l\u2019elemento pi\u00f9 resistente. Il materiale pi\u00f9 resistente nell\u2019edilizia \u00e8 l\u2019arte\u201d. La citazione \u00e8 di Gio Ponti. E individua, come cardine della vita di un edificio (e, per estensione, di un oggetto) non tanto e non soltanto [&hellip;]","og_url":"https:\/\/www.fondazionepirelli.org\/it\/cultura-dimpresa\/blog\/la-vitalita-di-milano-e-i-successi-del-design-e-torna-dattualita-la-lezione-di-gio-ponti\/","og_site_name":"Fondazione Pirelli","article_published_time":"2026-04-28T11:07:03+00:00","og_image":[{"width":1024,"height":683,"url":"https:\/\/wpsite-assets.fondazionepirelli.org\/wp-content\/uploads\/2026\/04\/28100734\/GettyImages-2272573540.jpg","type":"image\/jpeg"}],"author":"fondadmin","twitter_card":"summary_large_image","twitter_misc":{"Scritto da":"fondadmin","Tempo di lettura stimato":"5 minuti"},"schema":{"@context":"https:\/\/schema.org","@graph":[{"@type":"WebPage","@id":"https:\/\/www.fondazionepirelli.org\/it\/cultura-dimpresa\/blog\/la-vitalita-di-milano-e-i-successi-del-design-e-torna-dattualita-la-lezione-di-gio-ponti\/","url":"https:\/\/www.fondazionepirelli.org\/it\/cultura-dimpresa\/blog\/la-vitalita-di-milano-e-i-successi-del-design-e-torna-dattualita-la-lezione-di-gio-ponti\/","name":"La vitalit\u00e0 di Milano e i successi del design. E torna d\u2019attualit\u00e0 la lezione di Gio Ponti - Fondazione Pirelli","isPartOf":{"@id":"https:\/\/www.fondazionepirelli.org\/it\/#website"},"primaryImageOfPage":{"@id":"https:\/\/www.fondazionepirelli.org\/it\/cultura-dimpresa\/blog\/la-vitalita-di-milano-e-i-successi-del-design-e-torna-dattualita-la-lezione-di-gio-ponti\/#primaryimage"},"image":{"@id":"https:\/\/www.fondazionepirelli.org\/it\/cultura-dimpresa\/blog\/la-vitalita-di-milano-e-i-successi-del-design-e-torna-dattualita-la-lezione-di-gio-ponti\/#primaryimage"},"thumbnailUrl":"https:\/\/wpsite-assets.fondazionepirelli.org\/wp-content\/uploads\/2026\/04\/28100734\/GettyImages-2272573540.jpg","datePublished":"2026-04-28T11:07:03+00:00","author":{"@id":"https:\/\/www.fondazionepirelli.org\/it\/#\/schema\/person\/f47d097000832c4a6e54538c791fdf25"},"breadcrumb":{"@id":"https:\/\/www.fondazionepirelli.org\/it\/cultura-dimpresa\/blog\/la-vitalita-di-milano-e-i-successi-del-design-e-torna-dattualita-la-lezione-di-gio-ponti\/#breadcrumb"},"inLanguage":"it-IT","potentialAction":[{"@type":"ReadAction","target":["https:\/\/www.fondazionepirelli.org\/it\/cultura-dimpresa\/blog\/la-vitalita-di-milano-e-i-successi-del-design-e-torna-dattualita-la-lezione-di-gio-ponti\/"]}]},{"@type":"ImageObject","inLanguage":"it-IT","@id":"https:\/\/www.fondazionepirelli.org\/it\/cultura-dimpresa\/blog\/la-vitalita-di-milano-e-i-successi-del-design-e-torna-dattualita-la-lezione-di-gio-ponti\/#primaryimage","url":"https:\/\/wpsite-assets.fondazionepirelli.org\/wp-content\/uploads\/2026\/04\/28100734\/GettyImages-2272573540.jpg","contentUrl":"https:\/\/wpsite-assets.fondazionepirelli.org\/wp-content\/uploads\/2026\/04\/28100734\/GettyImages-2272573540.jpg","width":1024,"height":683,"caption":"MILAN, ITALY - APRIL 22: A general view of \u201cSerotonin - the chemistry of happiness\u201d, an immersive installation by Italian artist Sara Ricciardi, during the Milan Design Week 2026 at Palazzo di Brera on April 22, 2026 in Milan, Italy. Every year, the Salone Internazionale del Mobile and Fuorisalone define the Milan Design Week, the world\u2019s largest annual furniture and design event. The theme \"Be the Project\" for Fuorisalone 2026 highlights the human role as a proactive agent of change and describes design as an evolving process that reshapes the connections between people, objects, and their environment. (Photo by Emanuele Cremaschi\/Getty Images)"},{"@type":"BreadcrumbList","@id":"https:\/\/www.fondazionepirelli.org\/it\/cultura-dimpresa\/blog\/la-vitalita-di-milano-e-i-successi-del-design-e-torna-dattualita-la-lezione-di-gio-ponti\/#breadcrumb","itemListElement":[{"@type":"ListItem","position":1,"name":"Home","item":"https:\/\/www.fondazionepirelli.org\/it\/"},{"@type":"ListItem","position":2,"name":"La vitalit\u00e0 di Milano e i successi del design. E torna d\u2019attualit\u00e0 la lezione di Gio Ponti"}]},{"@type":"WebSite","@id":"https:\/\/www.fondazionepirelli.org\/it\/#website","url":"https:\/\/www.fondazionepirelli.org\/it\/","name":"Fondazione Pirelli","description":"","potentialAction":[{"@type":"SearchAction","target":{"@type":"EntryPoint","urlTemplate":"https:\/\/www.fondazionepirelli.org\/it\/?s={search_term_string}"},"query-input":{"@type":"PropertyValueSpecification","valueRequired":true,"valueName":"search_term_string"}}],"inLanguage":"it-IT"},{"@type":"Person","@id":"https:\/\/www.fondazionepirelli.org\/it\/#\/schema\/person\/f47d097000832c4a6e54538c791fdf25","name":"fondadmin","image":{"@type":"ImageObject","inLanguage":"it-IT","@id":"https:\/\/www.fondazionepirelli.org\/it\/#\/schema\/person\/image\/","url":"https:\/\/secure.gravatar.com\/avatar\/e69498a9175ca244966e51e53c88712c024fcebe41f9a05f75657f1bb25e489b?s=96&d=mm&r=g","contentUrl":"https:\/\/secure.gravatar.com\/avatar\/e69498a9175ca244966e51e53c88712c024fcebe41f9a05f75657f1bb25e489b?s=96&d=mm&r=g","caption":"fondadmin"},"url":"https:\/\/www.fondazionepirelli.org\/it\/author\/fondadmin\/"}]}},"_links":{"self":[{"href":"https:\/\/www.fondazionepirelli.org\/it\/wp-json\/wp\/v2\/posts\/107986\/"}],"collection":[{"href":"https:\/\/www.fondazionepirelli.org\/it\/wp-json\/wp\/v2\/posts\/"}],"about":[{"href":"https:\/\/www.fondazionepirelli.org\/it\/wp-json\/wp\/v2\/types\/post\/"}],"author":[{"embeddable":true,"href":"https:\/\/www.fondazionepirelli.org\/it\/wp-json\/wp\/v2\/users\/1\/"}],"replies":[{"embeddable":true,"href":"https:\/\/www.fondazionepirelli.org\/it\/wp-json\/wp\/v2\/comments\/?post=107986"}],"version-history":[{"count":1,"href":"https:\/\/www.fondazionepirelli.org\/it\/wp-json\/wp\/v2\/posts\/107986\/revisions\/"}],"predecessor-version":[{"id":107987,"href":"https:\/\/www.fondazionepirelli.org\/it\/wp-json\/wp\/v2\/posts\/107986\/revisions\/107987\/"}],"wp:featuredmedia":[{"embeddable":true,"href":"https:\/\/www.fondazionepirelli.org\/it\/wp-json\/wp\/v2\/media\/107992\/"}],"wp:attachment":[{"href":"https:\/\/www.fondazionepirelli.org\/it\/wp-json\/wp\/v2\/media\/?parent=107986"}],"wp:term":[{"taxonomy":"category","embeddable":true,"href":"https:\/\/www.fondazionepirelli.org\/it\/wp-json\/wp\/v2\/categories\/?post=107986"},{"taxonomy":"post_tag","embeddable":true,"href":"https:\/\/www.fondazionepirelli.org\/it\/wp-json\/wp\/v2\/tags\/?post=107986"}],"curies":[{"name":"wp","href":"https:\/\/api.w.org\/{rel}","templated":true}]}}