{"id":107988,"date":"2026-04-28T12:07:28","date_gmt":"2026-04-28T11:07:28","guid":{"rendered":"https:\/\/www.fondazionepirelli.org\/?p=107988"},"modified":"2026-04-28T12:07:28","modified_gmt":"2026-04-28T11:07:28","slug":"ai-il-buon-uso-consapevole","status":"publish","type":"post","link":"https:\/\/www.fondazionepirelli.org\/it\/cultura-dimpresa\/recensioni-libri\/ai-il-buon-uso-consapevole\/","title":{"rendered":"AI, il buon uso consapevole"},"content":{"rendered":"<p><em>Pubblicato un libro con pi\u00f9 voci sull\u2019Intelligenza Artificiale<\/em><\/p><p>Un pendolo che oscilla tra promesse straordinarie e minacce insidiose, tra l\u2019essere un motore di efficienza e il convertirsi in una frontiera deflagrante. \u00c8 cos\u00ec che l\u2019Intelligenza Artificiale (AI) viene di volta in volta raccontata e proposta al pubblico. Estremi che si presentano, spesso, contemporaneamente e che, evidentemente, devono essere ben compresi e valutati sulla base di circostanze diverse. La domanda che tutti devono porsi, quindi, \u00e8 come vivere questa oscillazione. Interrogativo che ha a che fare con tutti gli ambiti della societ\u00e0 e dell\u2019economia e che tocca ormai nel profondo anche la stessa cultura del vivere sociale e del produrre.<\/p>\n<p>Leggere \u201cIl pendolo dell&#8217;algoritmo. Sguardi multidisciplinari sull&#8217;Intelligenza Artificiale\u201d curato da Ruben Razzante e appena pubblicato, pu\u00f2 essere una buona guida per trovare il percorso giusto di comprensione della AI.<\/p>\n<p>L\u2019autore affronta il tema coinvolgendo figure apicali di grandi aziende, vertici di importanti associazioni, accademici e professionisti di vari settori che analizzano i chiaroscuri dell\u2019AI, raccontando approcci illuminati, offrendo soluzioni premianti e orientando chi legge nella comprensione delle trasformazioni digitali in corso.\u00a0Ogni contributo \u00e8 una sorta di bussola utile per provare a governare il cambiamento in settori diversi ma complementari e contribuisce a costruire, come si \u00e8 detto, una guida interdisciplinare che prova a trasformare l\u2019algoritmo da enigma insondabile a lievito di valore.<\/p>\n<p>Detto in altri termini, \u00e8 il messaggio che Ruben Razzante cerca di trasmettere, l\u2019adozione consapevole dell\u2019algoritmo della AI pu\u00f2 davvero generare valore economico e sociale, migliorare la qualit\u00e0 dei servizi, supportare decisioni pi\u00f9 informate e sostenere la competitivit\u00e0, senza per questo eludere i rischi che richiedono governance, competenze e una cultura condivisa dell\u2019uso etico della tecnologia. La sfida per tutti, d\u2019altra parte, \u00e8 oggi proprio questa: imparare a governare l\u2019innovazione, prima che essa orienti e manipoli il destino dell\u2019uomo.<\/p><p><strong>Il pendolo dell&#8217;algoritmo. Sguardi multidisciplinari sull&#8217;Intelligenza Artificiale<\/strong><\/p>\n<p>Ruben Razzante<\/p>\n<p>Franco Angeli, 2026<\/p>","protected":false},"excerpt":{"rendered":"<p>Pubblicato un libro con pi\u00f9 voci sull\u2019Intelligenza ArtificialeUn pendolo che oscilla tra promesse straordinarie e minacce insidiose, tra l\u2019essere un motore di efficienza e il convertirsi in una frontiera deflagrante. \u00c8 cos\u00ec che l\u2019Intelligenza Artificiale (AI) viene di volta in volta raccontata e proposta al pubblico. Estremi che si presentano, spesso, contemporaneamente e che, evidentemente, [&hellip;]<\/p>\n","protected":false},"author":1,"featured_media":107990,"comment_status":"open","ping_status":"open","sticky":false,"template":"","format":"standard","meta":{"footnotes":""},"categories":[52,58],"tags":[],"class_list":["post-107988","post","type-post","status-publish","format-standard","has-post-thumbnail","hentry","category-cultura-dimpresa","category-recensioni-libri"],"acf":[],"yoast_head":"<!-- This site is optimized with the Yoast SEO plugin v25.0 - https:\/\/yoast.com\/wordpress\/plugins\/seo\/ -->\n<title>AI, il buon uso consapevole - Fondazione Pirelli<\/title>\n<meta name=\"robots\" content=\"index, follow, max-snippet:-1, max-image-preview:large, max-video-preview:-1\" \/>\n<link rel=\"canonical\" href=\"https:\/\/www.fondazionepirelli.org\/it\/cultura-dimpresa\/recensioni-libri\/ai-il-buon-uso-consapevole\/\" \/>\n<meta property=\"og:locale\" content=\"it_IT\" \/>\n<meta property=\"og:type\" content=\"article\" \/>\n<meta property=\"og:title\" content=\"AI, il buon uso consapevole - Fondazione Pirelli\" \/>\n<meta property=\"og:description\" content=\"Pubblicato un libro con pi\u00f9 voci sull\u2019Intelligenza ArtificialeUn pendolo che oscilla tra promesse straordinarie e minacce insidiose, tra l\u2019essere un motore di efficienza e il convertirsi in una frontiera deflagrante. \u00c8 cos\u00ec che l\u2019Intelligenza Artificiale (AI) viene di volta in volta raccontata e proposta al pubblico. Estremi che si presentano, spesso, contemporaneamente e che, evidentemente, [&hellip;]\" \/>\n<meta property=\"og:url\" content=\"https:\/\/www.fondazionepirelli.org\/it\/cultura-dimpresa\/recensioni-libri\/ai-il-buon-uso-consapevole\/\" \/>\n<meta property=\"og:site_name\" content=\"Fondazione Pirelli\" \/>\n<meta property=\"article:published_time\" content=\"2026-04-28T11:07:28+00:00\" \/>\n<meta property=\"og:image\" content=\"https:\/\/wpsite-assets.fondazionepirelli.org\/wp-content\/uploads\/2026\/04\/28091153\/IMG_0016.jpeg\" \/>\n\t<meta property=\"og:image:width\" content=\"955\" \/>\n\t<meta property=\"og:image:height\" content=\"1500\" \/>\n\t<meta property=\"og:image:type\" content=\"image\/jpeg\" \/>\n<meta name=\"author\" content=\"fondadmin\" \/>\n<meta name=\"twitter:card\" content=\"summary_large_image\" \/>\n<meta name=\"twitter:label1\" content=\"Scritto da\" \/>\n\t<meta name=\"twitter:data1\" content=\"fondadmin\" \/>\n\t<meta name=\"twitter:label2\" content=\"Tempo di lettura stimato\" \/>\n\t<meta name=\"twitter:data2\" content=\"2 minuti\" \/>\n<script type=\"application\/ld+json\" class=\"yoast-schema-graph\">{\"@context\":\"https:\/\/schema.org\",\"@graph\":[{\"@type\":\"WebPage\",\"@id\":\"https:\/\/www.fondazionepirelli.org\/it\/cultura-dimpresa\/recensioni-libri\/ai-il-buon-uso-consapevole\/\",\"url\":\"https:\/\/www.fondazionepirelli.org\/it\/cultura-dimpresa\/recensioni-libri\/ai-il-buon-uso-consapevole\/\",\"name\":\"AI, il buon uso consapevole - Fondazione Pirelli\",\"isPartOf\":{\"@id\":\"https:\/\/www.fondazionepirelli.org\/it\/#website\"},\"primaryImageOfPage\":{\"@id\":\"https:\/\/www.fondazionepirelli.org\/it\/cultura-dimpresa\/recensioni-libri\/ai-il-buon-uso-consapevole\/#primaryimage\"},\"image\":{\"@id\":\"https:\/\/www.fondazionepirelli.org\/it\/cultura-dimpresa\/recensioni-libri\/ai-il-buon-uso-consapevole\/#primaryimage\"},\"thumbnailUrl\":\"https:\/\/wpsite-assets.fondazionepirelli.org\/wp-content\/uploads\/2026\/04\/28091153\/IMG_0016.jpeg\",\"datePublished\":\"2026-04-28T11:07:28+00:00\",\"author\":{\"@id\":\"https:\/\/www.fondazionepirelli.org\/it\/#\/schema\/person\/f47d097000832c4a6e54538c791fdf25\"},\"breadcrumb\":{\"@id\":\"https:\/\/www.fondazionepirelli.org\/it\/cultura-dimpresa\/recensioni-libri\/ai-il-buon-uso-consapevole\/#breadcrumb\"},\"inLanguage\":\"it-IT\",\"potentialAction\":[{\"@type\":\"ReadAction\",\"target\":[\"https:\/\/www.fondazionepirelli.org\/it\/cultura-dimpresa\/recensioni-libri\/ai-il-buon-uso-consapevole\/\"]}]},{\"@type\":\"ImageObject\",\"inLanguage\":\"it-IT\",\"@id\":\"https:\/\/www.fondazionepirelli.org\/it\/cultura-dimpresa\/recensioni-libri\/ai-il-buon-uso-consapevole\/#primaryimage\",\"url\":\"https:\/\/wpsite-assets.fondazionepirelli.org\/wp-content\/uploads\/2026\/04\/28091153\/IMG_0016.jpeg\",\"contentUrl\":\"https:\/\/wpsite-assets.fondazionepirelli.org\/wp-content\/uploads\/2026\/04\/28091153\/IMG_0016.jpeg\",\"width\":955,\"height\":1500},{\"@type\":\"BreadcrumbList\",\"@id\":\"https:\/\/www.fondazionepirelli.org\/it\/cultura-dimpresa\/recensioni-libri\/ai-il-buon-uso-consapevole\/#breadcrumb\",\"itemListElement\":[{\"@type\":\"ListItem\",\"position\":1,\"name\":\"Home\",\"item\":\"https:\/\/www.fondazionepirelli.org\/it\/\"},{\"@type\":\"ListItem\",\"position\":2,\"name\":\"AI, il buon uso consapevole\"}]},{\"@type\":\"WebSite\",\"@id\":\"https:\/\/www.fondazionepirelli.org\/it\/#website\",\"url\":\"https:\/\/www.fondazionepirelli.org\/it\/\",\"name\":\"Fondazione Pirelli\",\"description\":\"\",\"potentialAction\":[{\"@type\":\"SearchAction\",\"target\":{\"@type\":\"EntryPoint\",\"urlTemplate\":\"https:\/\/www.fondazionepirelli.org\/it\/?s={search_term_string}\"},\"query-input\":{\"@type\":\"PropertyValueSpecification\",\"valueRequired\":true,\"valueName\":\"search_term_string\"}}],\"inLanguage\":\"it-IT\"},{\"@type\":\"Person\",\"@id\":\"https:\/\/www.fondazionepirelli.org\/it\/#\/schema\/person\/f47d097000832c4a6e54538c791fdf25\",\"name\":\"fondadmin\",\"image\":{\"@type\":\"ImageObject\",\"inLanguage\":\"it-IT\",\"@id\":\"https:\/\/www.fondazionepirelli.org\/it\/#\/schema\/person\/image\/\",\"url\":\"https:\/\/secure.gravatar.com\/avatar\/e69498a9175ca244966e51e53c88712c024fcebe41f9a05f75657f1bb25e489b?s=96&d=mm&r=g\",\"contentUrl\":\"https:\/\/secure.gravatar.com\/avatar\/e69498a9175ca244966e51e53c88712c024fcebe41f9a05f75657f1bb25e489b?s=96&d=mm&r=g\",\"caption\":\"fondadmin\"},\"url\":\"https:\/\/www.fondazionepirelli.org\/it\/author\/fondadmin\/\"}]}<\/script>\n<!-- \/ Yoast SEO plugin. -->","yoast_head_json":{"title":"AI, il buon uso consapevole - Fondazione Pirelli","robots":{"index":"index","follow":"follow","max-snippet":"max-snippet:-1","max-image-preview":"max-image-preview:large","max-video-preview":"max-video-preview:-1"},"canonical":"https:\/\/www.fondazionepirelli.org\/it\/cultura-dimpresa\/recensioni-libri\/ai-il-buon-uso-consapevole\/","og_locale":"it_IT","og_type":"article","og_title":"AI, il buon uso consapevole - Fondazione Pirelli","og_description":"Pubblicato un libro con pi\u00f9 voci sull\u2019Intelligenza ArtificialeUn pendolo che oscilla tra promesse straordinarie e minacce insidiose, tra l\u2019essere un motore di efficienza e il convertirsi in una frontiera deflagrante. \u00c8 cos\u00ec che l\u2019Intelligenza Artificiale (AI) viene di volta in volta raccontata e proposta al pubblico. Estremi che si presentano, spesso, contemporaneamente e che, evidentemente, [&hellip;]","og_url":"https:\/\/www.fondazionepirelli.org\/it\/cultura-dimpresa\/recensioni-libri\/ai-il-buon-uso-consapevole\/","og_site_name":"Fondazione Pirelli","article_published_time":"2026-04-28T11:07:28+00:00","og_image":[{"width":955,"height":1500,"url":"https:\/\/wpsite-assets.fondazionepirelli.org\/wp-content\/uploads\/2026\/04\/28091153\/IMG_0016.jpeg","type":"image\/jpeg"}],"author":"fondadmin","twitter_card":"summary_large_image","twitter_misc":{"Scritto da":"fondadmin","Tempo di lettura stimato":"2 minuti"},"schema":{"@context":"https:\/\/schema.org","@graph":[{"@type":"WebPage","@id":"https:\/\/www.fondazionepirelli.org\/it\/cultura-dimpresa\/recensioni-libri\/ai-il-buon-uso-consapevole\/","url":"https:\/\/www.fondazionepirelli.org\/it\/cultura-dimpresa\/recensioni-libri\/ai-il-buon-uso-consapevole\/","name":"AI, il buon uso consapevole - Fondazione Pirelli","isPartOf":{"@id":"https:\/\/www.fondazionepirelli.org\/it\/#website"},"primaryImageOfPage":{"@id":"https:\/\/www.fondazionepirelli.org\/it\/cultura-dimpresa\/recensioni-libri\/ai-il-buon-uso-consapevole\/#primaryimage"},"image":{"@id":"https:\/\/www.fondazionepirelli.org\/it\/cultura-dimpresa\/recensioni-libri\/ai-il-buon-uso-consapevole\/#primaryimage"},"thumbnailUrl":"https:\/\/wpsite-assets.fondazionepirelli.org\/wp-content\/uploads\/2026\/04\/28091153\/IMG_0016.jpeg","datePublished":"2026-04-28T11:07:28+00:00","author":{"@id":"https:\/\/www.fondazionepirelli.org\/it\/#\/schema\/person\/f47d097000832c4a6e54538c791fdf25"},"breadcrumb":{"@id":"https:\/\/www.fondazionepirelli.org\/it\/cultura-dimpresa\/recensioni-libri\/ai-il-buon-uso-consapevole\/#breadcrumb"},"inLanguage":"it-IT","potentialAction":[{"@type":"ReadAction","target":["https:\/\/www.fondazionepirelli.org\/it\/cultura-dimpresa\/recensioni-libri\/ai-il-buon-uso-consapevole\/"]}]},{"@type":"ImageObject","inLanguage":"it-IT","@id":"https:\/\/www.fondazionepirelli.org\/it\/cultura-dimpresa\/recensioni-libri\/ai-il-buon-uso-consapevole\/#primaryimage","url":"https:\/\/wpsite-assets.fondazionepirelli.org\/wp-content\/uploads\/2026\/04\/28091153\/IMG_0016.jpeg","contentUrl":"https:\/\/wpsite-assets.fondazionepirelli.org\/wp-content\/uploads\/2026\/04\/28091153\/IMG_0016.jpeg","width":955,"height":1500},{"@type":"BreadcrumbList","@id":"https:\/\/www.fondazionepirelli.org\/it\/cultura-dimpresa\/recensioni-libri\/ai-il-buon-uso-consapevole\/#breadcrumb","itemListElement":[{"@type":"ListItem","position":1,"name":"Home","item":"https:\/\/www.fondazionepirelli.org\/it\/"},{"@type":"ListItem","position":2,"name":"AI, il buon uso consapevole"}]},{"@type":"WebSite","@id":"https:\/\/www.fondazionepirelli.org\/it\/#website","url":"https:\/\/www.fondazionepirelli.org\/it\/","name":"Fondazione Pirelli","description":"","potentialAction":[{"@type":"SearchAction","target":{"@type":"EntryPoint","urlTemplate":"https:\/\/www.fondazionepirelli.org\/it\/?s={search_term_string}"},"query-input":{"@type":"PropertyValueSpecification","valueRequired":true,"valueName":"search_term_string"}}],"inLanguage":"it-IT"},{"@type":"Person","@id":"https:\/\/www.fondazionepirelli.org\/it\/#\/schema\/person\/f47d097000832c4a6e54538c791fdf25","name":"fondadmin","image":{"@type":"ImageObject","inLanguage":"it-IT","@id":"https:\/\/www.fondazionepirelli.org\/it\/#\/schema\/person\/image\/","url":"https:\/\/secure.gravatar.com\/avatar\/e69498a9175ca244966e51e53c88712c024fcebe41f9a05f75657f1bb25e489b?s=96&d=mm&r=g","contentUrl":"https:\/\/secure.gravatar.com\/avatar\/e69498a9175ca244966e51e53c88712c024fcebe41f9a05f75657f1bb25e489b?s=96&d=mm&r=g","caption":"fondadmin"},"url":"https:\/\/www.fondazionepirelli.org\/it\/author\/fondadmin\/"}]}},"_links":{"self":[{"href":"https:\/\/www.fondazionepirelli.org\/it\/wp-json\/wp\/v2\/posts\/107988\/"}],"collection":[{"href":"https:\/\/www.fondazionepirelli.org\/it\/wp-json\/wp\/v2\/posts\/"}],"about":[{"href":"https:\/\/www.fondazionepirelli.org\/it\/wp-json\/wp\/v2\/types\/post\/"}],"author":[{"embeddable":true,"href":"https:\/\/www.fondazionepirelli.org\/it\/wp-json\/wp\/v2\/users\/1\/"}],"replies":[{"embeddable":true,"href":"https:\/\/www.fondazionepirelli.org\/it\/wp-json\/wp\/v2\/comments\/?post=107988"}],"version-history":[{"count":1,"href":"https:\/\/www.fondazionepirelli.org\/it\/wp-json\/wp\/v2\/posts\/107988\/revisions\/"}],"predecessor-version":[{"id":107989,"href":"https:\/\/www.fondazionepirelli.org\/it\/wp-json\/wp\/v2\/posts\/107988\/revisions\/107989\/"}],"wp:featuredmedia":[{"embeddable":true,"href":"https:\/\/www.fondazionepirelli.org\/it\/wp-json\/wp\/v2\/media\/107990\/"}],"wp:attachment":[{"href":"https:\/\/www.fondazionepirelli.org\/it\/wp-json\/wp\/v2\/media\/?parent=107988"}],"wp:term":[{"taxonomy":"category","embeddable":true,"href":"https:\/\/www.fondazionepirelli.org\/it\/wp-json\/wp\/v2\/categories\/?post=107988"},{"taxonomy":"post_tag","embeddable":true,"href":"https:\/\/www.fondazionepirelli.org\/it\/wp-json\/wp\/v2\/tags\/?post=107988"}],"curies":[{"name":"wp","href":"https:\/\/api.w.org\/{rel}","templated":true}]}}