{"id":109157,"date":"2026-09-03T08:14:21","date_gmt":"2026-09-03T07:14:21","guid":{"rendered":"https:\/\/www.fondazionepirelli.org\/?p=109157"},"modified":"2026-09-03T10:19:28","modified_gmt":"2026-09-03T09:19:28","slug":"il-ritorno-di-pirelli-in-f1-tra-sfide-e-successi-online-le-fotografie-degli-anni-ottanta-e-novanta","status":"publish","type":"post","link":"https:\/\/www.fondazionepirelli.org\/it\/iniziative\/storie-dal-mondo-pirelli\/il-ritorno-di-pirelli-in-f1-tra-sfide-e-successi-online-le-fotografie-degli-anni-ottanta-e-novanta\/","title":{"rendered":"Pirelli in F1 tra sfide e successi: online le fotografie degli anni Ottanta e Novanta"},"content":{"rendered":"<p>Negli anni Ottanta la <strong>Formula 1<\/strong> vive una delle sue stagioni pi\u00f9 affascinanti. \u00c8 l&#8217;epoca dei motori turbo, delle innovazioni aerodinamiche e di una competizione sempre pi\u00f9 globale. In questo scenario, Pirelli torna protagonista del campionato mondiale, da cui mancava dal 1956, affrontando una sfida tecnologica di altissimo livello e riuscendo a tornare in breve tempo ai vertici della massima formula. Da oggi sono disponibili nell\u2019<a href=\"https:\/\/www.fondazionepirelli.org\/archivio-storico\/fotografie\/search\/result.html?query=&amp;jsonVal=%7B%22jsonVal%22%3A%7B%22startDate%22%3A1981%2C%22endDate%22%3A1991%2C%22fieldDate%22%3A%22dataNormal%22%2C%22_perPage%22%3A20%2C%22tesauro_path%22%3A%22%5C%22sport%5C%2Fcorse+auto%5C%22%22%2C%22tesauro_label%22%3A%22Corse+auto%22%7D%7D&amp;orderBy=c_did_unitdate_encodinganalog_DT_normal_string&amp;orderType=asc&amp;archiveName=\">archivio storico online<\/a> le fotografie che testimoniano questa stagione e che vanno ad aggiungersi a quelle della F1 degli anni Cinquanta e di tutte le altre gare nelle quali Pirelli \u00e8 stata protagonista fin dai primi anni del Novecento.<\/p>\n<p>\u00c8 il <strong>1981<\/strong>, e il <strong>team Toleman<\/strong> decide di fare il salto in F1 dopo aver dominato il Campionato Europeo di Formula Due con i piloti inglesi Derek Warwick e Brian Henton e con i <strong>radiali Pirelli P7<\/strong>.\u00a0 La casa di pneumatici \u00e8 pronta a seguire il team inglese in questa avventura. Il debutto avviene il 3 maggio nel <a href=\"https:\/\/www.fondazionepirelli.org\/archivio-storico\/fotografie\/detail\/IT-PIRELLI-FT0001-0000000742\/gran-premio-san-marino-del-1981.html?jsonVal=%7b%22jsonVal%22:%7b%22startDate%22:1981,%22endDate%22:1991,%22fieldDate%22:%22dataNormal%22,%22_perPage%22:20,%22luogoRipresa%22:%22\\%22Imola\\%22%22,%22tesauro_path%22:%22\\%22sport\\\/corse%20auto\\%22%22,%22tesauro_label%22:%22Corse%20auto%22%7d%7d&amp;attachmentMisc=undefined\">Gran Premio di San Marino<\/a> con la nuova monoposto TG 181 dotata di motore monoblocco turbo realizzato da Brian Hart e progettata da Rory Byrne in stretta collaborazione con Pirelli, anche in funzione delle caratteristiche dei radiali P7: \u201c<strong>pneumatici radiali a profilo asimmetrico\u201d<\/strong> \u2013 spiega Mario Mezzanotte, responsabile Motorsport dell\u2019azienda milanese, su <a href=\"https:\/\/www.fondazionepirelli.org\/archivio-storico\/fattienotiziepirellibookreader\/riviste\/FattieNotiziePirelli\/1981_04_FATTI_E_NOTIZIE.html?#page\/12\/mode\/2up\">Fatti e Notizie<\/a> \u2013 \u201ccio\u00e8 con spalla interna pi\u00f9 smussata rispetto alla spalla esterna [\u2026] per consentire una maggiore maneggevolezza della vettura e una migliore aderenza sull\u2019asfalto\u201d. Per Pirelli, dopo la lunga assenza, inizia una vera e propria sfida e un nuovo periodo di sperimentazione.<\/p>\n<p>L\u2019azienda della P lunga allarga la sua collaborazione anche alla <strong>Arrows<\/strong> \u2013 con i piloti Riccardo Patrese e Siegfried Stohr &#8211; e alla <strong>Fittipaldi<\/strong> con Keke Rosberg e Chico Serra. Il <a href=\"https:\/\/www.fondazionepirelli.org\/archivio-storico\/fotografie\/detail\/IT-PIRELLI-FT0001-0000000750\/gran-premio-d-italia-del-1981.html?jsonVal=%7b%22jsonVal%22:%7b%22startDate%22:1981,%22endDate%22:1991,%22fieldDate%22:%22dataNormal%22,%22_perPage%22:20,%22luogoRipresa%22:%22\\%22Monza\\%22%22,%22tesauro_path%22:%22\\%22sport\\\/corse%20auto\\%22%22,%22tesauro_label%22:%22Corse%20auto%22%7d%7d&amp;attachmentMisc=undefined#n\">13 settembre 1981<\/a>, dopo 24 anni di assenza, <strong>i pneumatici Pirelli tornano a gareggiare sulla leggendaria <\/strong><a href=\"https:\/\/www.fondazionepirelli.org\/archivio-storico\/fattienotiziepirellibookreader\/riviste\/FattieNotiziePirelli\/1981_09_FATTI_E_NOTIZIE.html?#page\/4\/mode\/2up\"><strong>pista di Monza<\/strong><\/a>. La Arrows di Patrese e la Toleman di Henton riescono a qualificarsi. \u00c8 la prima volta per la Toleman, che finalmente riesce a sfruttare appieno la potenza del nuovo motore turbo, arrivando in fondo alla gara; Patrese \u00e8 invece costretto al ritiro per problemi tecnici. La stagione finisce dunque senza risultati di rilievo, ma le gomme Pirelli dimostrano di poter essere competitive, rispondendo brillantemente alle superpotenze dei 500 cavalli delle monoposto.<\/p>\n<p>Anche nella stagione <strong>1982<\/strong> Pirelli punta ad accumulare esperienza per migliorare ulteriormente la tecnologia dei propri pneumatici da F1. \u00a0Per farlo allarga a 5 i team equipaggiati, con l\u2019italiana<strong> Osella<\/strong> e l\u2019inglese <strong>March<\/strong>. Ancora una volta team \u201cminori\u201d, ma adatti per proseguire la sperimentazione in vista di puntare su un team vincente l\u2019anno successivo. Ed ecco arrivare a fine 1982 l\u2019annuncio: <a href=\"https:\/\/www.fondazionepirelli.org\/archivio-storico\/fotografie\/detail\/IT-PIRELLI-FT0001-0000000783\/presentazione-della-squadra-lotus-del-1983.html?jsonVal=%7b%22jsonVal%22:%7b%22startDate%22:1981,%22endDate%22:1991,%22fieldDate%22:%22dataNormal%22,%22_perPage%22:20,%22tesauro_path%22:%22\\%22sport\\\/corse%20auto\\%22%22,%22tesauro_label%22:%22Corse%20auto%22%7d%7d&amp;attachmentMisc=undefined#n\">Pirelli e Lotus<\/a> correranno il <strong>Mondiale 1983<\/strong> con due vetture, la monoposto con motore turbo sei cilindri Renault, affidata a <strong>Elio De Angelis<\/strong>, e quella con motore a otto cilindri Coswort guidata da <strong>Nigel Mansell<\/strong>. Dichiara <a href=\"https:\/\/www.fondazionepirelli.org\/archivio-storico\/fattienotiziepirellibookreader\/riviste\/FattieNotiziePirelli\/1982_11_FATTI_E_NOTIZIE.html?#page\/20\/mode\/2up\">Mario Mezzanotte<\/a>: \u201cDopo un anno e mezzo di esperienze con vari team, ci sentiamo pronti a collaborare con un team di alto livello\u201d. I risultati non tardano ad arrivare: a Silverstone \u00e8 quarto posto per Mansell; al <a href=\"https:\/\/www.fondazionepirelli.org\/archivio-storico\/fotografie\/detail\/IT-PIRELLI-FT0001-0000000796\/gran-premio-d-europa-del-1983.html?jsonVal=%7b%22jsonVal%22:%7b%22startDate%22:1981,%22endDate%22:1991,%22fieldDate%22:%22dataNormal%22,%22_perPage%22:20,%22tesauro_path%22:%22\\%22sport\\\/corse%20auto\\%22%22,%22tesauro_label%22:%22Corse%20auto%22%7d%7d&amp;attachmentMisc=undefined\">GP d\u2019Europa di Brands Hatch<\/a> arriva la pole position di De Angelis e il terzo piazzamento di Mansell. In questo GP Pirelli fa parlare di s\u00e9 anche per una \u201ctrovata\u201d escogitata dai suoi tecnici: le vetture dei due team gommate Pirelli si presentano in pista, infatti, con i pneumatici avvolti in termocoperte, uno stratagemma per scaldare le coperture senza ricorrere alle tradizionali serpentine durante il giro di ricognizione.<\/p>\n<p>Bisogner\u00e0 aspettare il <strong>1985<\/strong> per assaporare di nuovo la vittoria, grazie a un team davvero d\u2019eccezione: la <a href=\"https:\/\/www.fondazionepirelli.org\/archivio-storico\/fotografie\/detail\/IT-PIRELLI-FT0001-0000001428\/la-brabham-bmw-n-8.html?jsonVal=%7b%22jsonVal%22:%7b%22startDate%22:1981,%22endDate%22:1991,%22fieldDate%22:%22dataNormal%22,%22_perPage%22:20,%22tesauro_path%22:%22\\%22sport\\\/corse%20auto\\%22%22,%22tesauro_label%22:%22Corse%20auto%22%7d%7d&amp;attachmentMisc=undefined\"><strong>Brabham BT54<\/strong><\/a> disegnata da Gordon Murray, il motore turbo BMW \u2013 probabilmente il pi\u00f9 potente mai visto in Formula Uno &#8211; un fuoriclasse come <a href=\"https:\/\/www.fondazionepirelli.org\/archivio-storico\/fattienotiziepirellibookreader\/pubblicazioni-e-riviste\/FattieNotiziePirelli\/1985_09_FATTI_E_NOTIZIE.html?q=Formula&amp;start=11&amp;lang=it#page\/10\/mode\/2up\"><strong>Nelson Piquet<\/strong><\/a> alla guida e la tecnologia dei pneumatici Pirelli, messi a punto dopo estenuanti prove in Sud Africa dai tecnici guidati da Mario Mezzanotte, Gianni Turchetti e Felice Reina. Il comportamento dei radiali Pirelli \u00e8 determinante per la vittoria di Piquet sull\u2019asfalto bollente del circuito francese di Le Castellet, come dimostra l\u2019<a href=\"https:\/\/www.fondazionepirelli.org\/archivio-storico\/fotografie\/detail\/IT-PIRELLI-FT0001-0000001421\/nelson-piquet-vincitore-del-gran-premio-francia-sul-circuito-castelet.html?jsonVal=%7b%22jsonVal%22:%7b%22startDate%22:1981,%22endDate%22:1991,%22fieldDate%22:%22dataNormal%22,%22_perPage%22:20,%22tesauro_path%22:%22\\%22sport\\\/corse%20auto\\%22%22,%22tesauro_label%22:%22Corse%20auto%22%7d%7d&amp;attachmentMisc=undefined\">omaggio<\/a> del pilota brasiliano, che sul gradino pi\u00f9 alto del podio indica la scritta \u201cPirelli\u201d sul suo cappellino.<\/p>\n<p>La <strong>stagione 1986<\/strong> rappresenta il momento pi\u00f9 significativo di questa prima fase del rientro di Pirelli in F1, con ben sette team supportati, tra cui tre \u201ctop\u201d: la <strong>Brabham<\/strong> BMW di Bernie Ecclestone, la ex Toleman acquisita da <strong>Benetton<\/strong>, con nuovo motore BMW e i piloti Teo Fabi e Gerard Berger, la <strong>Ligier<\/strong> con motore Renault e i piloti Jacques Laffite e Ren\u00e9 Arnoux. E arriva un\u2019altra vittoria: quella di <a href=\"https:\/\/www.fondazionepirelli.org\/archivio-storico\/fotografie\/detail\/IT-PIRELLI-FT0001-0000001097\/il-pilota-gerhard-berger-ai-box-benetton.html?jsonVal=%7b%22jsonVal%22:%7b%22startDate%22:1981,%22endDate%22:1991,%22fieldDate%22:%22dataNormal%22,%22_perPage%22:20,%22tesauro_path%22:%22\\%22sport\\\/corse%20auto\\%22%22,%22tesauro_label%22:%22Corse%20auto%22%7d%7d&amp;attachmentMisc=undefined#n\">Gerard Berger<\/a> al <a href=\"https:\/\/www.fondazionepirelli.org\/archivio-storico\/fotografie\/detail\/IT-PIRELLI-FT0001-0000001091\/gran-premio-del-messico-del-1986.html?jsonVal=%7b%22jsonVal%22:%7b%22startDate%22:1981,%22endDate%22:1991,%22fieldDate%22:%22dataNormal%22,%22_perPage%22:20,%22tesauro_path%22:%22\\%22sport\\\/corse%20auto\\%22%22,%22tesauro_label%22:%22Corse%20auto%22%7d%7d&amp;attachmentMisc=undefined\">GP del Messico<\/a>.<\/p>\n<p>Dopo una pausa di due stagioni, Pirelli torna in Formula 1 nel <strong>1989<\/strong> inaugurando una nuova fase della propria presenza nel campionato. Il contesto \u00e8 profondamente cambiato: i motori turbo sono stati aboliti e la Formula 1 sta entrando nell&#8217;era moderna. Pirelli diventa il fornitore di riferimento di alcune squadre emergenti e indipendenti, come <strong>Minardi<\/strong>, <strong>Dallara<\/strong>, <strong>Zackspeed<\/strong>, e riconferma alcune storiche collaborazioni, come quella con <strong>Brabham<\/strong>. Arrivano due terzi posti, quello di <strong>Stefano Modena<\/strong> su Brabham (<a href=\"https:\/\/www.fondazionepirelli.org\/archivio-storico\/fotografie\/detail\/IT-PIRELLI-FT0001-0000000848\/gran-premio-monaco-del-1989.html?jsonVal=%7b%22jsonVal%22:%7b%22startDate%22:1981,%22endDate%22:1991,%22fieldDate%22:%22dataNormal%22,%22_perPage%22:20,%22tesauro_path%22:%22\\%22sport\\\/corse%20auto\\%22%22,%22tesauro_label%22:%22Corse%20auto%22%7d%7d&amp;attachmentMisc=undefined\">GP dei Montecarlo<\/a>) e di <strong>Andrea De Cesaris<\/strong> su Dallara (<a href=\"https:\/\/www.fondazionepirelli.org\/archivio-storico\/fotografie\/detail\/IT-PIRELLI-FT0001-0000000852\/gran-premio-del-canada-del-1989.html?jsonVal=%7b%22jsonVal%22:%7b%22startDate%22:1981,%22endDate%22:1991,%22fieldDate%22:%22dataNormal%22,%22_perPage%22:20,%22tesauro_path%22:%22\\%22sport\\\/corse%20auto\\%22%22,%22tesauro_label%22:%22Corse%20auto%22%7d%7d&amp;attachmentMisc=undefined\">GP del Canada<\/a>). Nel <strong>1990<\/strong> Pirelli stipula un accordo con la scuderia inglese <strong>Tyrrell<\/strong> e l\u2019astro nascente <a href=\"https:\/\/www.fondazionepirelli.org\/archivio-storico\/fotografie\/detail\/IT-PIRELLI-FT0001-0000000915\/il-pilota-jean-alesi-n-4-tyrell-ford-gommata-pirelli.html?jsonVal=%7b%22jsonVal%22:%7b%22startDate%22:1981,%22endDate%22:1991,%22fieldDate%22:%22dataNormal%22,%22_perPage%22:20,%22tesauro_path%22:%22\\%22sport\\\/corse%20auto\\%22%22,%22tesauro_label%22:%22Corse%20auto%22%7d%7d&amp;attachmentMisc=undefined\"><strong>Jean Alesi<\/strong><\/a> conquista due prestigiosi secondi posti nel GP degli USA e di Montecarlo. Quasi a chiudere un cerchio, nel 1991 arriva l\u2019accordo con la <strong>Benetton &#8211; Ford<\/strong> di Nelson Piquet, riconfermando un legame storico tra la casa di pneumatici e la scuderia inglese che nel 1981 avevano iniziato insieme una nuova avventura in F1. Uno dei successi simbolo dell\u2019ultimo anno della presenza Pirelli nel Mondiale, prima del successivo ritorno come fornitore unico nel 2011, \u00e8 la <a href=\"https:\/\/www.fondazionepirelli.org\/archivio-storico\/fattienotiziepirellibookreader\/riviste\/FattieNotiziePirelli\/1991_03_FATTI_E_NOTIZIE.html?#page\/16\/mode\/2up\">doppietta<\/a> sui due gradini pi\u00f9 alti del podio di Nelson Piquet per la Brabham e di Stefano Modena per la Tyrrell al <a href=\"https:\/\/www.fondazionepirelli.org\/archivio-storico\/fotografie\/detail\/IT-PIRELLI-FT0001-0000000940\/gran-premio-canada.html?jsonVal=%7b%22jsonVal%22:%7b%22startDate%22:1981,%22endDate%22:1991,%22fieldDate%22:%22dataNormal%22,%22_perPage%22:20,%22tesauro_path%22:%22\\%22sport\\\/corse%20auto\\%22%22,%22tesauro_label%22:%22Corse%20auto%22%7d%7d&amp;attachmentMisc=undefined#n\">Gran Premio del Canada<\/a>.<\/p>\n<p>La storia di Pirelli in Formula 1 tra il 1981 e il 1986 e tra il 1989 e il 1991 racconta dunque molto pi\u00f9 di una semplice fornitura tecnica. \u00c8 la storia di una ricerca continua, della capacit\u00e0 di confrontarsi con le sfide pi\u00f9 avanzate del motorsport e di un patrimonio di innovazione che continua ancora oggi. Nelle fotografie conservate dalla Fondazione Pirelli rivive un&#8217;epoca irripetibile, fatta di motori turbo, grandi campioni e pneumatici che hanno contribuito a scrivere alcune delle pagine pi\u00f9 affascinanti della Formula 1.<\/p>","protected":false},"excerpt":{"rendered":"<p>Negli anni Ottanta la Formula 1 vive una delle sue stagioni pi\u00f9 affascinanti. \u00c8 l&#8217;epoca dei motori turbo, delle innovazioni aerodinamiche e di una competizione sempre pi\u00f9 globale. In questo scenario, Pirelli torna protagonista del campionato mondiale, da cui mancava dal 1956, affrontando una sfida tecnologica di altissimo livello e riuscendo a tornare in breve [&hellip;]<\/p>\n","protected":false},"author":1,"featured_media":109188,"comment_status":"open","ping_status":"open","sticky":false,"template":"","format":"standard","meta":{"footnotes":""},"categories":[126,60,62],"tags":[],"class_list":["post-109157","post","type-post","status-publish","format-standard","has-post-thumbnail","hentry","category-archivio-storico","category-iniziative","category-storie-dal-mondo-pirelli"],"acf":[],"yoast_head":"<!-- This site is optimized with the Yoast SEO plugin v25.0 - https:\/\/yoast.com\/wordpress\/plugins\/seo\/ -->\n<title>Pirelli in F1 tra sfide e successi: online le fotografie degli anni Ottanta e Novanta - Fondazione Pirelli<\/title>\n<meta name=\"robots\" content=\"index, follow, max-snippet:-1, max-image-preview:large, max-video-preview:-1\" \/>\n<link rel=\"canonical\" href=\"https:\/\/www.fondazionepirelli.org\/it\/iniziative\/storie-dal-mondo-pirelli\/il-ritorno-di-pirelli-in-f1-tra-sfide-e-successi-online-le-fotografie-degli-anni-ottanta-e-novanta\/\" \/>\n<meta property=\"og:locale\" content=\"it_IT\" \/>\n<meta property=\"og:type\" content=\"article\" \/>\n<meta property=\"og:title\" content=\"Pirelli in F1 tra sfide e successi: online le fotografie degli anni Ottanta e Novanta - Fondazione Pirelli\" \/>\n<meta property=\"og:description\" content=\"Negli anni Ottanta la Formula 1 vive una delle sue stagioni pi\u00f9 affascinanti. \u00c8 l&#8217;epoca dei motori turbo, delle innovazioni aerodinamiche e di una competizione sempre pi\u00f9 globale. In questo scenario, Pirelli torna protagonista del campionato mondiale, da cui mancava dal 1956, affrontando una sfida tecnologica di altissimo livello e riuscendo a tornare in breve [&hellip;]\" \/>\n<meta property=\"og:url\" content=\"https:\/\/www.fondazionepirelli.org\/it\/iniziative\/storie-dal-mondo-pirelli\/il-ritorno-di-pirelli-in-f1-tra-sfide-e-successi-online-le-fotografie-degli-anni-ottanta-e-novanta\/\" \/>\n<meta property=\"og:site_name\" content=\"Fondazione Pirelli\" \/>\n<meta property=\"article:published_time\" content=\"2026-09-03T07:14:21+00:00\" \/>\n<meta property=\"article:modified_time\" content=\"2026-09-03T09:19:28+00:00\" \/>\n<meta property=\"og:image\" content=\"https:\/\/wpsite-assets.fondazionepirelli.org\/wp-content\/uploads\/2026\/09\/03081031\/1984_1.jpg\" \/>\n\t<meta property=\"og:image:width\" content=\"1640\" \/>\n\t<meta property=\"og:image:height\" content=\"1076\" \/>\n\t<meta property=\"og:image:type\" content=\"image\/jpeg\" \/>\n<meta name=\"author\" content=\"fondadmin\" \/>\n<meta name=\"twitter:card\" content=\"summary_large_image\" \/>\n<meta name=\"twitter:label1\" content=\"Scritto da\" \/>\n\t<meta name=\"twitter:data1\" content=\"fondadmin\" \/>\n\t<meta name=\"twitter:label2\" content=\"Tempo di lettura stimato\" \/>\n\t<meta name=\"twitter:data2\" content=\"6 minuti\" \/>\n<script type=\"application\/ld+json\" class=\"yoast-schema-graph\">{\"@context\":\"https:\/\/schema.org\",\"@graph\":[{\"@type\":\"WebPage\",\"@id\":\"https:\/\/www.fondazionepirelli.org\/it\/iniziative\/storie-dal-mondo-pirelli\/il-ritorno-di-pirelli-in-f1-tra-sfide-e-successi-online-le-fotografie-degli-anni-ottanta-e-novanta\/\",\"url\":\"https:\/\/www.fondazionepirelli.org\/it\/iniziative\/storie-dal-mondo-pirelli\/il-ritorno-di-pirelli-in-f1-tra-sfide-e-successi-online-le-fotografie-degli-anni-ottanta-e-novanta\/\",\"name\":\"Pirelli in F1 tra sfide e successi: online le fotografie degli anni Ottanta e Novanta - Fondazione Pirelli\",\"isPartOf\":{\"@id\":\"https:\/\/www.fondazionepirelli.org\/en\/#website\"},\"primaryImageOfPage\":{\"@id\":\"https:\/\/www.fondazionepirelli.org\/it\/iniziative\/storie-dal-mondo-pirelli\/il-ritorno-di-pirelli-in-f1-tra-sfide-e-successi-online-le-fotografie-degli-anni-ottanta-e-novanta\/#primaryimage\"},\"image\":{\"@id\":\"https:\/\/www.fondazionepirelli.org\/it\/iniziative\/storie-dal-mondo-pirelli\/il-ritorno-di-pirelli-in-f1-tra-sfide-e-successi-online-le-fotografie-degli-anni-ottanta-e-novanta\/#primaryimage\"},\"thumbnailUrl\":\"https:\/\/wpsite-assets.fondazionepirelli.org\/wp-content\/uploads\/2026\/09\/03081031\/1984_1.jpg\",\"datePublished\":\"2026-09-03T07:14:21+00:00\",\"dateModified\":\"2026-09-03T09:19:28+00:00\",\"author\":{\"@id\":\"https:\/\/www.fondazionepirelli.org\/en\/#\/schema\/person\/f47d097000832c4a6e54538c791fdf25\"},\"breadcrumb\":{\"@id\":\"https:\/\/www.fondazionepirelli.org\/it\/iniziative\/storie-dal-mondo-pirelli\/il-ritorno-di-pirelli-in-f1-tra-sfide-e-successi-online-le-fotografie-degli-anni-ottanta-e-novanta\/#breadcrumb\"},\"inLanguage\":\"it-IT\",\"potentialAction\":[{\"@type\":\"ReadAction\",\"target\":[\"https:\/\/www.fondazionepirelli.org\/it\/iniziative\/storie-dal-mondo-pirelli\/il-ritorno-di-pirelli-in-f1-tra-sfide-e-successi-online-le-fotografie-degli-anni-ottanta-e-novanta\/\"]}]},{\"@type\":\"ImageObject\",\"inLanguage\":\"it-IT\",\"@id\":\"https:\/\/www.fondazionepirelli.org\/it\/iniziative\/storie-dal-mondo-pirelli\/il-ritorno-di-pirelli-in-f1-tra-sfide-e-successi-online-le-fotografie-degli-anni-ottanta-e-novanta\/#primaryimage\",\"url\":\"https:\/\/wpsite-assets.fondazionepirelli.org\/wp-content\/uploads\/2026\/09\/03081031\/1984_1.jpg\",\"contentUrl\":\"https:\/\/wpsite-assets.fondazionepirelli.org\/wp-content\/uploads\/2026\/09\/03081031\/1984_1.jpg\",\"width\":1640,\"height\":1076},{\"@type\":\"BreadcrumbList\",\"@id\":\"https:\/\/www.fondazionepirelli.org\/it\/iniziative\/storie-dal-mondo-pirelli\/il-ritorno-di-pirelli-in-f1-tra-sfide-e-successi-online-le-fotografie-degli-anni-ottanta-e-novanta\/#breadcrumb\",\"itemListElement\":[{\"@type\":\"ListItem\",\"position\":1,\"name\":\"Home\",\"item\":\"https:\/\/www.fondazionepirelli.org\/it\/\"},{\"@type\":\"ListItem\",\"position\":2,\"name\":\"Pirelli in F1 tra sfide e successi: online le fotografie degli anni Ottanta e Novanta\"}]},{\"@type\":\"WebSite\",\"@id\":\"https:\/\/www.fondazionepirelli.org\/en\/#website\",\"url\":\"https:\/\/www.fondazionepirelli.org\/en\/\",\"name\":\"Fondazione Pirelli\",\"description\":\"\",\"potentialAction\":[{\"@type\":\"SearchAction\",\"target\":{\"@type\":\"EntryPoint\",\"urlTemplate\":\"https:\/\/www.fondazionepirelli.org\/en\/?s={search_term_string}\"},\"query-input\":{\"@type\":\"PropertyValueSpecification\",\"valueRequired\":true,\"valueName\":\"search_term_string\"}}],\"inLanguage\":\"it-IT\"},{\"@type\":\"Person\",\"@id\":\"https:\/\/www.fondazionepirelli.org\/en\/#\/schema\/person\/f47d097000832c4a6e54538c791fdf25\",\"name\":\"fondadmin\",\"image\":{\"@type\":\"ImageObject\",\"inLanguage\":\"it-IT\",\"@id\":\"https:\/\/www.fondazionepirelli.org\/en\/#\/schema\/person\/image\/\",\"url\":\"https:\/\/secure.gravatar.com\/avatar\/e69498a9175ca244966e51e53c88712c024fcebe41f9a05f75657f1bb25e489b?s=96&d=mm&r=g\",\"contentUrl\":\"https:\/\/secure.gravatar.com\/avatar\/e69498a9175ca244966e51e53c88712c024fcebe41f9a05f75657f1bb25e489b?s=96&d=mm&r=g\",\"caption\":\"fondadmin\"}}]}<\/script>\n<!-- \/ Yoast SEO plugin. -->","yoast_head_json":{"title":"Pirelli in F1 tra sfide e successi: online le fotografie degli anni Ottanta e Novanta - Fondazione Pirelli","robots":{"index":"index","follow":"follow","max-snippet":"max-snippet:-1","max-image-preview":"max-image-preview:large","max-video-preview":"max-video-preview:-1"},"canonical":"https:\/\/www.fondazionepirelli.org\/it\/iniziative\/storie-dal-mondo-pirelli\/il-ritorno-di-pirelli-in-f1-tra-sfide-e-successi-online-le-fotografie-degli-anni-ottanta-e-novanta\/","og_locale":"it_IT","og_type":"article","og_title":"Pirelli in F1 tra sfide e successi: online le fotografie degli anni Ottanta e Novanta - Fondazione Pirelli","og_description":"Negli anni Ottanta la Formula 1 vive una delle sue stagioni pi\u00f9 affascinanti. \u00c8 l&#8217;epoca dei motori turbo, delle innovazioni aerodinamiche e di una competizione sempre pi\u00f9 globale. In questo scenario, Pirelli torna protagonista del campionato mondiale, da cui mancava dal 1956, affrontando una sfida tecnologica di altissimo livello e riuscendo a tornare in breve [&hellip;]","og_url":"https:\/\/www.fondazionepirelli.org\/it\/iniziative\/storie-dal-mondo-pirelli\/il-ritorno-di-pirelli-in-f1-tra-sfide-e-successi-online-le-fotografie-degli-anni-ottanta-e-novanta\/","og_site_name":"Fondazione Pirelli","article_published_time":"2026-09-03T07:14:21+00:00","article_modified_time":"2026-09-03T09:19:28+00:00","og_image":[{"width":1640,"height":1076,"url":"https:\/\/wpsite-assets.fondazionepirelli.org\/wp-content\/uploads\/2026\/09\/03081031\/1984_1.jpg","type":"image\/jpeg"}],"author":"fondadmin","twitter_card":"summary_large_image","twitter_misc":{"Scritto da":"fondadmin","Tempo di lettura stimato":"6 minuti"},"schema":{"@context":"https:\/\/schema.org","@graph":[{"@type":"WebPage","@id":"https:\/\/www.fondazionepirelli.org\/it\/iniziative\/storie-dal-mondo-pirelli\/il-ritorno-di-pirelli-in-f1-tra-sfide-e-successi-online-le-fotografie-degli-anni-ottanta-e-novanta\/","url":"https:\/\/www.fondazionepirelli.org\/it\/iniziative\/storie-dal-mondo-pirelli\/il-ritorno-di-pirelli-in-f1-tra-sfide-e-successi-online-le-fotografie-degli-anni-ottanta-e-novanta\/","name":"Pirelli in F1 tra sfide e successi: online le fotografie degli anni Ottanta e Novanta - Fondazione Pirelli","isPartOf":{"@id":"https:\/\/www.fondazionepirelli.org\/en\/#website"},"primaryImageOfPage":{"@id":"https:\/\/www.fondazionepirelli.org\/it\/iniziative\/storie-dal-mondo-pirelli\/il-ritorno-di-pirelli-in-f1-tra-sfide-e-successi-online-le-fotografie-degli-anni-ottanta-e-novanta\/#primaryimage"},"image":{"@id":"https:\/\/www.fondazionepirelli.org\/it\/iniziative\/storie-dal-mondo-pirelli\/il-ritorno-di-pirelli-in-f1-tra-sfide-e-successi-online-le-fotografie-degli-anni-ottanta-e-novanta\/#primaryimage"},"thumbnailUrl":"https:\/\/wpsite-assets.fondazionepirelli.org\/wp-content\/uploads\/2026\/09\/03081031\/1984_1.jpg","datePublished":"2026-09-03T07:14:21+00:00","dateModified":"2026-09-03T09:19:28+00:00","author":{"@id":"https:\/\/www.fondazionepirelli.org\/en\/#\/schema\/person\/f47d097000832c4a6e54538c791fdf25"},"breadcrumb":{"@id":"https:\/\/www.fondazionepirelli.org\/it\/iniziative\/storie-dal-mondo-pirelli\/il-ritorno-di-pirelli-in-f1-tra-sfide-e-successi-online-le-fotografie-degli-anni-ottanta-e-novanta\/#breadcrumb"},"inLanguage":"it-IT","potentialAction":[{"@type":"ReadAction","target":["https:\/\/www.fondazionepirelli.org\/it\/iniziative\/storie-dal-mondo-pirelli\/il-ritorno-di-pirelli-in-f1-tra-sfide-e-successi-online-le-fotografie-degli-anni-ottanta-e-novanta\/"]}]},{"@type":"ImageObject","inLanguage":"it-IT","@id":"https:\/\/www.fondazionepirelli.org\/it\/iniziative\/storie-dal-mondo-pirelli\/il-ritorno-di-pirelli-in-f1-tra-sfide-e-successi-online-le-fotografie-degli-anni-ottanta-e-novanta\/#primaryimage","url":"https:\/\/wpsite-assets.fondazionepirelli.org\/wp-content\/uploads\/2026\/09\/03081031\/1984_1.jpg","contentUrl":"https:\/\/wpsite-assets.fondazionepirelli.org\/wp-content\/uploads\/2026\/09\/03081031\/1984_1.jpg","width":1640,"height":1076},{"@type":"BreadcrumbList","@id":"https:\/\/www.fondazionepirelli.org\/it\/iniziative\/storie-dal-mondo-pirelli\/il-ritorno-di-pirelli-in-f1-tra-sfide-e-successi-online-le-fotografie-degli-anni-ottanta-e-novanta\/#breadcrumb","itemListElement":[{"@type":"ListItem","position":1,"name":"Home","item":"https:\/\/www.fondazionepirelli.org\/it\/"},{"@type":"ListItem","position":2,"name":"Pirelli in F1 tra sfide e successi: online le fotografie degli anni Ottanta e Novanta"}]},{"@type":"WebSite","@id":"https:\/\/www.fondazionepirelli.org\/en\/#website","url":"https:\/\/www.fondazionepirelli.org\/en\/","name":"Fondazione Pirelli","description":"","potentialAction":[{"@type":"SearchAction","target":{"@type":"EntryPoint","urlTemplate":"https:\/\/www.fondazionepirelli.org\/en\/?s={search_term_string}"},"query-input":{"@type":"PropertyValueSpecification","valueRequired":true,"valueName":"search_term_string"}}],"inLanguage":"it-IT"},{"@type":"Person","@id":"https:\/\/www.fondazionepirelli.org\/en\/#\/schema\/person\/f47d097000832c4a6e54538c791fdf25","name":"fondadmin","image":{"@type":"ImageObject","inLanguage":"it-IT","@id":"https:\/\/www.fondazionepirelli.org\/en\/#\/schema\/person\/image\/","url":"https:\/\/secure.gravatar.com\/avatar\/e69498a9175ca244966e51e53c88712c024fcebe41f9a05f75657f1bb25e489b?s=96&d=mm&r=g","contentUrl":"https:\/\/secure.gravatar.com\/avatar\/e69498a9175ca244966e51e53c88712c024fcebe41f9a05f75657f1bb25e489b?s=96&d=mm&r=g","caption":"fondadmin"}}]}},"_links":{"self":[{"href":"https:\/\/www.fondazionepirelli.org\/it\/wp-json\/wp\/v2\/posts\/109157\/"}],"collection":[{"href":"https:\/\/www.fondazionepirelli.org\/it\/wp-json\/wp\/v2\/posts\/"}],"about":[{"href":"https:\/\/www.fondazionepirelli.org\/it\/wp-json\/wp\/v2\/types\/post\/"}],"author":[{"embeddable":true,"href":"https:\/\/www.fondazionepirelli.org\/it\/wp-json\/wp\/v2\/users\/1\/"}],"replies":[{"embeddable":true,"href":"https:\/\/www.fondazionepirelli.org\/it\/wp-json\/wp\/v2\/comments\/?post=109157"}],"version-history":[{"count":2,"href":"https:\/\/www.fondazionepirelli.org\/it\/wp-json\/wp\/v2\/posts\/109157\/revisions\/"}],"predecessor-version":[{"id":109205,"href":"https:\/\/www.fondazionepirelli.org\/it\/wp-json\/wp\/v2\/posts\/109157\/revisions\/109205\/"}],"wp:featuredmedia":[{"embeddable":true,"href":"https:\/\/www.fondazionepirelli.org\/it\/wp-json\/wp\/v2\/media\/109188\/"}],"wp:attachment":[{"href":"https:\/\/www.fondazionepirelli.org\/it\/wp-json\/wp\/v2\/media\/?parent=109157"}],"wp:term":[{"taxonomy":"category","embeddable":true,"href":"https:\/\/www.fondazionepirelli.org\/it\/wp-json\/wp\/v2\/categories\/?post=109157"},{"taxonomy":"post_tag","embeddable":true,"href":"https:\/\/www.fondazionepirelli.org\/it\/wp-json\/wp\/v2\/tags\/?post=109157"}],"curies":[{"name":"wp","href":"https:\/\/api.w.org\/{rel}","templated":true}]}}