{"id":31693,"date":"2015-04-21T00:00:00","date_gmt":"2015-04-21T00:00:00","guid":{"rendered":"http:\/\/www.fondazionepirelli.org\/senza-categoria\/imprese-etiche\/"},"modified":"2020-01-21T12:21:30","modified_gmt":"2020-01-21T11:21:30","slug":"imprese-etiche","status":"publish","type":"post","link":"https:\/\/www.fondazionepirelli.org\/it\/cultura-dimpresa\/imprese-etiche\/","title":{"rendered":"Imprese etiche"},"content":{"rendered":"<p>L\u2019impresa si fa nella realt\u00e0 produttiva di tutti i giorni, ma anche nelle aule e nella formazione economica che in un Paese vengono organizzate e diffuse. E, d\u2019altra parte, la stessa cultura d\u2019impresa nasce e prende forma \u00a0non solo dalla \u201cfabbrica\u201d in se\u2019 stessa, ma anche dall\u2019ambiente sociale, umano e culturale nel quale l\u2019azienda \u00e8 immersa e al quale la stessa attivit\u00e0 aziendale d\u00e0 in ogni sua fase di vita. \u00a0Capire gli intrecci di questa \u00a0situazione, \u00e8 fondamentale per far crescere in maniera equilibrata produzione e societ\u00e0.<\/p><p>Per questo, \u00a0fa bene leggere \u201cConcezioni d\u2019impresa in competizione\u201d di Mario Molteni \u00a0(Ordinario di Economia aziendale \u00a0all\u2019Universit\u00e0 Cattolica del Sacro Cuore di Milano), un saggio apparso recentemente su Impresa Progetto \u2013 Electronic Journal of Management, certamente non sempre facile da affrontare, ma denso di idee e intuizioni che vale la pena avere sotto mano.<\/p><p>Molteni cerca di mettere insieme il concetto di azienda di produzione, quello d\u2019impresa e del suo comportamento nei confronti dell\u2019etica e del mondo che si muove attorno ad essa, quello della necessit\u00e0 di tornare proprio ad affrontare anche i valori etici profondi che l\u2019attivit\u00e0 produttiva porta con se\u2019. \u00a0\u201cLe decisioni \u2013 dice Molteni nelle premesse che fanno da base al suo ragionamento -, implicano una responsabilit\u00e0 e assumono, dunque, una valenza etica. \u00c8 astratta e, dunque, profondamente errata l\u2019impostazione per la quale ci sarebbe una prospettiva \u2018aziendale\u2019 della scelta sulla quale, in un secondo tempo e a discrezione del decisore, si pu\u00f2 innestare un punto di vista \u2018etico\u2019, che porta a considerare l\u2019impatto della decisione nei confronti di tutti i soggetti coinvolti\u201d. Impresa responsabile, dunque, ma anche pienamente consapevole degli effetti plurimi e densi che ottiene con il suo fare. Impresa che, fra l\u2019altro, deve anche rendersi conto del \u201cnon poter essere neutrale\u201d nei confronti dell\u2019ambiente in cui si muove ma pure del fatto che il suo \u00e8 un \u201climitato potere di influsso\u201d sulle cose e sugli uomini.<\/p><p>E\u2019, come si \u00e8 detto, da queste premesse che Molteni costruisce il suo modo di vedere l\u2019impresa e, soprattutto, la sua idea di formazione alla cultura d\u2019impresa. Un approccio nel l\u2019etica e la responsabilit\u00e0 sociale hanno ruoli di primo piano accanto ovviamente alla necessit\u00e0 di una corretta gestione.<\/p><p>Molteni quindi percorre alcune azioni che potrebbero essere intraprese per migliorare da un lato la formazione della cultura d\u2019impresa e dall\u2019altro la sua realizzazione pratica. La nuova impresa si costruisce, quindi, \u201cgettando pounti con altre teorie\u201d, recependo \u201ci nuovi stimoli dell\u2019ambiente\u201d, promuovendo \u201ccasi capaci di suscitare ammirazione\u201d, studiando e diffondendo quella \u201cresponsabilit\u00e0 d\u2019impresa\u201d che sempre di pi\u00f9 appare come una delle strade maestre per far crescere gli effetti positivi dell\u2019attivit\u00e0 aziendale nella societ\u00e0. Ma anche cercando di far crescere \u201cimprenditori di concezioni armoniche d\u2019impresa\u201d. Ad ogni azione Molteni dedica un capitolo del suo saggio.<\/p><p>Il risultato finale di questo percorso \u00e8 una prospettiva diversa da quella del passato, che punta a realizzare per \u00a0davvero una \u201cdimensione etico-valoriale nel governo delle aziende\u201d. Non un disegno utopico, ma qualcosa che nel ragionamento di Molteni \u00e8 necessario e raggiungibile.<\/p><p><strong>Concezioni d\u2019impresa in competizione<\/strong><\/p>\n<p>Mario Molteni<\/p>\n<p>Impresa Progetto &#8211; Electronic Journal of Management<\/p>\n<p>n. 3 \u2013 2014<\/p>\n<p><strong><a title=\"Concezione d'impresa\" href=\"https:\/\/wpsite-assets.fondazionepirelli.org\/wp-content\/uploads\/2015\/04\/21122101\/saggio_molteni.pdf\" target=\"_blank\" rel=\"noopener noreferrer\">Download pdf<\/a><\/strong><\/p>\n","protected":false},"excerpt":{"rendered":"<p>L\u2019impresa si fa nella realt\u00e0 produttiva di tutti i giorni, ma anche nelle aule e nella formazione economica che in un Paese vengono organizzate e diffuse. E, d\u2019altra parte, la stessa cultura d\u2019impresa nasce e prende forma \u00a0non solo dalla \u201cfabbrica\u201d in se\u2019 stessa, ma anche dall\u2019ambiente sociale, umano e culturale nel quale l\u2019azienda \u00e8 [&hellip;]<\/p>\n","protected":false},"author":6,"featured_media":0,"comment_status":"open","ping_status":"open","sticky":false,"template":"","format":"standard","meta":{"footnotes":""},"categories":[54,52],"tags":[],"class_list":["post-31693","post","type-post","status-publish","format-standard","hentry","category-approfondimenti","category-cultura-dimpresa"],"acf":[],"yoast_head":"<!-- This site is optimized with the Yoast SEO plugin v25.0 - https:\/\/yoast.com\/wordpress\/plugins\/seo\/ -->\n<title>Imprese etiche - Fondazione Pirelli<\/title>\n<meta name=\"robots\" content=\"index, follow, max-snippet:-1, max-image-preview:large, max-video-preview:-1\" \/>\n<link rel=\"canonical\" href=\"https:\/\/www.fondazionepirelli.org\/it\/cultura-dimpresa\/imprese-etiche\/\" \/>\n<meta property=\"og:locale\" content=\"it_IT\" \/>\n<meta property=\"og:type\" content=\"article\" \/>\n<meta property=\"og:title\" content=\"Imprese etiche - Fondazione Pirelli\" \/>\n<meta property=\"og:description\" content=\"L\u2019impresa si fa nella realt\u00e0 produttiva di tutti i giorni, ma anche nelle aule e nella formazione economica che in un Paese vengono organizzate e diffuse. E, d\u2019altra parte, la stessa cultura d\u2019impresa nasce e prende forma \u00a0non solo dalla \u201cfabbrica\u201d in se\u2019 stessa, ma anche dall\u2019ambiente sociale, umano e culturale nel quale l\u2019azienda \u00e8 [&hellip;]\" \/>\n<meta property=\"og:url\" content=\"https:\/\/127.0.0.1\/it\/cultura-dimpresa\/imprese-etiche\/\" \/>\n<meta property=\"og:site_name\" content=\"Fondazione Pirelli\" \/>\n<meta property=\"article:published_time\" content=\"2015-04-21T00:00:00+00:00\" \/>\n<meta property=\"article:modified_time\" content=\"2020-01-21T11:21:30+00:00\" \/>\n<meta name=\"author\" content=\"redazione\" \/>\n<meta name=\"twitter:card\" content=\"summary_large_image\" \/>\n<meta name=\"twitter:label1\" content=\"Scritto da\" \/>\n\t<meta name=\"twitter:data1\" content=\"redazione\" \/>\n\t<meta name=\"twitter:label2\" content=\"Tempo di lettura stimato\" \/>\n\t<meta name=\"twitter:data2\" content=\"3 minuti\" \/>\n<script type=\"application\/ld+json\" class=\"yoast-schema-graph\">{\"@context\":\"https:\/\/schema.org\",\"@graph\":[{\"@type\":\"WebPage\",\"@id\":\"https:\/\/127.0.0.1\/it\/cultura-dimpresa\/imprese-etiche\/\",\"url\":\"https:\/\/127.0.0.1\/it\/cultura-dimpresa\/imprese-etiche\/\",\"name\":\"Imprese etiche - Fondazione Pirelli\",\"isPartOf\":{\"@id\":\"https:\/\/www.fondazionepirelli.org\/it\/#website\"},\"datePublished\":\"2015-04-21T00:00:00+00:00\",\"dateModified\":\"2020-01-21T11:21:30+00:00\",\"author\":{\"@id\":\"https:\/\/www.fondazionepirelli.org\/it\/#\/schema\/person\/061b577153001c904dca41e68b821b49\"},\"breadcrumb\":{\"@id\":\"https:\/\/127.0.0.1\/it\/cultura-dimpresa\/imprese-etiche\/#breadcrumb\"},\"inLanguage\":\"it-IT\",\"potentialAction\":[{\"@type\":\"ReadAction\",\"target\":[\"https:\/\/127.0.0.1\/it\/cultura-dimpresa\/imprese-etiche\/\"]}]},{\"@type\":\"BreadcrumbList\",\"@id\":\"https:\/\/127.0.0.1\/it\/cultura-dimpresa\/imprese-etiche\/#breadcrumb\",\"itemListElement\":[{\"@type\":\"ListItem\",\"position\":1,\"name\":\"Home\",\"item\":\"https:\/\/www.fondazionepirelli.org\/it\/\"},{\"@type\":\"ListItem\",\"position\":2,\"name\":\"Imprese etiche\"}]},{\"@type\":\"WebSite\",\"@id\":\"https:\/\/www.fondazionepirelli.org\/it\/#website\",\"url\":\"https:\/\/www.fondazionepirelli.org\/it\/\",\"name\":\"Fondazione Pirelli\",\"description\":\"\",\"potentialAction\":[{\"@type\":\"SearchAction\",\"target\":{\"@type\":\"EntryPoint\",\"urlTemplate\":\"https:\/\/www.fondazionepirelli.org\/it\/?s={search_term_string}\"},\"query-input\":{\"@type\":\"PropertyValueSpecification\",\"valueRequired\":true,\"valueName\":\"search_term_string\"}}],\"inLanguage\":\"it-IT\"},{\"@type\":\"Person\",\"@id\":\"https:\/\/www.fondazionepirelli.org\/it\/#\/schema\/person\/061b577153001c904dca41e68b821b49\",\"name\":\"redazione\",\"image\":{\"@type\":\"ImageObject\",\"inLanguage\":\"it-IT\",\"@id\":\"https:\/\/www.fondazionepirelli.org\/it\/#\/schema\/person\/image\/\",\"url\":\"https:\/\/secure.gravatar.com\/avatar\/?s=96&d=mm&r=g\",\"contentUrl\":\"https:\/\/secure.gravatar.com\/avatar\/?s=96&d=mm&r=g\",\"caption\":\"redazione\"},\"url\":\"https:\/\/www.fondazionepirelli.org\/it\/author\/redazione\/\"}]}<\/script>\n<!-- \/ Yoast SEO plugin. -->","yoast_head_json":{"title":"Imprese etiche - Fondazione Pirelli","robots":{"index":"index","follow":"follow","max-snippet":"max-snippet:-1","max-image-preview":"max-image-preview:large","max-video-preview":"max-video-preview:-1"},"canonical":"https:\/\/www.fondazionepirelli.org\/it\/cultura-dimpresa\/imprese-etiche\/","og_locale":"it_IT","og_type":"article","og_title":"Imprese etiche - Fondazione Pirelli","og_description":"L\u2019impresa si fa nella realt\u00e0 produttiva di tutti i giorni, ma anche nelle aule e nella formazione economica che in un Paese vengono organizzate e diffuse. E, d\u2019altra parte, la stessa cultura d\u2019impresa nasce e prende forma \u00a0non solo dalla \u201cfabbrica\u201d in se\u2019 stessa, ma anche dall\u2019ambiente sociale, umano e culturale nel quale l\u2019azienda \u00e8 [&hellip;]","og_url":"https:\/\/127.0.0.1\/it\/cultura-dimpresa\/imprese-etiche\/","og_site_name":"Fondazione Pirelli","article_published_time":"2015-04-21T00:00:00+00:00","article_modified_time":"2020-01-21T11:21:30+00:00","author":"redazione","twitter_card":"summary_large_image","twitter_misc":{"Scritto da":"redazione","Tempo di lettura stimato":"3 minuti"},"schema":{"@context":"https:\/\/schema.org","@graph":[{"@type":"WebPage","@id":"https:\/\/127.0.0.1\/it\/cultura-dimpresa\/imprese-etiche\/","url":"https:\/\/127.0.0.1\/it\/cultura-dimpresa\/imprese-etiche\/","name":"Imprese etiche - Fondazione Pirelli","isPartOf":{"@id":"https:\/\/www.fondazionepirelli.org\/it\/#website"},"datePublished":"2015-04-21T00:00:00+00:00","dateModified":"2020-01-21T11:21:30+00:00","author":{"@id":"https:\/\/www.fondazionepirelli.org\/it\/#\/schema\/person\/061b577153001c904dca41e68b821b49"},"breadcrumb":{"@id":"https:\/\/127.0.0.1\/it\/cultura-dimpresa\/imprese-etiche\/#breadcrumb"},"inLanguage":"it-IT","potentialAction":[{"@type":"ReadAction","target":["https:\/\/127.0.0.1\/it\/cultura-dimpresa\/imprese-etiche\/"]}]},{"@type":"BreadcrumbList","@id":"https:\/\/127.0.0.1\/it\/cultura-dimpresa\/imprese-etiche\/#breadcrumb","itemListElement":[{"@type":"ListItem","position":1,"name":"Home","item":"https:\/\/www.fondazionepirelli.org\/it\/"},{"@type":"ListItem","position":2,"name":"Imprese etiche"}]},{"@type":"WebSite","@id":"https:\/\/www.fondazionepirelli.org\/it\/#website","url":"https:\/\/www.fondazionepirelli.org\/it\/","name":"Fondazione Pirelli","description":"","potentialAction":[{"@type":"SearchAction","target":{"@type":"EntryPoint","urlTemplate":"https:\/\/www.fondazionepirelli.org\/it\/?s={search_term_string}"},"query-input":{"@type":"PropertyValueSpecification","valueRequired":true,"valueName":"search_term_string"}}],"inLanguage":"it-IT"},{"@type":"Person","@id":"https:\/\/www.fondazionepirelli.org\/it\/#\/schema\/person\/061b577153001c904dca41e68b821b49","name":"redazione","image":{"@type":"ImageObject","inLanguage":"it-IT","@id":"https:\/\/www.fondazionepirelli.org\/it\/#\/schema\/person\/image\/","url":"https:\/\/secure.gravatar.com\/avatar\/?s=96&d=mm&r=g","contentUrl":"https:\/\/secure.gravatar.com\/avatar\/?s=96&d=mm&r=g","caption":"redazione"},"url":"https:\/\/www.fondazionepirelli.org\/it\/author\/redazione\/"}]}},"_links":{"self":[{"href":"https:\/\/www.fondazionepirelli.org\/it\/wp-json\/wp\/v2\/posts\/31693\/"}],"collection":[{"href":"https:\/\/www.fondazionepirelli.org\/it\/wp-json\/wp\/v2\/posts\/"}],"about":[{"href":"https:\/\/www.fondazionepirelli.org\/it\/wp-json\/wp\/v2\/types\/post\/"}],"author":[{"embeddable":true,"href":"https:\/\/www.fondazionepirelli.org\/it\/wp-json\/wp\/v2\/users\/6\/"}],"replies":[{"embeddable":true,"href":"https:\/\/www.fondazionepirelli.org\/it\/wp-json\/wp\/v2\/comments\/?post=31693"}],"version-history":[{"count":2,"href":"https:\/\/www.fondazionepirelli.org\/it\/wp-json\/wp\/v2\/posts\/31693\/revisions\/"}],"predecessor-version":[{"id":74191,"href":"https:\/\/www.fondazionepirelli.org\/it\/wp-json\/wp\/v2\/posts\/31693\/revisions\/74191\/"}],"wp:attachment":[{"href":"https:\/\/www.fondazionepirelli.org\/it\/wp-json\/wp\/v2\/media\/?parent=31693"}],"wp:term":[{"taxonomy":"category","embeddable":true,"href":"https:\/\/www.fondazionepirelli.org\/it\/wp-json\/wp\/v2\/categories\/?post=31693"},{"taxonomy":"post_tag","embeddable":true,"href":"https:\/\/www.fondazionepirelli.org\/it\/wp-json\/wp\/v2\/tags\/?post=31693"}],"curies":[{"name":"wp","href":"https:\/\/api.w.org\/{rel}","templated":true}]}}