{"id":31698,"date":"2015-05-19T00:00:00","date_gmt":"2015-05-19T00:00:00","guid":{"rendered":"http:\/\/www.fondazionepirelli.org\/senza-categoria\/la-cultura-dellimpresa-cooperativa\/"},"modified":"2022-06-15T12:15:39","modified_gmt":"2022-06-15T11:15:39","slug":"la-cultura-dellimpresa-cooperativa","status":"publish","type":"post","link":"https:\/\/www.fondazionepirelli.org\/it\/cultura-dimpresa\/la-cultura-dellimpresa-cooperativa\/","title":{"rendered":"La cultura dell&#8217;impresa cooperativa"},"content":{"rendered":"<p>Anche le cooperative sono imprese, seppur particolari. Organizzazione, gestione, gerarchie, pulsioni e tensioni creative sono, di fatto, le stesse. Certo cambia il fine ultimo &#8211; il profitto imprenditoriale -, ma anche una cooperativa vive animata da una propria cultura che guida e spinge in avanti l&#8217;intero meccanismo della produzione. Capire come, quindi, \u00e8 importante. Anche tenendo conto di quanta parte detiene la cooperazione nell&#8217;economia nazionale.<\/p>\n<p>\u00c8 interessante, quindi, leggere &#8220;L&#8217;identikit della cooperazione italiana nel XXI secolo&#8221; tesi scritta da Eleonora Mancini per il Corso di Politica economica e Gestione delle risorse umane dell&#8217;Universit\u00e0 di Roma Tre.<\/p>\n<p>L&#8217;obiettivo del lavoro \u00e8 quello di mettere a fuoco l\u2019evoluzione delle imprese cooperative italiane e scattare una istantanea dello stato della cooperazione oggi. Eleonora Mancini parte da una considerazione di base: le cooperative hanno profondi significati sociali e umani. Ma anche un ben radicato substrato sociale che d\u00e0 forma alla loro cultura d&#8217;impresa.<\/p>\n<p>Il lavoro, quindi, \u00e8 un esame accurato della cooperazione in Italia che parte dai &#8220;caratteri&#8221; dell&#8217;uomo cooperativo per arrivare alle tipologie delle imprese cooperative, ai loro cicli di vita e alla descrizione del loro comportamento nei momenti di crisi. Poi, il lavoro continua esaminando i punti di forza e di debolezza della cooperazione, le sue necessit\u00e0 e il rapporto con il mercato del lavoro italiano. Tutto si conclude con l&#8217;indicazione del possibile ruolo della cooperazione per superare l&#8217;attuale fase di crisi.<\/p>\n<p>Il lavoro prodotto da Eleonora Mancini pu\u00f2 cos\u00ec essere un buon vademecum per capire meglio la cultura e la situazione dell&#8217;impresa cooperativa, un testo che si caratterizza per \u00a0brevit\u00e0 di lettura e chiarezza d&#8217;esposizione. \u00c8 interessante, fra gli altri, questo passaggio: \u201cLa cooperazione \u00e8 un fenomeno a elevato grado di cambiamento. \u00c8 certamente una potenzialit\u00e0, ma le sue possibilit\u00e0 molteplici sono indeterminabili a causa dell\u2019intrico delle variabili in gioco, delle circostanze ambientali e storiche e dei condizionamenti che la \u201cformazione sociale\u201d capitalistica esercita su di essa. Ci sono coloro che considerano la cooperativa come una forma di impresa ormai superata, un bel ricordo del passato, un modo di fare economia che esalta la solidariet\u00e0, ma che ormai \u00e8 divenuto inopportuno. Chi pensa questo sbaglia. Il valore della cooperazione \u00e8 tutto nel presente, nella persistenza delle sue potenzialit\u00e0 sia come \u201csistema di imprese\u201d, sia come \u201cmovimento sociale\u201d.<\/p>\n<p>Le pagine della Mancini, nella loro sintesi, servono proprio per capire di pi\u00f9 tutto questo.<\/p><p><strong>L&#8217;indentikit della cooperazione italiana nel XXI secolo<\/strong><\/p>\n<p>Eleonora Mancini<\/p>\n<p>Facolt\u00e0 di Scienze della formazione Laurea triennale in Formazione e Risorse Umane Corso di Politica economica e Gestione delle risorse umane, 2014-2015<\/p>\n","protected":false},"excerpt":{"rendered":"<p>Anche le cooperative sono imprese, seppur particolari. Organizzazione, gestione, gerarchie, pulsioni e tensioni creative sono, di fatto, le stesse. Certo cambia il fine ultimo &#8211; il profitto imprenditoriale -, ma anche una cooperativa vive animata da una propria cultura che guida e spinge in avanti l&#8217;intero meccanismo della produzione. Capire come, quindi, \u00e8 importante. Anche [&hellip;]<\/p>\n","protected":false},"author":6,"featured_media":0,"comment_status":"open","ping_status":"open","sticky":false,"template":"","format":"standard","meta":{"footnotes":""},"categories":[54,52],"tags":[],"class_list":["post-31698","post","type-post","status-publish","format-standard","hentry","category-approfondimenti","category-cultura-dimpresa"],"acf":[],"yoast_head":"<!-- This site is optimized with the Yoast SEO plugin v25.0 - https:\/\/yoast.com\/wordpress\/plugins\/seo\/ -->\n<title>La cultura dell&#039;impresa cooperativa - Fondazione Pirelli<\/title>\n<meta name=\"robots\" content=\"index, follow, max-snippet:-1, max-image-preview:large, max-video-preview:-1\" \/>\n<link rel=\"canonical\" href=\"https:\/\/www.fondazionepirelli.org\/it\/cultura-dimpresa\/la-cultura-dellimpresa-cooperativa\/\" \/>\n<meta property=\"og:locale\" content=\"it_IT\" \/>\n<meta property=\"og:type\" content=\"article\" \/>\n<meta property=\"og:title\" content=\"La cultura dell&#039;impresa cooperativa - Fondazione Pirelli\" \/>\n<meta property=\"og:description\" content=\"Anche le cooperative sono imprese, seppur particolari. Organizzazione, gestione, gerarchie, pulsioni e tensioni creative sono, di fatto, le stesse. Certo cambia il fine ultimo &#8211; il profitto imprenditoriale -, ma anche una cooperativa vive animata da una propria cultura che guida e spinge in avanti l&#8217;intero meccanismo della produzione. Capire come, quindi, \u00e8 importante. Anche [&hellip;]\" \/>\n<meta property=\"og:url\" content=\"https:\/\/www.fondazionepirelli.org\/it\/cultura-dimpresa\/la-cultura-dellimpresa-cooperativa\/\" \/>\n<meta property=\"og:site_name\" content=\"Fondazione Pirelli\" \/>\n<meta property=\"article:published_time\" content=\"2015-05-19T00:00:00+00:00\" \/>\n<meta property=\"article:modified_time\" content=\"2022-06-15T11:15:39+00:00\" \/>\n<meta name=\"author\" content=\"redazione\" \/>\n<meta name=\"twitter:card\" content=\"summary_large_image\" \/>\n<meta name=\"twitter:label1\" content=\"Scritto da\" \/>\n\t<meta name=\"twitter:data1\" content=\"redazione\" \/>\n\t<meta name=\"twitter:label2\" content=\"Tempo di lettura stimato\" \/>\n\t<meta name=\"twitter:data2\" content=\"2 minuti\" \/>\n<script type=\"application\/ld+json\" class=\"yoast-schema-graph\">{\"@context\":\"https:\/\/schema.org\",\"@graph\":[{\"@type\":\"WebPage\",\"@id\":\"https:\/\/www.fondazionepirelli.org\/it\/cultura-dimpresa\/la-cultura-dellimpresa-cooperativa\/\",\"url\":\"https:\/\/www.fondazionepirelli.org\/it\/cultura-dimpresa\/la-cultura-dellimpresa-cooperativa\/\",\"name\":\"La cultura dell'impresa cooperativa - Fondazione Pirelli\",\"isPartOf\":{\"@id\":\"https:\/\/www.fondazionepirelli.org\/it\/#website\"},\"datePublished\":\"2015-05-19T00:00:00+00:00\",\"dateModified\":\"2022-06-15T11:15:39+00:00\",\"author\":{\"@id\":\"https:\/\/www.fondazionepirelli.org\/it\/#\/schema\/person\/061b577153001c904dca41e68b821b49\"},\"breadcrumb\":{\"@id\":\"https:\/\/www.fondazionepirelli.org\/it\/cultura-dimpresa\/la-cultura-dellimpresa-cooperativa\/#breadcrumb\"},\"inLanguage\":\"it-IT\",\"potentialAction\":[{\"@type\":\"ReadAction\",\"target\":[\"https:\/\/www.fondazionepirelli.org\/it\/cultura-dimpresa\/la-cultura-dellimpresa-cooperativa\/\"]}]},{\"@type\":\"BreadcrumbList\",\"@id\":\"https:\/\/www.fondazionepirelli.org\/it\/cultura-dimpresa\/la-cultura-dellimpresa-cooperativa\/#breadcrumb\",\"itemListElement\":[{\"@type\":\"ListItem\",\"position\":1,\"name\":\"Home\",\"item\":\"https:\/\/www.fondazionepirelli.org\/it\/\"},{\"@type\":\"ListItem\",\"position\":2,\"name\":\"La cultura dell&#8217;impresa cooperativa\"}]},{\"@type\":\"WebSite\",\"@id\":\"https:\/\/www.fondazionepirelli.org\/it\/#website\",\"url\":\"https:\/\/www.fondazionepirelli.org\/it\/\",\"name\":\"Fondazione Pirelli\",\"description\":\"\",\"potentialAction\":[{\"@type\":\"SearchAction\",\"target\":{\"@type\":\"EntryPoint\",\"urlTemplate\":\"https:\/\/www.fondazionepirelli.org\/it\/?s={search_term_string}\"},\"query-input\":{\"@type\":\"PropertyValueSpecification\",\"valueRequired\":true,\"valueName\":\"search_term_string\"}}],\"inLanguage\":\"it-IT\"},{\"@type\":\"Person\",\"@id\":\"https:\/\/www.fondazionepirelli.org\/it\/#\/schema\/person\/061b577153001c904dca41e68b821b49\",\"name\":\"redazione\",\"image\":{\"@type\":\"ImageObject\",\"inLanguage\":\"it-IT\",\"@id\":\"https:\/\/www.fondazionepirelli.org\/it\/#\/schema\/person\/image\/\",\"url\":\"https:\/\/secure.gravatar.com\/avatar\/?s=96&d=mm&r=g\",\"contentUrl\":\"https:\/\/secure.gravatar.com\/avatar\/?s=96&d=mm&r=g\",\"caption\":\"redazione\"},\"url\":\"https:\/\/www.fondazionepirelli.org\/it\/author\/redazione\/\"}]}<\/script>\n<!-- \/ Yoast SEO plugin. -->","yoast_head_json":{"title":"La cultura dell'impresa cooperativa - Fondazione Pirelli","robots":{"index":"index","follow":"follow","max-snippet":"max-snippet:-1","max-image-preview":"max-image-preview:large","max-video-preview":"max-video-preview:-1"},"canonical":"https:\/\/www.fondazionepirelli.org\/it\/cultura-dimpresa\/la-cultura-dellimpresa-cooperativa\/","og_locale":"it_IT","og_type":"article","og_title":"La cultura dell'impresa cooperativa - Fondazione Pirelli","og_description":"Anche le cooperative sono imprese, seppur particolari. Organizzazione, gestione, gerarchie, pulsioni e tensioni creative sono, di fatto, le stesse. Certo cambia il fine ultimo &#8211; il profitto imprenditoriale -, ma anche una cooperativa vive animata da una propria cultura che guida e spinge in avanti l&#8217;intero meccanismo della produzione. Capire come, quindi, \u00e8 importante. Anche [&hellip;]","og_url":"https:\/\/www.fondazionepirelli.org\/it\/cultura-dimpresa\/la-cultura-dellimpresa-cooperativa\/","og_site_name":"Fondazione Pirelli","article_published_time":"2015-05-19T00:00:00+00:00","article_modified_time":"2022-06-15T11:15:39+00:00","author":"redazione","twitter_card":"summary_large_image","twitter_misc":{"Scritto da":"redazione","Tempo di lettura stimato":"2 minuti"},"schema":{"@context":"https:\/\/schema.org","@graph":[{"@type":"WebPage","@id":"https:\/\/www.fondazionepirelli.org\/it\/cultura-dimpresa\/la-cultura-dellimpresa-cooperativa\/","url":"https:\/\/www.fondazionepirelli.org\/it\/cultura-dimpresa\/la-cultura-dellimpresa-cooperativa\/","name":"La cultura dell'impresa cooperativa - Fondazione Pirelli","isPartOf":{"@id":"https:\/\/www.fondazionepirelli.org\/it\/#website"},"datePublished":"2015-05-19T00:00:00+00:00","dateModified":"2022-06-15T11:15:39+00:00","author":{"@id":"https:\/\/www.fondazionepirelli.org\/it\/#\/schema\/person\/061b577153001c904dca41e68b821b49"},"breadcrumb":{"@id":"https:\/\/www.fondazionepirelli.org\/it\/cultura-dimpresa\/la-cultura-dellimpresa-cooperativa\/#breadcrumb"},"inLanguage":"it-IT","potentialAction":[{"@type":"ReadAction","target":["https:\/\/www.fondazionepirelli.org\/it\/cultura-dimpresa\/la-cultura-dellimpresa-cooperativa\/"]}]},{"@type":"BreadcrumbList","@id":"https:\/\/www.fondazionepirelli.org\/it\/cultura-dimpresa\/la-cultura-dellimpresa-cooperativa\/#breadcrumb","itemListElement":[{"@type":"ListItem","position":1,"name":"Home","item":"https:\/\/www.fondazionepirelli.org\/it\/"},{"@type":"ListItem","position":2,"name":"La cultura dell&#8217;impresa cooperativa"}]},{"@type":"WebSite","@id":"https:\/\/www.fondazionepirelli.org\/it\/#website","url":"https:\/\/www.fondazionepirelli.org\/it\/","name":"Fondazione Pirelli","description":"","potentialAction":[{"@type":"SearchAction","target":{"@type":"EntryPoint","urlTemplate":"https:\/\/www.fondazionepirelli.org\/it\/?s={search_term_string}"},"query-input":{"@type":"PropertyValueSpecification","valueRequired":true,"valueName":"search_term_string"}}],"inLanguage":"it-IT"},{"@type":"Person","@id":"https:\/\/www.fondazionepirelli.org\/it\/#\/schema\/person\/061b577153001c904dca41e68b821b49","name":"redazione","image":{"@type":"ImageObject","inLanguage":"it-IT","@id":"https:\/\/www.fondazionepirelli.org\/it\/#\/schema\/person\/image\/","url":"https:\/\/secure.gravatar.com\/avatar\/?s=96&d=mm&r=g","contentUrl":"https:\/\/secure.gravatar.com\/avatar\/?s=96&d=mm&r=g","caption":"redazione"},"url":"https:\/\/www.fondazionepirelli.org\/it\/author\/redazione\/"}]}},"_links":{"self":[{"href":"https:\/\/www.fondazionepirelli.org\/it\/wp-json\/wp\/v2\/posts\/31698\/"}],"collection":[{"href":"https:\/\/www.fondazionepirelli.org\/it\/wp-json\/wp\/v2\/posts\/"}],"about":[{"href":"https:\/\/www.fondazionepirelli.org\/it\/wp-json\/wp\/v2\/types\/post\/"}],"author":[{"embeddable":true,"href":"https:\/\/www.fondazionepirelli.org\/it\/wp-json\/wp\/v2\/users\/6\/"}],"replies":[{"embeddable":true,"href":"https:\/\/www.fondazionepirelli.org\/it\/wp-json\/wp\/v2\/comments\/?post=31698"}],"version-history":[{"count":5,"href":"https:\/\/www.fondazionepirelli.org\/it\/wp-json\/wp\/v2\/posts\/31698\/revisions\/"}],"predecessor-version":[{"id":89949,"href":"https:\/\/www.fondazionepirelli.org\/it\/wp-json\/wp\/v2\/posts\/31698\/revisions\/89949\/"}],"wp:attachment":[{"href":"https:\/\/www.fondazionepirelli.org\/it\/wp-json\/wp\/v2\/media\/?parent=31698"}],"wp:term":[{"taxonomy":"category","embeddable":true,"href":"https:\/\/www.fondazionepirelli.org\/it\/wp-json\/wp\/v2\/categories\/?post=31698"},{"taxonomy":"post_tag","embeddable":true,"href":"https:\/\/www.fondazionepirelli.org\/it\/wp-json\/wp\/v2\/tags\/?post=31698"}],"curies":[{"name":"wp","href":"https:\/\/api.w.org\/{rel}","templated":true}]}}