{"id":31721,"date":"2015-11-10T00:00:00","date_gmt":"2015-11-10T00:00:00","guid":{"rendered":"http:\/\/www.fondazionepirelli.org\/senza-categoria\/welfare-competitivo\/"},"modified":"2020-01-22T11:35:43","modified_gmt":"2020-01-22T10:35:43","slug":"welfare-competitivo","status":"publish","type":"post","link":"https:\/\/www.fondazionepirelli.org\/it\/cultura-dimpresa\/welfare-competitivo\/","title":{"rendered":"Welfare competitivo"},"content":{"rendered":"<p>L\u2019impresa \u00e8 fatta di uomini e donne, imprenditori ma non solo, manager ma anche impiegati e operai. Tutto e tutti concorrono a fare dell\u2019azienda qualcosa di vivo, che si trasforma in impresa e quindi in un\u2019organizzazione che \u00e8 pi\u00f9 delle sue parti e che produce profitto ma non solo. In tempi difficili, poi, accanto al risultato di bilancio, occorre metterci anche dell\u2019altro. E\u2019 il tempo della responsabilit\u00e0 sociale d\u2019impresa, ma anche del ritorno del welfare aziendale che, anni fa, ha caratterizzato molti dei pi\u00f9 bei nomi dell\u2019industria nazionale.<\/p><p>Oggi il welfare ma d\u2019impresa va posto accanto alle nuove modalit\u00e0 contrattuali e di contrattazione. Pu\u00f2 essere interessante e utile, quindi, attingere informazioni anche dal lavoro di Anna M. Ponzellini (dell\u2019Universit\u00e0 di Bergamo e di Brescia), Egidio Riva (dell\u2019Universit\u00e0 cattolica del Sacro Cuore di Milano), ed Elena Scippa (del Dipartimento di Sociologia dell\u2019Universit\u00e0 cattolica del Sacro Cuore di Milano) che in \u00a0\u201cIl welfare aziendale: evidenze dalla contrattazione\u201d esplorano i legami fra nuovo welfare e nuove modalit\u00e0 di rapporto fra lavoro, impresa e organizzazioni sindacali.<\/p><p>L\u2019articolo parte da una serie di constatazioni importanti.<\/p>\n<p>\u201cLa \u00abgrande recessione\u00bb che ha investito l\u2019economia globale \u2013 spiegano i tre autori -, ha senza dubbio accelerato quella tendenza alla contrazione della spesa pubblica, pi\u00f9 in particolare della spesa sociale, che era gi\u00e0 divenuta visibile a partire dagli anni ottanta del secolo passato\u201d. Crisi e meno soldi, insomma, hanno spinto ad esplorare nuovi territori, ma per i tre ricercatori, \u201cla vera novit\u00e0 della riflessione in corso sembra essere, piuttosto, l\u2019interesse per il ruolo svolto dalle imprese nell\u2019offerta di prestazioni di welfare, sia come esito della contrattazione nazionale o decentrata, sia come risultato di liberalit\u00e0 e iniziative unilaterali\u201d.<\/p><p>Ma come? Ponzellini, Riva e Scippa per dare una risposta lavorano sui dati dell\u2019Osservatorio sulla contrattazione di Cisl Lombardia. Pi\u00f9 in particolare, su quelli delle intese aziendali sottoscritte tra il 2005 e il 2013 in imprese lombarde di dimensioni medio-grandi. Lo schema utilizzato per analizzare tutti gli accordi (circa 153 tutti elencati in fondo al testo), ha cercato di individuare chi vi ha preso parte, le misure di welfare adottate, le \u201cparole-chiave\u201d cio\u00e8 i concetti pi\u00f9 usati per collegare gli esiti delle intese fra di loro.<\/p><p>I risultati confermano la riscoperta del welfare aziendale ma in una chiave nuova, in cui il concetto di competitivit\u00e0 collegato proprio al welfare diventa forte e potente. \u201cI nuovi modelli di organizzazione del lavoro e le filosofie che sottostanno alla gestione del personale \u2013 viene detto alla fine della ricerca -, vedono sempre pi\u00f9 nel coinvolgimento dei dipendenti una delle variabili chiave per competere sullo scenario internazionale. L\u2019innovazione principale che \u00e8 dato osservare, \u00e8 proprio la possibilit\u00e0 che le misure di welfare aziendale offrono di rileggere le politiche di compensation in chiave individualistica e flessibile\u201d.<\/p><p><strong>Il welfare aziendale: evidenze dalla contrattazione\u00a0<\/strong><\/p>\n<p>Anna M. Ponzellini, Egidio Riva, Elena Scippa<\/p>\n<p>Documento pubblicato su http:\/\/www.researchgate.net\/<\/p>\n<p><strong><a title=\"Welfare aziendale\" href=\"https:\/\/wpsite-assets.fondazionepirelli.org\/wp-content\/uploads\/2015\/11\/22113514\/welfare-aziendale.pdf\" target=\"_blank\" rel=\"noopener noreferrer\">Download pdf<\/a><\/strong><\/p>\n","protected":false},"excerpt":{"rendered":"<p>L\u2019impresa \u00e8 fatta di uomini e donne, imprenditori ma non solo, manager ma anche impiegati e operai. Tutto e tutti concorrono a fare dell\u2019azienda qualcosa di vivo, che si trasforma in impresa e quindi in un\u2019organizzazione che \u00e8 pi\u00f9 delle sue parti e che produce profitto ma non solo. In tempi difficili, poi, accanto al [&hellip;]<\/p>\n","protected":false},"author":6,"featured_media":0,"comment_status":"open","ping_status":"open","sticky":false,"template":"","format":"standard","meta":{"footnotes":""},"categories":[54,52],"tags":[],"class_list":["post-31721","post","type-post","status-publish","format-standard","hentry","category-approfondimenti","category-cultura-dimpresa"],"acf":[],"yoast_head":"<!-- This site is optimized with the Yoast SEO plugin v25.0 - https:\/\/yoast.com\/wordpress\/plugins\/seo\/ -->\n<title>Welfare competitivo - Fondazione Pirelli<\/title>\n<meta name=\"robots\" content=\"index, follow, max-snippet:-1, max-image-preview:large, max-video-preview:-1\" \/>\n<link rel=\"canonical\" href=\"https:\/\/www.fondazionepirelli.org\/it\/cultura-dimpresa\/welfare-competitivo\/\" \/>\n<meta property=\"og:locale\" content=\"it_IT\" \/>\n<meta property=\"og:type\" content=\"article\" \/>\n<meta property=\"og:title\" content=\"Welfare competitivo - Fondazione Pirelli\" \/>\n<meta property=\"og:description\" content=\"L\u2019impresa \u00e8 fatta di uomini e donne, imprenditori ma non solo, manager ma anche impiegati e operai. Tutto e tutti concorrono a fare dell\u2019azienda qualcosa di vivo, che si trasforma in impresa e quindi in un\u2019organizzazione che \u00e8 pi\u00f9 delle sue parti e che produce profitto ma non solo. In tempi difficili, poi, accanto al [&hellip;]\" \/>\n<meta property=\"og:url\" content=\"https:\/\/www.fondazionepirelli.org\/it\/cultura-dimpresa\/welfare-competitivo\/\" \/>\n<meta property=\"og:site_name\" content=\"Fondazione Pirelli\" \/>\n<meta property=\"article:published_time\" content=\"2015-11-10T00:00:00+00:00\" \/>\n<meta property=\"article:modified_time\" content=\"2020-01-22T10:35:43+00:00\" \/>\n<meta name=\"author\" content=\"redazione\" \/>\n<meta name=\"twitter:card\" content=\"summary_large_image\" \/>\n<meta name=\"twitter:label1\" content=\"Scritto da\" \/>\n\t<meta name=\"twitter:data1\" content=\"redazione\" \/>\n\t<meta name=\"twitter:label2\" content=\"Tempo di lettura stimato\" \/>\n\t<meta name=\"twitter:data2\" content=\"2 minuti\" \/>\n<script type=\"application\/ld+json\" class=\"yoast-schema-graph\">{\"@context\":\"https:\/\/schema.org\",\"@graph\":[{\"@type\":\"WebPage\",\"@id\":\"https:\/\/www.fondazionepirelli.org\/it\/cultura-dimpresa\/welfare-competitivo\/\",\"url\":\"https:\/\/www.fondazionepirelli.org\/it\/cultura-dimpresa\/welfare-competitivo\/\",\"name\":\"Welfare competitivo - Fondazione Pirelli\",\"isPartOf\":{\"@id\":\"https:\/\/www.fondazionepirelli.org\/it\/#website\"},\"datePublished\":\"2015-11-10T00:00:00+00:00\",\"dateModified\":\"2020-01-22T10:35:43+00:00\",\"author\":{\"@id\":\"https:\/\/www.fondazionepirelli.org\/it\/#\/schema\/person\/061b577153001c904dca41e68b821b49\"},\"breadcrumb\":{\"@id\":\"https:\/\/www.fondazionepirelli.org\/it\/cultura-dimpresa\/welfare-competitivo\/#breadcrumb\"},\"inLanguage\":\"it-IT\",\"potentialAction\":[{\"@type\":\"ReadAction\",\"target\":[\"https:\/\/www.fondazionepirelli.org\/it\/cultura-dimpresa\/welfare-competitivo\/\"]}]},{\"@type\":\"BreadcrumbList\",\"@id\":\"https:\/\/www.fondazionepirelli.org\/it\/cultura-dimpresa\/welfare-competitivo\/#breadcrumb\",\"itemListElement\":[{\"@type\":\"ListItem\",\"position\":1,\"name\":\"Home\",\"item\":\"https:\/\/www.fondazionepirelli.org\/it\/\"},{\"@type\":\"ListItem\",\"position\":2,\"name\":\"Welfare competitivo\"}]},{\"@type\":\"WebSite\",\"@id\":\"https:\/\/www.fondazionepirelli.org\/it\/#website\",\"url\":\"https:\/\/www.fondazionepirelli.org\/it\/\",\"name\":\"Fondazione Pirelli\",\"description\":\"\",\"potentialAction\":[{\"@type\":\"SearchAction\",\"target\":{\"@type\":\"EntryPoint\",\"urlTemplate\":\"https:\/\/www.fondazionepirelli.org\/it\/?s={search_term_string}\"},\"query-input\":{\"@type\":\"PropertyValueSpecification\",\"valueRequired\":true,\"valueName\":\"search_term_string\"}}],\"inLanguage\":\"it-IT\"},{\"@type\":\"Person\",\"@id\":\"https:\/\/www.fondazionepirelli.org\/it\/#\/schema\/person\/061b577153001c904dca41e68b821b49\",\"name\":\"redazione\",\"image\":{\"@type\":\"ImageObject\",\"inLanguage\":\"it-IT\",\"@id\":\"https:\/\/www.fondazionepirelli.org\/it\/#\/schema\/person\/image\/\",\"url\":\"https:\/\/secure.gravatar.com\/avatar\/?s=96&d=mm&r=g\",\"contentUrl\":\"https:\/\/secure.gravatar.com\/avatar\/?s=96&d=mm&r=g\",\"caption\":\"redazione\"},\"url\":\"https:\/\/www.fondazionepirelli.org\/it\/author\/redazione\/\"}]}<\/script>\n<!-- \/ Yoast SEO plugin. -->","yoast_head_json":{"title":"Welfare competitivo - Fondazione Pirelli","robots":{"index":"index","follow":"follow","max-snippet":"max-snippet:-1","max-image-preview":"max-image-preview:large","max-video-preview":"max-video-preview:-1"},"canonical":"https:\/\/www.fondazionepirelli.org\/it\/cultura-dimpresa\/welfare-competitivo\/","og_locale":"it_IT","og_type":"article","og_title":"Welfare competitivo - Fondazione Pirelli","og_description":"L\u2019impresa \u00e8 fatta di uomini e donne, imprenditori ma non solo, manager ma anche impiegati e operai. Tutto e tutti concorrono a fare dell\u2019azienda qualcosa di vivo, che si trasforma in impresa e quindi in un\u2019organizzazione che \u00e8 pi\u00f9 delle sue parti e che produce profitto ma non solo. In tempi difficili, poi, accanto al [&hellip;]","og_url":"https:\/\/www.fondazionepirelli.org\/it\/cultura-dimpresa\/welfare-competitivo\/","og_site_name":"Fondazione Pirelli","article_published_time":"2015-11-10T00:00:00+00:00","article_modified_time":"2020-01-22T10:35:43+00:00","author":"redazione","twitter_card":"summary_large_image","twitter_misc":{"Scritto da":"redazione","Tempo di lettura stimato":"2 minuti"},"schema":{"@context":"https:\/\/schema.org","@graph":[{"@type":"WebPage","@id":"https:\/\/www.fondazionepirelli.org\/it\/cultura-dimpresa\/welfare-competitivo\/","url":"https:\/\/www.fondazionepirelli.org\/it\/cultura-dimpresa\/welfare-competitivo\/","name":"Welfare competitivo - Fondazione Pirelli","isPartOf":{"@id":"https:\/\/www.fondazionepirelli.org\/it\/#website"},"datePublished":"2015-11-10T00:00:00+00:00","dateModified":"2020-01-22T10:35:43+00:00","author":{"@id":"https:\/\/www.fondazionepirelli.org\/it\/#\/schema\/person\/061b577153001c904dca41e68b821b49"},"breadcrumb":{"@id":"https:\/\/www.fondazionepirelli.org\/it\/cultura-dimpresa\/welfare-competitivo\/#breadcrumb"},"inLanguage":"it-IT","potentialAction":[{"@type":"ReadAction","target":["https:\/\/www.fondazionepirelli.org\/it\/cultura-dimpresa\/welfare-competitivo\/"]}]},{"@type":"BreadcrumbList","@id":"https:\/\/www.fondazionepirelli.org\/it\/cultura-dimpresa\/welfare-competitivo\/#breadcrumb","itemListElement":[{"@type":"ListItem","position":1,"name":"Home","item":"https:\/\/www.fondazionepirelli.org\/it\/"},{"@type":"ListItem","position":2,"name":"Welfare competitivo"}]},{"@type":"WebSite","@id":"https:\/\/www.fondazionepirelli.org\/it\/#website","url":"https:\/\/www.fondazionepirelli.org\/it\/","name":"Fondazione Pirelli","description":"","potentialAction":[{"@type":"SearchAction","target":{"@type":"EntryPoint","urlTemplate":"https:\/\/www.fondazionepirelli.org\/it\/?s={search_term_string}"},"query-input":{"@type":"PropertyValueSpecification","valueRequired":true,"valueName":"search_term_string"}}],"inLanguage":"it-IT"},{"@type":"Person","@id":"https:\/\/www.fondazionepirelli.org\/it\/#\/schema\/person\/061b577153001c904dca41e68b821b49","name":"redazione","image":{"@type":"ImageObject","inLanguage":"it-IT","@id":"https:\/\/www.fondazionepirelli.org\/it\/#\/schema\/person\/image\/","url":"https:\/\/secure.gravatar.com\/avatar\/?s=96&d=mm&r=g","contentUrl":"https:\/\/secure.gravatar.com\/avatar\/?s=96&d=mm&r=g","caption":"redazione"},"url":"https:\/\/www.fondazionepirelli.org\/it\/author\/redazione\/"}]}},"_links":{"self":[{"href":"https:\/\/www.fondazionepirelli.org\/it\/wp-json\/wp\/v2\/posts\/31721\/"}],"collection":[{"href":"https:\/\/www.fondazionepirelli.org\/it\/wp-json\/wp\/v2\/posts\/"}],"about":[{"href":"https:\/\/www.fondazionepirelli.org\/it\/wp-json\/wp\/v2\/types\/post\/"}],"author":[{"embeddable":true,"href":"https:\/\/www.fondazionepirelli.org\/it\/wp-json\/wp\/v2\/users\/6\/"}],"replies":[{"embeddable":true,"href":"https:\/\/www.fondazionepirelli.org\/it\/wp-json\/wp\/v2\/comments\/?post=31721"}],"version-history":[{"count":2,"href":"https:\/\/www.fondazionepirelli.org\/it\/wp-json\/wp\/v2\/posts\/31721\/revisions\/"}],"predecessor-version":[{"id":74331,"href":"https:\/\/www.fondazionepirelli.org\/it\/wp-json\/wp\/v2\/posts\/31721\/revisions\/74331\/"}],"wp:attachment":[{"href":"https:\/\/www.fondazionepirelli.org\/it\/wp-json\/wp\/v2\/media\/?parent=31721"}],"wp:term":[{"taxonomy":"category","embeddable":true,"href":"https:\/\/www.fondazionepirelli.org\/it\/wp-json\/wp\/v2\/categories\/?post=31721"},{"taxonomy":"post_tag","embeddable":true,"href":"https:\/\/www.fondazionepirelli.org\/it\/wp-json\/wp\/v2\/tags\/?post=31721"}],"curies":[{"name":"wp","href":"https:\/\/api.w.org\/{rel}","templated":true}]}}