{"id":31818,"date":"2015-05-25T00:00:00","date_gmt":"2015-05-24T23:00:00","guid":{"rendered":"http:\/\/www.fondazionepirelli.org\/senza-categoria\/una-musa-tra-le-ruote-pirelli-un-secolo-di-arte-al-servizio-del-prodotto\/"},"modified":"2022-01-28T15:39:17","modified_gmt":"2022-01-28T14:39:17","slug":"una-musa-tra-le-ruote-pirelli-un-secolo-di-arte-al-servizio-del-prodotto","status":"publish","type":"post","link":"https:\/\/www.fondazionepirelli.org\/it\/iniziative\/una-musa-tra-le-ruote-pirelli-un-secolo-di-arte-al-servizio-del-prodotto\/","title":{"rendered":"Una musa tra le ruote. Pirelli: un secolo di arte al servizio del prodotto"},"content":{"rendered":"<p><i>&#8220;&#8230;io posso dire che gli archivi sono zeppi di idee rimaste in germe, di abbozzi, di pentimenti, di errori, perch\u00e8 il frutto pi\u00f9 saporoso \u00e8 quello che costa pi\u00f9 fatica senza dubbio, \u00e8 quello per\u00f2 che di questa fatica non mostra alcuna traccia e sembra un frutto spontaneo, nato dalla grazia. Ho qui davanti ai miei occhi la traccia di questi rilievi e mi ci perdo come un archeologo davanti ai sigilli mesopotamici, o un bambino che insegue il movito senza capo ne coda di un vecchio tappeto&#8221;. (<\/i>Leonardo Sinisgalli<i>, da Bassorilievi sui pneumatici, in <\/i>&#8220;Pirelli. Rivista d&#8217;informazione e di tecnica&#8221;,\u00a0<i>n. 4, 1952)<\/i><\/p>\n<p>Cita cos\u00ec la quarta di copertina del volume &#8220;<span class=\"Apple-style-span\" style=\"font-weight: bold;\">Una musa tra le ruote. Pirelli: un secolo di arte al servizio del prodotto<\/span>&#8220;, disponibile in libreria dal mese di maggio. Il libro, curato dalla <span class=\"Apple-style-span\" style=\"font-weight: bold;\">Fondazione Pirelli<\/span> e <span class=\"Apple-style-span\" style=\"font-weight: bold;\">Giovanna Ginex <\/span>ed edito da <a title=\"Corraini Edizioni\" href=\"\/\/www.corraini.com\/it\/catalogo\/scheda_libro\/1162\/Una-musa-tra-le-ruote\" target=\"_blank\" rel=\"noopener noreferrer\">Corraini<\/a>, ripercorre la storia della comunicazione Pirelli partendo dalla valorizzazione del fondo archivistico di bozzetti e disegni originali (dal 1872 al 1972) restaurati dalla Fondazione Pirelli.<\/p>\n<p>Il volume raccoglie oltre <a title=\"Fondo bozzetti\" href=\"http:\/\/search.fondazionepirelli.org\/pirelli\/iconografia\" target=\"_blank\" rel=\"noopener noreferrer\"><span class=\"Apple-style-span\" style=\"font-weight: bold;\">200 opere<\/span> <\/a>realizzate da vari artisti per pubblicizzare i prodotti, per illustrare la rivista &#8220;<span class=\"Apple-style-span\" style=\"font-weight: bold;\">Pirelli<\/span>&#8221; o per celebrare gli anniversari del Gruppo industriale, nella consapevolezza che tale patrimonio rappresenta un prezioso spaccato della storia delle arti figurative, della grafica e della comunicazione d&#8217;impresa.<\/p>\n<p>Il nucleo principale del volume, costituito dal catalogo delle opere e preceduto da <span class=\"Apple-style-span\" style=\"font-weight: bold;\">3 saggi<\/span> di inquadramento e approfondimento storico, \u00e8 diviso in 3 sezioni. La prima \u00e8 dedicata ai bozzetti eseguiti per pubblicizzare i prodotti, la seconda \u00e8 dedicata ai disegni realizzati per illustrare la rivista &#8220;Pirelli&#8221; e una terza parte \u00e8 dedicata alle tavole realizzate per la celebrazione del cinquantenario e del settantacinquesimo anniversario dell&#8217;azienda.<\/p>\n<p class=\"MsoNormal\"><span lang=\"IT\">In appendice al libro un&#8217;importante sezione \u00e8 dedicata alle<span class=\"Apple-style-span\" style=\"font-weight: bold;\"> schede di prodotto<\/span>,\u00a0corredate da immagini tratte da brevetti e cataloghi storici, che descrivono\u00a0gli articoli Pirelli oggetto delle campagne pubblicitarie; chiude il volume una\u00a0selezione di <span class=\"Apple-style-span\" style=\"font-weight: bold;\">profili biografici<\/span> di circa 60 autori che hanno lavorato per la comunicazione Pirelli nel corso di un secolo.<\/span><\/p>\n<p>Marcello Dudovich, Aldo Mazza, Leonetto Cappiello, <span class=\"Apple-style-span\" style=\"font-weight: bold;\">Bob Noorda<\/span>, Riccardo Manzi, <span class=\"Apple-style-span\" style=\"font-weight: bold;\">Alessando Mendini<\/span>, <span class=\"Apple-style-span\" style=\"font-weight: bold;\">Armando Testa<\/span> sono solo alcuni dei nomi degli artisti che hanno prestato la loro creativi\u00e0 a servizio dell&#8217;azienda, realizzando campagne pubblicitarie in una variet\u00e0 di linguaggi e registri che trova sintesi nella costante presenza del marchio della P lunga, tratto distintivo della pubblicit\u00e0 aziendale a partire dal 1907 e nella codifica di uno stile unico, lo &#8220;<span class=\"Apple-style-span\" style=\"font-weight: bold;\">Stile Pirelli<\/span>&#8220;.<\/p>\n","protected":false},"excerpt":{"rendered":"<p>Il libro, curato dalla Fondazione Pirelli e Giovanna Ginex ed edito da Corraini, ripercorre la storia della comunicazione Pirelli partendo dalla valorizzazione del fondo archivistico di bozzetti e disegni originali (dal 1872 al 1972) restaurati dalla Fondazione Pirelli.<\/p>\n","protected":false},"author":1,"featured_media":58891,"comment_status":"closed","ping_status":"closed","sticky":false,"template":"","format":"standard","meta":{"footnotes":""},"categories":[60,72],"tags":[89],"class_list":["post-31818","post","type-post","status-publish","format-standard","has-post-thumbnail","hentry","category-iniziative","category-i-progetti-editoriali","tag-grafica-arte-e-design"],"acf":[],"yoast_head":"<!-- This site is optimized with the Yoast SEO plugin v25.0 - https:\/\/yoast.com\/wordpress\/plugins\/seo\/ -->\n<title>Una musa tra le ruote, un secolo di arte al servizio del prodotto | Fondazione Pirelli<\/title>\n<meta name=\"description\" content=\"Il progetto editoriale &quot;Una musa tra le ruote. Pirelli: un secolo di arte al servizio del prodotto&quot;. Leggi di pi\u00f9 su fondazionepirelli.org.\" \/>\n<meta name=\"robots\" content=\"index, follow, max-snippet:-1, max-image-preview:large, max-video-preview:-1\" \/>\n<link rel=\"canonical\" href=\"https:\/\/www.fondazionepirelli.org\/it\/iniziative\/una-musa-tra-le-ruote-pirelli-un-secolo-di-arte-al-servizio-del-prodotto\/\" \/>\n<meta property=\"og:locale\" content=\"it_IT\" \/>\n<meta property=\"og:type\" content=\"article\" \/>\n<meta property=\"og:title\" content=\"Una musa tra le ruote, un secolo di arte al servizio del prodotto | Fondazione Pirelli\" \/>\n<meta property=\"og:description\" content=\"Il progetto editoriale &quot;Una musa tra le ruote. Pirelli: un secolo di arte al servizio del prodotto&quot;. Leggi di pi\u00f9 su fondazionepirelli.org.\" \/>\n<meta property=\"og:url\" content=\"https:\/\/www.fondazionepirelli.org\/it\/iniziative\/una-musa-tra-le-ruote-pirelli-un-secolo-di-arte-al-servizio-del-prodotto\/\" \/>\n<meta property=\"og:site_name\" content=\"Fondazione Pirelli\" \/>\n<meta property=\"article:published_time\" content=\"2015-05-24T23:00:00+00:00\" \/>\n<meta property=\"article:modified_time\" content=\"2022-01-28T14:39:17+00:00\" \/>\n<meta property=\"og:image\" content=\"https:\/\/wpsite-assets.fondazionepirelli.org\/wp-content\/uploads\/2015\/05\/11095021\/musa-e1575045954448.jpg\" \/>\n\t<meta property=\"og:image:width\" content=\"384\" \/>\n\t<meta property=\"og:image:height\" content=\"450\" \/>\n\t<meta property=\"og:image:type\" content=\"image\/jpeg\" \/>\n<meta name=\"author\" content=\"fondadmin\" \/>\n<meta name=\"twitter:card\" content=\"summary_large_image\" \/>\n<meta name=\"twitter:label1\" content=\"Scritto da\" \/>\n\t<meta name=\"twitter:data1\" content=\"fondadmin\" \/>\n\t<meta name=\"twitter:label2\" content=\"Tempo di lettura stimato\" \/>\n\t<meta name=\"twitter:data2\" content=\"2 minuti\" \/>\n<script type=\"application\/ld+json\" class=\"yoast-schema-graph\">{\"@context\":\"https:\/\/schema.org\",\"@graph\":[{\"@type\":\"WebPage\",\"@id\":\"https:\/\/www.fondazionepirelli.org\/it\/iniziative\/una-musa-tra-le-ruote-pirelli-un-secolo-di-arte-al-servizio-del-prodotto\/\",\"url\":\"https:\/\/www.fondazionepirelli.org\/it\/iniziative\/una-musa-tra-le-ruote-pirelli-un-secolo-di-arte-al-servizio-del-prodotto\/\",\"name\":\"Una musa tra le ruote, un secolo di arte al servizio del prodotto | Fondazione Pirelli\",\"isPartOf\":{\"@id\":\"https:\/\/www.fondazionepirelli.org\/it\/#website\"},\"primaryImageOfPage\":{\"@id\":\"https:\/\/www.fondazionepirelli.org\/it\/iniziative\/una-musa-tra-le-ruote-pirelli-un-secolo-di-arte-al-servizio-del-prodotto\/#primaryimage\"},\"image\":{\"@id\":\"https:\/\/www.fondazionepirelli.org\/it\/iniziative\/una-musa-tra-le-ruote-pirelli-un-secolo-di-arte-al-servizio-del-prodotto\/#primaryimage\"},\"thumbnailUrl\":\"https:\/\/wpsite-assets.fondazionepirelli.org\/wp-content\/uploads\/2015\/05\/11095021\/musa-e1575045954448.jpg\",\"datePublished\":\"2015-05-24T23:00:00+00:00\",\"dateModified\":\"2022-01-28T14:39:17+00:00\",\"author\":{\"@id\":\"https:\/\/www.fondazionepirelli.org\/it\/#\/schema\/person\/f47d097000832c4a6e54538c791fdf25\"},\"description\":\"Il progetto editoriale \\\"Una musa tra le ruote. Pirelli: un secolo di arte al servizio del prodotto\\\". Leggi di pi\u00f9 su fondazionepirelli.org.\",\"breadcrumb\":{\"@id\":\"https:\/\/www.fondazionepirelli.org\/it\/iniziative\/una-musa-tra-le-ruote-pirelli-un-secolo-di-arte-al-servizio-del-prodotto\/#breadcrumb\"},\"inLanguage\":\"it-IT\",\"potentialAction\":[{\"@type\":\"ReadAction\",\"target\":[\"https:\/\/www.fondazionepirelli.org\/it\/iniziative\/una-musa-tra-le-ruote-pirelli-un-secolo-di-arte-al-servizio-del-prodotto\/\"]}]},{\"@type\":\"ImageObject\",\"inLanguage\":\"it-IT\",\"@id\":\"https:\/\/www.fondazionepirelli.org\/it\/iniziative\/una-musa-tra-le-ruote-pirelli-un-secolo-di-arte-al-servizio-del-prodotto\/#primaryimage\",\"url\":\"https:\/\/wpsite-assets.fondazionepirelli.org\/wp-content\/uploads\/2015\/05\/11095021\/musa-e1575045954448.jpg\",\"contentUrl\":\"https:\/\/wpsite-assets.fondazionepirelli.org\/wp-content\/uploads\/2015\/05\/11095021\/musa-e1575045954448.jpg\",\"width\":384,\"height\":450},{\"@type\":\"BreadcrumbList\",\"@id\":\"https:\/\/www.fondazionepirelli.org\/it\/iniziative\/una-musa-tra-le-ruote-pirelli-un-secolo-di-arte-al-servizio-del-prodotto\/#breadcrumb\",\"itemListElement\":[{\"@type\":\"ListItem\",\"position\":1,\"name\":\"Home\",\"item\":\"https:\/\/www.fondazionepirelli.org\/it\/\"},{\"@type\":\"ListItem\",\"position\":2,\"name\":\"Una musa tra le ruote. Pirelli: un secolo di arte al servizio del prodotto\"}]},{\"@type\":\"WebSite\",\"@id\":\"https:\/\/www.fondazionepirelli.org\/it\/#website\",\"url\":\"https:\/\/www.fondazionepirelli.org\/it\/\",\"name\":\"Fondazione Pirelli\",\"description\":\"\",\"potentialAction\":[{\"@type\":\"SearchAction\",\"target\":{\"@type\":\"EntryPoint\",\"urlTemplate\":\"https:\/\/www.fondazionepirelli.org\/it\/?s={search_term_string}\"},\"query-input\":{\"@type\":\"PropertyValueSpecification\",\"valueRequired\":true,\"valueName\":\"search_term_string\"}}],\"inLanguage\":\"it-IT\"},{\"@type\":\"Person\",\"@id\":\"https:\/\/www.fondazionepirelli.org\/it\/#\/schema\/person\/f47d097000832c4a6e54538c791fdf25\",\"name\":\"fondadmin\",\"image\":{\"@type\":\"ImageObject\",\"inLanguage\":\"it-IT\",\"@id\":\"https:\/\/www.fondazionepirelli.org\/it\/#\/schema\/person\/image\/\",\"url\":\"https:\/\/secure.gravatar.com\/avatar\/e69498a9175ca244966e51e53c88712c024fcebe41f9a05f75657f1bb25e489b?s=96&d=mm&r=g\",\"contentUrl\":\"https:\/\/secure.gravatar.com\/avatar\/e69498a9175ca244966e51e53c88712c024fcebe41f9a05f75657f1bb25e489b?s=96&d=mm&r=g\",\"caption\":\"fondadmin\"},\"url\":\"https:\/\/www.fondazionepirelli.org\/it\/author\/fondadmin\/\"}]}<\/script>\n<!-- \/ Yoast SEO plugin. -->","yoast_head_json":{"title":"Una musa tra le ruote, un secolo di arte al servizio del prodotto | Fondazione Pirelli","description":"Il progetto editoriale \"Una musa tra le ruote. Pirelli: un secolo di arte al servizio del prodotto\". Leggi di pi\u00f9 su fondazionepirelli.org.","robots":{"index":"index","follow":"follow","max-snippet":"max-snippet:-1","max-image-preview":"max-image-preview:large","max-video-preview":"max-video-preview:-1"},"canonical":"https:\/\/www.fondazionepirelli.org\/it\/iniziative\/una-musa-tra-le-ruote-pirelli-un-secolo-di-arte-al-servizio-del-prodotto\/","og_locale":"it_IT","og_type":"article","og_title":"Una musa tra le ruote, un secolo di arte al servizio del prodotto | Fondazione Pirelli","og_description":"Il progetto editoriale \"Una musa tra le ruote. Pirelli: un secolo di arte al servizio del prodotto\". Leggi di pi\u00f9 su fondazionepirelli.org.","og_url":"https:\/\/www.fondazionepirelli.org\/it\/iniziative\/una-musa-tra-le-ruote-pirelli-un-secolo-di-arte-al-servizio-del-prodotto\/","og_site_name":"Fondazione Pirelli","article_published_time":"2015-05-24T23:00:00+00:00","article_modified_time":"2022-01-28T14:39:17+00:00","og_image":[{"width":384,"height":450,"url":"https:\/\/wpsite-assets.fondazionepirelli.org\/wp-content\/uploads\/2015\/05\/11095021\/musa-e1575045954448.jpg","type":"image\/jpeg"}],"author":"fondadmin","twitter_card":"summary_large_image","twitter_misc":{"Scritto da":"fondadmin","Tempo di lettura stimato":"2 minuti"},"schema":{"@context":"https:\/\/schema.org","@graph":[{"@type":"WebPage","@id":"https:\/\/www.fondazionepirelli.org\/it\/iniziative\/una-musa-tra-le-ruote-pirelli-un-secolo-di-arte-al-servizio-del-prodotto\/","url":"https:\/\/www.fondazionepirelli.org\/it\/iniziative\/una-musa-tra-le-ruote-pirelli-un-secolo-di-arte-al-servizio-del-prodotto\/","name":"Una musa tra le ruote, un secolo di arte al servizio del prodotto | Fondazione Pirelli","isPartOf":{"@id":"https:\/\/www.fondazionepirelli.org\/it\/#website"},"primaryImageOfPage":{"@id":"https:\/\/www.fondazionepirelli.org\/it\/iniziative\/una-musa-tra-le-ruote-pirelli-un-secolo-di-arte-al-servizio-del-prodotto\/#primaryimage"},"image":{"@id":"https:\/\/www.fondazionepirelli.org\/it\/iniziative\/una-musa-tra-le-ruote-pirelli-un-secolo-di-arte-al-servizio-del-prodotto\/#primaryimage"},"thumbnailUrl":"https:\/\/wpsite-assets.fondazionepirelli.org\/wp-content\/uploads\/2015\/05\/11095021\/musa-e1575045954448.jpg","datePublished":"2015-05-24T23:00:00+00:00","dateModified":"2022-01-28T14:39:17+00:00","author":{"@id":"https:\/\/www.fondazionepirelli.org\/it\/#\/schema\/person\/f47d097000832c4a6e54538c791fdf25"},"description":"Il progetto editoriale \"Una musa tra le ruote. Pirelli: un secolo di arte al servizio del prodotto\". Leggi di pi\u00f9 su fondazionepirelli.org.","breadcrumb":{"@id":"https:\/\/www.fondazionepirelli.org\/it\/iniziative\/una-musa-tra-le-ruote-pirelli-un-secolo-di-arte-al-servizio-del-prodotto\/#breadcrumb"},"inLanguage":"it-IT","potentialAction":[{"@type":"ReadAction","target":["https:\/\/www.fondazionepirelli.org\/it\/iniziative\/una-musa-tra-le-ruote-pirelli-un-secolo-di-arte-al-servizio-del-prodotto\/"]}]},{"@type":"ImageObject","inLanguage":"it-IT","@id":"https:\/\/www.fondazionepirelli.org\/it\/iniziative\/una-musa-tra-le-ruote-pirelli-un-secolo-di-arte-al-servizio-del-prodotto\/#primaryimage","url":"https:\/\/wpsite-assets.fondazionepirelli.org\/wp-content\/uploads\/2015\/05\/11095021\/musa-e1575045954448.jpg","contentUrl":"https:\/\/wpsite-assets.fondazionepirelli.org\/wp-content\/uploads\/2015\/05\/11095021\/musa-e1575045954448.jpg","width":384,"height":450},{"@type":"BreadcrumbList","@id":"https:\/\/www.fondazionepirelli.org\/it\/iniziative\/una-musa-tra-le-ruote-pirelli-un-secolo-di-arte-al-servizio-del-prodotto\/#breadcrumb","itemListElement":[{"@type":"ListItem","position":1,"name":"Home","item":"https:\/\/www.fondazionepirelli.org\/it\/"},{"@type":"ListItem","position":2,"name":"Una musa tra le ruote. Pirelli: un secolo di arte al servizio del prodotto"}]},{"@type":"WebSite","@id":"https:\/\/www.fondazionepirelli.org\/it\/#website","url":"https:\/\/www.fondazionepirelli.org\/it\/","name":"Fondazione Pirelli","description":"","potentialAction":[{"@type":"SearchAction","target":{"@type":"EntryPoint","urlTemplate":"https:\/\/www.fondazionepirelli.org\/it\/?s={search_term_string}"},"query-input":{"@type":"PropertyValueSpecification","valueRequired":true,"valueName":"search_term_string"}}],"inLanguage":"it-IT"},{"@type":"Person","@id":"https:\/\/www.fondazionepirelli.org\/it\/#\/schema\/person\/f47d097000832c4a6e54538c791fdf25","name":"fondadmin","image":{"@type":"ImageObject","inLanguage":"it-IT","@id":"https:\/\/www.fondazionepirelli.org\/it\/#\/schema\/person\/image\/","url":"https:\/\/secure.gravatar.com\/avatar\/e69498a9175ca244966e51e53c88712c024fcebe41f9a05f75657f1bb25e489b?s=96&d=mm&r=g","contentUrl":"https:\/\/secure.gravatar.com\/avatar\/e69498a9175ca244966e51e53c88712c024fcebe41f9a05f75657f1bb25e489b?s=96&d=mm&r=g","caption":"fondadmin"},"url":"https:\/\/www.fondazionepirelli.org\/it\/author\/fondadmin\/"}]}},"_links":{"self":[{"href":"https:\/\/www.fondazionepirelli.org\/it\/wp-json\/wp\/v2\/posts\/31818\/"}],"collection":[{"href":"https:\/\/www.fondazionepirelli.org\/it\/wp-json\/wp\/v2\/posts\/"}],"about":[{"href":"https:\/\/www.fondazionepirelli.org\/it\/wp-json\/wp\/v2\/types\/post\/"}],"author":[{"embeddable":true,"href":"https:\/\/www.fondazionepirelli.org\/it\/wp-json\/wp\/v2\/users\/1\/"}],"replies":[{"embeddable":true,"href":"https:\/\/www.fondazionepirelli.org\/it\/wp-json\/wp\/v2\/comments\/?post=31818"}],"version-history":[{"count":5,"href":"https:\/\/www.fondazionepirelli.org\/it\/wp-json\/wp\/v2\/posts\/31818\/revisions\/"}],"predecessor-version":[{"id":66726,"href":"https:\/\/www.fondazionepirelli.org\/it\/wp-json\/wp\/v2\/posts\/31818\/revisions\/66726\/"}],"wp:featuredmedia":[{"embeddable":true,"href":"https:\/\/www.fondazionepirelli.org\/it\/wp-json\/wp\/v2\/media\/58891\/"}],"wp:attachment":[{"href":"https:\/\/www.fondazionepirelli.org\/it\/wp-json\/wp\/v2\/media\/?parent=31818"}],"wp:term":[{"taxonomy":"category","embeddable":true,"href":"https:\/\/www.fondazionepirelli.org\/it\/wp-json\/wp\/v2\/categories\/?post=31818"},{"taxonomy":"post_tag","embeddable":true,"href":"https:\/\/www.fondazionepirelli.org\/it\/wp-json\/wp\/v2\/tags\/?post=31818"}],"curies":[{"name":"wp","href":"https:\/\/api.w.org\/{rel}","templated":true}]}}